{"id":8232,"date":"2020-08-21T21:41:59","date_gmt":"2020-08-21T20:41:59","guid":{"rendered":"https:\/\/cetaradell.cat\/ce\/?p=8232"},"modified":"2020-08-21T21:44:46","modified_gmt":"2020-08-21T20:44:46","slug":"circuit-dorientacio-pel-desconfinament","status":"publish","type":"post","link":"https:\/\/cetaradell.cat\/ce\/circuit-dorientacio-pel-desconfinament\/","title":{"rendered":"CIRCUIT D\u2019ORIENTACI\u00d3 PEL DESCONFINAMENT &#8211; Circuits disponibles fins a mitjans de setembre"},"content":{"rendered":"<p><a href=\"https:\/\/cetaradell.cat\/ce\/wp-content\/uploads\/2020-08-C1_desconfinament_1.jpg\"><img decoding=\"async\" class=\"size-medium wp-image-8233 alignleft\" src=\"https:\/\/cetaradell.cat\/ce\/wp-content\/uploads\/2020-08-C1_desconfinament_1-300x226.jpg\" alt=\"\" width=\"300\" height=\"226\" srcset=\"https:\/\/cetaradell.cat\/ce\/wp-content\/uploads\/2020-08-C1_desconfinament_1-200x151.jpg 200w, https:\/\/cetaradell.cat\/ce\/wp-content\/uploads\/2020-08-C1_desconfinament_1-300x226.jpg 300w, https:\/\/cetaradell.cat\/ce\/wp-content\/uploads\/2020-08-C1_desconfinament_1-400x302.jpg 400w, https:\/\/cetaradell.cat\/ce\/wp-content\/uploads\/2020-08-C1_desconfinament_1-500x377.jpg 500w, https:\/\/cetaradell.cat\/ce\/wp-content\/uploads\/2020-08-C1_desconfinament_1-600x453.jpg 600w, https:\/\/cetaradell.cat\/ce\/wp-content\/uploads\/2020-08-C1_desconfinament_1-700x528.jpg 700w, https:\/\/cetaradell.cat\/ce\/wp-content\/uploads\/2020-08-C1_desconfinament_1.jpg 765w\" sizes=\"(max-width: 300px) 100vw, 300px\" \/><\/a>El passat mes de maig la secci\u00f3 d\u2019orientaci\u00f3 del CET va preparar uns circuits d\u2019orientaci\u00f3 a l\u2019entorn del nucli urb\u00e0 de Taradell, per tal de que durant el per\u00edode de desconfinament la gent tingu\u00e9s una opci\u00f3 m\u00e9s per fer exercici f\u00edsic, al mateix temps que era una oportunitat per con\u00e8ixer aquest esport.<\/p>\n<p>S\u2019ha cregut convenient de mantenir aquests circuits fins a la segona setmana de setembre, i durant els dies de Festa Major se\u2019ls far\u00e0 un seguiment especial per tal de que totes les fites estiguin al seu lloc, i aix\u00ed tots aquells que encara no n\u2019hagueu fet cap, pugueu aprofitar aquest dies de vacances per fer-lo. I, de cara al futur, s\u2019est\u00e0 estudiant la possibilitat de fer-ne un de fixe.<\/p>\n<p>Durant aquest temps molts taradellencs i orientadors d\u2019altres poblacions han vingut a gaudir d\u2019aquests circuits, dels quals n\u2019han quedat contents pels comentaris que ens han fet arribar. Tamb\u00e9 cal destacar que l\u2019Institut de Taradell va posar al seus alumnes com a exercici de l\u2019assignatura d\u2019educaci\u00f3 f\u00edsica, fer algun d\u2019aquests circuits, fet que agra\u00efm perqu\u00e8 ajuda a donar a con\u00e8ixer aquest esport.<\/p>\n<p>Clicant sobre aquest enlla\u00e7 trobareu m\u00e9s informaci\u00f3 sobre aquests circuits i us podreu descarregar els mapes: <strong><a href=\"https:\/\/cetaradell.cat\/ce\/cursa-dorientacio-de-desconfinament-de-taradell\/\">https:\/\/cetaradell.cat\/ce\/cursa-dorientacio-de-desconfinament-de-taradell\/<\/a><\/strong><\/p>\n","protected":false},"excerpt":{"rendered":"<p>El passat mes de maig la secci\u00f3 d\u2019orientaci\u00f3 del CET va preparar uns circuits d\u2019orientaci\u00f3 a l\u2019entorn del nucli urb\u00e0 de Taradell, per tal de que durant el per\u00edode de desconfinament la gent tingu\u00e9s una opci\u00f3 m\u00e9s per fer exercici f\u00edsic, al mateix temps que era una oportunitat per con\u00e8ixer  [&#8230;]<\/p>\n","protected":false},"author":7,"featured_media":8233,"comment_status":"closed","ping_status":"closed","sticky":false,"template":"","format":"standard","meta":{"footnotes":""},"categories":[4,45,3],"tags":[],"class_list":["post-8232","post","type-post","status-publish","format-standard","has-post-thumbnail","hentry","category-activitats","category-curses-dorientacio","category-noticies"],"yoast_head":"<!-- This site is optimized with the Yoast SEO plugin v27.4 - https:\/\/yoast.com\/product\/yoast-seo-wordpress\/ -->\n<title>CIRCUIT D\u2019ORIENTACI\u00d3 PEL DESCONFINAMENT - Circuits disponibles fins a mitjans de setembre - Centre Excursionista Taradell<\/title>\n<meta name=\"robots\" content=\"index, follow, max-snippet:-1, max-image-preview:large, max-video-preview:-1\" \/>\n<link rel=\"canonical\" href=\"https:\/\/cetaradell.cat\/ce\/circuit-dorientacio-pel-desconfinament\/\" \/>\n<meta property=\"og:locale\" content=\"ca_ES\" \/>\n<meta property=\"og:type\" content=\"article\" \/>\n<meta property=\"og:title\" content=\"CIRCUIT D\u2019ORIENTACI\u00d3 PEL DESCONFINAMENT - Circuits disponibles fins a mitjans de setembre - Centre Excursionista Taradell\" \/>\n<meta property=\"og:description\" content=\"El passat mes de maig la secci\u00f3 d\u2019orientaci\u00f3 del CET va preparar uns circuits d\u2019orientaci\u00f3 a l\u2019entorn del nucli urb\u00e0 de Taradell, per tal de que durant el per\u00edode de desconfinament la gent tingu\u00e9s una opci\u00f3 m\u00e9s per fer exercici f\u00edsic, al mateix temps que era una oportunitat per con\u00e8ixer [...]\" \/>\n<meta property=\"og:url\" content=\"https:\/\/cetaradell.cat\/ce\/circuit-dorientacio-pel-desconfinament\/\" \/>\n<meta property=\"og:site_name\" content=\"Centre Excursionista Taradell\" \/>\n<meta property=\"article:publisher\" content=\"https:\/\/www.facebook.com\/CETaradell\/\" \/>\n<meta property=\"article:published_time\" content=\"2020-08-21T20:41:59+00:00\" \/>\n<meta property=\"article:modified_time\" content=\"2020-08-21T20:44:46+00:00\" \/>\n<meta property=\"og:image\" content=\"https:\/\/cetaradell.cat\/ce\/wp-content\/uploads\/2020-08-C1_desconfinament_1.jpg\" \/>\n\t<meta property=\"og:image:width\" content=\"765\" \/>\n\t<meta property=\"og:image:height\" content=\"577\" \/>\n\t<meta property=\"og:image:type\" content=\"image\/jpeg\" \/>\n<meta name=\"author\" content=\"Llu\u00eds Saborit\" \/>\n<meta name=\"twitter:card\" content=\"summary_large_image\" \/>\n<meta name=\"twitter:label1\" content=\"Escrit per\" \/>\n\t<meta name=\"twitter:data1\" content=\"Llu\u00eds Saborit\" \/>\n\t<meta name=\"twitter:label2\" content=\"Temps estimat de lectura\" \/>\n\t<meta name=\"twitter:data2\" content=\"1 minut\" \/>\n<script type=\"application\/ld+json\" class=\"yoast-schema-graph\">{\"@context\":\"https:\\\/\\\/schema.org\",\"@graph\":[{\"@type\":\"Article\",\"@id\":\"https:\\\/\\\/cetaradell.cat\\\/ce\\\/circuit-dorientacio-pel-desconfinament\\\/#article\",\"isPartOf\":{\"@id\":\"https:\\\/\\\/cetaradell.cat\\\/ce\\\/circuit-dorientacio-pel-desconfinament\\\/\"},\"author\":{\"name\":\"Llu\u00eds Saborit\",\"@id\":\"https:\\\/\\\/cetaradell.cat\\\/ce\\\/#\\\/schema\\\/person\\\/3d52bde1320c04297d2b30aec733921a\"},\"headline\":\"CIRCUIT D\u2019ORIENTACI\u00d3 PEL DESCONFINAMENT &#8211; Circuits disponibles fins a mitjans de setembre\",\"datePublished\":\"2020-08-21T20:41:59+00:00\",\"dateModified\":\"2020-08-21T20:44:46+00:00\",\"mainEntityOfPage\":{\"@id\":\"https:\\\/\\\/cetaradell.cat\\\/ce\\\/circuit-dorientacio-pel-desconfinament\\\/\"},\"wordCount\":239,\"image\":{\"@id\":\"https:\\\/\\\/cetaradell.cat\\\/ce\\\/circuit-dorientacio-pel-desconfinament\\\/#primaryimage\"},\"thumbnailUrl\":\"https:\\\/\\\/cetaradell.cat\\\/ce\\\/wp-content\\\/uploads\\\/2020-08-C1_desconfinament_1.jpg\",\"articleSection\":[\"Activitats\",\"Curses d'Orientaci\u00f3\",\"Not\u00edcies\"],\"inLanguage\":\"ca\"},{\"@type\":\"WebPage\",\"@id\":\"https:\\\/\\\/cetaradell.cat\\\/ce\\\/circuit-dorientacio-pel-desconfinament\\\/\",\"url\":\"https:\\\/\\\/cetaradell.cat\\\/ce\\\/circuit-dorientacio-pel-desconfinament\\\/\",\"name\":\"CIRCUIT D\u2019ORIENTACI\u00d3 PEL DESCONFINAMENT - Circuits disponibles fins a mitjans de setembre - Centre Excursionista Taradell\",\"isPartOf\":{\"@id\":\"https:\\\/\\\/cetaradell.cat\\\/ce\\\/#website\"},\"primaryImageOfPage\":{\"@id\":\"https:\\\/\\\/cetaradell.cat\\\/ce\\\/circuit-dorientacio-pel-desconfinament\\\/#primaryimage\"},\"image\":{\"@id\":\"https:\\\/\\\/cetaradell.cat\\\/ce\\\/circuit-dorientacio-pel-desconfinament\\\/#primaryimage\"},\"thumbnailUrl\":\"https:\\\/\\\/cetaradell.cat\\\/ce\\\/wp-content\\\/uploads\\\/2020-08-C1_desconfinament_1.jpg\",\"datePublished\":\"2020-08-21T20:41:59+00:00\",\"dateModified\":\"2020-08-21T20:44:46+00:00\",\"author\":{\"@id\":\"https:\\\/\\\/cetaradell.cat\\\/ce\\\/#\\\/schema\\\/person\\\/3d52bde1320c04297d2b30aec733921a\"},\"breadcrumb\":{\"@id\":\"https:\\\/\\\/cetaradell.cat\\\/ce\\\/circuit-dorientacio-pel-desconfinament\\\/#breadcrumb\"},\"inLanguage\":\"ca\",\"potentialAction\":[{\"@type\":\"ReadAction\",\"target\":[\"https:\\\/\\\/cetaradell.cat\\\/ce\\\/circuit-dorientacio-pel-desconfinament\\\/\"]}]},{\"@type\":\"ImageObject\",\"inLanguage\":\"ca\",\"@id\":\"https:\\\/\\\/cetaradell.cat\\\/ce\\\/circuit-dorientacio-pel-desconfinament\\\/#primaryimage\",\"url\":\"https:\\\/\\\/cetaradell.cat\\\/ce\\\/wp-content\\\/uploads\\\/2020-08-C1_desconfinament_1.jpg\",\"contentUrl\":\"https:\\\/\\\/cetaradell.cat\\\/ce\\\/wp-content\\\/uploads\\\/2020-08-C1_desconfinament_1.jpg\",\"width\":765,\"height\":577},{\"@type\":\"BreadcrumbList\",\"@id\":\"https:\\\/\\\/cetaradell.cat\\\/ce\\\/circuit-dorientacio-pel-desconfinament\\\/#breadcrumb\",\"itemListElement\":[{\"@type\":\"ListItem\",\"position\":1,\"name\":\"Inici\",\"item\":\"https:\\\/\\\/cetaradell.cat\\\/ce\\\/\"},{\"@type\":\"ListItem\",\"position\":2,\"name\":\"CIRCUIT D\u2019ORIENTACI\u00d3 PEL DESCONFINAMENT &#8211; Circuits disponibles fins a mitjans de setembre\"}]},{\"@type\":\"WebSite\",\"@id\":\"https:\\\/\\\/cetaradell.cat\\\/ce\\\/#website\",\"url\":\"https:\\\/\\\/cetaradell.cat\\\/ce\\\/\",\"name\":\"Centre Excursionista Taradell\",\"description\":\"\",\"potentialAction\":[{\"@type\":\"SearchAction\",\"target\":{\"@type\":\"EntryPoint\",\"urlTemplate\":\"https:\\\/\\\/cetaradell.cat\\\/ce\\\/?s={search_term_string}\"},\"query-input\":{\"@type\":\"PropertyValueSpecification\",\"valueRequired\":true,\"valueName\":\"search_term_string\"}}],\"inLanguage\":\"ca\"},{\"@type\":\"Person\",\"@id\":\"https:\\\/\\\/cetaradell.cat\\\/ce\\\/#\\\/schema\\\/person\\\/3d52bde1320c04297d2b30aec733921a\",\"name\":\"Llu\u00eds Saborit\",\"image\":{\"@type\":\"ImageObject\",\"inLanguage\":\"ca\",\"@id\":\"https:\\\/\\\/secure.gravatar.com\\\/avatar\\\/fc67cb563b92d48b79a11ba5f29f4da1be7939ad0dc8cc5b471a3702b8888208?s=96&d=mm&r=g\",\"url\":\"https:\\\/\\\/secure.gravatar.com\\\/avatar\\\/fc67cb563b92d48b79a11ba5f29f4da1be7939ad0dc8cc5b471a3702b8888208?s=96&d=mm&r=g\",\"contentUrl\":\"https:\\\/\\\/secure.gravatar.com\\\/avatar\\\/fc67cb563b92d48b79a11ba5f29f4da1be7939ad0dc8cc5b471a3702b8888208?s=96&d=mm&r=g\",\"caption\":\"Llu\u00eds Saborit\"},\"url\":\"https:\\\/\\\/cetaradell.cat\\\/ce\\\/author\\\/lluis\\\/\"}]}<\/script>\n<!-- \/ Yoast SEO plugin. -->","yoast_head_json":{"title":"CIRCUIT D\u2019ORIENTACI\u00d3 PEL DESCONFINAMENT - Circuits disponibles fins a mitjans de setembre - Centre Excursionista Taradell","robots":{"index":"index","follow":"follow","max-snippet":"max-snippet:-1","max-image-preview":"max-image-preview:large","max-video-preview":"max-video-preview:-1"},"canonical":"https:\/\/cetaradell.cat\/ce\/circuit-dorientacio-pel-desconfinament\/","og_locale":"ca_ES","og_type":"article","og_title":"CIRCUIT D\u2019ORIENTACI\u00d3 PEL DESCONFINAMENT - Circuits disponibles fins a mitjans de setembre - Centre Excursionista Taradell","og_description":"El passat mes de maig la secci\u00f3 d\u2019orientaci\u00f3 del CET va preparar uns circuits d\u2019orientaci\u00f3 a l\u2019entorn del nucli urb\u00e0 de Taradell, per tal de que durant el per\u00edode de desconfinament la gent tingu\u00e9s una opci\u00f3 m\u00e9s per fer exercici f\u00edsic, al mateix temps que era una oportunitat per con\u00e8ixer [...]","og_url":"https:\/\/cetaradell.cat\/ce\/circuit-dorientacio-pel-desconfinament\/","og_site_name":"Centre Excursionista Taradell","article_publisher":"https:\/\/www.facebook.com\/CETaradell\/","article_published_time":"2020-08-21T20:41:59+00:00","article_modified_time":"2020-08-21T20:44:46+00:00","og_image":[{"width":765,"height":577,"url":"https:\/\/cetaradell.cat\/ce\/wp-content\/uploads\/2020-08-C1_desconfinament_1.jpg","type":"image\/jpeg"}],"author":"Llu\u00eds Saborit","twitter_card":"summary_large_image","twitter_misc":{"Escrit per":"Llu\u00eds Saborit","Temps estimat de lectura":"1 minut"},"schema":{"@context":"https:\/\/schema.org","@graph":[{"@type":"Article","@id":"https:\/\/cetaradell.cat\/ce\/circuit-dorientacio-pel-desconfinament\/#article","isPartOf":{"@id":"https:\/\/cetaradell.cat\/ce\/circuit-dorientacio-pel-desconfinament\/"},"author":{"name":"Llu\u00eds Saborit","@id":"https:\/\/cetaradell.cat\/ce\/#\/schema\/person\/3d52bde1320c04297d2b30aec733921a"},"headline":"CIRCUIT D\u2019ORIENTACI\u00d3 PEL DESCONFINAMENT &#8211; Circuits disponibles fins a mitjans de setembre","datePublished":"2020-08-21T20:41:59+00:00","dateModified":"2020-08-21T20:44:46+00:00","mainEntityOfPage":{"@id":"https:\/\/cetaradell.cat\/ce\/circuit-dorientacio-pel-desconfinament\/"},"wordCount":239,"image":{"@id":"https:\/\/cetaradell.cat\/ce\/circuit-dorientacio-pel-desconfinament\/#primaryimage"},"thumbnailUrl":"https:\/\/cetaradell.cat\/ce\/wp-content\/uploads\/2020-08-C1_desconfinament_1.jpg","articleSection":["Activitats","Curses d'Orientaci\u00f3","Not\u00edcies"],"inLanguage":"ca"},{"@type":"WebPage","@id":"https:\/\/cetaradell.cat\/ce\/circuit-dorientacio-pel-desconfinament\/","url":"https:\/\/cetaradell.cat\/ce\/circuit-dorientacio-pel-desconfinament\/","name":"CIRCUIT D\u2019ORIENTACI\u00d3 PEL DESCONFINAMENT - Circuits disponibles fins a mitjans de setembre - Centre Excursionista Taradell","isPartOf":{"@id":"https:\/\/cetaradell.cat\/ce\/#website"},"primaryImageOfPage":{"@id":"https:\/\/cetaradell.cat\/ce\/circuit-dorientacio-pel-desconfinament\/#primaryimage"},"image":{"@id":"https:\/\/cetaradell.cat\/ce\/circuit-dorientacio-pel-desconfinament\/#primaryimage"},"thumbnailUrl":"https:\/\/cetaradell.cat\/ce\/wp-content\/uploads\/2020-08-C1_desconfinament_1.jpg","datePublished":"2020-08-21T20:41:59+00:00","dateModified":"2020-08-21T20:44:46+00:00","author":{"@id":"https:\/\/cetaradell.cat\/ce\/#\/schema\/person\/3d52bde1320c04297d2b30aec733921a"},"breadcrumb":{"@id":"https:\/\/cetaradell.cat\/ce\/circuit-dorientacio-pel-desconfinament\/#breadcrumb"},"inLanguage":"ca","potentialAction":[{"@type":"ReadAction","target":["https:\/\/cetaradell.cat\/ce\/circuit-dorientacio-pel-desconfinament\/"]}]},{"@type":"ImageObject","inLanguage":"ca","@id":"https:\/\/cetaradell.cat\/ce\/circuit-dorientacio-pel-desconfinament\/#primaryimage","url":"https:\/\/cetaradell.cat\/ce\/wp-content\/uploads\/2020-08-C1_desconfinament_1.jpg","contentUrl":"https:\/\/cetaradell.cat\/ce\/wp-content\/uploads\/2020-08-C1_desconfinament_1.jpg","width":765,"height":577},{"@type":"BreadcrumbList","@id":"https:\/\/cetaradell.cat\/ce\/circuit-dorientacio-pel-desconfinament\/#breadcrumb","itemListElement":[{"@type":"ListItem","position":1,"name":"Inici","item":"https:\/\/cetaradell.cat\/ce\/"},{"@type":"ListItem","position":2,"name":"CIRCUIT D\u2019ORIENTACI\u00d3 PEL DESCONFINAMENT &#8211; Circuits disponibles fins a mitjans de setembre"}]},{"@type":"WebSite","@id":"https:\/\/cetaradell.cat\/ce\/#website","url":"https:\/\/cetaradell.cat\/ce\/","name":"Centre Excursionista Taradell","description":"","potentialAction":[{"@type":"SearchAction","target":{"@type":"EntryPoint","urlTemplate":"https:\/\/cetaradell.cat\/ce\/?s={search_term_string}"},"query-input":{"@type":"PropertyValueSpecification","valueRequired":true,"valueName":"search_term_string"}}],"inLanguage":"ca"},{"@type":"Person","@id":"https:\/\/cetaradell.cat\/ce\/#\/schema\/person\/3d52bde1320c04297d2b30aec733921a","name":"Llu\u00eds Saborit","image":{"@type":"ImageObject","inLanguage":"ca","@id":"https:\/\/secure.gravatar.com\/avatar\/fc67cb563b92d48b79a11ba5f29f4da1be7939ad0dc8cc5b471a3702b8888208?s=96&d=mm&r=g","url":"https:\/\/secure.gravatar.com\/avatar\/fc67cb563b92d48b79a11ba5f29f4da1be7939ad0dc8cc5b471a3702b8888208?s=96&d=mm&r=g","contentUrl":"https:\/\/secure.gravatar.com\/avatar\/fc67cb563b92d48b79a11ba5f29f4da1be7939ad0dc8cc5b471a3702b8888208?s=96&d=mm&r=g","caption":"Llu\u00eds Saborit"},"url":"https:\/\/cetaradell.cat\/ce\/author\/lluis\/"}]}},"_links":{"self":[{"href":"https:\/\/cetaradell.cat\/ce\/wp-json\/wp\/v2\/posts\/8232","targetHints":{"allow":["GET"]}}],"collection":[{"href":"https:\/\/cetaradell.cat\/ce\/wp-json\/wp\/v2\/posts"}],"about":[{"href":"https:\/\/cetaradell.cat\/ce\/wp-json\/wp\/v2\/types\/post"}],"author":[{"embeddable":true,"href":"https:\/\/cetaradell.cat\/ce\/wp-json\/wp\/v2\/users\/7"}],"replies":[{"embeddable":true,"href":"https:\/\/cetaradell.cat\/ce\/wp-json\/wp\/v2\/comments?post=8232"}],"version-history":[{"count":0,"href":"https:\/\/cetaradell.cat\/ce\/wp-json\/wp\/v2\/posts\/8232\/revisions"}],"wp:featuredmedia":[{"embeddable":true,"href":"https:\/\/cetaradell.cat\/ce\/wp-json\/wp\/v2\/media\/8233"}],"wp:attachment":[{"href":"https:\/\/cetaradell.cat\/ce\/wp-json\/wp\/v2\/media?parent=8232"}],"wp:term":[{"taxonomy":"category","embeddable":true,"href":"https:\/\/cetaradell.cat\/ce\/wp-json\/wp\/v2\/categories?post=8232"},{"taxonomy":"post_tag","embeddable":true,"href":"https:\/\/cetaradell.cat\/ce\/wp-json\/wp\/v2\/tags?post=8232"}],"curies":[{"name":"wp","href":"https:\/\/api.w.org\/{rel}","templated":true}]}}