{"id":8277,"date":"2020-08-30T15:20:18","date_gmt":"2020-08-30T14:20:18","guid":{"rendered":"https:\/\/cetaradell.cat\/ce\/?p=8277"},"modified":"2020-08-30T18:40:11","modified_gmt":"2020-08-30T17:40:11","slug":"85-participants-a-la-41a-caminada-de-festa-major","status":"publish","type":"post","link":"https:\/\/cetaradell.cat\/ce\/85-participants-a-la-41a-caminada-de-festa-major\/","title":{"rendered":"85 participants a la 41a Caminada de Festa Major"},"content":{"rendered":"<p><a href=\"https:\/\/cetaradell.cat\/ce\/wp-content\/uploads\/2020-08-30_Caminada_Festa_Major-12.jpeg\"><img decoding=\"async\" class=\"size-medium wp-image-8278 alignleft\" src=\"https:\/\/cetaradell.cat\/ce\/wp-content\/uploads\/2020-08-30_Caminada_Festa_Major-12-300x225.jpeg\" alt=\"\" width=\"300\" height=\"225\" srcset=\"https:\/\/cetaradell.cat\/ce\/wp-content\/uploads\/2020-08-30_Caminada_Festa_Major-12-200x150.jpeg 200w, https:\/\/cetaradell.cat\/ce\/wp-content\/uploads\/2020-08-30_Caminada_Festa_Major-12-300x225.jpeg 300w, https:\/\/cetaradell.cat\/ce\/wp-content\/uploads\/2020-08-30_Caminada_Festa_Major-12-400x300.jpeg 400w, https:\/\/cetaradell.cat\/ce\/wp-content\/uploads\/2020-08-30_Caminada_Festa_Major-12-500x375.jpeg 500w, https:\/\/cetaradell.cat\/ce\/wp-content\/uploads\/2020-08-30_Caminada_Festa_Major-12-600x450.jpeg 600w, https:\/\/cetaradell.cat\/ce\/wp-content\/uploads\/2020-08-30_Caminada_Festa_Major-12-700x525.jpeg 700w, https:\/\/cetaradell.cat\/ce\/wp-content\/uploads\/2020-08-30_Caminada_Festa_Major-12-768x576.jpeg 768w, https:\/\/cetaradell.cat\/ce\/wp-content\/uploads\/2020-08-30_Caminada_Festa_Major-12-800x600.jpeg 800w, https:\/\/cetaradell.cat\/ce\/wp-content\/uploads\/2020-08-30_Caminada_Festa_Major-12-1024x768.jpeg 1024w, https:\/\/cetaradell.cat\/ce\/wp-content\/uploads\/2020-08-30_Caminada_Festa_Major-12-1200x900.jpeg 1200w, https:\/\/cetaradell.cat\/ce\/wp-content\/uploads\/2020-08-30_Caminada_Festa_Major-12-1536x1152.jpeg 1536w, https:\/\/cetaradell.cat\/ce\/wp-content\/uploads\/2020-08-30_Caminada_Festa_Major-12.jpeg 1600w\" sizes=\"(max-width: 300px) 100vw, 300px\" \/><\/a>Dins dels actes de la Festa Major del 2020, prenent les mesures adequades per evitar la Covid-19, el diumenge dia 30 d\u2019agost es va poder fer la caminada de la Festa Major la qual va comptar amb la participaci\u00f3 de 85 persones.<\/p>\n<p>Des de poc abans de les 8 del mat\u00ed fins a 2\/4 de 9, a mesura que els participants havien fet la inscripci\u00f3 se\u2019ls anava donant la sortida per tal d\u2019evitar l\u2019acumulaci\u00f3 de gent. Aix\u00ed, doncs, aquest any no es va poder fer la tradicional fotografia de la sortida.<\/p>\n<p>El recorregut d\u2019aquesta edici\u00f3 va ser d\u2019uns 12 quil\u00f2metres per pistes i camins amples, evitant passar per corriols estrets per tal de que no es formessin aglomeracions, i va transc\u00f3rrer pels seg\u00fcents lloc: sortida de la pla\u00e7a de les Eres, carrer de la Vila en direcci\u00f3 sud, cam\u00ed ral de Seva, Pi gros de Castellets, Can Talaia, cam\u00ed de sota de Gasala, pujada per la soleia de Muntmany cap a Goitallops, collet de Goitallops, Pi Gros, coll de Taradell, la Collada, Mansa, Masgrau, Can Mascarell, la Tomba i arribada de nou a la pla\u00e7a de les Eres.<\/p>\n<p>Al collet de Goitallops es va donar l\u2019esmorzar, que va consistir en talls de coca i xocolata envasats individualment, i aigua i sucs per beure. A l\u2019arribada a la pla\u00e7a de les Eres els participants van ser obsequiats amb una mascareta amb l\u2019escut del CET i se\u2019ls hi van oferir bossetes amb fruits secs, coca i xocolata, i per beure aigua i sucs.<\/p>\n<p>Es va comptar amb la col\u00b7laboraci\u00f3 de Protecci\u00f3 Civil de Taradell que va ajudar en les tasques de prevenci\u00f3 i minimitzaci\u00f3 de riscos, i en la de recordar l\u2019\u00fas de mascaretes i la necessitat de guardar les dist\u00e0ncies de seguretat. A qui agra\u00efm la seva col\u00b7laboraci\u00f3 aix\u00ed com a tots els participants per la seva assist\u00e8ncia i pel seu comportament en haver respectat en tot moment les mesures establertes.<\/p>\n","protected":false},"excerpt":{"rendered":"<p>Dins dels actes de la Festa Major del 2020, prenent les mesures adequades per evitar la Covid-19, el diumenge dia 30 d\u2019agost es va poder fer la caminada de la Festa Major la qual va comptar amb la participaci\u00f3 de 85 persones. Des de poc abans de les 8 del  [&#8230;]<\/p>\n","protected":false},"author":7,"featured_media":8278,"comment_status":"closed","ping_status":"closed","sticky":false,"template":"","format":"standard","meta":{"footnotes":""},"categories":[3],"tags":[],"class_list":["post-8277","post","type-post","status-publish","format-standard","has-post-thumbnail","hentry","category-noticies"],"yoast_head":"<!-- This site is optimized with the Yoast SEO plugin v27.4 - https:\/\/yoast.com\/product\/yoast-seo-wordpress\/ -->\n<title>85 participants a la 41a Caminada de Festa Major - Centre Excursionista Taradell<\/title>\n<meta name=\"robots\" content=\"index, follow, max-snippet:-1, max-image-preview:large, max-video-preview:-1\" \/>\n<link rel=\"canonical\" href=\"https:\/\/cetaradell.cat\/ce\/85-participants-a-la-41a-caminada-de-festa-major\/\" \/>\n<meta property=\"og:locale\" content=\"ca_ES\" \/>\n<meta property=\"og:type\" content=\"article\" \/>\n<meta property=\"og:title\" content=\"85 participants a la 41a Caminada de Festa Major - Centre Excursionista Taradell\" \/>\n<meta property=\"og:description\" content=\"Dins dels actes de la Festa Major del 2020, prenent les mesures adequades per evitar la Covid-19, el diumenge dia 30 d\u2019agost es va poder fer la caminada de la Festa Major la qual va comptar amb la participaci\u00f3 de 85 persones. Des de poc abans de les 8 del [...]\" \/>\n<meta property=\"og:url\" content=\"https:\/\/cetaradell.cat\/ce\/85-participants-a-la-41a-caminada-de-festa-major\/\" \/>\n<meta property=\"og:site_name\" content=\"Centre Excursionista Taradell\" \/>\n<meta property=\"article:publisher\" content=\"https:\/\/www.facebook.com\/CETaradell\/\" \/>\n<meta property=\"article:published_time\" content=\"2020-08-30T14:20:18+00:00\" \/>\n<meta property=\"article:modified_time\" content=\"2020-08-30T17:40:11+00:00\" \/>\n<meta property=\"og:image\" content=\"https:\/\/cetaradell.cat\/ce\/wp-content\/uploads\/2020-08-30_Caminada_Festa_Major-12.jpeg\" \/>\n\t<meta property=\"og:image:width\" content=\"1600\" \/>\n\t<meta property=\"og:image:height\" content=\"1200\" \/>\n\t<meta property=\"og:image:type\" content=\"image\/jpeg\" \/>\n<meta name=\"author\" content=\"Llu\u00eds Saborit\" \/>\n<meta name=\"twitter:card\" content=\"summary_large_image\" \/>\n<meta name=\"twitter:label1\" content=\"Escrit per\" \/>\n\t<meta name=\"twitter:data1\" content=\"Llu\u00eds Saborit\" \/>\n\t<meta name=\"twitter:label2\" content=\"Temps estimat de lectura\" \/>\n\t<meta name=\"twitter:data2\" content=\"2 minuts\" \/>\n<script type=\"application\/ld+json\" class=\"yoast-schema-graph\">{\"@context\":\"https:\\\/\\\/schema.org\",\"@graph\":[{\"@type\":\"Article\",\"@id\":\"https:\\\/\\\/cetaradell.cat\\\/ce\\\/85-participants-a-la-41a-caminada-de-festa-major\\\/#article\",\"isPartOf\":{\"@id\":\"https:\\\/\\\/cetaradell.cat\\\/ce\\\/85-participants-a-la-41a-caminada-de-festa-major\\\/\"},\"author\":{\"name\":\"Llu\u00eds Saborit\",\"@id\":\"https:\\\/\\\/cetaradell.cat\\\/ce\\\/#\\\/schema\\\/person\\\/3d52bde1320c04297d2b30aec733921a\"},\"headline\":\"85 participants a la 41a Caminada de Festa Major\",\"datePublished\":\"2020-08-30T14:20:18+00:00\",\"dateModified\":\"2020-08-30T17:40:11+00:00\",\"mainEntityOfPage\":{\"@id\":\"https:\\\/\\\/cetaradell.cat\\\/ce\\\/85-participants-a-la-41a-caminada-de-festa-major\\\/\"},\"wordCount\":343,\"image\":{\"@id\":\"https:\\\/\\\/cetaradell.cat\\\/ce\\\/85-participants-a-la-41a-caminada-de-festa-major\\\/#primaryimage\"},\"thumbnailUrl\":\"https:\\\/\\\/cetaradell.cat\\\/ce\\\/wp-content\\\/uploads\\\/2020-08-30_Caminada_Festa_Major-12.jpeg\",\"articleSection\":[\"Not\u00edcies\"],\"inLanguage\":\"ca\"},{\"@type\":\"WebPage\",\"@id\":\"https:\\\/\\\/cetaradell.cat\\\/ce\\\/85-participants-a-la-41a-caminada-de-festa-major\\\/\",\"url\":\"https:\\\/\\\/cetaradell.cat\\\/ce\\\/85-participants-a-la-41a-caminada-de-festa-major\\\/\",\"name\":\"85 participants a la 41a Caminada de Festa Major - Centre Excursionista Taradell\",\"isPartOf\":{\"@id\":\"https:\\\/\\\/cetaradell.cat\\\/ce\\\/#website\"},\"primaryImageOfPage\":{\"@id\":\"https:\\\/\\\/cetaradell.cat\\\/ce\\\/85-participants-a-la-41a-caminada-de-festa-major\\\/#primaryimage\"},\"image\":{\"@id\":\"https:\\\/\\\/cetaradell.cat\\\/ce\\\/85-participants-a-la-41a-caminada-de-festa-major\\\/#primaryimage\"},\"thumbnailUrl\":\"https:\\\/\\\/cetaradell.cat\\\/ce\\\/wp-content\\\/uploads\\\/2020-08-30_Caminada_Festa_Major-12.jpeg\",\"datePublished\":\"2020-08-30T14:20:18+00:00\",\"dateModified\":\"2020-08-30T17:40:11+00:00\",\"author\":{\"@id\":\"https:\\\/\\\/cetaradell.cat\\\/ce\\\/#\\\/schema\\\/person\\\/3d52bde1320c04297d2b30aec733921a\"},\"breadcrumb\":{\"@id\":\"https:\\\/\\\/cetaradell.cat\\\/ce\\\/85-participants-a-la-41a-caminada-de-festa-major\\\/#breadcrumb\"},\"inLanguage\":\"ca\",\"potentialAction\":[{\"@type\":\"ReadAction\",\"target\":[\"https:\\\/\\\/cetaradell.cat\\\/ce\\\/85-participants-a-la-41a-caminada-de-festa-major\\\/\"]}]},{\"@type\":\"ImageObject\",\"inLanguage\":\"ca\",\"@id\":\"https:\\\/\\\/cetaradell.cat\\\/ce\\\/85-participants-a-la-41a-caminada-de-festa-major\\\/#primaryimage\",\"url\":\"https:\\\/\\\/cetaradell.cat\\\/ce\\\/wp-content\\\/uploads\\\/2020-08-30_Caminada_Festa_Major-12.jpeg\",\"contentUrl\":\"https:\\\/\\\/cetaradell.cat\\\/ce\\\/wp-content\\\/uploads\\\/2020-08-30_Caminada_Festa_Major-12.jpeg\",\"width\":1600,\"height\":1200},{\"@type\":\"BreadcrumbList\",\"@id\":\"https:\\\/\\\/cetaradell.cat\\\/ce\\\/85-participants-a-la-41a-caminada-de-festa-major\\\/#breadcrumb\",\"itemListElement\":[{\"@type\":\"ListItem\",\"position\":1,\"name\":\"Inici\",\"item\":\"https:\\\/\\\/cetaradell.cat\\\/ce\\\/\"},{\"@type\":\"ListItem\",\"position\":2,\"name\":\"85 participants a la 41a Caminada de Festa Major\"}]},{\"@type\":\"WebSite\",\"@id\":\"https:\\\/\\\/cetaradell.cat\\\/ce\\\/#website\",\"url\":\"https:\\\/\\\/cetaradell.cat\\\/ce\\\/\",\"name\":\"Centre Excursionista Taradell\",\"description\":\"\",\"potentialAction\":[{\"@type\":\"SearchAction\",\"target\":{\"@type\":\"EntryPoint\",\"urlTemplate\":\"https:\\\/\\\/cetaradell.cat\\\/ce\\\/?s={search_term_string}\"},\"query-input\":{\"@type\":\"PropertyValueSpecification\",\"valueRequired\":true,\"valueName\":\"search_term_string\"}}],\"inLanguage\":\"ca\"},{\"@type\":\"Person\",\"@id\":\"https:\\\/\\\/cetaradell.cat\\\/ce\\\/#\\\/schema\\\/person\\\/3d52bde1320c04297d2b30aec733921a\",\"name\":\"Llu\u00eds Saborit\",\"image\":{\"@type\":\"ImageObject\",\"inLanguage\":\"ca\",\"@id\":\"https:\\\/\\\/secure.gravatar.com\\\/avatar\\\/fc67cb563b92d48b79a11ba5f29f4da1be7939ad0dc8cc5b471a3702b8888208?s=96&d=mm&r=g\",\"url\":\"https:\\\/\\\/secure.gravatar.com\\\/avatar\\\/fc67cb563b92d48b79a11ba5f29f4da1be7939ad0dc8cc5b471a3702b8888208?s=96&d=mm&r=g\",\"contentUrl\":\"https:\\\/\\\/secure.gravatar.com\\\/avatar\\\/fc67cb563b92d48b79a11ba5f29f4da1be7939ad0dc8cc5b471a3702b8888208?s=96&d=mm&r=g\",\"caption\":\"Llu\u00eds Saborit\"},\"url\":\"https:\\\/\\\/cetaradell.cat\\\/ce\\\/author\\\/lluis\\\/\"}]}<\/script>\n<!-- \/ Yoast SEO plugin. -->","yoast_head_json":{"title":"85 participants a la 41a Caminada de Festa Major - Centre Excursionista Taradell","robots":{"index":"index","follow":"follow","max-snippet":"max-snippet:-1","max-image-preview":"max-image-preview:large","max-video-preview":"max-video-preview:-1"},"canonical":"https:\/\/cetaradell.cat\/ce\/85-participants-a-la-41a-caminada-de-festa-major\/","og_locale":"ca_ES","og_type":"article","og_title":"85 participants a la 41a Caminada de Festa Major - Centre Excursionista Taradell","og_description":"Dins dels actes de la Festa Major del 2020, prenent les mesures adequades per evitar la Covid-19, el diumenge dia 30 d\u2019agost es va poder fer la caminada de la Festa Major la qual va comptar amb la participaci\u00f3 de 85 persones. Des de poc abans de les 8 del [...]","og_url":"https:\/\/cetaradell.cat\/ce\/85-participants-a-la-41a-caminada-de-festa-major\/","og_site_name":"Centre Excursionista Taradell","article_publisher":"https:\/\/www.facebook.com\/CETaradell\/","article_published_time":"2020-08-30T14:20:18+00:00","article_modified_time":"2020-08-30T17:40:11+00:00","og_image":[{"width":1600,"height":1200,"url":"https:\/\/cetaradell.cat\/ce\/wp-content\/uploads\/2020-08-30_Caminada_Festa_Major-12.jpeg","type":"image\/jpeg"}],"author":"Llu\u00eds Saborit","twitter_card":"summary_large_image","twitter_misc":{"Escrit per":"Llu\u00eds Saborit","Temps estimat de lectura":"2 minuts"},"schema":{"@context":"https:\/\/schema.org","@graph":[{"@type":"Article","@id":"https:\/\/cetaradell.cat\/ce\/85-participants-a-la-41a-caminada-de-festa-major\/#article","isPartOf":{"@id":"https:\/\/cetaradell.cat\/ce\/85-participants-a-la-41a-caminada-de-festa-major\/"},"author":{"name":"Llu\u00eds Saborit","@id":"https:\/\/cetaradell.cat\/ce\/#\/schema\/person\/3d52bde1320c04297d2b30aec733921a"},"headline":"85 participants a la 41a Caminada de Festa Major","datePublished":"2020-08-30T14:20:18+00:00","dateModified":"2020-08-30T17:40:11+00:00","mainEntityOfPage":{"@id":"https:\/\/cetaradell.cat\/ce\/85-participants-a-la-41a-caminada-de-festa-major\/"},"wordCount":343,"image":{"@id":"https:\/\/cetaradell.cat\/ce\/85-participants-a-la-41a-caminada-de-festa-major\/#primaryimage"},"thumbnailUrl":"https:\/\/cetaradell.cat\/ce\/wp-content\/uploads\/2020-08-30_Caminada_Festa_Major-12.jpeg","articleSection":["Not\u00edcies"],"inLanguage":"ca"},{"@type":"WebPage","@id":"https:\/\/cetaradell.cat\/ce\/85-participants-a-la-41a-caminada-de-festa-major\/","url":"https:\/\/cetaradell.cat\/ce\/85-participants-a-la-41a-caminada-de-festa-major\/","name":"85 participants a la 41a Caminada de Festa Major - Centre Excursionista Taradell","isPartOf":{"@id":"https:\/\/cetaradell.cat\/ce\/#website"},"primaryImageOfPage":{"@id":"https:\/\/cetaradell.cat\/ce\/85-participants-a-la-41a-caminada-de-festa-major\/#primaryimage"},"image":{"@id":"https:\/\/cetaradell.cat\/ce\/85-participants-a-la-41a-caminada-de-festa-major\/#primaryimage"},"thumbnailUrl":"https:\/\/cetaradell.cat\/ce\/wp-content\/uploads\/2020-08-30_Caminada_Festa_Major-12.jpeg","datePublished":"2020-08-30T14:20:18+00:00","dateModified":"2020-08-30T17:40:11+00:00","author":{"@id":"https:\/\/cetaradell.cat\/ce\/#\/schema\/person\/3d52bde1320c04297d2b30aec733921a"},"breadcrumb":{"@id":"https:\/\/cetaradell.cat\/ce\/85-participants-a-la-41a-caminada-de-festa-major\/#breadcrumb"},"inLanguage":"ca","potentialAction":[{"@type":"ReadAction","target":["https:\/\/cetaradell.cat\/ce\/85-participants-a-la-41a-caminada-de-festa-major\/"]}]},{"@type":"ImageObject","inLanguage":"ca","@id":"https:\/\/cetaradell.cat\/ce\/85-participants-a-la-41a-caminada-de-festa-major\/#primaryimage","url":"https:\/\/cetaradell.cat\/ce\/wp-content\/uploads\/2020-08-30_Caminada_Festa_Major-12.jpeg","contentUrl":"https:\/\/cetaradell.cat\/ce\/wp-content\/uploads\/2020-08-30_Caminada_Festa_Major-12.jpeg","width":1600,"height":1200},{"@type":"BreadcrumbList","@id":"https:\/\/cetaradell.cat\/ce\/85-participants-a-la-41a-caminada-de-festa-major\/#breadcrumb","itemListElement":[{"@type":"ListItem","position":1,"name":"Inici","item":"https:\/\/cetaradell.cat\/ce\/"},{"@type":"ListItem","position":2,"name":"85 participants a la 41a Caminada de Festa Major"}]},{"@type":"WebSite","@id":"https:\/\/cetaradell.cat\/ce\/#website","url":"https:\/\/cetaradell.cat\/ce\/","name":"Centre Excursionista Taradell","description":"","potentialAction":[{"@type":"SearchAction","target":{"@type":"EntryPoint","urlTemplate":"https:\/\/cetaradell.cat\/ce\/?s={search_term_string}"},"query-input":{"@type":"PropertyValueSpecification","valueRequired":true,"valueName":"search_term_string"}}],"inLanguage":"ca"},{"@type":"Person","@id":"https:\/\/cetaradell.cat\/ce\/#\/schema\/person\/3d52bde1320c04297d2b30aec733921a","name":"Llu\u00eds Saborit","image":{"@type":"ImageObject","inLanguage":"ca","@id":"https:\/\/secure.gravatar.com\/avatar\/fc67cb563b92d48b79a11ba5f29f4da1be7939ad0dc8cc5b471a3702b8888208?s=96&d=mm&r=g","url":"https:\/\/secure.gravatar.com\/avatar\/fc67cb563b92d48b79a11ba5f29f4da1be7939ad0dc8cc5b471a3702b8888208?s=96&d=mm&r=g","contentUrl":"https:\/\/secure.gravatar.com\/avatar\/fc67cb563b92d48b79a11ba5f29f4da1be7939ad0dc8cc5b471a3702b8888208?s=96&d=mm&r=g","caption":"Llu\u00eds Saborit"},"url":"https:\/\/cetaradell.cat\/ce\/author\/lluis\/"}]}},"_links":{"self":[{"href":"https:\/\/cetaradell.cat\/ce\/wp-json\/wp\/v2\/posts\/8277","targetHints":{"allow":["GET"]}}],"collection":[{"href":"https:\/\/cetaradell.cat\/ce\/wp-json\/wp\/v2\/posts"}],"about":[{"href":"https:\/\/cetaradell.cat\/ce\/wp-json\/wp\/v2\/types\/post"}],"author":[{"embeddable":true,"href":"https:\/\/cetaradell.cat\/ce\/wp-json\/wp\/v2\/users\/7"}],"replies":[{"embeddable":true,"href":"https:\/\/cetaradell.cat\/ce\/wp-json\/wp\/v2\/comments?post=8277"}],"version-history":[{"count":0,"href":"https:\/\/cetaradell.cat\/ce\/wp-json\/wp\/v2\/posts\/8277\/revisions"}],"wp:featuredmedia":[{"embeddable":true,"href":"https:\/\/cetaradell.cat\/ce\/wp-json\/wp\/v2\/media\/8278"}],"wp:attachment":[{"href":"https:\/\/cetaradell.cat\/ce\/wp-json\/wp\/v2\/media?parent=8277"}],"wp:term":[{"taxonomy":"category","embeddable":true,"href":"https:\/\/cetaradell.cat\/ce\/wp-json\/wp\/v2\/categories?post=8277"},{"taxonomy":"post_tag","embeddable":true,"href":"https:\/\/cetaradell.cat\/ce\/wp-json\/wp\/v2\/tags?post=8277"}],"curies":[{"name":"wp","href":"https:\/\/api.w.org\/{rel}","templated":true}]}}