{"id":8293,"date":"2020-09-23T21:44:49","date_gmt":"2020-09-23T20:44:49","guid":{"rendered":"https:\/\/cetaradell.cat\/ce\/?p=8293"},"modified":"2020-10-05T20:32:59","modified_gmt":"2020-10-05T19:32:59","slug":"sortida-del-geea-garmo-negro-3051m-escalada","status":"publish","type":"post","link":"https:\/\/cetaradell.cat\/ce\/sortida-del-geea-garmo-negro-3051m-escalada\/","title":{"rendered":"Sortida del GEEA: Garmo Negro (3051m) + Escalada (Anul\u00b7lada)"},"content":{"rendered":"<p><a href=\"https:\/\/cetaradell.cat\/ce\/wp-content\/uploads\/2020-09-GEEA-Garmo_Negro-Escalada.jpeg\" target=\"_blank\" rel=\"noopener noreferrer\"><img decoding=\"async\" class=\"alignleft wp-image-8294 size-medium\" src=\"https:\/\/cetaradell.cat\/ce\/wp-content\/uploads\/2020-09-GEEA-Garmo_Negro-Escalada-212x300.jpeg\" alt=\"\" width=\"212\" height=\"300\" srcset=\"https:\/\/cetaradell.cat\/ce\/wp-content\/uploads\/2020-09-GEEA-Garmo_Negro-Escalada-200x283.jpeg 200w, https:\/\/cetaradell.cat\/ce\/wp-content\/uploads\/2020-09-GEEA-Garmo_Negro-Escalada-212x300.jpeg 212w, https:\/\/cetaradell.cat\/ce\/wp-content\/uploads\/2020-09-GEEA-Garmo_Negro-Escalada-400x566.jpeg 400w, https:\/\/cetaradell.cat\/ce\/wp-content\/uploads\/2020-09-GEEA-Garmo_Negro-Escalada-500x707.jpeg 500w, https:\/\/cetaradell.cat\/ce\/wp-content\/uploads\/2020-09-GEEA-Garmo_Negro-Escalada-600x849.jpeg 600w, https:\/\/cetaradell.cat\/ce\/wp-content\/uploads\/2020-09-GEEA-Garmo_Negro-Escalada-700x990.jpeg 700w, https:\/\/cetaradell.cat\/ce\/wp-content\/uploads\/2020-09-GEEA-Garmo_Negro-Escalada-724x1024.jpeg 724w, https:\/\/cetaradell.cat\/ce\/wp-content\/uploads\/2020-09-GEEA-Garmo_Negro-Escalada-768x1086.jpeg 768w, https:\/\/cetaradell.cat\/ce\/wp-content\/uploads\/2020-09-GEEA-Garmo_Negro-Escalada-800x1132.jpeg 800w, https:\/\/cetaradell.cat\/ce\/wp-content\/uploads\/2020-09-GEEA-Garmo_Negro-Escalada-1086x1536.jpeg 1086w, https:\/\/cetaradell.cat\/ce\/wp-content\/uploads\/2020-09-GEEA-Garmo_Negro-Escalada.jpeg 1131w\" sizes=\"(max-width: 212px) 100vw, 212px\" \/><\/a><strong>ANUL\u00b7LADA PER PREVISI\u00d3 DE MAL TEMPS<\/strong><\/p>\n<p><strong>Data: <\/strong>Del 9 al 11 d\u2019Octubre<\/p>\n<p><strong>Durada:<\/strong> Cap de setmana<\/p>\n<p><strong>Preu sortida:<\/strong> Gratu\u00eft per federats FEEC (modalitat C o equivalent); Socis del CET no federats: 10 euros per la llic\u00e8ncia temporal.<\/p>\n<p><strong>Preu allotjament:<\/strong> segons tarifa refugi<\/p>\n<p><strong>Allotjament:<\/strong> Refugi Casa de Piedra o Furgoneta al P\u00e0rquing<\/p>\n<p><strong>Organitza:<\/strong> GEEA \u2013 Centre Excursionista de Taradell<\/p>\n<p><strong>Punt de Trobada: <\/strong>Espai 1 d\u2019Octubre a les 18:00h<\/p>\n<p><strong>Despla\u00e7ament: <\/strong>Vehicles particulars<\/p>\n<p><span style=\"text-decoration: underline;\"><strong>Descripci\u00f3 de la Sortida<\/strong><\/span><\/p>\n<p>La sortida proposada es tracta d\u2019una activitat de cap de setmana a la zona de Panticosa. Es sortir\u00e0 de Taradell divendres a la tarda per anar a dormir all\u00e0; els participants podran escollir si dormir al mateix p\u00e0rquing amb furgoneta o al refugi de la casa de piedra.<\/p>\n<p>El dissabte s\u2019organitzaran diferents cordades per escalar en les diferents vies de varis llargs de la zona.<\/p>\n<p>El diumenge pujarem al Garmo Negro (3.051 m) i a mitja tarda tornada cap a Taradell.<\/p>\n<p><strong><span style=\"text-decoration: underline;\">Caracter\u00edstiques de l\u2019Activitat<\/span><\/strong><\/p>\n<p><strong>Desnivell positiu:<\/strong> 1.400 metres<\/p>\n<p><strong>Dist\u00e0ncia:<\/strong> 11 km<\/p>\n<p><strong>Dificultat t\u00e8cnica:<\/strong> Per l\u2019ascensi\u00f3 al Garmo Negro la dificultat t\u00e8cnica \u00e9s baixa, per\u00f2 cal estar preparat f\u00edsicament per superar el desnivell, per a l\u2019escalada es formaran varies cordades les quals escolliran via en funci\u00f3 del nivell dels membres.<\/p>\n<p><strong>Lloc: <\/strong>Balneari de Panticosa.<\/p>\n<p><strong>Material Obligatori<\/strong>: Cal\u00e7at adequat, roba d\u2019abric, aigua i menjar, per a l\u2019escalada talabard, casc i cap d\u2019ancoratge.<\/p>\n<p><strong>Asseguran\u00e7a<\/strong>: \u00c9s obligatori estar federat amb la modalitat C de la FEEC o equivalent, en cas de no estar-ho s\u2019haur\u00e0 de tramitar asseguran\u00e7a temporal (cal ser soci del CET) amb un cost de 10\u20ac.<\/p>\n<p><span style=\"text-decoration: underline;\"><strong>Inscripcions<\/strong><\/span><\/p>\n<ul>\n<li>Presencialment a les oficines del CET, de dimecres a dissabte de 19:00h a 21:00h<\/li>\n<li>Per mail a <a href=\"mailto:geea@cetaradell.cat\">geea@cetaradell.cat<\/a> (adjuntar llicencia federativa)<\/li>\n<\/ul>\n<p>Les inscripcions es tancaran el 5 d\u2019octubre o a un m\u00e0xim de 10 persones<\/p>\n<p><span style=\"text-decoration: underline;\"><strong>Nota Important<\/strong><\/span><\/p>\n<p>No es tracte ni d&#8217;un curs ni d&#8217;un guiatge, \u00e9s una sortida col\u00b7lectiva on tots els participants han de ser aut\u00f2noms i tenir la preparaci\u00f3 f\u00edsica i t\u00e8cnica per afrontar les caracter\u00edstiques d\u2019aquesta.<\/p>\n<p>Els coordinadors no es fan responsables dels accidents que puguin patir els participants.<\/p>\n<p>En cas de condicions meteorol\u00f2giques adverses l\u2019organitzaci\u00f3 pot modificar la data o anular la sortida.<\/p>\n<p>Obligatori seguir la normativa FEEC referent al COVID19. No es recomana compartir cotxe.<\/p>\n","protected":false},"excerpt":{"rendered":"<p>ANUL\u00b7LADA PER PREVISI\u00d3 DE MAL TEMPS Data: Del 9 al 11 d\u2019Octubre Durada: Cap de setmana Preu sortida: Gratu\u00eft per federats FEEC (modalitat C o equivalent); Socis del CET no federats: 10 euros per la llic\u00e8ncia temporal. Preu allotjament: segons tarifa refugi Allotjament: Refugi Casa de Piedra o Furgoneta al  [&#8230;]<\/p>\n","protected":false},"author":7,"featured_media":8294,"comment_status":"closed","ping_status":"closed","sticky":false,"template":"","format":"standard","meta":{"footnotes":""},"categories":[4,50],"tags":[],"class_list":["post-8293","post","type-post","status-publish","format-standard","has-post-thumbnail","hentry","category-activitats","category-geea"],"yoast_head":"<!-- This site is optimized with the Yoast SEO plugin v27.4 - https:\/\/yoast.com\/product\/yoast-seo-wordpress\/ -->\n<title>Sortida del GEEA: Garmo Negro (3051m) + Escalada (Anul\u00b7lada) - Centre Excursionista Taradell<\/title>\n<meta name=\"robots\" content=\"index, follow, max-snippet:-1, max-image-preview:large, max-video-preview:-1\" \/>\n<link rel=\"canonical\" href=\"https:\/\/cetaradell.cat\/ce\/sortida-del-geea-garmo-negro-3051m-escalada\/\" \/>\n<meta property=\"og:locale\" content=\"ca_ES\" \/>\n<meta property=\"og:type\" content=\"article\" \/>\n<meta property=\"og:title\" content=\"Sortida del GEEA: Garmo Negro (3051m) + Escalada (Anul\u00b7lada) - Centre Excursionista Taradell\" \/>\n<meta property=\"og:description\" content=\"ANUL\u00b7LADA PER PREVISI\u00d3 DE MAL TEMPS Data: Del 9 al 11 d\u2019Octubre Durada: Cap de setmana Preu sortida: Gratu\u00eft per federats FEEC (modalitat C o equivalent); Socis del CET no federats: 10 euros per la llic\u00e8ncia temporal. Preu allotjament: segons tarifa refugi Allotjament: Refugi Casa de Piedra o Furgoneta al [...]\" \/>\n<meta property=\"og:url\" content=\"https:\/\/cetaradell.cat\/ce\/sortida-del-geea-garmo-negro-3051m-escalada\/\" \/>\n<meta property=\"og:site_name\" content=\"Centre Excursionista Taradell\" \/>\n<meta property=\"article:publisher\" content=\"https:\/\/www.facebook.com\/CETaradell\/\" \/>\n<meta property=\"article:published_time\" content=\"2020-09-23T20:44:49+00:00\" \/>\n<meta property=\"article:modified_time\" content=\"2020-10-05T19:32:59+00:00\" \/>\n<meta property=\"og:image\" content=\"https:\/\/cetaradell.cat\/ce\/wp-content\/uploads\/2020-09-GEEA-Garmo_Negro-Escalada.jpeg\" \/>\n\t<meta property=\"og:image:width\" content=\"1131\" \/>\n\t<meta property=\"og:image:height\" content=\"1600\" \/>\n\t<meta property=\"og:image:type\" content=\"image\/jpeg\" \/>\n<meta name=\"author\" content=\"Llu\u00eds Saborit\" \/>\n<meta name=\"twitter:card\" content=\"summary_large_image\" \/>\n<meta name=\"twitter:label1\" content=\"Escrit per\" \/>\n\t<meta name=\"twitter:data1\" content=\"Llu\u00eds Saborit\" \/>\n\t<meta name=\"twitter:label2\" content=\"Temps estimat de lectura\" \/>\n\t<meta name=\"twitter:data2\" content=\"2 minuts\" \/>\n<script type=\"application\/ld+json\" class=\"yoast-schema-graph\">{\"@context\":\"https:\\\/\\\/schema.org\",\"@graph\":[{\"@type\":\"Article\",\"@id\":\"https:\\\/\\\/cetaradell.cat\\\/ce\\\/sortida-del-geea-garmo-negro-3051m-escalada\\\/#article\",\"isPartOf\":{\"@id\":\"https:\\\/\\\/cetaradell.cat\\\/ce\\\/sortida-del-geea-garmo-negro-3051m-escalada\\\/\"},\"author\":{\"name\":\"Llu\u00eds Saborit\",\"@id\":\"https:\\\/\\\/cetaradell.cat\\\/ce\\\/#\\\/schema\\\/person\\\/3d52bde1320c04297d2b30aec733921a\"},\"headline\":\"Sortida del GEEA: Garmo Negro (3051m) + Escalada (Anul\u00b7lada)\",\"datePublished\":\"2020-09-23T20:44:49+00:00\",\"dateModified\":\"2020-10-05T19:32:59+00:00\",\"mainEntityOfPage\":{\"@id\":\"https:\\\/\\\/cetaradell.cat\\\/ce\\\/sortida-del-geea-garmo-negro-3051m-escalada\\\/\"},\"wordCount\":407,\"image\":{\"@id\":\"https:\\\/\\\/cetaradell.cat\\\/ce\\\/sortida-del-geea-garmo-negro-3051m-escalada\\\/#primaryimage\"},\"thumbnailUrl\":\"https:\\\/\\\/cetaradell.cat\\\/ce\\\/wp-content\\\/uploads\\\/2020-09-GEEA-Garmo_Negro-Escalada.jpeg\",\"articleSection\":[\"Activitats\",\"GEEA\"],\"inLanguage\":\"ca\"},{\"@type\":\"WebPage\",\"@id\":\"https:\\\/\\\/cetaradell.cat\\\/ce\\\/sortida-del-geea-garmo-negro-3051m-escalada\\\/\",\"url\":\"https:\\\/\\\/cetaradell.cat\\\/ce\\\/sortida-del-geea-garmo-negro-3051m-escalada\\\/\",\"name\":\"Sortida del GEEA: Garmo Negro (3051m) + Escalada (Anul\u00b7lada) - Centre Excursionista Taradell\",\"isPartOf\":{\"@id\":\"https:\\\/\\\/cetaradell.cat\\\/ce\\\/#website\"},\"primaryImageOfPage\":{\"@id\":\"https:\\\/\\\/cetaradell.cat\\\/ce\\\/sortida-del-geea-garmo-negro-3051m-escalada\\\/#primaryimage\"},\"image\":{\"@id\":\"https:\\\/\\\/cetaradell.cat\\\/ce\\\/sortida-del-geea-garmo-negro-3051m-escalada\\\/#primaryimage\"},\"thumbnailUrl\":\"https:\\\/\\\/cetaradell.cat\\\/ce\\\/wp-content\\\/uploads\\\/2020-09-GEEA-Garmo_Negro-Escalada.jpeg\",\"datePublished\":\"2020-09-23T20:44:49+00:00\",\"dateModified\":\"2020-10-05T19:32:59+00:00\",\"author\":{\"@id\":\"https:\\\/\\\/cetaradell.cat\\\/ce\\\/#\\\/schema\\\/person\\\/3d52bde1320c04297d2b30aec733921a\"},\"breadcrumb\":{\"@id\":\"https:\\\/\\\/cetaradell.cat\\\/ce\\\/sortida-del-geea-garmo-negro-3051m-escalada\\\/#breadcrumb\"},\"inLanguage\":\"ca\",\"potentialAction\":[{\"@type\":\"ReadAction\",\"target\":[\"https:\\\/\\\/cetaradell.cat\\\/ce\\\/sortida-del-geea-garmo-negro-3051m-escalada\\\/\"]}]},{\"@type\":\"ImageObject\",\"inLanguage\":\"ca\",\"@id\":\"https:\\\/\\\/cetaradell.cat\\\/ce\\\/sortida-del-geea-garmo-negro-3051m-escalada\\\/#primaryimage\",\"url\":\"https:\\\/\\\/cetaradell.cat\\\/ce\\\/wp-content\\\/uploads\\\/2020-09-GEEA-Garmo_Negro-Escalada.jpeg\",\"contentUrl\":\"https:\\\/\\\/cetaradell.cat\\\/ce\\\/wp-content\\\/uploads\\\/2020-09-GEEA-Garmo_Negro-Escalada.jpeg\",\"width\":1131,\"height\":1600},{\"@type\":\"BreadcrumbList\",\"@id\":\"https:\\\/\\\/cetaradell.cat\\\/ce\\\/sortida-del-geea-garmo-negro-3051m-escalada\\\/#breadcrumb\",\"itemListElement\":[{\"@type\":\"ListItem\",\"position\":1,\"name\":\"Inici\",\"item\":\"https:\\\/\\\/cetaradell.cat\\\/ce\\\/\"},{\"@type\":\"ListItem\",\"position\":2,\"name\":\"Sortida del GEEA: Garmo Negro (3051m) + Escalada (Anul\u00b7lada)\"}]},{\"@type\":\"WebSite\",\"@id\":\"https:\\\/\\\/cetaradell.cat\\\/ce\\\/#website\",\"url\":\"https:\\\/\\\/cetaradell.cat\\\/ce\\\/\",\"name\":\"Centre Excursionista Taradell\",\"description\":\"\",\"potentialAction\":[{\"@type\":\"SearchAction\",\"target\":{\"@type\":\"EntryPoint\",\"urlTemplate\":\"https:\\\/\\\/cetaradell.cat\\\/ce\\\/?s={search_term_string}\"},\"query-input\":{\"@type\":\"PropertyValueSpecification\",\"valueRequired\":true,\"valueName\":\"search_term_string\"}}],\"inLanguage\":\"ca\"},{\"@type\":\"Person\",\"@id\":\"https:\\\/\\\/cetaradell.cat\\\/ce\\\/#\\\/schema\\\/person\\\/3d52bde1320c04297d2b30aec733921a\",\"name\":\"Llu\u00eds Saborit\",\"image\":{\"@type\":\"ImageObject\",\"inLanguage\":\"ca\",\"@id\":\"https:\\\/\\\/secure.gravatar.com\\\/avatar\\\/fc67cb563b92d48b79a11ba5f29f4da1be7939ad0dc8cc5b471a3702b8888208?s=96&d=mm&r=g\",\"url\":\"https:\\\/\\\/secure.gravatar.com\\\/avatar\\\/fc67cb563b92d48b79a11ba5f29f4da1be7939ad0dc8cc5b471a3702b8888208?s=96&d=mm&r=g\",\"contentUrl\":\"https:\\\/\\\/secure.gravatar.com\\\/avatar\\\/fc67cb563b92d48b79a11ba5f29f4da1be7939ad0dc8cc5b471a3702b8888208?s=96&d=mm&r=g\",\"caption\":\"Llu\u00eds Saborit\"},\"url\":\"https:\\\/\\\/cetaradell.cat\\\/ce\\\/author\\\/lluis\\\/\"}]}<\/script>\n<!-- \/ Yoast SEO plugin. -->","yoast_head_json":{"title":"Sortida del GEEA: Garmo Negro (3051m) + Escalada (Anul\u00b7lada) - Centre Excursionista Taradell","robots":{"index":"index","follow":"follow","max-snippet":"max-snippet:-1","max-image-preview":"max-image-preview:large","max-video-preview":"max-video-preview:-1"},"canonical":"https:\/\/cetaradell.cat\/ce\/sortida-del-geea-garmo-negro-3051m-escalada\/","og_locale":"ca_ES","og_type":"article","og_title":"Sortida del GEEA: Garmo Negro (3051m) + Escalada (Anul\u00b7lada) - Centre Excursionista Taradell","og_description":"ANUL\u00b7LADA PER PREVISI\u00d3 DE MAL TEMPS Data: Del 9 al 11 d\u2019Octubre Durada: Cap de setmana Preu sortida: Gratu\u00eft per federats FEEC (modalitat C o equivalent); Socis del CET no federats: 10 euros per la llic\u00e8ncia temporal. Preu allotjament: segons tarifa refugi Allotjament: Refugi Casa de Piedra o Furgoneta al [...]","og_url":"https:\/\/cetaradell.cat\/ce\/sortida-del-geea-garmo-negro-3051m-escalada\/","og_site_name":"Centre Excursionista Taradell","article_publisher":"https:\/\/www.facebook.com\/CETaradell\/","article_published_time":"2020-09-23T20:44:49+00:00","article_modified_time":"2020-10-05T19:32:59+00:00","og_image":[{"width":1131,"height":1600,"url":"https:\/\/cetaradell.cat\/ce\/wp-content\/uploads\/2020-09-GEEA-Garmo_Negro-Escalada.jpeg","type":"image\/jpeg"}],"author":"Llu\u00eds Saborit","twitter_card":"summary_large_image","twitter_misc":{"Escrit per":"Llu\u00eds Saborit","Temps estimat de lectura":"2 minuts"},"schema":{"@context":"https:\/\/schema.org","@graph":[{"@type":"Article","@id":"https:\/\/cetaradell.cat\/ce\/sortida-del-geea-garmo-negro-3051m-escalada\/#article","isPartOf":{"@id":"https:\/\/cetaradell.cat\/ce\/sortida-del-geea-garmo-negro-3051m-escalada\/"},"author":{"name":"Llu\u00eds Saborit","@id":"https:\/\/cetaradell.cat\/ce\/#\/schema\/person\/3d52bde1320c04297d2b30aec733921a"},"headline":"Sortida del GEEA: Garmo Negro (3051m) + Escalada (Anul\u00b7lada)","datePublished":"2020-09-23T20:44:49+00:00","dateModified":"2020-10-05T19:32:59+00:00","mainEntityOfPage":{"@id":"https:\/\/cetaradell.cat\/ce\/sortida-del-geea-garmo-negro-3051m-escalada\/"},"wordCount":407,"image":{"@id":"https:\/\/cetaradell.cat\/ce\/sortida-del-geea-garmo-negro-3051m-escalada\/#primaryimage"},"thumbnailUrl":"https:\/\/cetaradell.cat\/ce\/wp-content\/uploads\/2020-09-GEEA-Garmo_Negro-Escalada.jpeg","articleSection":["Activitats","GEEA"],"inLanguage":"ca"},{"@type":"WebPage","@id":"https:\/\/cetaradell.cat\/ce\/sortida-del-geea-garmo-negro-3051m-escalada\/","url":"https:\/\/cetaradell.cat\/ce\/sortida-del-geea-garmo-negro-3051m-escalada\/","name":"Sortida del GEEA: Garmo Negro (3051m) + Escalada (Anul\u00b7lada) - Centre Excursionista Taradell","isPartOf":{"@id":"https:\/\/cetaradell.cat\/ce\/#website"},"primaryImageOfPage":{"@id":"https:\/\/cetaradell.cat\/ce\/sortida-del-geea-garmo-negro-3051m-escalada\/#primaryimage"},"image":{"@id":"https:\/\/cetaradell.cat\/ce\/sortida-del-geea-garmo-negro-3051m-escalada\/#primaryimage"},"thumbnailUrl":"https:\/\/cetaradell.cat\/ce\/wp-content\/uploads\/2020-09-GEEA-Garmo_Negro-Escalada.jpeg","datePublished":"2020-09-23T20:44:49+00:00","dateModified":"2020-10-05T19:32:59+00:00","author":{"@id":"https:\/\/cetaradell.cat\/ce\/#\/schema\/person\/3d52bde1320c04297d2b30aec733921a"},"breadcrumb":{"@id":"https:\/\/cetaradell.cat\/ce\/sortida-del-geea-garmo-negro-3051m-escalada\/#breadcrumb"},"inLanguage":"ca","potentialAction":[{"@type":"ReadAction","target":["https:\/\/cetaradell.cat\/ce\/sortida-del-geea-garmo-negro-3051m-escalada\/"]}]},{"@type":"ImageObject","inLanguage":"ca","@id":"https:\/\/cetaradell.cat\/ce\/sortida-del-geea-garmo-negro-3051m-escalada\/#primaryimage","url":"https:\/\/cetaradell.cat\/ce\/wp-content\/uploads\/2020-09-GEEA-Garmo_Negro-Escalada.jpeg","contentUrl":"https:\/\/cetaradell.cat\/ce\/wp-content\/uploads\/2020-09-GEEA-Garmo_Negro-Escalada.jpeg","width":1131,"height":1600},{"@type":"BreadcrumbList","@id":"https:\/\/cetaradell.cat\/ce\/sortida-del-geea-garmo-negro-3051m-escalada\/#breadcrumb","itemListElement":[{"@type":"ListItem","position":1,"name":"Inici","item":"https:\/\/cetaradell.cat\/ce\/"},{"@type":"ListItem","position":2,"name":"Sortida del GEEA: Garmo Negro (3051m) + Escalada (Anul\u00b7lada)"}]},{"@type":"WebSite","@id":"https:\/\/cetaradell.cat\/ce\/#website","url":"https:\/\/cetaradell.cat\/ce\/","name":"Centre Excursionista Taradell","description":"","potentialAction":[{"@type":"SearchAction","target":{"@type":"EntryPoint","urlTemplate":"https:\/\/cetaradell.cat\/ce\/?s={search_term_string}"},"query-input":{"@type":"PropertyValueSpecification","valueRequired":true,"valueName":"search_term_string"}}],"inLanguage":"ca"},{"@type":"Person","@id":"https:\/\/cetaradell.cat\/ce\/#\/schema\/person\/3d52bde1320c04297d2b30aec733921a","name":"Llu\u00eds Saborit","image":{"@type":"ImageObject","inLanguage":"ca","@id":"https:\/\/secure.gravatar.com\/avatar\/fc67cb563b92d48b79a11ba5f29f4da1be7939ad0dc8cc5b471a3702b8888208?s=96&d=mm&r=g","url":"https:\/\/secure.gravatar.com\/avatar\/fc67cb563b92d48b79a11ba5f29f4da1be7939ad0dc8cc5b471a3702b8888208?s=96&d=mm&r=g","contentUrl":"https:\/\/secure.gravatar.com\/avatar\/fc67cb563b92d48b79a11ba5f29f4da1be7939ad0dc8cc5b471a3702b8888208?s=96&d=mm&r=g","caption":"Llu\u00eds Saborit"},"url":"https:\/\/cetaradell.cat\/ce\/author\/lluis\/"}]}},"_links":{"self":[{"href":"https:\/\/cetaradell.cat\/ce\/wp-json\/wp\/v2\/posts\/8293","targetHints":{"allow":["GET"]}}],"collection":[{"href":"https:\/\/cetaradell.cat\/ce\/wp-json\/wp\/v2\/posts"}],"about":[{"href":"https:\/\/cetaradell.cat\/ce\/wp-json\/wp\/v2\/types\/post"}],"author":[{"embeddable":true,"href":"https:\/\/cetaradell.cat\/ce\/wp-json\/wp\/v2\/users\/7"}],"replies":[{"embeddable":true,"href":"https:\/\/cetaradell.cat\/ce\/wp-json\/wp\/v2\/comments?post=8293"}],"version-history":[{"count":0,"href":"https:\/\/cetaradell.cat\/ce\/wp-json\/wp\/v2\/posts\/8293\/revisions"}],"wp:featuredmedia":[{"embeddable":true,"href":"https:\/\/cetaradell.cat\/ce\/wp-json\/wp\/v2\/media\/8294"}],"wp:attachment":[{"href":"https:\/\/cetaradell.cat\/ce\/wp-json\/wp\/v2\/media?parent=8293"}],"wp:term":[{"taxonomy":"category","embeddable":true,"href":"https:\/\/cetaradell.cat\/ce\/wp-json\/wp\/v2\/categories?post=8293"},{"taxonomy":"post_tag","embeddable":true,"href":"https:\/\/cetaradell.cat\/ce\/wp-json\/wp\/v2\/tags?post=8293"}],"curies":[{"name":"wp","href":"https:\/\/api.w.org\/{rel}","templated":true}]}}