{"id":8309,"date":"2020-10-08T21:00:50","date_gmt":"2020-10-08T20:00:50","guid":{"rendered":"https:\/\/cetaradell.cat\/ce\/?p=8309"},"modified":"2020-10-16T16:41:57","modified_gmt":"2020-10-16T15:41:57","slug":"anullacio-rupit-taradell","status":"publish","type":"post","link":"https:\/\/cetaradell.cat\/ce\/anullacio-rupit-taradell\/","title":{"rendered":"Anul\u00b7lada la Caminada Rupit &#8211; Taradell 2020"},"content":{"rendered":"<p><img decoding=\"async\" class=\"alignleft size-medium wp-image-7526\" src=\"https:\/\/cetaradell.cat\/ce\/wp-content\/uploads\/Rupit-Taradell-300x225.jpg\" alt=\"\" width=\"300\" height=\"225\" srcset=\"https:\/\/cetaradell.cat\/ce\/wp-content\/uploads\/Rupit-Taradell-200x150.jpg 200w, https:\/\/cetaradell.cat\/ce\/wp-content\/uploads\/Rupit-Taradell-300x225.jpg 300w, https:\/\/cetaradell.cat\/ce\/wp-content\/uploads\/Rupit-Taradell-400x300.jpg 400w, https:\/\/cetaradell.cat\/ce\/wp-content\/uploads\/Rupit-Taradell-500x375.jpg 500w, https:\/\/cetaradell.cat\/ce\/wp-content\/uploads\/Rupit-Taradell-600x450.jpg 600w, https:\/\/cetaradell.cat\/ce\/wp-content\/uploads\/Rupit-Taradell-700x525.jpg 700w, https:\/\/cetaradell.cat\/ce\/wp-content\/uploads\/Rupit-Taradell-768x576.jpg 768w, https:\/\/cetaradell.cat\/ce\/wp-content\/uploads\/Rupit-Taradell-800x600.jpg 800w, https:\/\/cetaradell.cat\/ce\/wp-content\/uploads\/Rupit-Taradell.jpg 960w\" sizes=\"(max-width: 300px) 100vw, 300px\" \/>Benvolguts socis, s\u00f2cies, \u00a0amics i amigues de la Rupit-Taradell,<\/p>\n<p>Ateses les circumst\u00e0ncies sanit\u00e0ries del moment que estem vivint i amb la responsabilitat que suposa organitzar qualsevol tipus d\u00b4acte o prova, la Junta del Centre Excursionista de Taradell, ha decidit anul\u00b7lar l\u2019edici\u00f3 d\u2019enguany de la <strong>Caminada Rupit Taradell<\/strong>.<\/p>\n<p>No ha estat una decisi\u00f3 f\u00e0cil per la junta del CET, per\u00f2 per responsabilitat i coher\u00e8ncia pensem que \u00e9s el millor.<\/p>\n<p>Esperem retrobar-nos de nou l\u00b4any vinent i desitgem que la COVID-19 hagi desaparegut de les nostres vides, i que puguem tornar a gaudir de la Rupit-Taradell, i de moltes altres sortides amb normalitat.<\/p>\n<p>Des del Centre Excursionista de Taradell, us desitgem salut i \u00e0nims.<\/p>\n<p>Moltes gr\u00e0cies i fins aviat.<\/p>\n","protected":false},"excerpt":{"rendered":"<p>Benvolguts socis, s\u00f2cies, \u00a0amics i amigues de la Rupit-Taradell, Ateses les circumst\u00e0ncies sanit\u00e0ries del moment que estem vivint i amb la responsabilitat que suposa organitzar qualsevol tipus d\u00b4acte o prova, la Junta del Centre Excursionista de Taradell, ha decidit anul\u00b7lar l\u2019edici\u00f3 d\u2019enguany de la Caminada Rupit Taradell. No ha estat  [&#8230;]<\/p>\n","protected":false},"author":1,"featured_media":7526,"comment_status":"closed","ping_status":"closed","sticky":false,"template":"","format":"standard","meta":{"footnotes":""},"categories":[4,3,35],"tags":[],"class_list":["post-8309","post","type-post","status-publish","format-standard","has-post-thumbnail","hentry","category-activitats","category-noticies","category-rupit-taradell"],"yoast_head":"<!-- This site is optimized with the Yoast SEO plugin v27.4 - https:\/\/yoast.com\/product\/yoast-seo-wordpress\/ -->\n<title>Anul\u00b7lada la Caminada Rupit - Taradell 2020 - Centre Excursionista Taradell<\/title>\n<meta name=\"robots\" content=\"index, follow, max-snippet:-1, max-image-preview:large, max-video-preview:-1\" \/>\n<link rel=\"canonical\" href=\"https:\/\/cetaradell.cat\/ce\/anullacio-rupit-taradell\/\" \/>\n<meta property=\"og:locale\" content=\"ca_ES\" \/>\n<meta property=\"og:type\" content=\"article\" \/>\n<meta property=\"og:title\" content=\"Anul\u00b7lada la Caminada Rupit - Taradell 2020 - Centre Excursionista Taradell\" \/>\n<meta property=\"og:description\" content=\"Benvolguts socis, s\u00f2cies, \u00a0amics i amigues de la Rupit-Taradell, Ateses les circumst\u00e0ncies sanit\u00e0ries del moment que estem vivint i amb la responsabilitat que suposa organitzar qualsevol tipus d\u00b4acte o prova, la Junta del Centre Excursionista de Taradell, ha decidit anul\u00b7lar l\u2019edici\u00f3 d\u2019enguany de la Caminada Rupit Taradell. No ha estat [...]\" \/>\n<meta property=\"og:url\" content=\"https:\/\/cetaradell.cat\/ce\/anullacio-rupit-taradell\/\" \/>\n<meta property=\"og:site_name\" content=\"Centre Excursionista Taradell\" \/>\n<meta property=\"article:publisher\" content=\"https:\/\/www.facebook.com\/CETaradell\/\" \/>\n<meta property=\"article:published_time\" content=\"2020-10-08T20:00:50+00:00\" \/>\n<meta property=\"article:modified_time\" content=\"2020-10-16T15:41:57+00:00\" \/>\n<meta property=\"og:image\" content=\"https:\/\/cetaradell.cat\/ce\/wp-content\/uploads\/Rupit-Taradell.jpg\" \/>\n\t<meta property=\"og:image:width\" content=\"960\" \/>\n\t<meta property=\"og:image:height\" content=\"720\" \/>\n\t<meta property=\"og:image:type\" content=\"image\/jpeg\" \/>\n<meta name=\"author\" content=\"CET\" \/>\n<meta name=\"twitter:card\" content=\"summary_large_image\" \/>\n<meta name=\"twitter:label1\" content=\"Escrit per\" \/>\n\t<meta name=\"twitter:data1\" content=\"CET\" \/>\n\t<meta name=\"twitter:label2\" content=\"Temps estimat de lectura\" \/>\n\t<meta name=\"twitter:data2\" content=\"1 minut\" \/>\n<script type=\"application\/ld+json\" class=\"yoast-schema-graph\">{\"@context\":\"https:\\\/\\\/schema.org\",\"@graph\":[{\"@type\":\"Article\",\"@id\":\"https:\\\/\\\/cetaradell.cat\\\/ce\\\/anullacio-rupit-taradell\\\/#article\",\"isPartOf\":{\"@id\":\"https:\\\/\\\/cetaradell.cat\\\/ce\\\/anullacio-rupit-taradell\\\/\"},\"author\":{\"name\":\"CET\",\"@id\":\"https:\\\/\\\/cetaradell.cat\\\/ce\\\/#\\\/schema\\\/person\\\/92a59f585073071c7be6649e84b22f78\"},\"headline\":\"Anul\u00b7lada la Caminada Rupit &#8211; Taradell 2020\",\"datePublished\":\"2020-10-08T20:00:50+00:00\",\"dateModified\":\"2020-10-16T15:41:57+00:00\",\"mainEntityOfPage\":{\"@id\":\"https:\\\/\\\/cetaradell.cat\\\/ce\\\/anullacio-rupit-taradell\\\/\"},\"wordCount\":135,\"image\":{\"@id\":\"https:\\\/\\\/cetaradell.cat\\\/ce\\\/anullacio-rupit-taradell\\\/#primaryimage\"},\"thumbnailUrl\":\"https:\\\/\\\/cetaradell.cat\\\/ce\\\/wp-content\\\/uploads\\\/Rupit-Taradell.jpg\",\"articleSection\":[\"Activitats\",\"Not\u00edcies\",\"Rupit - Taradell\"],\"inLanguage\":\"ca\"},{\"@type\":\"WebPage\",\"@id\":\"https:\\\/\\\/cetaradell.cat\\\/ce\\\/anullacio-rupit-taradell\\\/\",\"url\":\"https:\\\/\\\/cetaradell.cat\\\/ce\\\/anullacio-rupit-taradell\\\/\",\"name\":\"Anul\u00b7lada la Caminada Rupit - Taradell 2020 - Centre Excursionista Taradell\",\"isPartOf\":{\"@id\":\"https:\\\/\\\/cetaradell.cat\\\/ce\\\/#website\"},\"primaryImageOfPage\":{\"@id\":\"https:\\\/\\\/cetaradell.cat\\\/ce\\\/anullacio-rupit-taradell\\\/#primaryimage\"},\"image\":{\"@id\":\"https:\\\/\\\/cetaradell.cat\\\/ce\\\/anullacio-rupit-taradell\\\/#primaryimage\"},\"thumbnailUrl\":\"https:\\\/\\\/cetaradell.cat\\\/ce\\\/wp-content\\\/uploads\\\/Rupit-Taradell.jpg\",\"datePublished\":\"2020-10-08T20:00:50+00:00\",\"dateModified\":\"2020-10-16T15:41:57+00:00\",\"author\":{\"@id\":\"https:\\\/\\\/cetaradell.cat\\\/ce\\\/#\\\/schema\\\/person\\\/92a59f585073071c7be6649e84b22f78\"},\"breadcrumb\":{\"@id\":\"https:\\\/\\\/cetaradell.cat\\\/ce\\\/anullacio-rupit-taradell\\\/#breadcrumb\"},\"inLanguage\":\"ca\",\"potentialAction\":[{\"@type\":\"ReadAction\",\"target\":[\"https:\\\/\\\/cetaradell.cat\\\/ce\\\/anullacio-rupit-taradell\\\/\"]}]},{\"@type\":\"ImageObject\",\"inLanguage\":\"ca\",\"@id\":\"https:\\\/\\\/cetaradell.cat\\\/ce\\\/anullacio-rupit-taradell\\\/#primaryimage\",\"url\":\"https:\\\/\\\/cetaradell.cat\\\/ce\\\/wp-content\\\/uploads\\\/Rupit-Taradell.jpg\",\"contentUrl\":\"https:\\\/\\\/cetaradell.cat\\\/ce\\\/wp-content\\\/uploads\\\/Rupit-Taradell.jpg\",\"width\":960,\"height\":720},{\"@type\":\"BreadcrumbList\",\"@id\":\"https:\\\/\\\/cetaradell.cat\\\/ce\\\/anullacio-rupit-taradell\\\/#breadcrumb\",\"itemListElement\":[{\"@type\":\"ListItem\",\"position\":1,\"name\":\"Inici\",\"item\":\"https:\\\/\\\/cetaradell.cat\\\/ce\\\/\"},{\"@type\":\"ListItem\",\"position\":2,\"name\":\"Anul\u00b7lada la Caminada Rupit &#8211; Taradell 2020\"}]},{\"@type\":\"WebSite\",\"@id\":\"https:\\\/\\\/cetaradell.cat\\\/ce\\\/#website\",\"url\":\"https:\\\/\\\/cetaradell.cat\\\/ce\\\/\",\"name\":\"Centre Excursionista Taradell\",\"description\":\"\",\"potentialAction\":[{\"@type\":\"SearchAction\",\"target\":{\"@type\":\"EntryPoint\",\"urlTemplate\":\"https:\\\/\\\/cetaradell.cat\\\/ce\\\/?s={search_term_string}\"},\"query-input\":{\"@type\":\"PropertyValueSpecification\",\"valueRequired\":true,\"valueName\":\"search_term_string\"}}],\"inLanguage\":\"ca\"},{\"@type\":\"Person\",\"@id\":\"https:\\\/\\\/cetaradell.cat\\\/ce\\\/#\\\/schema\\\/person\\\/92a59f585073071c7be6649e84b22f78\",\"name\":\"CET\",\"image\":{\"@type\":\"ImageObject\",\"inLanguage\":\"ca\",\"@id\":\"https:\\\/\\\/secure.gravatar.com\\\/avatar\\\/d6fbe010d42056feccc0f613ed07277a5118442805079269f12dabdc42e1a727?s=96&d=mm&r=g\",\"url\":\"https:\\\/\\\/secure.gravatar.com\\\/avatar\\\/d6fbe010d42056feccc0f613ed07277a5118442805079269f12dabdc42e1a727?s=96&d=mm&r=g\",\"contentUrl\":\"https:\\\/\\\/secure.gravatar.com\\\/avatar\\\/d6fbe010d42056feccc0f613ed07277a5118442805079269f12dabdc42e1a727?s=96&d=mm&r=g\",\"caption\":\"CET\"},\"url\":\"https:\\\/\\\/cetaradell.cat\\\/ce\\\/author\\\/root\\\/\"}]}<\/script>\n<!-- \/ Yoast SEO plugin. -->","yoast_head_json":{"title":"Anul\u00b7lada la Caminada Rupit - Taradell 2020 - Centre Excursionista Taradell","robots":{"index":"index","follow":"follow","max-snippet":"max-snippet:-1","max-image-preview":"max-image-preview:large","max-video-preview":"max-video-preview:-1"},"canonical":"https:\/\/cetaradell.cat\/ce\/anullacio-rupit-taradell\/","og_locale":"ca_ES","og_type":"article","og_title":"Anul\u00b7lada la Caminada Rupit - Taradell 2020 - Centre Excursionista Taradell","og_description":"Benvolguts socis, s\u00f2cies, \u00a0amics i amigues de la Rupit-Taradell, Ateses les circumst\u00e0ncies sanit\u00e0ries del moment que estem vivint i amb la responsabilitat que suposa organitzar qualsevol tipus d\u00b4acte o prova, la Junta del Centre Excursionista de Taradell, ha decidit anul\u00b7lar l\u2019edici\u00f3 d\u2019enguany de la Caminada Rupit Taradell. No ha estat [...]","og_url":"https:\/\/cetaradell.cat\/ce\/anullacio-rupit-taradell\/","og_site_name":"Centre Excursionista Taradell","article_publisher":"https:\/\/www.facebook.com\/CETaradell\/","article_published_time":"2020-10-08T20:00:50+00:00","article_modified_time":"2020-10-16T15:41:57+00:00","og_image":[{"width":960,"height":720,"url":"https:\/\/cetaradell.cat\/ce\/wp-content\/uploads\/Rupit-Taradell.jpg","type":"image\/jpeg"}],"author":"CET","twitter_card":"summary_large_image","twitter_misc":{"Escrit per":"CET","Temps estimat de lectura":"1 minut"},"schema":{"@context":"https:\/\/schema.org","@graph":[{"@type":"Article","@id":"https:\/\/cetaradell.cat\/ce\/anullacio-rupit-taradell\/#article","isPartOf":{"@id":"https:\/\/cetaradell.cat\/ce\/anullacio-rupit-taradell\/"},"author":{"name":"CET","@id":"https:\/\/cetaradell.cat\/ce\/#\/schema\/person\/92a59f585073071c7be6649e84b22f78"},"headline":"Anul\u00b7lada la Caminada Rupit &#8211; Taradell 2020","datePublished":"2020-10-08T20:00:50+00:00","dateModified":"2020-10-16T15:41:57+00:00","mainEntityOfPage":{"@id":"https:\/\/cetaradell.cat\/ce\/anullacio-rupit-taradell\/"},"wordCount":135,"image":{"@id":"https:\/\/cetaradell.cat\/ce\/anullacio-rupit-taradell\/#primaryimage"},"thumbnailUrl":"https:\/\/cetaradell.cat\/ce\/wp-content\/uploads\/Rupit-Taradell.jpg","articleSection":["Activitats","Not\u00edcies","Rupit - Taradell"],"inLanguage":"ca"},{"@type":"WebPage","@id":"https:\/\/cetaradell.cat\/ce\/anullacio-rupit-taradell\/","url":"https:\/\/cetaradell.cat\/ce\/anullacio-rupit-taradell\/","name":"Anul\u00b7lada la Caminada Rupit - Taradell 2020 - Centre Excursionista Taradell","isPartOf":{"@id":"https:\/\/cetaradell.cat\/ce\/#website"},"primaryImageOfPage":{"@id":"https:\/\/cetaradell.cat\/ce\/anullacio-rupit-taradell\/#primaryimage"},"image":{"@id":"https:\/\/cetaradell.cat\/ce\/anullacio-rupit-taradell\/#primaryimage"},"thumbnailUrl":"https:\/\/cetaradell.cat\/ce\/wp-content\/uploads\/Rupit-Taradell.jpg","datePublished":"2020-10-08T20:00:50+00:00","dateModified":"2020-10-16T15:41:57+00:00","author":{"@id":"https:\/\/cetaradell.cat\/ce\/#\/schema\/person\/92a59f585073071c7be6649e84b22f78"},"breadcrumb":{"@id":"https:\/\/cetaradell.cat\/ce\/anullacio-rupit-taradell\/#breadcrumb"},"inLanguage":"ca","potentialAction":[{"@type":"ReadAction","target":["https:\/\/cetaradell.cat\/ce\/anullacio-rupit-taradell\/"]}]},{"@type":"ImageObject","inLanguage":"ca","@id":"https:\/\/cetaradell.cat\/ce\/anullacio-rupit-taradell\/#primaryimage","url":"https:\/\/cetaradell.cat\/ce\/wp-content\/uploads\/Rupit-Taradell.jpg","contentUrl":"https:\/\/cetaradell.cat\/ce\/wp-content\/uploads\/Rupit-Taradell.jpg","width":960,"height":720},{"@type":"BreadcrumbList","@id":"https:\/\/cetaradell.cat\/ce\/anullacio-rupit-taradell\/#breadcrumb","itemListElement":[{"@type":"ListItem","position":1,"name":"Inici","item":"https:\/\/cetaradell.cat\/ce\/"},{"@type":"ListItem","position":2,"name":"Anul\u00b7lada la Caminada Rupit &#8211; Taradell 2020"}]},{"@type":"WebSite","@id":"https:\/\/cetaradell.cat\/ce\/#website","url":"https:\/\/cetaradell.cat\/ce\/","name":"Centre Excursionista Taradell","description":"","potentialAction":[{"@type":"SearchAction","target":{"@type":"EntryPoint","urlTemplate":"https:\/\/cetaradell.cat\/ce\/?s={search_term_string}"},"query-input":{"@type":"PropertyValueSpecification","valueRequired":true,"valueName":"search_term_string"}}],"inLanguage":"ca"},{"@type":"Person","@id":"https:\/\/cetaradell.cat\/ce\/#\/schema\/person\/92a59f585073071c7be6649e84b22f78","name":"CET","image":{"@type":"ImageObject","inLanguage":"ca","@id":"https:\/\/secure.gravatar.com\/avatar\/d6fbe010d42056feccc0f613ed07277a5118442805079269f12dabdc42e1a727?s=96&d=mm&r=g","url":"https:\/\/secure.gravatar.com\/avatar\/d6fbe010d42056feccc0f613ed07277a5118442805079269f12dabdc42e1a727?s=96&d=mm&r=g","contentUrl":"https:\/\/secure.gravatar.com\/avatar\/d6fbe010d42056feccc0f613ed07277a5118442805079269f12dabdc42e1a727?s=96&d=mm&r=g","caption":"CET"},"url":"https:\/\/cetaradell.cat\/ce\/author\/root\/"}]}},"_links":{"self":[{"href":"https:\/\/cetaradell.cat\/ce\/wp-json\/wp\/v2\/posts\/8309","targetHints":{"allow":["GET"]}}],"collection":[{"href":"https:\/\/cetaradell.cat\/ce\/wp-json\/wp\/v2\/posts"}],"about":[{"href":"https:\/\/cetaradell.cat\/ce\/wp-json\/wp\/v2\/types\/post"}],"author":[{"embeddable":true,"href":"https:\/\/cetaradell.cat\/ce\/wp-json\/wp\/v2\/users\/1"}],"replies":[{"embeddable":true,"href":"https:\/\/cetaradell.cat\/ce\/wp-json\/wp\/v2\/comments?post=8309"}],"version-history":[{"count":0,"href":"https:\/\/cetaradell.cat\/ce\/wp-json\/wp\/v2\/posts\/8309\/revisions"}],"wp:featuredmedia":[{"embeddable":true,"href":"https:\/\/cetaradell.cat\/ce\/wp-json\/wp\/v2\/media\/7526"}],"wp:attachment":[{"href":"https:\/\/cetaradell.cat\/ce\/wp-json\/wp\/v2\/media?parent=8309"}],"wp:term":[{"taxonomy":"category","embeddable":true,"href":"https:\/\/cetaradell.cat\/ce\/wp-json\/wp\/v2\/categories?post=8309"},{"taxonomy":"post_tag","embeddable":true,"href":"https:\/\/cetaradell.cat\/ce\/wp-json\/wp\/v2\/tags?post=8309"}],"curies":[{"name":"wp","href":"https:\/\/api.w.org\/{rel}","templated":true}]}}