{"id":8351,"date":"2020-12-03T22:02:54","date_gmt":"2020-12-03T21:02:54","guid":{"rendered":"https:\/\/cetaradell.cat\/ce\/?p=8351"},"modified":"2020-12-09T19:41:01","modified_gmt":"2020-12-09T18:41:01","slug":"sortida-a-portar-el-pessebre-al-pirineu","status":"publish","type":"post","link":"https:\/\/cetaradell.cat\/ce\/sortida-a-portar-el-pessebre-al-pirineu\/","title":{"rendered":"Sortida a portar el pessebre al Pirineu"},"content":{"rendered":"<p><strong>Puig de les Agudes, de 1.974 m &#8211; Desnivell 748 m &#8211; 8,76 km aprox.<\/strong><\/p>\n<p><strong><a href=\"https:\/\/cetaradell.cat\/ce\/wp-content\/uploads\/2017-12-23-Puigllan\u00e7ada-1b.jpg\"><img decoding=\"async\" class=\"size-medium wp-image-6159 alignleft\" src=\"https:\/\/cetaradell.cat\/ce\/wp-content\/uploads\/2017-12-23-Puigllan\u00e7ada-1b-300x225.jpg\" alt=\"\" width=\"300\" height=\"225\" srcset=\"https:\/\/cetaradell.cat\/ce\/wp-content\/uploads\/2017-12-23-Puigllan\u00e7ada-1b-300x225.jpg 300w, https:\/\/cetaradell.cat\/ce\/wp-content\/uploads\/2017-12-23-Puigllan\u00e7ada-1b-500x376.jpg 500w, https:\/\/cetaradell.cat\/ce\/wp-content\/uploads\/2017-12-23-Puigllan\u00e7ada-1b-700x526.jpg 700w, https:\/\/cetaradell.cat\/ce\/wp-content\/uploads\/2017-12-23-Puigllan\u00e7ada-1b.jpg 748w\" sizes=\"(max-width: 300px) 100vw, 300px\" \/><\/a>Dia:<\/strong>\u00a0 dimarts, 8 de desembre de 2020<br \/>\n<strong>Hora de sortida:<\/strong> a les 7 del mat\u00ed<br \/>\n<strong>Lloc de sortida:<\/strong> Espai 1 d&#8217;Octubre (&#8220;La Carpa&#8221;)<br \/>\n<strong>Inscripcions:<\/strong> fins el divendres 4 de desembre, Places limitades<br \/>\n<strong>Despla\u00e7ament:<\/strong> cotxes particulars. Quatre persones per cotxe, si pot ser que siguin de la mateixa bombolla de conviv\u00e8ncia.<\/p>\n<p><strong>Preu:<\/strong> despreses del quilometratge a repartir entre els ocupants sense comptar el conductor.<br \/>\n<strong>Nota: <\/strong>En tot moment es respectaran totes les mesures de seguretat COVID 19, vigents el dia de la sortida.<br \/>\nCal portar, esmorzar, aigua i anar ben cal\u00e7at. Depenent del temps, tamb\u00e9 caldr\u00e0 portar raquetes.<br \/>\nSortida supeditada a les condicions meteorol\u00f2giques.<br \/>\nEs proposa anar a dinar de restaurant, els que vulguin.<br \/>\nCal tenir la LLICENCIA FEDERATIVA C corresponent al 2020.<\/p>\n","protected":false},"excerpt":{"rendered":"<p>Puig de les Agudes, de 1.974 m &#8211; Desnivell 748 m &#8211; 8,76 km aprox. Dia:\u00a0 dimarts, 8 de desembre de 2020 Hora de sortida: a les 7 del mat\u00ed Lloc de sortida: Espai 1 d&#8217;Octubre (&#8220;La Carpa&#8221;) Inscripcions: fins el divendres 4 de desembre, Places limitades Despla\u00e7ament: cotxes particulars.  [&#8230;]<\/p>\n","protected":false},"author":7,"featured_media":6159,"comment_status":"closed","ping_status":"closed","sticky":false,"template":"","format":"standard","meta":{"footnotes":""},"categories":[4,7],"tags":[],"class_list":["post-8351","post","type-post","status-publish","format-standard","has-post-thumbnail","hentry","category-activitats","category-muntanya"],"yoast_head":"<!-- This site is optimized with the Yoast SEO plugin v27.4 - https:\/\/yoast.com\/product\/yoast-seo-wordpress\/ -->\n<title>Sortida a portar el pessebre al Pirineu - Centre Excursionista Taradell<\/title>\n<meta name=\"robots\" content=\"index, follow, max-snippet:-1, max-image-preview:large, max-video-preview:-1\" \/>\n<link rel=\"canonical\" href=\"https:\/\/cetaradell.cat\/ce\/sortida-a-portar-el-pessebre-al-pirineu\/\" \/>\n<meta property=\"og:locale\" content=\"ca_ES\" \/>\n<meta property=\"og:type\" content=\"article\" \/>\n<meta property=\"og:title\" content=\"Sortida a portar el pessebre al Pirineu - Centre Excursionista Taradell\" \/>\n<meta property=\"og:description\" content=\"Puig de les Agudes, de 1.974 m &#8211; Desnivell 748 m &#8211; 8,76 km aprox. Dia:\u00a0 dimarts, 8 de desembre de 2020 Hora de sortida: a les 7 del mat\u00ed Lloc de sortida: Espai 1 d&#8217;Octubre (&#8220;La Carpa&#8221;) Inscripcions: fins el divendres 4 de desembre, Places limitades Despla\u00e7ament: cotxes particulars. [...]\" \/>\n<meta property=\"og:url\" content=\"https:\/\/cetaradell.cat\/ce\/sortida-a-portar-el-pessebre-al-pirineu\/\" \/>\n<meta property=\"og:site_name\" content=\"Centre Excursionista Taradell\" \/>\n<meta property=\"article:publisher\" content=\"https:\/\/www.facebook.com\/CETaradell\/\" \/>\n<meta property=\"article:published_time\" content=\"2020-12-03T21:02:54+00:00\" \/>\n<meta property=\"article:modified_time\" content=\"2020-12-09T18:41:01+00:00\" \/>\n<meta property=\"og:image\" content=\"https:\/\/cetaradell.cat\/ce\/wp-content\/uploads\/2017-12-23-Puigllan\u00e7ada-1b.jpg\" \/>\n\t<meta property=\"og:image:width\" content=\"748\" \/>\n\t<meta property=\"og:image:height\" content=\"562\" \/>\n\t<meta property=\"og:image:type\" content=\"image\/jpeg\" \/>\n<meta name=\"author\" content=\"Llu\u00eds Saborit\" \/>\n<meta name=\"twitter:card\" content=\"summary_large_image\" \/>\n<meta name=\"twitter:label1\" content=\"Escrit per\" \/>\n\t<meta name=\"twitter:data1\" content=\"Llu\u00eds Saborit\" \/>\n\t<meta name=\"twitter:label2\" content=\"Temps estimat de lectura\" \/>\n\t<meta name=\"twitter:data2\" content=\"1 minut\" \/>\n<script type=\"application\/ld+json\" class=\"yoast-schema-graph\">{\"@context\":\"https:\\\/\\\/schema.org\",\"@graph\":[{\"@type\":\"Article\",\"@id\":\"https:\\\/\\\/cetaradell.cat\\\/ce\\\/sortida-a-portar-el-pessebre-al-pirineu\\\/#article\",\"isPartOf\":{\"@id\":\"https:\\\/\\\/cetaradell.cat\\\/ce\\\/sortida-a-portar-el-pessebre-al-pirineu\\\/\"},\"author\":{\"name\":\"Llu\u00eds Saborit\",\"@id\":\"https:\\\/\\\/cetaradell.cat\\\/ce\\\/#\\\/schema\\\/person\\\/3d52bde1320c04297d2b30aec733921a\"},\"headline\":\"Sortida a portar el pessebre al Pirineu\",\"datePublished\":\"2020-12-03T21:02:54+00:00\",\"dateModified\":\"2020-12-09T18:41:01+00:00\",\"mainEntityOfPage\":{\"@id\":\"https:\\\/\\\/cetaradell.cat\\\/ce\\\/sortida-a-portar-el-pessebre-al-pirineu\\\/\"},\"wordCount\":139,\"image\":{\"@id\":\"https:\\\/\\\/cetaradell.cat\\\/ce\\\/sortida-a-portar-el-pessebre-al-pirineu\\\/#primaryimage\"},\"thumbnailUrl\":\"https:\\\/\\\/cetaradell.cat\\\/ce\\\/wp-content\\\/uploads\\\/2017-12-23-Puigllan\u00e7ada-1b.jpg\",\"articleSection\":[\"Activitats\",\"Muntanya\"],\"inLanguage\":\"ca\"},{\"@type\":\"WebPage\",\"@id\":\"https:\\\/\\\/cetaradell.cat\\\/ce\\\/sortida-a-portar-el-pessebre-al-pirineu\\\/\",\"url\":\"https:\\\/\\\/cetaradell.cat\\\/ce\\\/sortida-a-portar-el-pessebre-al-pirineu\\\/\",\"name\":\"Sortida a portar el pessebre al Pirineu - Centre Excursionista Taradell\",\"isPartOf\":{\"@id\":\"https:\\\/\\\/cetaradell.cat\\\/ce\\\/#website\"},\"primaryImageOfPage\":{\"@id\":\"https:\\\/\\\/cetaradell.cat\\\/ce\\\/sortida-a-portar-el-pessebre-al-pirineu\\\/#primaryimage\"},\"image\":{\"@id\":\"https:\\\/\\\/cetaradell.cat\\\/ce\\\/sortida-a-portar-el-pessebre-al-pirineu\\\/#primaryimage\"},\"thumbnailUrl\":\"https:\\\/\\\/cetaradell.cat\\\/ce\\\/wp-content\\\/uploads\\\/2017-12-23-Puigllan\u00e7ada-1b.jpg\",\"datePublished\":\"2020-12-03T21:02:54+00:00\",\"dateModified\":\"2020-12-09T18:41:01+00:00\",\"author\":{\"@id\":\"https:\\\/\\\/cetaradell.cat\\\/ce\\\/#\\\/schema\\\/person\\\/3d52bde1320c04297d2b30aec733921a\"},\"breadcrumb\":{\"@id\":\"https:\\\/\\\/cetaradell.cat\\\/ce\\\/sortida-a-portar-el-pessebre-al-pirineu\\\/#breadcrumb\"},\"inLanguage\":\"ca\",\"potentialAction\":[{\"@type\":\"ReadAction\",\"target\":[\"https:\\\/\\\/cetaradell.cat\\\/ce\\\/sortida-a-portar-el-pessebre-al-pirineu\\\/\"]}]},{\"@type\":\"ImageObject\",\"inLanguage\":\"ca\",\"@id\":\"https:\\\/\\\/cetaradell.cat\\\/ce\\\/sortida-a-portar-el-pessebre-al-pirineu\\\/#primaryimage\",\"url\":\"https:\\\/\\\/cetaradell.cat\\\/ce\\\/wp-content\\\/uploads\\\/2017-12-23-Puigllan\u00e7ada-1b.jpg\",\"contentUrl\":\"https:\\\/\\\/cetaradell.cat\\\/ce\\\/wp-content\\\/uploads\\\/2017-12-23-Puigllan\u00e7ada-1b.jpg\",\"width\":748,\"height\":562},{\"@type\":\"BreadcrumbList\",\"@id\":\"https:\\\/\\\/cetaradell.cat\\\/ce\\\/sortida-a-portar-el-pessebre-al-pirineu\\\/#breadcrumb\",\"itemListElement\":[{\"@type\":\"ListItem\",\"position\":1,\"name\":\"Inici\",\"item\":\"https:\\\/\\\/cetaradell.cat\\\/ce\\\/\"},{\"@type\":\"ListItem\",\"position\":2,\"name\":\"Sortida a portar el pessebre al Pirineu\"}]},{\"@type\":\"WebSite\",\"@id\":\"https:\\\/\\\/cetaradell.cat\\\/ce\\\/#website\",\"url\":\"https:\\\/\\\/cetaradell.cat\\\/ce\\\/\",\"name\":\"Centre Excursionista Taradell\",\"description\":\"\",\"potentialAction\":[{\"@type\":\"SearchAction\",\"target\":{\"@type\":\"EntryPoint\",\"urlTemplate\":\"https:\\\/\\\/cetaradell.cat\\\/ce\\\/?s={search_term_string}\"},\"query-input\":{\"@type\":\"PropertyValueSpecification\",\"valueRequired\":true,\"valueName\":\"search_term_string\"}}],\"inLanguage\":\"ca\"},{\"@type\":\"Person\",\"@id\":\"https:\\\/\\\/cetaradell.cat\\\/ce\\\/#\\\/schema\\\/person\\\/3d52bde1320c04297d2b30aec733921a\",\"name\":\"Llu\u00eds Saborit\",\"image\":{\"@type\":\"ImageObject\",\"inLanguage\":\"ca\",\"@id\":\"https:\\\/\\\/secure.gravatar.com\\\/avatar\\\/fc67cb563b92d48b79a11ba5f29f4da1be7939ad0dc8cc5b471a3702b8888208?s=96&d=mm&r=g\",\"url\":\"https:\\\/\\\/secure.gravatar.com\\\/avatar\\\/fc67cb563b92d48b79a11ba5f29f4da1be7939ad0dc8cc5b471a3702b8888208?s=96&d=mm&r=g\",\"contentUrl\":\"https:\\\/\\\/secure.gravatar.com\\\/avatar\\\/fc67cb563b92d48b79a11ba5f29f4da1be7939ad0dc8cc5b471a3702b8888208?s=96&d=mm&r=g\",\"caption\":\"Llu\u00eds Saborit\"},\"url\":\"https:\\\/\\\/cetaradell.cat\\\/ce\\\/author\\\/lluis\\\/\"}]}<\/script>\n<!-- \/ Yoast SEO plugin. -->","yoast_head_json":{"title":"Sortida a portar el pessebre al Pirineu - Centre Excursionista Taradell","robots":{"index":"index","follow":"follow","max-snippet":"max-snippet:-1","max-image-preview":"max-image-preview:large","max-video-preview":"max-video-preview:-1"},"canonical":"https:\/\/cetaradell.cat\/ce\/sortida-a-portar-el-pessebre-al-pirineu\/","og_locale":"ca_ES","og_type":"article","og_title":"Sortida a portar el pessebre al Pirineu - Centre Excursionista Taradell","og_description":"Puig de les Agudes, de 1.974 m &#8211; Desnivell 748 m &#8211; 8,76 km aprox. Dia:\u00a0 dimarts, 8 de desembre de 2020 Hora de sortida: a les 7 del mat\u00ed Lloc de sortida: Espai 1 d&#8217;Octubre (&#8220;La Carpa&#8221;) Inscripcions: fins el divendres 4 de desembre, Places limitades Despla\u00e7ament: cotxes particulars. [...]","og_url":"https:\/\/cetaradell.cat\/ce\/sortida-a-portar-el-pessebre-al-pirineu\/","og_site_name":"Centre Excursionista Taradell","article_publisher":"https:\/\/www.facebook.com\/CETaradell\/","article_published_time":"2020-12-03T21:02:54+00:00","article_modified_time":"2020-12-09T18:41:01+00:00","og_image":[{"width":748,"height":562,"url":"https:\/\/cetaradell.cat\/ce\/wp-content\/uploads\/2017-12-23-Puigllan\u00e7ada-1b.jpg","type":"image\/jpeg"}],"author":"Llu\u00eds Saborit","twitter_card":"summary_large_image","twitter_misc":{"Escrit per":"Llu\u00eds Saborit","Temps estimat de lectura":"1 minut"},"schema":{"@context":"https:\/\/schema.org","@graph":[{"@type":"Article","@id":"https:\/\/cetaradell.cat\/ce\/sortida-a-portar-el-pessebre-al-pirineu\/#article","isPartOf":{"@id":"https:\/\/cetaradell.cat\/ce\/sortida-a-portar-el-pessebre-al-pirineu\/"},"author":{"name":"Llu\u00eds Saborit","@id":"https:\/\/cetaradell.cat\/ce\/#\/schema\/person\/3d52bde1320c04297d2b30aec733921a"},"headline":"Sortida a portar el pessebre al Pirineu","datePublished":"2020-12-03T21:02:54+00:00","dateModified":"2020-12-09T18:41:01+00:00","mainEntityOfPage":{"@id":"https:\/\/cetaradell.cat\/ce\/sortida-a-portar-el-pessebre-al-pirineu\/"},"wordCount":139,"image":{"@id":"https:\/\/cetaradell.cat\/ce\/sortida-a-portar-el-pessebre-al-pirineu\/#primaryimage"},"thumbnailUrl":"https:\/\/cetaradell.cat\/ce\/wp-content\/uploads\/2017-12-23-Puigllan\u00e7ada-1b.jpg","articleSection":["Activitats","Muntanya"],"inLanguage":"ca"},{"@type":"WebPage","@id":"https:\/\/cetaradell.cat\/ce\/sortida-a-portar-el-pessebre-al-pirineu\/","url":"https:\/\/cetaradell.cat\/ce\/sortida-a-portar-el-pessebre-al-pirineu\/","name":"Sortida a portar el pessebre al Pirineu - Centre Excursionista Taradell","isPartOf":{"@id":"https:\/\/cetaradell.cat\/ce\/#website"},"primaryImageOfPage":{"@id":"https:\/\/cetaradell.cat\/ce\/sortida-a-portar-el-pessebre-al-pirineu\/#primaryimage"},"image":{"@id":"https:\/\/cetaradell.cat\/ce\/sortida-a-portar-el-pessebre-al-pirineu\/#primaryimage"},"thumbnailUrl":"https:\/\/cetaradell.cat\/ce\/wp-content\/uploads\/2017-12-23-Puigllan\u00e7ada-1b.jpg","datePublished":"2020-12-03T21:02:54+00:00","dateModified":"2020-12-09T18:41:01+00:00","author":{"@id":"https:\/\/cetaradell.cat\/ce\/#\/schema\/person\/3d52bde1320c04297d2b30aec733921a"},"breadcrumb":{"@id":"https:\/\/cetaradell.cat\/ce\/sortida-a-portar-el-pessebre-al-pirineu\/#breadcrumb"},"inLanguage":"ca","potentialAction":[{"@type":"ReadAction","target":["https:\/\/cetaradell.cat\/ce\/sortida-a-portar-el-pessebre-al-pirineu\/"]}]},{"@type":"ImageObject","inLanguage":"ca","@id":"https:\/\/cetaradell.cat\/ce\/sortida-a-portar-el-pessebre-al-pirineu\/#primaryimage","url":"https:\/\/cetaradell.cat\/ce\/wp-content\/uploads\/2017-12-23-Puigllan\u00e7ada-1b.jpg","contentUrl":"https:\/\/cetaradell.cat\/ce\/wp-content\/uploads\/2017-12-23-Puigllan\u00e7ada-1b.jpg","width":748,"height":562},{"@type":"BreadcrumbList","@id":"https:\/\/cetaradell.cat\/ce\/sortida-a-portar-el-pessebre-al-pirineu\/#breadcrumb","itemListElement":[{"@type":"ListItem","position":1,"name":"Inici","item":"https:\/\/cetaradell.cat\/ce\/"},{"@type":"ListItem","position":2,"name":"Sortida a portar el pessebre al Pirineu"}]},{"@type":"WebSite","@id":"https:\/\/cetaradell.cat\/ce\/#website","url":"https:\/\/cetaradell.cat\/ce\/","name":"Centre Excursionista Taradell","description":"","potentialAction":[{"@type":"SearchAction","target":{"@type":"EntryPoint","urlTemplate":"https:\/\/cetaradell.cat\/ce\/?s={search_term_string}"},"query-input":{"@type":"PropertyValueSpecification","valueRequired":true,"valueName":"search_term_string"}}],"inLanguage":"ca"},{"@type":"Person","@id":"https:\/\/cetaradell.cat\/ce\/#\/schema\/person\/3d52bde1320c04297d2b30aec733921a","name":"Llu\u00eds Saborit","image":{"@type":"ImageObject","inLanguage":"ca","@id":"https:\/\/secure.gravatar.com\/avatar\/fc67cb563b92d48b79a11ba5f29f4da1be7939ad0dc8cc5b471a3702b8888208?s=96&d=mm&r=g","url":"https:\/\/secure.gravatar.com\/avatar\/fc67cb563b92d48b79a11ba5f29f4da1be7939ad0dc8cc5b471a3702b8888208?s=96&d=mm&r=g","contentUrl":"https:\/\/secure.gravatar.com\/avatar\/fc67cb563b92d48b79a11ba5f29f4da1be7939ad0dc8cc5b471a3702b8888208?s=96&d=mm&r=g","caption":"Llu\u00eds Saborit"},"url":"https:\/\/cetaradell.cat\/ce\/author\/lluis\/"}]}},"_links":{"self":[{"href":"https:\/\/cetaradell.cat\/ce\/wp-json\/wp\/v2\/posts\/8351","targetHints":{"allow":["GET"]}}],"collection":[{"href":"https:\/\/cetaradell.cat\/ce\/wp-json\/wp\/v2\/posts"}],"about":[{"href":"https:\/\/cetaradell.cat\/ce\/wp-json\/wp\/v2\/types\/post"}],"author":[{"embeddable":true,"href":"https:\/\/cetaradell.cat\/ce\/wp-json\/wp\/v2\/users\/7"}],"replies":[{"embeddable":true,"href":"https:\/\/cetaradell.cat\/ce\/wp-json\/wp\/v2\/comments?post=8351"}],"version-history":[{"count":0,"href":"https:\/\/cetaradell.cat\/ce\/wp-json\/wp\/v2\/posts\/8351\/revisions"}],"wp:featuredmedia":[{"embeddable":true,"href":"https:\/\/cetaradell.cat\/ce\/wp-json\/wp\/v2\/media\/6159"}],"wp:attachment":[{"href":"https:\/\/cetaradell.cat\/ce\/wp-json\/wp\/v2\/media?parent=8351"}],"wp:term":[{"taxonomy":"category","embeddable":true,"href":"https:\/\/cetaradell.cat\/ce\/wp-json\/wp\/v2\/categories?post=8351"},{"taxonomy":"post_tag","embeddable":true,"href":"https:\/\/cetaradell.cat\/ce\/wp-json\/wp\/v2\/tags?post=8351"}],"curies":[{"name":"wp","href":"https:\/\/api.w.org\/{rel}","templated":true}]}}