{"id":8363,"date":"2020-12-05T21:12:00","date_gmt":"2020-12-05T20:12:00","guid":{"rendered":"https:\/\/cetaradell.cat\/ce\/?p=8363"},"modified":"2023-04-12T21:29:32","modified_gmt":"2023-04-12T20:29:32","slug":"llicencies-federatives-feec-2021","status":"publish","type":"post","link":"https:\/\/cetaradell.cat\/ce\/llicencies-federatives-feec-2021\/","title":{"rendered":"Llic\u00e8ncies federatives FEEC i FCOC &#8211; 2021"},"content":{"rendered":"<p><a href=\"https:\/\/cetaradell.cat\/ce\/wp-content\/uploads\/llicencia-ferderativa-2021-1-1.jpg\" target=\"_blank\" rel=\"noopener noreferrer\"><img decoding=\"async\" class=\"wp-image-8357 size-medium alignleft\" src=\"https:\/\/cetaradell.cat\/ce\/wp-content\/uploads\/llicencia-ferderativa-2021-1-1-300x192.jpg\" alt=\"\" width=\"300\" height=\"192\" srcset=\"https:\/\/cetaradell.cat\/ce\/wp-content\/uploads\/llicencia-ferderativa-2021-1-1-200x128.jpg 200w, https:\/\/cetaradell.cat\/ce\/wp-content\/uploads\/llicencia-ferderativa-2021-1-1-300x192.jpg 300w, https:\/\/cetaradell.cat\/ce\/wp-content\/uploads\/llicencia-ferderativa-2021-1-1-400x256.jpg 400w, https:\/\/cetaradell.cat\/ce\/wp-content\/uploads\/llicencia-ferderativa-2021-1-1-460x295.jpg 460w, https:\/\/cetaradell.cat\/ce\/wp-content\/uploads\/llicencia-ferderativa-2021-1-1-500x320.jpg 500w, https:\/\/cetaradell.cat\/ce\/wp-content\/uploads\/llicencia-ferderativa-2021-1-1-600x385.jpg 600w, https:\/\/cetaradell.cat\/ce\/wp-content\/uploads\/llicencia-ferderativa-2021-1-1-700x449.jpg 700w, https:\/\/cetaradell.cat\/ce\/wp-content\/uploads\/llicencia-ferderativa-2021-1-1-768x492.jpg 768w, https:\/\/cetaradell.cat\/ce\/wp-content\/uploads\/llicencia-ferderativa-2021-1-1-800x513.jpg 800w, https:\/\/cetaradell.cat\/ce\/wp-content\/uploads\/llicencia-ferderativa-2021-1-1-1024x656.jpg 1024w, https:\/\/cetaradell.cat\/ce\/wp-content\/uploads\/llicencia-ferderativa-2021-1-1.jpg 1047w\" sizes=\"(max-width: 300px) 100vw, 300px\" \/><\/a>El Centre Excursionista Taradell est\u00e0 adherit a la <strong><a href=\"https:\/\/www.feec.cat\/\" target=\"_blank\" rel=\"noopener noreferrer\">Federaci\u00f3 d&#8217;Entitats Excursionistes de Catalunya (FEEC\u2192)<\/a><\/strong> i a la <strong>Federaci\u00f3 de Curses d&#8217;Orientaci\u00f3 de Catalunya (FCOC\u2192<\/strong>) i podem tramitar les llic\u00e8ncies de les dues federacions.<\/p>\n<p>Us recordem que els carnets federatius del 2020 acaben el 31 de desembre de 2020, i que les noves llic\u00e8ncies entre en vigor l&#8217;1 de gener de 2021 encara que s&#8217;hagin tramitat abans.<\/p>\n<p>Per tant, els interessats en tramitar la llic\u00e8ncia federativa per al 2021 podeu passar per la secretaria del CET a tramitar-les el m\u00e9s aviat possible i aix\u00ed poder-ne gaudir des del principi de l&#8217;any. Recordem que cal tenir en compte que els carnets federatius per al 2021 no comen\u00e7aran a ser v\u00e0lids fins a l\u20191 de gener, encara que s\u2019hagi expedit abans.<\/p>\n<p>Trobereu m\u00e9s informaci\u00f3 sobre els avantatges i cobertures de les llic\u00e8ncies esportives de muntany i curses d&#8217;orientaci\u00f3 a les web de les respectives federacions: <strong><a href=\"https:\/\/www.feec.cat\/\" target=\"_blank\" rel=\"noopener noreferrer\">Federaci\u00f3 d&#8217;Entitats Excursionistes de Catalunya (FEEC\u2192)<\/a><\/strong> i <strong>Federaci\u00f3 de Curses d&#8217;Orientaci\u00f3 de Catalunya (FCOC\u2192<\/strong>)<\/p>\n","protected":false},"excerpt":{"rendered":"<p>El Centre Excursionista Taradell est\u00e0 adherit a la Federaci\u00f3 d&#8217;Entitats Excursionistes de Catalunya (FEEC\u2192) i a la Federaci\u00f3 de Curses d&#8217;Orientaci\u00f3 de Catalunya (FCOC\u2192) i podem tramitar les llic\u00e8ncies de les dues federacions. Us recordem que els carnets federatius del 2020 acaben el 31 de desembre de 2020, i que  [&#8230;]<\/p>\n","protected":false},"author":7,"featured_media":8357,"comment_status":"closed","ping_status":"closed","sticky":false,"template":"","format":"standard","meta":{"footnotes":""},"categories":[8,45,50,7,3,11],"tags":[],"class_list":["post-8363","post","type-post","status-publish","format-standard","has-post-thumbnail","hentry","category-curses","category-curses-dorientacio","category-geea","category-muntanya","category-noticies","category-senders"],"yoast_head":"<!-- This site is optimized with the Yoast SEO plugin v27.4 - https:\/\/yoast.com\/product\/yoast-seo-wordpress\/ -->\n<title>Llic\u00e8ncies federatives FEEC i FCOC - 2021 - Centre Excursionista Taradell<\/title>\n<meta name=\"robots\" content=\"index, follow, max-snippet:-1, max-image-preview:large, max-video-preview:-1\" \/>\n<link rel=\"canonical\" href=\"https:\/\/cetaradell.cat\/ce\/llicencies-federatives-feec-2021\/\" \/>\n<meta property=\"og:locale\" content=\"ca_ES\" \/>\n<meta property=\"og:type\" content=\"article\" \/>\n<meta property=\"og:title\" content=\"Llic\u00e8ncies federatives FEEC i FCOC - 2021 - Centre Excursionista Taradell\" \/>\n<meta property=\"og:description\" content=\"El Centre Excursionista Taradell est\u00e0 adherit a la Federaci\u00f3 d&#8217;Entitats Excursionistes de Catalunya (FEEC\u2192) i a la Federaci\u00f3 de Curses d&#8217;Orientaci\u00f3 de Catalunya (FCOC\u2192) i podem tramitar les llic\u00e8ncies de les dues federacions. Us recordem que els carnets federatius del 2020 acaben el 31 de desembre de 2020, i que [...]\" \/>\n<meta property=\"og:url\" content=\"https:\/\/cetaradell.cat\/ce\/llicencies-federatives-feec-2021\/\" \/>\n<meta property=\"og:site_name\" content=\"Centre Excursionista Taradell\" \/>\n<meta property=\"article:publisher\" content=\"https:\/\/www.facebook.com\/CETaradell\/\" \/>\n<meta property=\"article:published_time\" content=\"2020-12-05T20:12:00+00:00\" \/>\n<meta property=\"article:modified_time\" content=\"2023-04-12T20:29:32+00:00\" \/>\n<meta property=\"og:image\" content=\"https:\/\/cetaradell.cat\/ce\/wp-content\/uploads\/llicencia-ferderativa-2021-1-1.jpg\" \/>\n\t<meta property=\"og:image:width\" content=\"1047\" \/>\n\t<meta property=\"og:image:height\" content=\"671\" \/>\n\t<meta property=\"og:image:type\" content=\"image\/jpeg\" \/>\n<meta name=\"author\" content=\"Llu\u00eds Saborit\" \/>\n<meta name=\"twitter:card\" content=\"summary_large_image\" \/>\n<meta name=\"twitter:label1\" content=\"Escrit per\" \/>\n\t<meta name=\"twitter:data1\" content=\"Llu\u00eds Saborit\" \/>\n\t<meta name=\"twitter:label2\" content=\"Temps estimat de lectura\" \/>\n\t<meta name=\"twitter:data2\" content=\"1 minut\" \/>\n<script type=\"application\/ld+json\" class=\"yoast-schema-graph\">{\"@context\":\"https:\\\/\\\/schema.org\",\"@graph\":[{\"@type\":\"Article\",\"@id\":\"https:\\\/\\\/cetaradell.cat\\\/ce\\\/llicencies-federatives-feec-2021\\\/#article\",\"isPartOf\":{\"@id\":\"https:\\\/\\\/cetaradell.cat\\\/ce\\\/llicencies-federatives-feec-2021\\\/\"},\"author\":{\"name\":\"Llu\u00eds Saborit\",\"@id\":\"https:\\\/\\\/cetaradell.cat\\\/ce\\\/#\\\/schema\\\/person\\\/3d52bde1320c04297d2b30aec733921a\"},\"headline\":\"Llic\u00e8ncies federatives FEEC i FCOC &#8211; 2021\",\"datePublished\":\"2020-12-05T20:12:00+00:00\",\"dateModified\":\"2023-04-12T20:29:32+00:00\",\"mainEntityOfPage\":{\"@id\":\"https:\\\/\\\/cetaradell.cat\\\/ce\\\/llicencies-federatives-feec-2021\\\/\"},\"wordCount\":183,\"image\":{\"@id\":\"https:\\\/\\\/cetaradell.cat\\\/ce\\\/llicencies-federatives-feec-2021\\\/#primaryimage\"},\"thumbnailUrl\":\"https:\\\/\\\/cetaradell.cat\\\/ce\\\/wp-content\\\/uploads\\\/llicencia-ferderativa-2021-1-1.jpg\",\"articleSection\":[\"Curses\",\"Curses d'Orientaci\u00f3\",\"GEEA\",\"Muntanya\",\"Not\u00edcies\",\"Senders\"],\"inLanguage\":\"ca\"},{\"@type\":\"WebPage\",\"@id\":\"https:\\\/\\\/cetaradell.cat\\\/ce\\\/llicencies-federatives-feec-2021\\\/\",\"url\":\"https:\\\/\\\/cetaradell.cat\\\/ce\\\/llicencies-federatives-feec-2021\\\/\",\"name\":\"Llic\u00e8ncies federatives FEEC i FCOC - 2021 - Centre Excursionista Taradell\",\"isPartOf\":{\"@id\":\"https:\\\/\\\/cetaradell.cat\\\/ce\\\/#website\"},\"primaryImageOfPage\":{\"@id\":\"https:\\\/\\\/cetaradell.cat\\\/ce\\\/llicencies-federatives-feec-2021\\\/#primaryimage\"},\"image\":{\"@id\":\"https:\\\/\\\/cetaradell.cat\\\/ce\\\/llicencies-federatives-feec-2021\\\/#primaryimage\"},\"thumbnailUrl\":\"https:\\\/\\\/cetaradell.cat\\\/ce\\\/wp-content\\\/uploads\\\/llicencia-ferderativa-2021-1-1.jpg\",\"datePublished\":\"2020-12-05T20:12:00+00:00\",\"dateModified\":\"2023-04-12T20:29:32+00:00\",\"author\":{\"@id\":\"https:\\\/\\\/cetaradell.cat\\\/ce\\\/#\\\/schema\\\/person\\\/3d52bde1320c04297d2b30aec733921a\"},\"breadcrumb\":{\"@id\":\"https:\\\/\\\/cetaradell.cat\\\/ce\\\/llicencies-federatives-feec-2021\\\/#breadcrumb\"},\"inLanguage\":\"ca\",\"potentialAction\":[{\"@type\":\"ReadAction\",\"target\":[\"https:\\\/\\\/cetaradell.cat\\\/ce\\\/llicencies-federatives-feec-2021\\\/\"]}]},{\"@type\":\"ImageObject\",\"inLanguage\":\"ca\",\"@id\":\"https:\\\/\\\/cetaradell.cat\\\/ce\\\/llicencies-federatives-feec-2021\\\/#primaryimage\",\"url\":\"https:\\\/\\\/cetaradell.cat\\\/ce\\\/wp-content\\\/uploads\\\/llicencia-ferderativa-2021-1-1.jpg\",\"contentUrl\":\"https:\\\/\\\/cetaradell.cat\\\/ce\\\/wp-content\\\/uploads\\\/llicencia-ferderativa-2021-1-1.jpg\",\"width\":1047,\"height\":671},{\"@type\":\"BreadcrumbList\",\"@id\":\"https:\\\/\\\/cetaradell.cat\\\/ce\\\/llicencies-federatives-feec-2021\\\/#breadcrumb\",\"itemListElement\":[{\"@type\":\"ListItem\",\"position\":1,\"name\":\"Inici\",\"item\":\"https:\\\/\\\/cetaradell.cat\\\/ce\\\/\"},{\"@type\":\"ListItem\",\"position\":2,\"name\":\"Llic\u00e8ncies federatives FEEC i FCOC &#8211; 2021\"}]},{\"@type\":\"WebSite\",\"@id\":\"https:\\\/\\\/cetaradell.cat\\\/ce\\\/#website\",\"url\":\"https:\\\/\\\/cetaradell.cat\\\/ce\\\/\",\"name\":\"Centre Excursionista Taradell\",\"description\":\"\",\"potentialAction\":[{\"@type\":\"SearchAction\",\"target\":{\"@type\":\"EntryPoint\",\"urlTemplate\":\"https:\\\/\\\/cetaradell.cat\\\/ce\\\/?s={search_term_string}\"},\"query-input\":{\"@type\":\"PropertyValueSpecification\",\"valueRequired\":true,\"valueName\":\"search_term_string\"}}],\"inLanguage\":\"ca\"},{\"@type\":\"Person\",\"@id\":\"https:\\\/\\\/cetaradell.cat\\\/ce\\\/#\\\/schema\\\/person\\\/3d52bde1320c04297d2b30aec733921a\",\"name\":\"Llu\u00eds Saborit\",\"image\":{\"@type\":\"ImageObject\",\"inLanguage\":\"ca\",\"@id\":\"https:\\\/\\\/secure.gravatar.com\\\/avatar\\\/fc67cb563b92d48b79a11ba5f29f4da1be7939ad0dc8cc5b471a3702b8888208?s=96&d=mm&r=g\",\"url\":\"https:\\\/\\\/secure.gravatar.com\\\/avatar\\\/fc67cb563b92d48b79a11ba5f29f4da1be7939ad0dc8cc5b471a3702b8888208?s=96&d=mm&r=g\",\"contentUrl\":\"https:\\\/\\\/secure.gravatar.com\\\/avatar\\\/fc67cb563b92d48b79a11ba5f29f4da1be7939ad0dc8cc5b471a3702b8888208?s=96&d=mm&r=g\",\"caption\":\"Llu\u00eds Saborit\"},\"url\":\"https:\\\/\\\/cetaradell.cat\\\/ce\\\/author\\\/lluis\\\/\"}]}<\/script>\n<!-- \/ Yoast SEO plugin. -->","yoast_head_json":{"title":"Llic\u00e8ncies federatives FEEC i FCOC - 2021 - Centre Excursionista Taradell","robots":{"index":"index","follow":"follow","max-snippet":"max-snippet:-1","max-image-preview":"max-image-preview:large","max-video-preview":"max-video-preview:-1"},"canonical":"https:\/\/cetaradell.cat\/ce\/llicencies-federatives-feec-2021\/","og_locale":"ca_ES","og_type":"article","og_title":"Llic\u00e8ncies federatives FEEC i FCOC - 2021 - Centre Excursionista Taradell","og_description":"El Centre Excursionista Taradell est\u00e0 adherit a la Federaci\u00f3 d&#8217;Entitats Excursionistes de Catalunya (FEEC\u2192) i a la Federaci\u00f3 de Curses d&#8217;Orientaci\u00f3 de Catalunya (FCOC\u2192) i podem tramitar les llic\u00e8ncies de les dues federacions. Us recordem que els carnets federatius del 2020 acaben el 31 de desembre de 2020, i que [...]","og_url":"https:\/\/cetaradell.cat\/ce\/llicencies-federatives-feec-2021\/","og_site_name":"Centre Excursionista Taradell","article_publisher":"https:\/\/www.facebook.com\/CETaradell\/","article_published_time":"2020-12-05T20:12:00+00:00","article_modified_time":"2023-04-12T20:29:32+00:00","og_image":[{"width":1047,"height":671,"url":"https:\/\/cetaradell.cat\/ce\/wp-content\/uploads\/llicencia-ferderativa-2021-1-1.jpg","type":"image\/jpeg"}],"author":"Llu\u00eds Saborit","twitter_card":"summary_large_image","twitter_misc":{"Escrit per":"Llu\u00eds Saborit","Temps estimat de lectura":"1 minut"},"schema":{"@context":"https:\/\/schema.org","@graph":[{"@type":"Article","@id":"https:\/\/cetaradell.cat\/ce\/llicencies-federatives-feec-2021\/#article","isPartOf":{"@id":"https:\/\/cetaradell.cat\/ce\/llicencies-federatives-feec-2021\/"},"author":{"name":"Llu\u00eds Saborit","@id":"https:\/\/cetaradell.cat\/ce\/#\/schema\/person\/3d52bde1320c04297d2b30aec733921a"},"headline":"Llic\u00e8ncies federatives FEEC i FCOC &#8211; 2021","datePublished":"2020-12-05T20:12:00+00:00","dateModified":"2023-04-12T20:29:32+00:00","mainEntityOfPage":{"@id":"https:\/\/cetaradell.cat\/ce\/llicencies-federatives-feec-2021\/"},"wordCount":183,"image":{"@id":"https:\/\/cetaradell.cat\/ce\/llicencies-federatives-feec-2021\/#primaryimage"},"thumbnailUrl":"https:\/\/cetaradell.cat\/ce\/wp-content\/uploads\/llicencia-ferderativa-2021-1-1.jpg","articleSection":["Curses","Curses d'Orientaci\u00f3","GEEA","Muntanya","Not\u00edcies","Senders"],"inLanguage":"ca"},{"@type":"WebPage","@id":"https:\/\/cetaradell.cat\/ce\/llicencies-federatives-feec-2021\/","url":"https:\/\/cetaradell.cat\/ce\/llicencies-federatives-feec-2021\/","name":"Llic\u00e8ncies federatives FEEC i FCOC - 2021 - Centre Excursionista Taradell","isPartOf":{"@id":"https:\/\/cetaradell.cat\/ce\/#website"},"primaryImageOfPage":{"@id":"https:\/\/cetaradell.cat\/ce\/llicencies-federatives-feec-2021\/#primaryimage"},"image":{"@id":"https:\/\/cetaradell.cat\/ce\/llicencies-federatives-feec-2021\/#primaryimage"},"thumbnailUrl":"https:\/\/cetaradell.cat\/ce\/wp-content\/uploads\/llicencia-ferderativa-2021-1-1.jpg","datePublished":"2020-12-05T20:12:00+00:00","dateModified":"2023-04-12T20:29:32+00:00","author":{"@id":"https:\/\/cetaradell.cat\/ce\/#\/schema\/person\/3d52bde1320c04297d2b30aec733921a"},"breadcrumb":{"@id":"https:\/\/cetaradell.cat\/ce\/llicencies-federatives-feec-2021\/#breadcrumb"},"inLanguage":"ca","potentialAction":[{"@type":"ReadAction","target":["https:\/\/cetaradell.cat\/ce\/llicencies-federatives-feec-2021\/"]}]},{"@type":"ImageObject","inLanguage":"ca","@id":"https:\/\/cetaradell.cat\/ce\/llicencies-federatives-feec-2021\/#primaryimage","url":"https:\/\/cetaradell.cat\/ce\/wp-content\/uploads\/llicencia-ferderativa-2021-1-1.jpg","contentUrl":"https:\/\/cetaradell.cat\/ce\/wp-content\/uploads\/llicencia-ferderativa-2021-1-1.jpg","width":1047,"height":671},{"@type":"BreadcrumbList","@id":"https:\/\/cetaradell.cat\/ce\/llicencies-federatives-feec-2021\/#breadcrumb","itemListElement":[{"@type":"ListItem","position":1,"name":"Inici","item":"https:\/\/cetaradell.cat\/ce\/"},{"@type":"ListItem","position":2,"name":"Llic\u00e8ncies federatives FEEC i FCOC &#8211; 2021"}]},{"@type":"WebSite","@id":"https:\/\/cetaradell.cat\/ce\/#website","url":"https:\/\/cetaradell.cat\/ce\/","name":"Centre Excursionista Taradell","description":"","potentialAction":[{"@type":"SearchAction","target":{"@type":"EntryPoint","urlTemplate":"https:\/\/cetaradell.cat\/ce\/?s={search_term_string}"},"query-input":{"@type":"PropertyValueSpecification","valueRequired":true,"valueName":"search_term_string"}}],"inLanguage":"ca"},{"@type":"Person","@id":"https:\/\/cetaradell.cat\/ce\/#\/schema\/person\/3d52bde1320c04297d2b30aec733921a","name":"Llu\u00eds Saborit","image":{"@type":"ImageObject","inLanguage":"ca","@id":"https:\/\/secure.gravatar.com\/avatar\/fc67cb563b92d48b79a11ba5f29f4da1be7939ad0dc8cc5b471a3702b8888208?s=96&d=mm&r=g","url":"https:\/\/secure.gravatar.com\/avatar\/fc67cb563b92d48b79a11ba5f29f4da1be7939ad0dc8cc5b471a3702b8888208?s=96&d=mm&r=g","contentUrl":"https:\/\/secure.gravatar.com\/avatar\/fc67cb563b92d48b79a11ba5f29f4da1be7939ad0dc8cc5b471a3702b8888208?s=96&d=mm&r=g","caption":"Llu\u00eds Saborit"},"url":"https:\/\/cetaradell.cat\/ce\/author\/lluis\/"}]}},"_links":{"self":[{"href":"https:\/\/cetaradell.cat\/ce\/wp-json\/wp\/v2\/posts\/8363","targetHints":{"allow":["GET"]}}],"collection":[{"href":"https:\/\/cetaradell.cat\/ce\/wp-json\/wp\/v2\/posts"}],"about":[{"href":"https:\/\/cetaradell.cat\/ce\/wp-json\/wp\/v2\/types\/post"}],"author":[{"embeddable":true,"href":"https:\/\/cetaradell.cat\/ce\/wp-json\/wp\/v2\/users\/7"}],"replies":[{"embeddable":true,"href":"https:\/\/cetaradell.cat\/ce\/wp-json\/wp\/v2\/comments?post=8363"}],"version-history":[{"count":0,"href":"https:\/\/cetaradell.cat\/ce\/wp-json\/wp\/v2\/posts\/8363\/revisions"}],"wp:featuredmedia":[{"embeddable":true,"href":"https:\/\/cetaradell.cat\/ce\/wp-json\/wp\/v2\/media\/8357"}],"wp:attachment":[{"href":"https:\/\/cetaradell.cat\/ce\/wp-json\/wp\/v2\/media?parent=8363"}],"wp:term":[{"taxonomy":"category","embeddable":true,"href":"https:\/\/cetaradell.cat\/ce\/wp-json\/wp\/v2\/categories?post=8363"},{"taxonomy":"post_tag","embeddable":true,"href":"https:\/\/cetaradell.cat\/ce\/wp-json\/wp\/v2\/tags?post=8363"}],"curies":[{"name":"wp","href":"https:\/\/api.w.org\/{rel}","templated":true}]}}