{"id":8371,"date":"2020-12-09T19:42:13","date_gmt":"2020-12-09T18:42:13","guid":{"rendered":"https:\/\/cetaradell.cat\/ce\/?p=8371"},"modified":"2020-12-09T19:44:06","modified_gmt":"2020-12-09T18:44:06","slug":"sortida-a-portar-el-pessebre-a-les-agudes-2020","status":"publish","type":"post","link":"https:\/\/cetaradell.cat\/ce\/sortida-a-portar-el-pessebre-a-les-agudes-2020\/","title":{"rendered":"Sortida a portar el pessebre a les Agudes \u2013 2020"},"content":{"rendered":"<p><strong><a href=\"https:\/\/cetaradell.cat\/ce\/sortida-a-portar-el-pessebre-a-les-agudes-2019\/pessebre-les-agudes_6b\/\" rel=\"attachment wp-att-7365\"><img decoding=\"async\" class=\"alignleft wp-image-7365 size-medium\" src=\"https:\/\/cetaradell.cat\/ce\/wp-content\/uploads\/Pessebre-les-Agudes_6b-300x200.jpg\" alt=\"\" width=\"300\" height=\"200\" srcset=\"https:\/\/cetaradell.cat\/ce\/wp-content\/uploads\/Pessebre-les-Agudes_6b-200x133.jpg 200w, https:\/\/cetaradell.cat\/ce\/wp-content\/uploads\/Pessebre-les-Agudes_6b-300x200.jpg 300w, https:\/\/cetaradell.cat\/ce\/wp-content\/uploads\/Pessebre-les-Agudes_6b-400x267.jpg 400w, https:\/\/cetaradell.cat\/ce\/wp-content\/uploads\/Pessebre-les-Agudes_6b-500x333.jpg 500w, https:\/\/cetaradell.cat\/ce\/wp-content\/uploads\/Pessebre-les-Agudes_6b-600x400.jpg 600w, https:\/\/cetaradell.cat\/ce\/wp-content\/uploads\/Pessebre-les-Agudes_6b-700x467.jpg 700w, https:\/\/cetaradell.cat\/ce\/wp-content\/uploads\/Pessebre-les-Agudes_6b-768x512.jpg 768w, https:\/\/cetaradell.cat\/ce\/wp-content\/uploads\/Pessebre-les-Agudes_6b-800x534.jpg 800w, https:\/\/cetaradell.cat\/ce\/wp-content\/uploads\/Pessebre-les-Agudes_6b-1024x683.jpg 1024w, https:\/\/cetaradell.cat\/ce\/wp-content\/uploads\/Pessebre-les-Agudes_6b-1200x800.jpg 1200w, https:\/\/cetaradell.cat\/ce\/wp-content\/uploads\/Pessebre-les-Agudes_6b.jpg 1519w\" sizes=\"(max-width: 300px) 100vw, 300px\" \/><\/a>Dia:<\/strong> dilluns, 14 de desembre de 2020<br \/>\n<strong>Hora de sorti<\/strong><strong>da:<\/strong> a les 8 del mat\u00ed<br \/>\n<strong>Lloc de sortida:<\/strong> local social del CET, carrer Ramon Pou, 36 de Taradell.<br \/>\n<strong>Transport:<\/strong> cotxes particulars. Quatre persones per cotxe, si pot ser que siguin de la mateixa bombolla de conviv\u00e8ncia.<br \/>\n<strong>Nota:<\/strong> En tot moment es respectaran totes les mesures de seguretat COVID 19, vigents el dia de la sortida.<br \/>\nCal portar esmorzar. Cal anar equipat amb roba i cal\u00e7at adequat per a l&#8217;activitat. Caldria portar alguna nadala per cantar.<br \/>\nLa recollida dels pessebres es far\u00e0 durant els mesos de gener i febrer, sempre segons el temps que faci (pluja, neu&#8230;). La data es comunicar\u00e0, pr\u00e8viament, pels canals habituals.<\/p>\n","protected":false},"excerpt":{"rendered":"<p>Dia: dilluns, 14 de desembre de 2020 Hora de sortida: a les 8 del mat\u00ed Lloc de sortida: local social del CET, carrer Ramon Pou, 36 de Taradell. Transport: cotxes particulars. Quatre persones per cotxe, si pot ser que siguin de la mateixa bombolla de conviv\u00e8ncia. Nota: En tot moment  [&#8230;]<\/p>\n","protected":false},"author":7,"featured_media":7365,"comment_status":"closed","ping_status":"closed","sticky":false,"template":"","format":"standard","meta":{"footnotes":""},"categories":[4,7],"tags":[],"class_list":["post-8371","post","type-post","status-publish","format-standard","has-post-thumbnail","hentry","category-activitats","category-muntanya"],"yoast_head":"<!-- This site is optimized with the Yoast SEO plugin v27.4 - https:\/\/yoast.com\/product\/yoast-seo-wordpress\/ -->\n<title>Sortida a portar el pessebre a les Agudes \u2013 2020 - Centre Excursionista Taradell<\/title>\n<meta name=\"robots\" content=\"index, follow, max-snippet:-1, max-image-preview:large, max-video-preview:-1\" \/>\n<link rel=\"canonical\" href=\"https:\/\/cetaradell.cat\/ce\/sortida-a-portar-el-pessebre-a-les-agudes-2020\/\" \/>\n<meta property=\"og:locale\" content=\"ca_ES\" \/>\n<meta property=\"og:type\" content=\"article\" \/>\n<meta property=\"og:title\" content=\"Sortida a portar el pessebre a les Agudes \u2013 2020 - Centre Excursionista Taradell\" \/>\n<meta property=\"og:description\" content=\"Dia: dilluns, 14 de desembre de 2020 Hora de sortida: a les 8 del mat\u00ed Lloc de sortida: local social del CET, carrer Ramon Pou, 36 de Taradell. Transport: cotxes particulars. Quatre persones per cotxe, si pot ser que siguin de la mateixa bombolla de conviv\u00e8ncia. Nota: En tot moment [...]\" \/>\n<meta property=\"og:url\" content=\"https:\/\/cetaradell.cat\/ce\/sortida-a-portar-el-pessebre-a-les-agudes-2020\/\" \/>\n<meta property=\"og:site_name\" content=\"Centre Excursionista Taradell\" \/>\n<meta property=\"article:publisher\" content=\"https:\/\/www.facebook.com\/CETaradell\/\" \/>\n<meta property=\"article:published_time\" content=\"2020-12-09T18:42:13+00:00\" \/>\n<meta property=\"article:modified_time\" content=\"2020-12-09T18:44:06+00:00\" \/>\n<meta property=\"og:image\" content=\"https:\/\/cetaradell.cat\/ce\/wp-content\/uploads\/Pessebre-les-Agudes_6b.jpg\" \/>\n\t<meta property=\"og:image:width\" content=\"1519\" \/>\n\t<meta property=\"og:image:height\" content=\"1013\" \/>\n\t<meta property=\"og:image:type\" content=\"image\/jpeg\" \/>\n<meta name=\"author\" content=\"Llu\u00eds Saborit\" \/>\n<meta name=\"twitter:card\" content=\"summary_large_image\" \/>\n<meta name=\"twitter:label1\" content=\"Escrit per\" \/>\n\t<meta name=\"twitter:data1\" content=\"Llu\u00eds Saborit\" \/>\n\t<meta name=\"twitter:label2\" content=\"Temps estimat de lectura\" \/>\n\t<meta name=\"twitter:data2\" content=\"1 minut\" \/>\n<script type=\"application\/ld+json\" class=\"yoast-schema-graph\">{\"@context\":\"https:\\\/\\\/schema.org\",\"@graph\":[{\"@type\":\"Article\",\"@id\":\"https:\\\/\\\/cetaradell.cat\\\/ce\\\/sortida-a-portar-el-pessebre-a-les-agudes-2020\\\/#article\",\"isPartOf\":{\"@id\":\"https:\\\/\\\/cetaradell.cat\\\/ce\\\/sortida-a-portar-el-pessebre-a-les-agudes-2020\\\/\"},\"author\":{\"name\":\"Llu\u00eds Saborit\",\"@id\":\"https:\\\/\\\/cetaradell.cat\\\/ce\\\/#\\\/schema\\\/person\\\/3d52bde1320c04297d2b30aec733921a\"},\"headline\":\"Sortida a portar el pessebre a les Agudes \u2013 2020\",\"datePublished\":\"2020-12-09T18:42:13+00:00\",\"dateModified\":\"2020-12-09T18:44:06+00:00\",\"mainEntityOfPage\":{\"@id\":\"https:\\\/\\\/cetaradell.cat\\\/ce\\\/sortida-a-portar-el-pessebre-a-les-agudes-2020\\\/\"},\"wordCount\":122,\"image\":{\"@id\":\"https:\\\/\\\/cetaradell.cat\\\/ce\\\/sortida-a-portar-el-pessebre-a-les-agudes-2020\\\/#primaryimage\"},\"thumbnailUrl\":\"https:\\\/\\\/cetaradell.cat\\\/ce\\\/wp-content\\\/uploads\\\/Pessebre-les-Agudes_6b.jpg\",\"articleSection\":[\"Activitats\",\"Muntanya\"],\"inLanguage\":\"ca\"},{\"@type\":\"WebPage\",\"@id\":\"https:\\\/\\\/cetaradell.cat\\\/ce\\\/sortida-a-portar-el-pessebre-a-les-agudes-2020\\\/\",\"url\":\"https:\\\/\\\/cetaradell.cat\\\/ce\\\/sortida-a-portar-el-pessebre-a-les-agudes-2020\\\/\",\"name\":\"Sortida a portar el pessebre a les Agudes \u2013 2020 - Centre Excursionista Taradell\",\"isPartOf\":{\"@id\":\"https:\\\/\\\/cetaradell.cat\\\/ce\\\/#website\"},\"primaryImageOfPage\":{\"@id\":\"https:\\\/\\\/cetaradell.cat\\\/ce\\\/sortida-a-portar-el-pessebre-a-les-agudes-2020\\\/#primaryimage\"},\"image\":{\"@id\":\"https:\\\/\\\/cetaradell.cat\\\/ce\\\/sortida-a-portar-el-pessebre-a-les-agudes-2020\\\/#primaryimage\"},\"thumbnailUrl\":\"https:\\\/\\\/cetaradell.cat\\\/ce\\\/wp-content\\\/uploads\\\/Pessebre-les-Agudes_6b.jpg\",\"datePublished\":\"2020-12-09T18:42:13+00:00\",\"dateModified\":\"2020-12-09T18:44:06+00:00\",\"author\":{\"@id\":\"https:\\\/\\\/cetaradell.cat\\\/ce\\\/#\\\/schema\\\/person\\\/3d52bde1320c04297d2b30aec733921a\"},\"breadcrumb\":{\"@id\":\"https:\\\/\\\/cetaradell.cat\\\/ce\\\/sortida-a-portar-el-pessebre-a-les-agudes-2020\\\/#breadcrumb\"},\"inLanguage\":\"ca\",\"potentialAction\":[{\"@type\":\"ReadAction\",\"target\":[\"https:\\\/\\\/cetaradell.cat\\\/ce\\\/sortida-a-portar-el-pessebre-a-les-agudes-2020\\\/\"]}]},{\"@type\":\"ImageObject\",\"inLanguage\":\"ca\",\"@id\":\"https:\\\/\\\/cetaradell.cat\\\/ce\\\/sortida-a-portar-el-pessebre-a-les-agudes-2020\\\/#primaryimage\",\"url\":\"https:\\\/\\\/cetaradell.cat\\\/ce\\\/wp-content\\\/uploads\\\/Pessebre-les-Agudes_6b.jpg\",\"contentUrl\":\"https:\\\/\\\/cetaradell.cat\\\/ce\\\/wp-content\\\/uploads\\\/Pessebre-les-Agudes_6b.jpg\",\"width\":1519,\"height\":1013},{\"@type\":\"BreadcrumbList\",\"@id\":\"https:\\\/\\\/cetaradell.cat\\\/ce\\\/sortida-a-portar-el-pessebre-a-les-agudes-2020\\\/#breadcrumb\",\"itemListElement\":[{\"@type\":\"ListItem\",\"position\":1,\"name\":\"Inici\",\"item\":\"https:\\\/\\\/cetaradell.cat\\\/ce\\\/\"},{\"@type\":\"ListItem\",\"position\":2,\"name\":\"Sortida a portar el pessebre a les Agudes \u2013 2020\"}]},{\"@type\":\"WebSite\",\"@id\":\"https:\\\/\\\/cetaradell.cat\\\/ce\\\/#website\",\"url\":\"https:\\\/\\\/cetaradell.cat\\\/ce\\\/\",\"name\":\"Centre Excursionista Taradell\",\"description\":\"\",\"potentialAction\":[{\"@type\":\"SearchAction\",\"target\":{\"@type\":\"EntryPoint\",\"urlTemplate\":\"https:\\\/\\\/cetaradell.cat\\\/ce\\\/?s={search_term_string}\"},\"query-input\":{\"@type\":\"PropertyValueSpecification\",\"valueRequired\":true,\"valueName\":\"search_term_string\"}}],\"inLanguage\":\"ca\"},{\"@type\":\"Person\",\"@id\":\"https:\\\/\\\/cetaradell.cat\\\/ce\\\/#\\\/schema\\\/person\\\/3d52bde1320c04297d2b30aec733921a\",\"name\":\"Llu\u00eds Saborit\",\"image\":{\"@type\":\"ImageObject\",\"inLanguage\":\"ca\",\"@id\":\"https:\\\/\\\/secure.gravatar.com\\\/avatar\\\/fc67cb563b92d48b79a11ba5f29f4da1be7939ad0dc8cc5b471a3702b8888208?s=96&d=mm&r=g\",\"url\":\"https:\\\/\\\/secure.gravatar.com\\\/avatar\\\/fc67cb563b92d48b79a11ba5f29f4da1be7939ad0dc8cc5b471a3702b8888208?s=96&d=mm&r=g\",\"contentUrl\":\"https:\\\/\\\/secure.gravatar.com\\\/avatar\\\/fc67cb563b92d48b79a11ba5f29f4da1be7939ad0dc8cc5b471a3702b8888208?s=96&d=mm&r=g\",\"caption\":\"Llu\u00eds Saborit\"},\"url\":\"https:\\\/\\\/cetaradell.cat\\\/ce\\\/author\\\/lluis\\\/\"}]}<\/script>\n<!-- \/ Yoast SEO plugin. -->","yoast_head_json":{"title":"Sortida a portar el pessebre a les Agudes \u2013 2020 - Centre Excursionista Taradell","robots":{"index":"index","follow":"follow","max-snippet":"max-snippet:-1","max-image-preview":"max-image-preview:large","max-video-preview":"max-video-preview:-1"},"canonical":"https:\/\/cetaradell.cat\/ce\/sortida-a-portar-el-pessebre-a-les-agudes-2020\/","og_locale":"ca_ES","og_type":"article","og_title":"Sortida a portar el pessebre a les Agudes \u2013 2020 - Centre Excursionista Taradell","og_description":"Dia: dilluns, 14 de desembre de 2020 Hora de sortida: a les 8 del mat\u00ed Lloc de sortida: local social del CET, carrer Ramon Pou, 36 de Taradell. Transport: cotxes particulars. Quatre persones per cotxe, si pot ser que siguin de la mateixa bombolla de conviv\u00e8ncia. Nota: En tot moment [...]","og_url":"https:\/\/cetaradell.cat\/ce\/sortida-a-portar-el-pessebre-a-les-agudes-2020\/","og_site_name":"Centre Excursionista Taradell","article_publisher":"https:\/\/www.facebook.com\/CETaradell\/","article_published_time":"2020-12-09T18:42:13+00:00","article_modified_time":"2020-12-09T18:44:06+00:00","og_image":[{"width":1519,"height":1013,"url":"https:\/\/cetaradell.cat\/ce\/wp-content\/uploads\/Pessebre-les-Agudes_6b.jpg","type":"image\/jpeg"}],"author":"Llu\u00eds Saborit","twitter_card":"summary_large_image","twitter_misc":{"Escrit per":"Llu\u00eds Saborit","Temps estimat de lectura":"1 minut"},"schema":{"@context":"https:\/\/schema.org","@graph":[{"@type":"Article","@id":"https:\/\/cetaradell.cat\/ce\/sortida-a-portar-el-pessebre-a-les-agudes-2020\/#article","isPartOf":{"@id":"https:\/\/cetaradell.cat\/ce\/sortida-a-portar-el-pessebre-a-les-agudes-2020\/"},"author":{"name":"Llu\u00eds Saborit","@id":"https:\/\/cetaradell.cat\/ce\/#\/schema\/person\/3d52bde1320c04297d2b30aec733921a"},"headline":"Sortida a portar el pessebre a les Agudes \u2013 2020","datePublished":"2020-12-09T18:42:13+00:00","dateModified":"2020-12-09T18:44:06+00:00","mainEntityOfPage":{"@id":"https:\/\/cetaradell.cat\/ce\/sortida-a-portar-el-pessebre-a-les-agudes-2020\/"},"wordCount":122,"image":{"@id":"https:\/\/cetaradell.cat\/ce\/sortida-a-portar-el-pessebre-a-les-agudes-2020\/#primaryimage"},"thumbnailUrl":"https:\/\/cetaradell.cat\/ce\/wp-content\/uploads\/Pessebre-les-Agudes_6b.jpg","articleSection":["Activitats","Muntanya"],"inLanguage":"ca"},{"@type":"WebPage","@id":"https:\/\/cetaradell.cat\/ce\/sortida-a-portar-el-pessebre-a-les-agudes-2020\/","url":"https:\/\/cetaradell.cat\/ce\/sortida-a-portar-el-pessebre-a-les-agudes-2020\/","name":"Sortida a portar el pessebre a les Agudes \u2013 2020 - Centre Excursionista Taradell","isPartOf":{"@id":"https:\/\/cetaradell.cat\/ce\/#website"},"primaryImageOfPage":{"@id":"https:\/\/cetaradell.cat\/ce\/sortida-a-portar-el-pessebre-a-les-agudes-2020\/#primaryimage"},"image":{"@id":"https:\/\/cetaradell.cat\/ce\/sortida-a-portar-el-pessebre-a-les-agudes-2020\/#primaryimage"},"thumbnailUrl":"https:\/\/cetaradell.cat\/ce\/wp-content\/uploads\/Pessebre-les-Agudes_6b.jpg","datePublished":"2020-12-09T18:42:13+00:00","dateModified":"2020-12-09T18:44:06+00:00","author":{"@id":"https:\/\/cetaradell.cat\/ce\/#\/schema\/person\/3d52bde1320c04297d2b30aec733921a"},"breadcrumb":{"@id":"https:\/\/cetaradell.cat\/ce\/sortida-a-portar-el-pessebre-a-les-agudes-2020\/#breadcrumb"},"inLanguage":"ca","potentialAction":[{"@type":"ReadAction","target":["https:\/\/cetaradell.cat\/ce\/sortida-a-portar-el-pessebre-a-les-agudes-2020\/"]}]},{"@type":"ImageObject","inLanguage":"ca","@id":"https:\/\/cetaradell.cat\/ce\/sortida-a-portar-el-pessebre-a-les-agudes-2020\/#primaryimage","url":"https:\/\/cetaradell.cat\/ce\/wp-content\/uploads\/Pessebre-les-Agudes_6b.jpg","contentUrl":"https:\/\/cetaradell.cat\/ce\/wp-content\/uploads\/Pessebre-les-Agudes_6b.jpg","width":1519,"height":1013},{"@type":"BreadcrumbList","@id":"https:\/\/cetaradell.cat\/ce\/sortida-a-portar-el-pessebre-a-les-agudes-2020\/#breadcrumb","itemListElement":[{"@type":"ListItem","position":1,"name":"Inici","item":"https:\/\/cetaradell.cat\/ce\/"},{"@type":"ListItem","position":2,"name":"Sortida a portar el pessebre a les Agudes \u2013 2020"}]},{"@type":"WebSite","@id":"https:\/\/cetaradell.cat\/ce\/#website","url":"https:\/\/cetaradell.cat\/ce\/","name":"Centre Excursionista Taradell","description":"","potentialAction":[{"@type":"SearchAction","target":{"@type":"EntryPoint","urlTemplate":"https:\/\/cetaradell.cat\/ce\/?s={search_term_string}"},"query-input":{"@type":"PropertyValueSpecification","valueRequired":true,"valueName":"search_term_string"}}],"inLanguage":"ca"},{"@type":"Person","@id":"https:\/\/cetaradell.cat\/ce\/#\/schema\/person\/3d52bde1320c04297d2b30aec733921a","name":"Llu\u00eds Saborit","image":{"@type":"ImageObject","inLanguage":"ca","@id":"https:\/\/secure.gravatar.com\/avatar\/fc67cb563b92d48b79a11ba5f29f4da1be7939ad0dc8cc5b471a3702b8888208?s=96&d=mm&r=g","url":"https:\/\/secure.gravatar.com\/avatar\/fc67cb563b92d48b79a11ba5f29f4da1be7939ad0dc8cc5b471a3702b8888208?s=96&d=mm&r=g","contentUrl":"https:\/\/secure.gravatar.com\/avatar\/fc67cb563b92d48b79a11ba5f29f4da1be7939ad0dc8cc5b471a3702b8888208?s=96&d=mm&r=g","caption":"Llu\u00eds Saborit"},"url":"https:\/\/cetaradell.cat\/ce\/author\/lluis\/"}]}},"_links":{"self":[{"href":"https:\/\/cetaradell.cat\/ce\/wp-json\/wp\/v2\/posts\/8371","targetHints":{"allow":["GET"]}}],"collection":[{"href":"https:\/\/cetaradell.cat\/ce\/wp-json\/wp\/v2\/posts"}],"about":[{"href":"https:\/\/cetaradell.cat\/ce\/wp-json\/wp\/v2\/types\/post"}],"author":[{"embeddable":true,"href":"https:\/\/cetaradell.cat\/ce\/wp-json\/wp\/v2\/users\/7"}],"replies":[{"embeddable":true,"href":"https:\/\/cetaradell.cat\/ce\/wp-json\/wp\/v2\/comments?post=8371"}],"version-history":[{"count":0,"href":"https:\/\/cetaradell.cat\/ce\/wp-json\/wp\/v2\/posts\/8371\/revisions"}],"wp:featuredmedia":[{"embeddable":true,"href":"https:\/\/cetaradell.cat\/ce\/wp-json\/wp\/v2\/media\/7365"}],"wp:attachment":[{"href":"https:\/\/cetaradell.cat\/ce\/wp-json\/wp\/v2\/media?parent=8371"}],"wp:term":[{"taxonomy":"category","embeddable":true,"href":"https:\/\/cetaradell.cat\/ce\/wp-json\/wp\/v2\/categories?post=8371"},{"taxonomy":"post_tag","embeddable":true,"href":"https:\/\/cetaradell.cat\/ce\/wp-json\/wp\/v2\/tags?post=8371"}],"curies":[{"name":"wp","href":"https:\/\/api.w.org\/{rel}","templated":true}]}}