{"id":8389,"date":"2020-12-19T23:37:37","date_gmt":"2020-12-19T22:37:37","guid":{"rendered":"https:\/\/cetaradell.cat\/ce\/?p=8389"},"modified":"2020-12-19T23:38:39","modified_gmt":"2020-12-19T22:38:39","slug":"els-pessebres-del-cet-ja-son-a-la-muntanya","status":"publish","type":"post","link":"https:\/\/cetaradell.cat\/ce\/els-pessebres-del-cet-ja-son-a-la-muntanya\/","title":{"rendered":"Els pessebres del CET ja s\u00f3n a la muntanya"},"content":{"rendered":"<div id=\"attachment_8392\" style=\"width: 235px\" class=\"wp-caption alignleft\"><a href=\"https:\/\/cetaradell.cat\/ce\/wp-content\/uploads\/202012-08-Pessebre_al_Puig_de_les_Agudes-2.jpeg\" target=\"_blank\" rel=\"noopener noreferrer\"><img decoding=\"async\" aria-describedby=\"caption-attachment-8392\" class=\"wp-image-8392 size-medium\" src=\"https:\/\/cetaradell.cat\/ce\/wp-content\/uploads\/202012-08-Pessebre_al_Puig_de_les_Agudes-2-225x300.jpeg\" alt=\"\" width=\"225\" height=\"300\" srcset=\"https:\/\/cetaradell.cat\/ce\/wp-content\/uploads\/202012-08-Pessebre_al_Puig_de_les_Agudes-2-200x267.jpeg 200w, https:\/\/cetaradell.cat\/ce\/wp-content\/uploads\/202012-08-Pessebre_al_Puig_de_les_Agudes-2-225x300.jpeg 225w, https:\/\/cetaradell.cat\/ce\/wp-content\/uploads\/202012-08-Pessebre_al_Puig_de_les_Agudes-2-400x533.jpeg 400w, https:\/\/cetaradell.cat\/ce\/wp-content\/uploads\/202012-08-Pessebre_al_Puig_de_les_Agudes-2-500x667.jpeg 500w, https:\/\/cetaradell.cat\/ce\/wp-content\/uploads\/202012-08-Pessebre_al_Puig_de_les_Agudes-2-600x800.jpeg 600w, https:\/\/cetaradell.cat\/ce\/wp-content\/uploads\/202012-08-Pessebre_al_Puig_de_les_Agudes-2-700x933.jpeg 700w, https:\/\/cetaradell.cat\/ce\/wp-content\/uploads\/202012-08-Pessebre_al_Puig_de_les_Agudes-2.jpeg 768w\" sizes=\"(max-width: 225px) 100vw, 225px\" \/><\/a><p id=\"caption-attachment-8392\" class=\"wp-caption-text\">Pessebre al Puig de les Agudes<\/p><\/div>\n<p>Enguany vam triar el Puig de les Agudes o Cim del Bac, una muntanya de 1.976 metres que es troba entre els municipis de Llanars, Setcases i Vilallonga de Ter, a la comarca del Ripoll\u00e8s, per portar el pessebre del Pirineu. \u00c9s un cim poc concorregut per\u00f2 amb unes vistes impressionants.<\/p>\n<p>Seguint en tot moment les indicacions de prevenci\u00f3 del Covid-19, hi vam anar 4 excursionistes del CET. Esperem que quan l\u2019anem a buscar, puguem ser m\u00e9s i amb una certa normalitat.<\/p>\n<p>Vam marxar de Taradell a les 7 del mati cap a Setcases on vam deixar el cotxe. Havia acabat de fer una nevadeta que havia deixat un paisatge ben blanc, per\u00f2 en cap moment no vam necessitar ni raquetes ni grampons, perqu\u00e8 nom\u00e9s es tractava d\u2019una \u201cenfarinada\u201d.<\/p>\n<p>La ruta \u00e9s molt senzilla, s\u2019ha de seguir el GR11 direcci\u00f3 a Moll\u00f3, i quan s\u2019arriba al Pla de les Bigues s\u2019ha de seguir un filat a m\u00e0 esquerra, que porta fins al cim i la baixada la vam fer camps a trav\u00e9s per la forta pendent dels prats del Bac, fins a trobar el cam\u00ed que va a Setcases, passant per la cabanya dels Sucarrats.<\/p>\n<p>Tot i que no hi havia cap tram dificult\u00f3s, si que ens vam trobar amb unes plaques de gel, sobretot a la part obaga, en pujant, que estaven camuflades per la capa de neu i que ens van fer caure de cul mes d\u2019un cop sense cap m\u00e9s conseq\u00fc\u00e8ncia que les rialles pertinents. Despr\u00e8s de demanar si havien pres mal, i en baixant, la fina cap de neu tamb\u00e9 ens va jugar males pesades, per\u00f2 nom\u00e9s per comptabilitzar quants cops hav\u00edem caigut.<\/p>\n<p>Us recomanem aquest cim, \u00e9s f\u00e0cil i entretingut.<\/p>\n<p style=\"text-align: center;\">\u2026 \u2026 \u2026<\/p>\n<p>Per altra banda, el dilluns dia 14 de desembre de 2020 es va portar el pessebre a les Agudes del Montseny. En aquesta sortida hi van participar 10 excursionistes que en tot moment van seguir estrictament les mesures de seguretat establertes per evitar el COVID-19.<\/p>\n<p>Per causes de la pand\u00e8mia la sortida es va haver de fer en dilluns ja que el cap de setmana hi havia confinament municipal.<\/p>\n<div id=\"attachment_8393\" style=\"width: 1034px\" class=\"wp-caption aligncenter\"><a href=\"https:\/\/cetaradell.cat\/ce\/wp-content\/uploads\/Pujar-al-Pessebre-a-les-Agudes-1.706-m-scaled.jpg\" target=\"_blank\" rel=\"noopener noreferrer\"><img decoding=\"async\" aria-describedby=\"caption-attachment-8393\" class=\"wp-image-8393 size-large\" src=\"https:\/\/cetaradell.cat\/ce\/wp-content\/uploads\/Pujar-al-Pessebre-a-les-Agudes-1.706-m-1024x680.jpg\" alt=\"\" width=\"1024\" height=\"680\" srcset=\"https:\/\/cetaradell.cat\/ce\/wp-content\/uploads\/Pujar-al-Pessebre-a-les-Agudes-1.706-m-200x133.jpg 200w, https:\/\/cetaradell.cat\/ce\/wp-content\/uploads\/Pujar-al-Pessebre-a-les-Agudes-1.706-m-300x199.jpg 300w, https:\/\/cetaradell.cat\/ce\/wp-content\/uploads\/Pujar-al-Pessebre-a-les-Agudes-1.706-m-400x266.jpg 400w, https:\/\/cetaradell.cat\/ce\/wp-content\/uploads\/Pujar-al-Pessebre-a-les-Agudes-1.706-m-scaled-500x332.jpg 500w, https:\/\/cetaradell.cat\/ce\/wp-content\/uploads\/Pujar-al-Pessebre-a-les-Agudes-1.706-m-600x399.jpg 600w, https:\/\/cetaradell.cat\/ce\/wp-content\/uploads\/Pujar-al-Pessebre-a-les-Agudes-1.706-m-scaled-700x465.jpg 700w, https:\/\/cetaradell.cat\/ce\/wp-content\/uploads\/Pujar-al-Pessebre-a-les-Agudes-1.706-m-768x510.jpg 768w, https:\/\/cetaradell.cat\/ce\/wp-content\/uploads\/Pujar-al-Pessebre-a-les-Agudes-1.706-m-800x531.jpg 800w, https:\/\/cetaradell.cat\/ce\/wp-content\/uploads\/Pujar-al-Pessebre-a-les-Agudes-1.706-m-1024x680.jpg 1024w, https:\/\/cetaradell.cat\/ce\/wp-content\/uploads\/Pujar-al-Pessebre-a-les-Agudes-1.706-m-1200x797.jpg 1200w, https:\/\/cetaradell.cat\/ce\/wp-content\/uploads\/Pujar-al-Pessebre-a-les-Agudes-1.706-m-1536x1020.jpg 1536w\" sizes=\"(max-width: 1024px) 100vw, 1024px\" \/><\/a><p id=\"caption-attachment-8393\" class=\"wp-caption-text\">Sortida a portar el pessebre a les Agudes<\/p><\/div>\n<p>&nbsp;<\/p>\n<p>&nbsp;<\/p>\n","protected":false},"excerpt":{"rendered":"<p>Enguany vam triar el Puig de les Agudes o Cim del Bac, una muntanya de 1.976 metres que es troba entre els municipis de Llanars, Setcases i Vilallonga de Ter, a la comarca del Ripoll\u00e8s, per portar el pessebre del Pirineu. \u00c9s un cim poc concorregut per\u00f2 amb unes vistes  [&#8230;]<\/p>\n","protected":false},"author":7,"featured_media":8392,"comment_status":"closed","ping_status":"closed","sticky":false,"template":"","format":"standard","meta":{"footnotes":""},"categories":[7,3],"tags":[],"class_list":["post-8389","post","type-post","status-publish","format-standard","has-post-thumbnail","hentry","category-muntanya","category-noticies"],"yoast_head":"<!-- This site is optimized with the Yoast SEO plugin v27.4 - https:\/\/yoast.com\/product\/yoast-seo-wordpress\/ -->\n<title>Els pessebres del CET ja s\u00f3n a la muntanya - Centre Excursionista Taradell<\/title>\n<meta name=\"robots\" content=\"index, follow, max-snippet:-1, max-image-preview:large, max-video-preview:-1\" \/>\n<link rel=\"canonical\" href=\"https:\/\/cetaradell.cat\/ce\/els-pessebres-del-cet-ja-son-a-la-muntanya\/\" \/>\n<meta property=\"og:locale\" content=\"ca_ES\" \/>\n<meta property=\"og:type\" content=\"article\" \/>\n<meta property=\"og:title\" content=\"Els pessebres del CET ja s\u00f3n a la muntanya - Centre Excursionista Taradell\" \/>\n<meta property=\"og:description\" content=\"Enguany vam triar el Puig de les Agudes o Cim del Bac, una muntanya de 1.976 metres que es troba entre els municipis de Llanars, Setcases i Vilallonga de Ter, a la comarca del Ripoll\u00e8s, per portar el pessebre del Pirineu. \u00c9s un cim poc concorregut per\u00f2 amb unes vistes [...]\" \/>\n<meta property=\"og:url\" content=\"https:\/\/cetaradell.cat\/ce\/els-pessebres-del-cet-ja-son-a-la-muntanya\/\" \/>\n<meta property=\"og:site_name\" content=\"Centre Excursionista Taradell\" \/>\n<meta property=\"article:publisher\" content=\"https:\/\/www.facebook.com\/CETaradell\/\" \/>\n<meta property=\"article:published_time\" content=\"2020-12-19T22:37:37+00:00\" \/>\n<meta property=\"article:modified_time\" content=\"2020-12-19T22:38:39+00:00\" \/>\n<meta property=\"og:image\" content=\"https:\/\/cetaradell.cat\/ce\/wp-content\/uploads\/202012-08-Pessebre_al_Puig_de_les_Agudes-2.jpeg\" \/>\n\t<meta property=\"og:image:width\" content=\"768\" \/>\n\t<meta property=\"og:image:height\" content=\"1024\" \/>\n\t<meta property=\"og:image:type\" content=\"image\/jpeg\" \/>\n<meta name=\"author\" content=\"Llu\u00eds Saborit\" \/>\n<meta name=\"twitter:card\" content=\"summary_large_image\" \/>\n<meta name=\"twitter:label1\" content=\"Escrit per\" \/>\n\t<meta name=\"twitter:data1\" content=\"Llu\u00eds Saborit\" \/>\n\t<meta name=\"twitter:label2\" content=\"Temps estimat de lectura\" \/>\n\t<meta name=\"twitter:data2\" content=\"2 minuts\" \/>\n<script type=\"application\/ld+json\" class=\"yoast-schema-graph\">{\"@context\":\"https:\\\/\\\/schema.org\",\"@graph\":[{\"@type\":\"Article\",\"@id\":\"https:\\\/\\\/cetaradell.cat\\\/ce\\\/els-pessebres-del-cet-ja-son-a-la-muntanya\\\/#article\",\"isPartOf\":{\"@id\":\"https:\\\/\\\/cetaradell.cat\\\/ce\\\/els-pessebres-del-cet-ja-son-a-la-muntanya\\\/\"},\"author\":{\"name\":\"Llu\u00eds Saborit\",\"@id\":\"https:\\\/\\\/cetaradell.cat\\\/ce\\\/#\\\/schema\\\/person\\\/3d52bde1320c04297d2b30aec733921a\"},\"headline\":\"Els pessebres del CET ja s\u00f3n a la muntanya\",\"datePublished\":\"2020-12-19T22:37:37+00:00\",\"dateModified\":\"2020-12-19T22:38:39+00:00\",\"mainEntityOfPage\":{\"@id\":\"https:\\\/\\\/cetaradell.cat\\\/ce\\\/els-pessebres-del-cet-ja-son-a-la-muntanya\\\/\"},\"wordCount\":406,\"image\":{\"@id\":\"https:\\\/\\\/cetaradell.cat\\\/ce\\\/els-pessebres-del-cet-ja-son-a-la-muntanya\\\/#primaryimage\"},\"thumbnailUrl\":\"https:\\\/\\\/cetaradell.cat\\\/ce\\\/wp-content\\\/uploads\\\/202012-08-Pessebre_al_Puig_de_les_Agudes-2.jpeg\",\"articleSection\":[\"Muntanya\",\"Not\u00edcies\"],\"inLanguage\":\"ca\"},{\"@type\":\"WebPage\",\"@id\":\"https:\\\/\\\/cetaradell.cat\\\/ce\\\/els-pessebres-del-cet-ja-son-a-la-muntanya\\\/\",\"url\":\"https:\\\/\\\/cetaradell.cat\\\/ce\\\/els-pessebres-del-cet-ja-son-a-la-muntanya\\\/\",\"name\":\"Els pessebres del CET ja s\u00f3n a la muntanya - Centre Excursionista Taradell\",\"isPartOf\":{\"@id\":\"https:\\\/\\\/cetaradell.cat\\\/ce\\\/#website\"},\"primaryImageOfPage\":{\"@id\":\"https:\\\/\\\/cetaradell.cat\\\/ce\\\/els-pessebres-del-cet-ja-son-a-la-muntanya\\\/#primaryimage\"},\"image\":{\"@id\":\"https:\\\/\\\/cetaradell.cat\\\/ce\\\/els-pessebres-del-cet-ja-son-a-la-muntanya\\\/#primaryimage\"},\"thumbnailUrl\":\"https:\\\/\\\/cetaradell.cat\\\/ce\\\/wp-content\\\/uploads\\\/202012-08-Pessebre_al_Puig_de_les_Agudes-2.jpeg\",\"datePublished\":\"2020-12-19T22:37:37+00:00\",\"dateModified\":\"2020-12-19T22:38:39+00:00\",\"author\":{\"@id\":\"https:\\\/\\\/cetaradell.cat\\\/ce\\\/#\\\/schema\\\/person\\\/3d52bde1320c04297d2b30aec733921a\"},\"breadcrumb\":{\"@id\":\"https:\\\/\\\/cetaradell.cat\\\/ce\\\/els-pessebres-del-cet-ja-son-a-la-muntanya\\\/#breadcrumb\"},\"inLanguage\":\"ca\",\"potentialAction\":[{\"@type\":\"ReadAction\",\"target\":[\"https:\\\/\\\/cetaradell.cat\\\/ce\\\/els-pessebres-del-cet-ja-son-a-la-muntanya\\\/\"]}]},{\"@type\":\"ImageObject\",\"inLanguage\":\"ca\",\"@id\":\"https:\\\/\\\/cetaradell.cat\\\/ce\\\/els-pessebres-del-cet-ja-son-a-la-muntanya\\\/#primaryimage\",\"url\":\"https:\\\/\\\/cetaradell.cat\\\/ce\\\/wp-content\\\/uploads\\\/202012-08-Pessebre_al_Puig_de_les_Agudes-2.jpeg\",\"contentUrl\":\"https:\\\/\\\/cetaradell.cat\\\/ce\\\/wp-content\\\/uploads\\\/202012-08-Pessebre_al_Puig_de_les_Agudes-2.jpeg\",\"width\":768,\"height\":1024},{\"@type\":\"BreadcrumbList\",\"@id\":\"https:\\\/\\\/cetaradell.cat\\\/ce\\\/els-pessebres-del-cet-ja-son-a-la-muntanya\\\/#breadcrumb\",\"itemListElement\":[{\"@type\":\"ListItem\",\"position\":1,\"name\":\"Inici\",\"item\":\"https:\\\/\\\/cetaradell.cat\\\/ce\\\/\"},{\"@type\":\"ListItem\",\"position\":2,\"name\":\"Els pessebres del CET ja s\u00f3n a la muntanya\"}]},{\"@type\":\"WebSite\",\"@id\":\"https:\\\/\\\/cetaradell.cat\\\/ce\\\/#website\",\"url\":\"https:\\\/\\\/cetaradell.cat\\\/ce\\\/\",\"name\":\"Centre Excursionista Taradell\",\"description\":\"\",\"potentialAction\":[{\"@type\":\"SearchAction\",\"target\":{\"@type\":\"EntryPoint\",\"urlTemplate\":\"https:\\\/\\\/cetaradell.cat\\\/ce\\\/?s={search_term_string}\"},\"query-input\":{\"@type\":\"PropertyValueSpecification\",\"valueRequired\":true,\"valueName\":\"search_term_string\"}}],\"inLanguage\":\"ca\"},{\"@type\":\"Person\",\"@id\":\"https:\\\/\\\/cetaradell.cat\\\/ce\\\/#\\\/schema\\\/person\\\/3d52bde1320c04297d2b30aec733921a\",\"name\":\"Llu\u00eds Saborit\",\"image\":{\"@type\":\"ImageObject\",\"inLanguage\":\"ca\",\"@id\":\"https:\\\/\\\/secure.gravatar.com\\\/avatar\\\/fc67cb563b92d48b79a11ba5f29f4da1be7939ad0dc8cc5b471a3702b8888208?s=96&d=mm&r=g\",\"url\":\"https:\\\/\\\/secure.gravatar.com\\\/avatar\\\/fc67cb563b92d48b79a11ba5f29f4da1be7939ad0dc8cc5b471a3702b8888208?s=96&d=mm&r=g\",\"contentUrl\":\"https:\\\/\\\/secure.gravatar.com\\\/avatar\\\/fc67cb563b92d48b79a11ba5f29f4da1be7939ad0dc8cc5b471a3702b8888208?s=96&d=mm&r=g\",\"caption\":\"Llu\u00eds Saborit\"},\"url\":\"https:\\\/\\\/cetaradell.cat\\\/ce\\\/author\\\/lluis\\\/\"}]}<\/script>\n<!-- \/ Yoast SEO plugin. -->","yoast_head_json":{"title":"Els pessebres del CET ja s\u00f3n a la muntanya - Centre Excursionista Taradell","robots":{"index":"index","follow":"follow","max-snippet":"max-snippet:-1","max-image-preview":"max-image-preview:large","max-video-preview":"max-video-preview:-1"},"canonical":"https:\/\/cetaradell.cat\/ce\/els-pessebres-del-cet-ja-son-a-la-muntanya\/","og_locale":"ca_ES","og_type":"article","og_title":"Els pessebres del CET ja s\u00f3n a la muntanya - Centre Excursionista Taradell","og_description":"Enguany vam triar el Puig de les Agudes o Cim del Bac, una muntanya de 1.976 metres que es troba entre els municipis de Llanars, Setcases i Vilallonga de Ter, a la comarca del Ripoll\u00e8s, per portar el pessebre del Pirineu. \u00c9s un cim poc concorregut per\u00f2 amb unes vistes [...]","og_url":"https:\/\/cetaradell.cat\/ce\/els-pessebres-del-cet-ja-son-a-la-muntanya\/","og_site_name":"Centre Excursionista Taradell","article_publisher":"https:\/\/www.facebook.com\/CETaradell\/","article_published_time":"2020-12-19T22:37:37+00:00","article_modified_time":"2020-12-19T22:38:39+00:00","og_image":[{"width":768,"height":1024,"url":"https:\/\/cetaradell.cat\/ce\/wp-content\/uploads\/202012-08-Pessebre_al_Puig_de_les_Agudes-2.jpeg","type":"image\/jpeg"}],"author":"Llu\u00eds Saborit","twitter_card":"summary_large_image","twitter_misc":{"Escrit per":"Llu\u00eds Saborit","Temps estimat de lectura":"2 minuts"},"schema":{"@context":"https:\/\/schema.org","@graph":[{"@type":"Article","@id":"https:\/\/cetaradell.cat\/ce\/els-pessebres-del-cet-ja-son-a-la-muntanya\/#article","isPartOf":{"@id":"https:\/\/cetaradell.cat\/ce\/els-pessebres-del-cet-ja-son-a-la-muntanya\/"},"author":{"name":"Llu\u00eds Saborit","@id":"https:\/\/cetaradell.cat\/ce\/#\/schema\/person\/3d52bde1320c04297d2b30aec733921a"},"headline":"Els pessebres del CET ja s\u00f3n a la muntanya","datePublished":"2020-12-19T22:37:37+00:00","dateModified":"2020-12-19T22:38:39+00:00","mainEntityOfPage":{"@id":"https:\/\/cetaradell.cat\/ce\/els-pessebres-del-cet-ja-son-a-la-muntanya\/"},"wordCount":406,"image":{"@id":"https:\/\/cetaradell.cat\/ce\/els-pessebres-del-cet-ja-son-a-la-muntanya\/#primaryimage"},"thumbnailUrl":"https:\/\/cetaradell.cat\/ce\/wp-content\/uploads\/202012-08-Pessebre_al_Puig_de_les_Agudes-2.jpeg","articleSection":["Muntanya","Not\u00edcies"],"inLanguage":"ca"},{"@type":"WebPage","@id":"https:\/\/cetaradell.cat\/ce\/els-pessebres-del-cet-ja-son-a-la-muntanya\/","url":"https:\/\/cetaradell.cat\/ce\/els-pessebres-del-cet-ja-son-a-la-muntanya\/","name":"Els pessebres del CET ja s\u00f3n a la muntanya - Centre Excursionista Taradell","isPartOf":{"@id":"https:\/\/cetaradell.cat\/ce\/#website"},"primaryImageOfPage":{"@id":"https:\/\/cetaradell.cat\/ce\/els-pessebres-del-cet-ja-son-a-la-muntanya\/#primaryimage"},"image":{"@id":"https:\/\/cetaradell.cat\/ce\/els-pessebres-del-cet-ja-son-a-la-muntanya\/#primaryimage"},"thumbnailUrl":"https:\/\/cetaradell.cat\/ce\/wp-content\/uploads\/202012-08-Pessebre_al_Puig_de_les_Agudes-2.jpeg","datePublished":"2020-12-19T22:37:37+00:00","dateModified":"2020-12-19T22:38:39+00:00","author":{"@id":"https:\/\/cetaradell.cat\/ce\/#\/schema\/person\/3d52bde1320c04297d2b30aec733921a"},"breadcrumb":{"@id":"https:\/\/cetaradell.cat\/ce\/els-pessebres-del-cet-ja-son-a-la-muntanya\/#breadcrumb"},"inLanguage":"ca","potentialAction":[{"@type":"ReadAction","target":["https:\/\/cetaradell.cat\/ce\/els-pessebres-del-cet-ja-son-a-la-muntanya\/"]}]},{"@type":"ImageObject","inLanguage":"ca","@id":"https:\/\/cetaradell.cat\/ce\/els-pessebres-del-cet-ja-son-a-la-muntanya\/#primaryimage","url":"https:\/\/cetaradell.cat\/ce\/wp-content\/uploads\/202012-08-Pessebre_al_Puig_de_les_Agudes-2.jpeg","contentUrl":"https:\/\/cetaradell.cat\/ce\/wp-content\/uploads\/202012-08-Pessebre_al_Puig_de_les_Agudes-2.jpeg","width":768,"height":1024},{"@type":"BreadcrumbList","@id":"https:\/\/cetaradell.cat\/ce\/els-pessebres-del-cet-ja-son-a-la-muntanya\/#breadcrumb","itemListElement":[{"@type":"ListItem","position":1,"name":"Inici","item":"https:\/\/cetaradell.cat\/ce\/"},{"@type":"ListItem","position":2,"name":"Els pessebres del CET ja s\u00f3n a la muntanya"}]},{"@type":"WebSite","@id":"https:\/\/cetaradell.cat\/ce\/#website","url":"https:\/\/cetaradell.cat\/ce\/","name":"Centre Excursionista Taradell","description":"","potentialAction":[{"@type":"SearchAction","target":{"@type":"EntryPoint","urlTemplate":"https:\/\/cetaradell.cat\/ce\/?s={search_term_string}"},"query-input":{"@type":"PropertyValueSpecification","valueRequired":true,"valueName":"search_term_string"}}],"inLanguage":"ca"},{"@type":"Person","@id":"https:\/\/cetaradell.cat\/ce\/#\/schema\/person\/3d52bde1320c04297d2b30aec733921a","name":"Llu\u00eds Saborit","image":{"@type":"ImageObject","inLanguage":"ca","@id":"https:\/\/secure.gravatar.com\/avatar\/fc67cb563b92d48b79a11ba5f29f4da1be7939ad0dc8cc5b471a3702b8888208?s=96&d=mm&r=g","url":"https:\/\/secure.gravatar.com\/avatar\/fc67cb563b92d48b79a11ba5f29f4da1be7939ad0dc8cc5b471a3702b8888208?s=96&d=mm&r=g","contentUrl":"https:\/\/secure.gravatar.com\/avatar\/fc67cb563b92d48b79a11ba5f29f4da1be7939ad0dc8cc5b471a3702b8888208?s=96&d=mm&r=g","caption":"Llu\u00eds Saborit"},"url":"https:\/\/cetaradell.cat\/ce\/author\/lluis\/"}]}},"_links":{"self":[{"href":"https:\/\/cetaradell.cat\/ce\/wp-json\/wp\/v2\/posts\/8389","targetHints":{"allow":["GET"]}}],"collection":[{"href":"https:\/\/cetaradell.cat\/ce\/wp-json\/wp\/v2\/posts"}],"about":[{"href":"https:\/\/cetaradell.cat\/ce\/wp-json\/wp\/v2\/types\/post"}],"author":[{"embeddable":true,"href":"https:\/\/cetaradell.cat\/ce\/wp-json\/wp\/v2\/users\/7"}],"replies":[{"embeddable":true,"href":"https:\/\/cetaradell.cat\/ce\/wp-json\/wp\/v2\/comments?post=8389"}],"version-history":[{"count":0,"href":"https:\/\/cetaradell.cat\/ce\/wp-json\/wp\/v2\/posts\/8389\/revisions"}],"wp:featuredmedia":[{"embeddable":true,"href":"https:\/\/cetaradell.cat\/ce\/wp-json\/wp\/v2\/media\/8392"}],"wp:attachment":[{"href":"https:\/\/cetaradell.cat\/ce\/wp-json\/wp\/v2\/media?parent=8389"}],"wp:term":[{"taxonomy":"category","embeddable":true,"href":"https:\/\/cetaradell.cat\/ce\/wp-json\/wp\/v2\/categories?post=8389"},{"taxonomy":"post_tag","embeddable":true,"href":"https:\/\/cetaradell.cat\/ce\/wp-json\/wp\/v2\/tags?post=8389"}],"curies":[{"name":"wp","href":"https:\/\/api.w.org\/{rel}","templated":true}]}}