{"id":8397,"date":"2020-12-23T22:30:46","date_gmt":"2020-12-23T21:30:46","guid":{"rendered":"https:\/\/cetaradell.cat\/ce\/?p=8397"},"modified":"2021-12-04T14:39:58","modified_gmt":"2021-12-04T13:39:58","slug":"cavada-2020-al-castell-de-can-boix","status":"publish","type":"post","link":"https:\/\/cetaradell.cat\/ce\/cavada-2020-al-castell-de-can-boix\/","title":{"rendered":"Cavada &#8211; 2020, al Castell de Ca&#8217;n Boix"},"content":{"rendered":"<h3>Cavada <del>a Matagalls<\/del> al Castell de Ca&#8217;n Boix<\/h3>\n<p><a href=\"https:\/\/cetaradell.cat\/ce\/wp-content\/uploads\/P1130168-2-300x225-1.jpg\"><img decoding=\"async\" class=\"size-full wp-image-7328 alignleft\" src=\"https:\/\/cetaradell.cat\/ce\/wp-content\/uploads\/P1130168-2-300x225-1.jpg\" alt=\"\" width=\"300\" height=\"225\" srcset=\"https:\/\/cetaradell.cat\/ce\/wp-content\/uploads\/P1130168-2-300x225-1-200x150.jpg 200w, https:\/\/cetaradell.cat\/ce\/wp-content\/uploads\/P1130168-2-300x225-1.jpg 300w\" sizes=\"(max-width: 300px) 100vw, 300px\" \/><\/a><\/p>\n<p>Ha arribat el desembre que \u00e9s un mes de moltes tradicions i entre elles no podia faltar la tradicional <strong>cavada a Matagalls<\/strong>, per\u00f2 enguany degut a la Covid-19 no ser\u00e0 possible. De tota manera us proposem una activitat alternativa: la <strong>Cavada al Castell de Ca&#8217;n Boix.<\/strong><\/p>\n<p>Igual que a la Cavada de Matagalls, cal anar ben abrigats, \u00e9s hivern i diuen que far\u00e0 fred, i les normes s\u00f3n les mateixes de cada any. Com sempre les normes m\u00e9s importants s\u00f3n tenir seny, que el <strong>cava sigui cava<\/strong> i que la <strong>copa<\/strong> per veure&#8217;l sigui <strong>de vidre<\/strong>, com \u00e9s tradici\u00f3.<\/p>\n<p>&nbsp;<\/p>\n<h4><strong>Dades t\u00e8cniques de la cavada<\/strong><\/h4>\n<p><strong>Dia:<\/strong> divendres, 25 de desembre de 2020<br \/>\n<strong>Hora i lloc de sortida:<\/strong> a les 6 de la tarda de la pla\u00e7a Santa Ll\u00facia de Taradell<br \/>\n<strong>Normes importants:<\/strong><br \/>\n&#8211; Portar cava (autoconsum) i copa de vidre<br \/>\n&#8211; Portar alguna cosa per menjar, tamb\u00e9 per autoconsum.<br \/>\n&#8211;\u00a0 Anar degudament abrigats ( diuen que far\u00e0 fred&#8230;som a l\u2019hivern )<br \/>\n&#8211; Imprescindible portar mascareta<br \/>\n&#8211; Mantenir en tot moment les dist\u00e0ncies de seguretat<br \/>\n&#8211; Ganes de cantar nadales, explicar acudits i passar-s\u2019ho b\u00e9 tot mantenint les recomanacions anticovid<br \/>\n&#8211; A les 10 de la nit cadasc\u00fa a casa seva<\/p>\n<p>&nbsp;<\/p>\n","protected":false},"excerpt":{"rendered":"<p>Cavada a Matagalls al Castell de Ca&#8217;n Boix Ha arribat el desembre que \u00e9s un mes de moltes tradicions i entre elles no podia faltar la tradicional cavada a Matagalls, per\u00f2 enguany degut a la Covid-19 no ser\u00e0 possible. De tota manera us proposem una activitat alternativa: la Cavada al  [&#8230;]<\/p>\n","protected":false},"author":7,"featured_media":7749,"comment_status":"closed","ping_status":"closed","sticky":false,"template":"","format":"standard","meta":{"footnotes":""},"categories":[4,7],"tags":[],"class_list":["post-8397","post","type-post","status-publish","format-standard","has-post-thumbnail","hentry","category-activitats","category-muntanya"],"yoast_head":"<!-- This site is optimized with the Yoast SEO plugin v27.4 - https:\/\/yoast.com\/product\/yoast-seo-wordpress\/ -->\n<title>Cavada - 2020, al Castell de Ca&#039;n Boix - Centre Excursionista Taradell<\/title>\n<meta name=\"robots\" content=\"index, follow, max-snippet:-1, max-image-preview:large, max-video-preview:-1\" \/>\n<link rel=\"canonical\" href=\"https:\/\/cetaradell.cat\/ce\/cavada-2020-al-castell-de-can-boix\/\" \/>\n<meta property=\"og:locale\" content=\"ca_ES\" \/>\n<meta property=\"og:type\" content=\"article\" \/>\n<meta property=\"og:title\" content=\"Cavada - 2020, al Castell de Ca&#039;n Boix - Centre Excursionista Taradell\" \/>\n<meta property=\"og:description\" content=\"Cavada a Matagalls al Castell de Ca&#8217;n Boix Ha arribat el desembre que \u00e9s un mes de moltes tradicions i entre elles no podia faltar la tradicional cavada a Matagalls, per\u00f2 enguany degut a la Covid-19 no ser\u00e0 possible. De tota manera us proposem una activitat alternativa: la Cavada al [...]\" \/>\n<meta property=\"og:url\" content=\"https:\/\/cetaradell.cat\/ce\/cavada-2020-al-castell-de-can-boix\/\" \/>\n<meta property=\"og:site_name\" content=\"Centre Excursionista Taradell\" \/>\n<meta property=\"article:publisher\" content=\"https:\/\/www.facebook.com\/CETaradell\/\" \/>\n<meta property=\"article:published_time\" content=\"2020-12-23T21:30:46+00:00\" \/>\n<meta property=\"article:modified_time\" content=\"2021-12-04T13:39:58+00:00\" \/>\n<meta property=\"og:image\" content=\"https:\/\/cetaradell.cat\/ce\/wp-content\/uploads\/2015-12-25_cavada-JM_Sans.jpg\" \/>\n\t<meta property=\"og:image:width\" content=\"2447\" \/>\n\t<meta property=\"og:image:height\" content=\"1631\" \/>\n\t<meta property=\"og:image:type\" content=\"image\/jpeg\" \/>\n<meta name=\"author\" content=\"Llu\u00eds Saborit\" \/>\n<meta name=\"twitter:card\" content=\"summary_large_image\" \/>\n<meta name=\"twitter:label1\" content=\"Escrit per\" \/>\n\t<meta name=\"twitter:data1\" content=\"Llu\u00eds Saborit\" \/>\n\t<meta name=\"twitter:label2\" content=\"Temps estimat de lectura\" \/>\n\t<meta name=\"twitter:data2\" content=\"2 minuts\" \/>\n<script type=\"application\/ld+json\" class=\"yoast-schema-graph\">{\"@context\":\"https:\\\/\\\/schema.org\",\"@graph\":[{\"@type\":\"Article\",\"@id\":\"https:\\\/\\\/cetaradell.cat\\\/ce\\\/cavada-2020-al-castell-de-can-boix\\\/#article\",\"isPartOf\":{\"@id\":\"https:\\\/\\\/cetaradell.cat\\\/ce\\\/cavada-2020-al-castell-de-can-boix\\\/\"},\"author\":{\"name\":\"Llu\u00eds Saborit\",\"@id\":\"https:\\\/\\\/cetaradell.cat\\\/ce\\\/#\\\/schema\\\/person\\\/3d52bde1320c04297d2b30aec733921a\"},\"headline\":\"Cavada &#8211; 2020, al Castell de Ca&#8217;n Boix\",\"datePublished\":\"2020-12-23T21:30:46+00:00\",\"dateModified\":\"2021-12-04T13:39:58+00:00\",\"mainEntityOfPage\":{\"@id\":\"https:\\\/\\\/cetaradell.cat\\\/ce\\\/cavada-2020-al-castell-de-can-boix\\\/\"},\"wordCount\":224,\"image\":{\"@id\":\"https:\\\/\\\/cetaradell.cat\\\/ce\\\/cavada-2020-al-castell-de-can-boix\\\/#primaryimage\"},\"thumbnailUrl\":\"https:\\\/\\\/cetaradell.cat\\\/ce\\\/wp-content\\\/uploads\\\/2015-12-25_cavada-JM_Sans.jpg\",\"articleSection\":[\"Activitats\",\"Muntanya\"],\"inLanguage\":\"ca\"},{\"@type\":\"WebPage\",\"@id\":\"https:\\\/\\\/cetaradell.cat\\\/ce\\\/cavada-2020-al-castell-de-can-boix\\\/\",\"url\":\"https:\\\/\\\/cetaradell.cat\\\/ce\\\/cavada-2020-al-castell-de-can-boix\\\/\",\"name\":\"Cavada - 2020, al Castell de Ca'n Boix - Centre Excursionista Taradell\",\"isPartOf\":{\"@id\":\"https:\\\/\\\/cetaradell.cat\\\/ce\\\/#website\"},\"primaryImageOfPage\":{\"@id\":\"https:\\\/\\\/cetaradell.cat\\\/ce\\\/cavada-2020-al-castell-de-can-boix\\\/#primaryimage\"},\"image\":{\"@id\":\"https:\\\/\\\/cetaradell.cat\\\/ce\\\/cavada-2020-al-castell-de-can-boix\\\/#primaryimage\"},\"thumbnailUrl\":\"https:\\\/\\\/cetaradell.cat\\\/ce\\\/wp-content\\\/uploads\\\/2015-12-25_cavada-JM_Sans.jpg\",\"datePublished\":\"2020-12-23T21:30:46+00:00\",\"dateModified\":\"2021-12-04T13:39:58+00:00\",\"author\":{\"@id\":\"https:\\\/\\\/cetaradell.cat\\\/ce\\\/#\\\/schema\\\/person\\\/3d52bde1320c04297d2b30aec733921a\"},\"breadcrumb\":{\"@id\":\"https:\\\/\\\/cetaradell.cat\\\/ce\\\/cavada-2020-al-castell-de-can-boix\\\/#breadcrumb\"},\"inLanguage\":\"ca\",\"potentialAction\":[{\"@type\":\"ReadAction\",\"target\":[\"https:\\\/\\\/cetaradell.cat\\\/ce\\\/cavada-2020-al-castell-de-can-boix\\\/\"]}]},{\"@type\":\"ImageObject\",\"inLanguage\":\"ca\",\"@id\":\"https:\\\/\\\/cetaradell.cat\\\/ce\\\/cavada-2020-al-castell-de-can-boix\\\/#primaryimage\",\"url\":\"https:\\\/\\\/cetaradell.cat\\\/ce\\\/wp-content\\\/uploads\\\/2015-12-25_cavada-JM_Sans.jpg\",\"contentUrl\":\"https:\\\/\\\/cetaradell.cat\\\/ce\\\/wp-content\\\/uploads\\\/2015-12-25_cavada-JM_Sans.jpg\",\"width\":2447,\"height\":1631},{\"@type\":\"BreadcrumbList\",\"@id\":\"https:\\\/\\\/cetaradell.cat\\\/ce\\\/cavada-2020-al-castell-de-can-boix\\\/#breadcrumb\",\"itemListElement\":[{\"@type\":\"ListItem\",\"position\":1,\"name\":\"Inici\",\"item\":\"https:\\\/\\\/cetaradell.cat\\\/ce\\\/\"},{\"@type\":\"ListItem\",\"position\":2,\"name\":\"Cavada &#8211; 2020, al Castell de Ca&#8217;n Boix\"}]},{\"@type\":\"WebSite\",\"@id\":\"https:\\\/\\\/cetaradell.cat\\\/ce\\\/#website\",\"url\":\"https:\\\/\\\/cetaradell.cat\\\/ce\\\/\",\"name\":\"Centre Excursionista Taradell\",\"description\":\"\",\"potentialAction\":[{\"@type\":\"SearchAction\",\"target\":{\"@type\":\"EntryPoint\",\"urlTemplate\":\"https:\\\/\\\/cetaradell.cat\\\/ce\\\/?s={search_term_string}\"},\"query-input\":{\"@type\":\"PropertyValueSpecification\",\"valueRequired\":true,\"valueName\":\"search_term_string\"}}],\"inLanguage\":\"ca\"},{\"@type\":\"Person\",\"@id\":\"https:\\\/\\\/cetaradell.cat\\\/ce\\\/#\\\/schema\\\/person\\\/3d52bde1320c04297d2b30aec733921a\",\"name\":\"Llu\u00eds Saborit\",\"image\":{\"@type\":\"ImageObject\",\"inLanguage\":\"ca\",\"@id\":\"https:\\\/\\\/secure.gravatar.com\\\/avatar\\\/fc67cb563b92d48b79a11ba5f29f4da1be7939ad0dc8cc5b471a3702b8888208?s=96&d=mm&r=g\",\"url\":\"https:\\\/\\\/secure.gravatar.com\\\/avatar\\\/fc67cb563b92d48b79a11ba5f29f4da1be7939ad0dc8cc5b471a3702b8888208?s=96&d=mm&r=g\",\"contentUrl\":\"https:\\\/\\\/secure.gravatar.com\\\/avatar\\\/fc67cb563b92d48b79a11ba5f29f4da1be7939ad0dc8cc5b471a3702b8888208?s=96&d=mm&r=g\",\"caption\":\"Llu\u00eds Saborit\"},\"url\":\"https:\\\/\\\/cetaradell.cat\\\/ce\\\/author\\\/lluis\\\/\"}]}<\/script>\n<!-- \/ Yoast SEO plugin. -->","yoast_head_json":{"title":"Cavada - 2020, al Castell de Ca'n Boix - Centre Excursionista Taradell","robots":{"index":"index","follow":"follow","max-snippet":"max-snippet:-1","max-image-preview":"max-image-preview:large","max-video-preview":"max-video-preview:-1"},"canonical":"https:\/\/cetaradell.cat\/ce\/cavada-2020-al-castell-de-can-boix\/","og_locale":"ca_ES","og_type":"article","og_title":"Cavada - 2020, al Castell de Ca'n Boix - Centre Excursionista Taradell","og_description":"Cavada a Matagalls al Castell de Ca&#8217;n Boix Ha arribat el desembre que \u00e9s un mes de moltes tradicions i entre elles no podia faltar la tradicional cavada a Matagalls, per\u00f2 enguany degut a la Covid-19 no ser\u00e0 possible. De tota manera us proposem una activitat alternativa: la Cavada al [...]","og_url":"https:\/\/cetaradell.cat\/ce\/cavada-2020-al-castell-de-can-boix\/","og_site_name":"Centre Excursionista Taradell","article_publisher":"https:\/\/www.facebook.com\/CETaradell\/","article_published_time":"2020-12-23T21:30:46+00:00","article_modified_time":"2021-12-04T13:39:58+00:00","og_image":[{"width":2447,"height":1631,"url":"https:\/\/cetaradell.cat\/ce\/wp-content\/uploads\/2015-12-25_cavada-JM_Sans.jpg","type":"image\/jpeg"}],"author":"Llu\u00eds Saborit","twitter_card":"summary_large_image","twitter_misc":{"Escrit per":"Llu\u00eds Saborit","Temps estimat de lectura":"2 minuts"},"schema":{"@context":"https:\/\/schema.org","@graph":[{"@type":"Article","@id":"https:\/\/cetaradell.cat\/ce\/cavada-2020-al-castell-de-can-boix\/#article","isPartOf":{"@id":"https:\/\/cetaradell.cat\/ce\/cavada-2020-al-castell-de-can-boix\/"},"author":{"name":"Llu\u00eds Saborit","@id":"https:\/\/cetaradell.cat\/ce\/#\/schema\/person\/3d52bde1320c04297d2b30aec733921a"},"headline":"Cavada &#8211; 2020, al Castell de Ca&#8217;n Boix","datePublished":"2020-12-23T21:30:46+00:00","dateModified":"2021-12-04T13:39:58+00:00","mainEntityOfPage":{"@id":"https:\/\/cetaradell.cat\/ce\/cavada-2020-al-castell-de-can-boix\/"},"wordCount":224,"image":{"@id":"https:\/\/cetaradell.cat\/ce\/cavada-2020-al-castell-de-can-boix\/#primaryimage"},"thumbnailUrl":"https:\/\/cetaradell.cat\/ce\/wp-content\/uploads\/2015-12-25_cavada-JM_Sans.jpg","articleSection":["Activitats","Muntanya"],"inLanguage":"ca"},{"@type":"WebPage","@id":"https:\/\/cetaradell.cat\/ce\/cavada-2020-al-castell-de-can-boix\/","url":"https:\/\/cetaradell.cat\/ce\/cavada-2020-al-castell-de-can-boix\/","name":"Cavada - 2020, al Castell de Ca'n Boix - Centre Excursionista Taradell","isPartOf":{"@id":"https:\/\/cetaradell.cat\/ce\/#website"},"primaryImageOfPage":{"@id":"https:\/\/cetaradell.cat\/ce\/cavada-2020-al-castell-de-can-boix\/#primaryimage"},"image":{"@id":"https:\/\/cetaradell.cat\/ce\/cavada-2020-al-castell-de-can-boix\/#primaryimage"},"thumbnailUrl":"https:\/\/cetaradell.cat\/ce\/wp-content\/uploads\/2015-12-25_cavada-JM_Sans.jpg","datePublished":"2020-12-23T21:30:46+00:00","dateModified":"2021-12-04T13:39:58+00:00","author":{"@id":"https:\/\/cetaradell.cat\/ce\/#\/schema\/person\/3d52bde1320c04297d2b30aec733921a"},"breadcrumb":{"@id":"https:\/\/cetaradell.cat\/ce\/cavada-2020-al-castell-de-can-boix\/#breadcrumb"},"inLanguage":"ca","potentialAction":[{"@type":"ReadAction","target":["https:\/\/cetaradell.cat\/ce\/cavada-2020-al-castell-de-can-boix\/"]}]},{"@type":"ImageObject","inLanguage":"ca","@id":"https:\/\/cetaradell.cat\/ce\/cavada-2020-al-castell-de-can-boix\/#primaryimage","url":"https:\/\/cetaradell.cat\/ce\/wp-content\/uploads\/2015-12-25_cavada-JM_Sans.jpg","contentUrl":"https:\/\/cetaradell.cat\/ce\/wp-content\/uploads\/2015-12-25_cavada-JM_Sans.jpg","width":2447,"height":1631},{"@type":"BreadcrumbList","@id":"https:\/\/cetaradell.cat\/ce\/cavada-2020-al-castell-de-can-boix\/#breadcrumb","itemListElement":[{"@type":"ListItem","position":1,"name":"Inici","item":"https:\/\/cetaradell.cat\/ce\/"},{"@type":"ListItem","position":2,"name":"Cavada &#8211; 2020, al Castell de Ca&#8217;n Boix"}]},{"@type":"WebSite","@id":"https:\/\/cetaradell.cat\/ce\/#website","url":"https:\/\/cetaradell.cat\/ce\/","name":"Centre Excursionista Taradell","description":"","potentialAction":[{"@type":"SearchAction","target":{"@type":"EntryPoint","urlTemplate":"https:\/\/cetaradell.cat\/ce\/?s={search_term_string}"},"query-input":{"@type":"PropertyValueSpecification","valueRequired":true,"valueName":"search_term_string"}}],"inLanguage":"ca"},{"@type":"Person","@id":"https:\/\/cetaradell.cat\/ce\/#\/schema\/person\/3d52bde1320c04297d2b30aec733921a","name":"Llu\u00eds Saborit","image":{"@type":"ImageObject","inLanguage":"ca","@id":"https:\/\/secure.gravatar.com\/avatar\/fc67cb563b92d48b79a11ba5f29f4da1be7939ad0dc8cc5b471a3702b8888208?s=96&d=mm&r=g","url":"https:\/\/secure.gravatar.com\/avatar\/fc67cb563b92d48b79a11ba5f29f4da1be7939ad0dc8cc5b471a3702b8888208?s=96&d=mm&r=g","contentUrl":"https:\/\/secure.gravatar.com\/avatar\/fc67cb563b92d48b79a11ba5f29f4da1be7939ad0dc8cc5b471a3702b8888208?s=96&d=mm&r=g","caption":"Llu\u00eds Saborit"},"url":"https:\/\/cetaradell.cat\/ce\/author\/lluis\/"}]}},"_links":{"self":[{"href":"https:\/\/cetaradell.cat\/ce\/wp-json\/wp\/v2\/posts\/8397","targetHints":{"allow":["GET"]}}],"collection":[{"href":"https:\/\/cetaradell.cat\/ce\/wp-json\/wp\/v2\/posts"}],"about":[{"href":"https:\/\/cetaradell.cat\/ce\/wp-json\/wp\/v2\/types\/post"}],"author":[{"embeddable":true,"href":"https:\/\/cetaradell.cat\/ce\/wp-json\/wp\/v2\/users\/7"}],"replies":[{"embeddable":true,"href":"https:\/\/cetaradell.cat\/ce\/wp-json\/wp\/v2\/comments?post=8397"}],"version-history":[{"count":0,"href":"https:\/\/cetaradell.cat\/ce\/wp-json\/wp\/v2\/posts\/8397\/revisions"}],"wp:featuredmedia":[{"embeddable":true,"href":"https:\/\/cetaradell.cat\/ce\/wp-json\/wp\/v2\/media\/7749"}],"wp:attachment":[{"href":"https:\/\/cetaradell.cat\/ce\/wp-json\/wp\/v2\/media?parent=8397"}],"wp:term":[{"taxonomy":"category","embeddable":true,"href":"https:\/\/cetaradell.cat\/ce\/wp-json\/wp\/v2\/categories?post=8397"},{"taxonomy":"post_tag","embeddable":true,"href":"https:\/\/cetaradell.cat\/ce\/wp-json\/wp\/v2\/tags?post=8397"}],"curies":[{"name":"wp","href":"https:\/\/api.w.org\/{rel}","templated":true}]}}