{"id":8415,"date":"2021-01-01T03:27:28","date_gmt":"2021-01-01T02:27:28","guid":{"rendered":"https:\/\/cetaradell.cat\/ce\/?p=8415"},"modified":"2021-01-01T03:59:15","modified_gmt":"2021-01-01T02:59:15","slug":"101-corredors-acomiaden-lany-a-la-sant-silvestre-de-taradell","status":"publish","type":"post","link":"https:\/\/cetaradell.cat\/ce\/101-corredors-acomiaden-lany-a-la-sant-silvestre-de-taradell\/","title":{"rendered":"101 Corredors acomiaden l\u2019any a la Sant Silvestre de Taradell"},"content":{"rendered":"<p><a href=\"https:\/\/photos.app.goo.gl\/kpCKPAhJUeZr8Dnz5\" target=\"_blank\" rel=\"noopener noreferrer\"><strong><em>Acc\u00e9s a l&#8217;\u00e0lbum de fotografies de la 11a Cursa de Sant Silvestre de Taradell (\u2192)<\/em><\/strong><\/a><\/p>\n<p><a href=\"https:\/\/cetaradell.cat\/ce\/wp-content\/uploads\/P1220738.jpg\" target=\"_blank\" rel=\"noopener noreferrer\"><img decoding=\"async\" class=\"wp-image-8416 size-medium alignleft\" src=\"https:\/\/cetaradell.cat\/ce\/wp-content\/uploads\/P1220738-300x225.jpg\" alt=\"\" width=\"300\" height=\"225\" srcset=\"https:\/\/cetaradell.cat\/ce\/wp-content\/uploads\/P1220738-200x150.jpg 200w, https:\/\/cetaradell.cat\/ce\/wp-content\/uploads\/P1220738-300x225.jpg 300w, https:\/\/cetaradell.cat\/ce\/wp-content\/uploads\/P1220738-400x300.jpg 400w, https:\/\/cetaradell.cat\/ce\/wp-content\/uploads\/P1220738-500x375.jpg 500w, https:\/\/cetaradell.cat\/ce\/wp-content\/uploads\/P1220738-600x450.jpg 600w, https:\/\/cetaradell.cat\/ce\/wp-content\/uploads\/P1220738-700x525.jpg 700w, https:\/\/cetaradell.cat\/ce\/wp-content\/uploads\/P1220738-768x576.jpg 768w, https:\/\/cetaradell.cat\/ce\/wp-content\/uploads\/P1220738-800x600.jpg 800w, https:\/\/cetaradell.cat\/ce\/wp-content\/uploads\/P1220738.jpg 1000w\" sizes=\"(max-width: 300px) 100vw, 300px\" \/><\/a> 101 corredors es van inscriure a la 11 cursa de Sant Silvestre de Taradell &#8211; Pujada Atl\u00e8tica a l\u2019Enclusa, celebrada el dijous dia 31 de desembre de 2020, que porta els participants fins al punt m\u00e9s alt del terme per tal d\u2019acomiadar l\u2019any d\u2019una manera esportiva i divertida. Per aix\u00f2 \u00e9s una prova no competitiva on no es compta el temps i es demana als participants que vagin disfressats o portin algun guarniment en alguna part visible del cos. Per tant, no es premien els m\u00e9s r\u00e0pids si no que es premien les millors o m\u00e9s singulars disfresses.<\/p>\n<p>Enguany, la cursa va canviar d\u2019ubicaci\u00f3 degut a la Covid-19 per tal de fer-la en un espai m\u00e9s obert, a m\u00e9s d\u2019altres mesures com guardar la dist\u00e0ncia de seguretat en tot moment, fer la sortida esglaonada en grups redu\u00efts, o portar la mascareta tant a la sortida com a l\u2019arribada, entre altres. Aix\u00ed, doncs, en les edicions passades la sortida i arribada eren a la Pla\u00e7a de les Eres, per\u00f2 en aquesta edici\u00f3 es van fer davant de l\u2019INS Taradell.<\/p>\n<p>La dist\u00e0ncia total de la cursa va ser d\u2019uns 9,5 quil\u00f2metres i el recorregut va portar els participants fins a l\u2019Enclusa passant per can Mascarell, carrer de les Moreres, ctra. de Viladrau, la Codina, la Rompuda, el Bou, i pel serrat de Ramones fins a l\u2019Enclusa, el punt m\u00e9s alt del terme de Taradell. Des de l\u2019Enclusa, el circuit feia baixar els corredors fins a la collada de Mansa, seguia pel solell de les Moles fins a la masia de Mansa, continuava cap al pant\u00e0 de Taradell, Masgrau, can Mascarell, i entrada al poble per l\u2019avinguda Montserrat, fins arribar de nou a l\u2019INS Taradell on hi havia la meta i els participants eren convidats a coca amb xocolata i refrescos.<\/p>\n<p>Un cop finalitzada la cursa es va fer el lliurament dels premis a les millors disfresses que en aquesta ocasi\u00f3 l\u2019organitzaci\u00f3 va considera que un havia de ser per <strong>Maria Font<\/strong>, disfressada de Marieta la Castanyera o Mariuca, en homenatge a la seva germana Ant\u00f2nia Font molt vinculada amb les entitats del poble i que malauradament ens va deixar el passat novembre. La Mariuca era un dels personatge m\u00e9s entranyables i estimats pels alumnes de les escoles de Taradell que representava l\u2019Ant\u00f2nia.<\/p>\n<div id=\"attachment_8417\" style=\"width: 310px\" class=\"wp-caption alignleft\"><a href=\"https:\/\/cetaradell.cat\/ce\/wp-content\/uploads\/P1220788.jpg\" target=\"_blank\" rel=\"noopener noreferrer\"><img decoding=\"async\" aria-describedby=\"caption-attachment-8417\" class=\"wp-image-8417 size-medium\" src=\"https:\/\/cetaradell.cat\/ce\/wp-content\/uploads\/P1220788-300x225.jpg\" alt=\"\" width=\"300\" height=\"225\" srcset=\"https:\/\/cetaradell.cat\/ce\/wp-content\/uploads\/P1220788-200x150.jpg 200w, https:\/\/cetaradell.cat\/ce\/wp-content\/uploads\/P1220788-300x225.jpg 300w, https:\/\/cetaradell.cat\/ce\/wp-content\/uploads\/P1220788-400x300.jpg 400w, https:\/\/cetaradell.cat\/ce\/wp-content\/uploads\/P1220788-500x375.jpg 500w, https:\/\/cetaradell.cat\/ce\/wp-content\/uploads\/P1220788-600x450.jpg 600w, https:\/\/cetaradell.cat\/ce\/wp-content\/uploads\/P1220788-700x525.jpg 700w, https:\/\/cetaradell.cat\/ce\/wp-content\/uploads\/P1220788-768x576.jpg 768w, https:\/\/cetaradell.cat\/ce\/wp-content\/uploads\/P1220788-800x600.jpg 800w, https:\/\/cetaradell.cat\/ce\/wp-content\/uploads\/P1220788.jpg 1000w\" sizes=\"(max-width: 300px) 100vw, 300px\" \/><\/a><p id=\"caption-attachment-8417\" class=\"wp-caption-text\">Maria Font va tenir una calorosa rebuda al finalitzar la cursa.<\/p><\/div>\n<div id=\"attachment_8418\" style=\"width: 310px\" class=\"wp-caption alignleft\"><a href=\"https:\/\/cetaradell.cat\/ce\/wp-content\/uploads\/P1220795.jpg\" target=\"_blank\" rel=\"noopener noreferrer\"><img decoding=\"async\" aria-describedby=\"caption-attachment-8418\" class=\"wp-image-8418 size-medium\" src=\"https:\/\/cetaradell.cat\/ce\/wp-content\/uploads\/P1220795-300x225.jpg\" alt=\"\" width=\"300\" height=\"225\" srcset=\"https:\/\/cetaradell.cat\/ce\/wp-content\/uploads\/P1220795-200x150.jpg 200w, https:\/\/cetaradell.cat\/ce\/wp-content\/uploads\/P1220795-300x225.jpg 300w, https:\/\/cetaradell.cat\/ce\/wp-content\/uploads\/P1220795-400x300.jpg 400w, https:\/\/cetaradell.cat\/ce\/wp-content\/uploads\/P1220795-500x375.jpg 500w, https:\/\/cetaradell.cat\/ce\/wp-content\/uploads\/P1220795-600x450.jpg 600w, https:\/\/cetaradell.cat\/ce\/wp-content\/uploads\/P1220795-700x525.jpg 700w, https:\/\/cetaradell.cat\/ce\/wp-content\/uploads\/P1220795-768x576.jpg 768w, https:\/\/cetaradell.cat\/ce\/wp-content\/uploads\/P1220795-800x600.jpg 800w, https:\/\/cetaradell.cat\/ce\/wp-content\/uploads\/P1220795.jpg 1000w\" sizes=\"(max-width: 300px) 100vw, 300px\" \/><\/a><p id=\"caption-attachment-8418\" class=\"wp-caption-text\">Pau Molist i Oriol Casulleras recollint el premi de la m\u00e0 de Carme Delgado, presidenta del CET.<\/p><\/div>\n<p>I l\u2019altre premi es va lliurar al grup format per <strong>Pau Molist<\/strong> i <strong>Oriol Casulleras<\/strong>, per la seva valentia, tot i la temeritat, \u00a0que anaven disfressats de nedadors, nom\u00e9s amb banyador i bambes malgrat el fred que feia.<\/p>\n","protected":false},"excerpt":{"rendered":"<p>Acc\u00e9s a l&#8217;\u00e0lbum de fotografies de la 11a Cursa de Sant Silvestre de Taradell (\u2192) 101 corredors es van inscriure a la 11 cursa de Sant Silvestre de Taradell &#8211; Pujada Atl\u00e8tica a l\u2019Enclusa, celebrada el dijous dia 31 de desembre de 2020, que porta els participants fins al punt  [&#8230;]<\/p>\n","protected":false},"author":7,"featured_media":8416,"comment_status":"closed","ping_status":"closed","sticky":false,"template":"","format":"standard","meta":{"footnotes":""},"categories":[8,3,33],"tags":[],"class_list":["post-8415","post","type-post","status-publish","format-standard","has-post-thumbnail","hentry","category-curses","category-noticies","category-sant-silvestre"],"yoast_head":"<!-- This site is optimized with the Yoast SEO plugin v27.4 - https:\/\/yoast.com\/product\/yoast-seo-wordpress\/ -->\n<title>101 Corredors acomiaden l\u2019any a la Sant Silvestre de Taradell - Centre Excursionista Taradell<\/title>\n<meta name=\"robots\" content=\"index, follow, max-snippet:-1, max-image-preview:large, max-video-preview:-1\" \/>\n<link rel=\"canonical\" href=\"https:\/\/cetaradell.cat\/ce\/101-corredors-acomiaden-lany-a-la-sant-silvestre-de-taradell\/\" \/>\n<meta property=\"og:locale\" content=\"ca_ES\" \/>\n<meta property=\"og:type\" content=\"article\" \/>\n<meta property=\"og:title\" content=\"101 Corredors acomiaden l\u2019any a la Sant Silvestre de Taradell - Centre Excursionista Taradell\" \/>\n<meta property=\"og:description\" content=\"Acc\u00e9s a l&#8217;\u00e0lbum de fotografies de la 11a Cursa de Sant Silvestre de Taradell (\u2192) 101 corredors es van inscriure a la 11 cursa de Sant Silvestre de Taradell &#8211; Pujada Atl\u00e8tica a l\u2019Enclusa, celebrada el dijous dia 31 de desembre de 2020, que porta els participants fins al punt [...]\" \/>\n<meta property=\"og:url\" content=\"https:\/\/cetaradell.cat\/ce\/101-corredors-acomiaden-lany-a-la-sant-silvestre-de-taradell\/\" \/>\n<meta property=\"og:site_name\" content=\"Centre Excursionista Taradell\" \/>\n<meta property=\"article:publisher\" content=\"https:\/\/www.facebook.com\/CETaradell\/\" \/>\n<meta property=\"article:published_time\" content=\"2021-01-01T02:27:28+00:00\" \/>\n<meta property=\"article:modified_time\" content=\"2021-01-01T02:59:15+00:00\" \/>\n<meta property=\"og:image\" content=\"https:\/\/cetaradell.cat\/ce\/wp-content\/uploads\/P1220738.jpg\" \/>\n\t<meta property=\"og:image:width\" content=\"1000\" \/>\n\t<meta property=\"og:image:height\" content=\"750\" \/>\n\t<meta property=\"og:image:type\" content=\"image\/jpeg\" \/>\n<meta name=\"author\" content=\"Llu\u00eds Saborit\" \/>\n<meta name=\"twitter:card\" content=\"summary_large_image\" \/>\n<meta name=\"twitter:label1\" content=\"Escrit per\" \/>\n\t<meta name=\"twitter:data1\" content=\"Llu\u00eds Saborit\" \/>\n\t<meta name=\"twitter:label2\" content=\"Temps estimat de lectura\" \/>\n\t<meta name=\"twitter:data2\" content=\"3 minuts\" \/>\n<script type=\"application\/ld+json\" class=\"yoast-schema-graph\">{\"@context\":\"https:\\\/\\\/schema.org\",\"@graph\":[{\"@type\":\"Article\",\"@id\":\"https:\\\/\\\/cetaradell.cat\\\/ce\\\/101-corredors-acomiaden-lany-a-la-sant-silvestre-de-taradell\\\/#article\",\"isPartOf\":{\"@id\":\"https:\\\/\\\/cetaradell.cat\\\/ce\\\/101-corredors-acomiaden-lany-a-la-sant-silvestre-de-taradell\\\/\"},\"author\":{\"name\":\"Llu\u00eds Saborit\",\"@id\":\"https:\\\/\\\/cetaradell.cat\\\/ce\\\/#\\\/schema\\\/person\\\/3d52bde1320c04297d2b30aec733921a\"},\"headline\":\"101 Corredors acomiaden l\u2019any a la Sant Silvestre de Taradell\",\"datePublished\":\"2021-01-01T02:27:28+00:00\",\"dateModified\":\"2021-01-01T02:59:15+00:00\",\"mainEntityOfPage\":{\"@id\":\"https:\\\/\\\/cetaradell.cat\\\/ce\\\/101-corredors-acomiaden-lany-a-la-sant-silvestre-de-taradell\\\/\"},\"wordCount\":515,\"image\":{\"@id\":\"https:\\\/\\\/cetaradell.cat\\\/ce\\\/101-corredors-acomiaden-lany-a-la-sant-silvestre-de-taradell\\\/#primaryimage\"},\"thumbnailUrl\":\"https:\\\/\\\/cetaradell.cat\\\/ce\\\/wp-content\\\/uploads\\\/P1220738.jpg\",\"articleSection\":[\"Curses\",\"Not\u00edcies\",\"Sant Silvestre\"],\"inLanguage\":\"ca\"},{\"@type\":\"WebPage\",\"@id\":\"https:\\\/\\\/cetaradell.cat\\\/ce\\\/101-corredors-acomiaden-lany-a-la-sant-silvestre-de-taradell\\\/\",\"url\":\"https:\\\/\\\/cetaradell.cat\\\/ce\\\/101-corredors-acomiaden-lany-a-la-sant-silvestre-de-taradell\\\/\",\"name\":\"101 Corredors acomiaden l\u2019any a la Sant Silvestre de Taradell - Centre Excursionista Taradell\",\"isPartOf\":{\"@id\":\"https:\\\/\\\/cetaradell.cat\\\/ce\\\/#website\"},\"primaryImageOfPage\":{\"@id\":\"https:\\\/\\\/cetaradell.cat\\\/ce\\\/101-corredors-acomiaden-lany-a-la-sant-silvestre-de-taradell\\\/#primaryimage\"},\"image\":{\"@id\":\"https:\\\/\\\/cetaradell.cat\\\/ce\\\/101-corredors-acomiaden-lany-a-la-sant-silvestre-de-taradell\\\/#primaryimage\"},\"thumbnailUrl\":\"https:\\\/\\\/cetaradell.cat\\\/ce\\\/wp-content\\\/uploads\\\/P1220738.jpg\",\"datePublished\":\"2021-01-01T02:27:28+00:00\",\"dateModified\":\"2021-01-01T02:59:15+00:00\",\"author\":{\"@id\":\"https:\\\/\\\/cetaradell.cat\\\/ce\\\/#\\\/schema\\\/person\\\/3d52bde1320c04297d2b30aec733921a\"},\"breadcrumb\":{\"@id\":\"https:\\\/\\\/cetaradell.cat\\\/ce\\\/101-corredors-acomiaden-lany-a-la-sant-silvestre-de-taradell\\\/#breadcrumb\"},\"inLanguage\":\"ca\",\"potentialAction\":[{\"@type\":\"ReadAction\",\"target\":[\"https:\\\/\\\/cetaradell.cat\\\/ce\\\/101-corredors-acomiaden-lany-a-la-sant-silvestre-de-taradell\\\/\"]}]},{\"@type\":\"ImageObject\",\"inLanguage\":\"ca\",\"@id\":\"https:\\\/\\\/cetaradell.cat\\\/ce\\\/101-corredors-acomiaden-lany-a-la-sant-silvestre-de-taradell\\\/#primaryimage\",\"url\":\"https:\\\/\\\/cetaradell.cat\\\/ce\\\/wp-content\\\/uploads\\\/P1220738.jpg\",\"contentUrl\":\"https:\\\/\\\/cetaradell.cat\\\/ce\\\/wp-content\\\/uploads\\\/P1220738.jpg\",\"width\":1000,\"height\":750},{\"@type\":\"BreadcrumbList\",\"@id\":\"https:\\\/\\\/cetaradell.cat\\\/ce\\\/101-corredors-acomiaden-lany-a-la-sant-silvestre-de-taradell\\\/#breadcrumb\",\"itemListElement\":[{\"@type\":\"ListItem\",\"position\":1,\"name\":\"Inici\",\"item\":\"https:\\\/\\\/cetaradell.cat\\\/ce\\\/\"},{\"@type\":\"ListItem\",\"position\":2,\"name\":\"101 Corredors acomiaden l\u2019any a la Sant Silvestre de Taradell\"}]},{\"@type\":\"WebSite\",\"@id\":\"https:\\\/\\\/cetaradell.cat\\\/ce\\\/#website\",\"url\":\"https:\\\/\\\/cetaradell.cat\\\/ce\\\/\",\"name\":\"Centre Excursionista Taradell\",\"description\":\"\",\"potentialAction\":[{\"@type\":\"SearchAction\",\"target\":{\"@type\":\"EntryPoint\",\"urlTemplate\":\"https:\\\/\\\/cetaradell.cat\\\/ce\\\/?s={search_term_string}\"},\"query-input\":{\"@type\":\"PropertyValueSpecification\",\"valueRequired\":true,\"valueName\":\"search_term_string\"}}],\"inLanguage\":\"ca\"},{\"@type\":\"Person\",\"@id\":\"https:\\\/\\\/cetaradell.cat\\\/ce\\\/#\\\/schema\\\/person\\\/3d52bde1320c04297d2b30aec733921a\",\"name\":\"Llu\u00eds Saborit\",\"image\":{\"@type\":\"ImageObject\",\"inLanguage\":\"ca\",\"@id\":\"https:\\\/\\\/secure.gravatar.com\\\/avatar\\\/fc67cb563b92d48b79a11ba5f29f4da1be7939ad0dc8cc5b471a3702b8888208?s=96&d=mm&r=g\",\"url\":\"https:\\\/\\\/secure.gravatar.com\\\/avatar\\\/fc67cb563b92d48b79a11ba5f29f4da1be7939ad0dc8cc5b471a3702b8888208?s=96&d=mm&r=g\",\"contentUrl\":\"https:\\\/\\\/secure.gravatar.com\\\/avatar\\\/fc67cb563b92d48b79a11ba5f29f4da1be7939ad0dc8cc5b471a3702b8888208?s=96&d=mm&r=g\",\"caption\":\"Llu\u00eds Saborit\"},\"url\":\"https:\\\/\\\/cetaradell.cat\\\/ce\\\/author\\\/lluis\\\/\"}]}<\/script>\n<!-- \/ Yoast SEO plugin. -->","yoast_head_json":{"title":"101 Corredors acomiaden l\u2019any a la Sant Silvestre de Taradell - Centre Excursionista Taradell","robots":{"index":"index","follow":"follow","max-snippet":"max-snippet:-1","max-image-preview":"max-image-preview:large","max-video-preview":"max-video-preview:-1"},"canonical":"https:\/\/cetaradell.cat\/ce\/101-corredors-acomiaden-lany-a-la-sant-silvestre-de-taradell\/","og_locale":"ca_ES","og_type":"article","og_title":"101 Corredors acomiaden l\u2019any a la Sant Silvestre de Taradell - Centre Excursionista Taradell","og_description":"Acc\u00e9s a l&#8217;\u00e0lbum de fotografies de la 11a Cursa de Sant Silvestre de Taradell (\u2192) 101 corredors es van inscriure a la 11 cursa de Sant Silvestre de Taradell &#8211; Pujada Atl\u00e8tica a l\u2019Enclusa, celebrada el dijous dia 31 de desembre de 2020, que porta els participants fins al punt [...]","og_url":"https:\/\/cetaradell.cat\/ce\/101-corredors-acomiaden-lany-a-la-sant-silvestre-de-taradell\/","og_site_name":"Centre Excursionista Taradell","article_publisher":"https:\/\/www.facebook.com\/CETaradell\/","article_published_time":"2021-01-01T02:27:28+00:00","article_modified_time":"2021-01-01T02:59:15+00:00","og_image":[{"width":1000,"height":750,"url":"https:\/\/cetaradell.cat\/ce\/wp-content\/uploads\/P1220738.jpg","type":"image\/jpeg"}],"author":"Llu\u00eds Saborit","twitter_card":"summary_large_image","twitter_misc":{"Escrit per":"Llu\u00eds Saborit","Temps estimat de lectura":"3 minuts"},"schema":{"@context":"https:\/\/schema.org","@graph":[{"@type":"Article","@id":"https:\/\/cetaradell.cat\/ce\/101-corredors-acomiaden-lany-a-la-sant-silvestre-de-taradell\/#article","isPartOf":{"@id":"https:\/\/cetaradell.cat\/ce\/101-corredors-acomiaden-lany-a-la-sant-silvestre-de-taradell\/"},"author":{"name":"Llu\u00eds Saborit","@id":"https:\/\/cetaradell.cat\/ce\/#\/schema\/person\/3d52bde1320c04297d2b30aec733921a"},"headline":"101 Corredors acomiaden l\u2019any a la Sant Silvestre de Taradell","datePublished":"2021-01-01T02:27:28+00:00","dateModified":"2021-01-01T02:59:15+00:00","mainEntityOfPage":{"@id":"https:\/\/cetaradell.cat\/ce\/101-corredors-acomiaden-lany-a-la-sant-silvestre-de-taradell\/"},"wordCount":515,"image":{"@id":"https:\/\/cetaradell.cat\/ce\/101-corredors-acomiaden-lany-a-la-sant-silvestre-de-taradell\/#primaryimage"},"thumbnailUrl":"https:\/\/cetaradell.cat\/ce\/wp-content\/uploads\/P1220738.jpg","articleSection":["Curses","Not\u00edcies","Sant Silvestre"],"inLanguage":"ca"},{"@type":"WebPage","@id":"https:\/\/cetaradell.cat\/ce\/101-corredors-acomiaden-lany-a-la-sant-silvestre-de-taradell\/","url":"https:\/\/cetaradell.cat\/ce\/101-corredors-acomiaden-lany-a-la-sant-silvestre-de-taradell\/","name":"101 Corredors acomiaden l\u2019any a la Sant Silvestre de Taradell - Centre Excursionista Taradell","isPartOf":{"@id":"https:\/\/cetaradell.cat\/ce\/#website"},"primaryImageOfPage":{"@id":"https:\/\/cetaradell.cat\/ce\/101-corredors-acomiaden-lany-a-la-sant-silvestre-de-taradell\/#primaryimage"},"image":{"@id":"https:\/\/cetaradell.cat\/ce\/101-corredors-acomiaden-lany-a-la-sant-silvestre-de-taradell\/#primaryimage"},"thumbnailUrl":"https:\/\/cetaradell.cat\/ce\/wp-content\/uploads\/P1220738.jpg","datePublished":"2021-01-01T02:27:28+00:00","dateModified":"2021-01-01T02:59:15+00:00","author":{"@id":"https:\/\/cetaradell.cat\/ce\/#\/schema\/person\/3d52bde1320c04297d2b30aec733921a"},"breadcrumb":{"@id":"https:\/\/cetaradell.cat\/ce\/101-corredors-acomiaden-lany-a-la-sant-silvestre-de-taradell\/#breadcrumb"},"inLanguage":"ca","potentialAction":[{"@type":"ReadAction","target":["https:\/\/cetaradell.cat\/ce\/101-corredors-acomiaden-lany-a-la-sant-silvestre-de-taradell\/"]}]},{"@type":"ImageObject","inLanguage":"ca","@id":"https:\/\/cetaradell.cat\/ce\/101-corredors-acomiaden-lany-a-la-sant-silvestre-de-taradell\/#primaryimage","url":"https:\/\/cetaradell.cat\/ce\/wp-content\/uploads\/P1220738.jpg","contentUrl":"https:\/\/cetaradell.cat\/ce\/wp-content\/uploads\/P1220738.jpg","width":1000,"height":750},{"@type":"BreadcrumbList","@id":"https:\/\/cetaradell.cat\/ce\/101-corredors-acomiaden-lany-a-la-sant-silvestre-de-taradell\/#breadcrumb","itemListElement":[{"@type":"ListItem","position":1,"name":"Inici","item":"https:\/\/cetaradell.cat\/ce\/"},{"@type":"ListItem","position":2,"name":"101 Corredors acomiaden l\u2019any a la Sant Silvestre de Taradell"}]},{"@type":"WebSite","@id":"https:\/\/cetaradell.cat\/ce\/#website","url":"https:\/\/cetaradell.cat\/ce\/","name":"Centre Excursionista Taradell","description":"","potentialAction":[{"@type":"SearchAction","target":{"@type":"EntryPoint","urlTemplate":"https:\/\/cetaradell.cat\/ce\/?s={search_term_string}"},"query-input":{"@type":"PropertyValueSpecification","valueRequired":true,"valueName":"search_term_string"}}],"inLanguage":"ca"},{"@type":"Person","@id":"https:\/\/cetaradell.cat\/ce\/#\/schema\/person\/3d52bde1320c04297d2b30aec733921a","name":"Llu\u00eds Saborit","image":{"@type":"ImageObject","inLanguage":"ca","@id":"https:\/\/secure.gravatar.com\/avatar\/fc67cb563b92d48b79a11ba5f29f4da1be7939ad0dc8cc5b471a3702b8888208?s=96&d=mm&r=g","url":"https:\/\/secure.gravatar.com\/avatar\/fc67cb563b92d48b79a11ba5f29f4da1be7939ad0dc8cc5b471a3702b8888208?s=96&d=mm&r=g","contentUrl":"https:\/\/secure.gravatar.com\/avatar\/fc67cb563b92d48b79a11ba5f29f4da1be7939ad0dc8cc5b471a3702b8888208?s=96&d=mm&r=g","caption":"Llu\u00eds Saborit"},"url":"https:\/\/cetaradell.cat\/ce\/author\/lluis\/"}]}},"_links":{"self":[{"href":"https:\/\/cetaradell.cat\/ce\/wp-json\/wp\/v2\/posts\/8415","targetHints":{"allow":["GET"]}}],"collection":[{"href":"https:\/\/cetaradell.cat\/ce\/wp-json\/wp\/v2\/posts"}],"about":[{"href":"https:\/\/cetaradell.cat\/ce\/wp-json\/wp\/v2\/types\/post"}],"author":[{"embeddable":true,"href":"https:\/\/cetaradell.cat\/ce\/wp-json\/wp\/v2\/users\/7"}],"replies":[{"embeddable":true,"href":"https:\/\/cetaradell.cat\/ce\/wp-json\/wp\/v2\/comments?post=8415"}],"version-history":[{"count":0,"href":"https:\/\/cetaradell.cat\/ce\/wp-json\/wp\/v2\/posts\/8415\/revisions"}],"wp:featuredmedia":[{"embeddable":true,"href":"https:\/\/cetaradell.cat\/ce\/wp-json\/wp\/v2\/media\/8416"}],"wp:attachment":[{"href":"https:\/\/cetaradell.cat\/ce\/wp-json\/wp\/v2\/media?parent=8415"}],"wp:term":[{"taxonomy":"category","embeddable":true,"href":"https:\/\/cetaradell.cat\/ce\/wp-json\/wp\/v2\/categories?post=8415"},{"taxonomy":"post_tag","embeddable":true,"href":"https:\/\/cetaradell.cat\/ce\/wp-json\/wp\/v2\/tags?post=8415"}],"curies":[{"name":"wp","href":"https:\/\/api.w.org\/{rel}","templated":true}]}}