{"id":8445,"date":"2021-02-08T22:45:10","date_gmt":"2021-02-08T21:45:10","guid":{"rendered":"https:\/\/cetaradell.cat\/ce\/?p=8445"},"modified":"2021-02-08T22:47:15","modified_gmt":"2021-02-08T21:47:15","slug":"quotes-de-socis-del-2021","status":"publish","type":"post","link":"https:\/\/cetaradell.cat\/ce\/quotes-de-socis-del-2021\/","title":{"rendered":"Quotes de socis del 2021"},"content":{"rendered":"<p><a href=\"https:\/\/cetaradell.cat\/ce\/vacances-de-secretaria\/escut-2\/\" target=\"_blank\" rel=\"attachment noopener wp-att-8047 noreferrer\"><img decoding=\"async\" class=\"alignleft wp-image-8047 size-medium\" src=\"https:\/\/cetaradell.cat\/ce\/wp-content\/uploads\/escut_cet_0-200x300.jpg\" alt=\"\" width=\"200\" height=\"300\" srcset=\"https:\/\/cetaradell.cat\/ce\/wp-content\/uploads\/escut_cet_0-200x300.jpg 200w, https:\/\/cetaradell.cat\/ce\/wp-content\/uploads\/escut_cet_0-400x600.jpg 400w, https:\/\/cetaradell.cat\/ce\/wp-content\/uploads\/escut_cet_0.jpg 473w\" sizes=\"(max-width: 200px) 100vw, 200px\" \/><\/a><\/p>\n<p>El Centre Excursionista Taradell far\u00e0 efectiu el cobrament del rebut de la quota de soci del 2021, durant la primera quinzena de mar\u00e7.<\/p>\n<p>Per aquest motiu us recordem que si heu modificat les vostres dades banc\u00e0ries ens ho feu saber abans de finals de febrer, per tal d\u2019evitar despeses banc\u00e0ries que haurem de repercutir-vos.<\/p>\n<p>Per altra banda, els socis que no tinguin domiciliada la quota i ho vulguin fer tamb\u00e9 cal que ens facin arribar les dades abans de finals de febrer, i si volen mantenir el pagament manual us agrairem que passeu a fer efectiu l\u2019import abans de mitjans de mar\u00e7.<\/p>\n<p>Si teniu algun dubte us podeu adre\u00e7ar a la secretaria del Centre a l\u2019horari habitual o enviant un correu a l\u2019adre\u00e7a <strong><em><a href=\"mailto:cetaradell@cetaradell.cat\">cetaradell@cetaradell.cat<\/a><\/em><\/strong><\/p>\n","protected":false},"excerpt":{"rendered":"<p>El Centre Excursionista Taradell far\u00e0 efectiu el cobrament del rebut de la quota de soci del 2021, durant la primera quinzena de mar\u00e7. Per aquest motiu us recordem que si heu modificat les vostres dades banc\u00e0ries ens ho feu saber abans de finals de febrer, per tal d\u2019evitar despeses banc\u00e0ries  [&#8230;]<\/p>\n","protected":false},"author":1,"featured_media":8047,"comment_status":"closed","ping_status":"closed","sticky":false,"template":"","format":"standard","meta":{"footnotes":""},"categories":[3],"tags":[],"class_list":["post-8445","post","type-post","status-publish","format-standard","has-post-thumbnail","hentry","category-noticies"],"yoast_head":"<!-- This site is optimized with the Yoast SEO plugin v27.4 - https:\/\/yoast.com\/product\/yoast-seo-wordpress\/ -->\n<title>Quotes de socis del 2021 - Centre Excursionista Taradell<\/title>\n<meta name=\"robots\" content=\"index, follow, max-snippet:-1, max-image-preview:large, max-video-preview:-1\" \/>\n<link rel=\"canonical\" href=\"https:\/\/cetaradell.cat\/ce\/quotes-de-socis-del-2021\/\" \/>\n<meta property=\"og:locale\" content=\"ca_ES\" \/>\n<meta property=\"og:type\" content=\"article\" \/>\n<meta property=\"og:title\" content=\"Quotes de socis del 2021 - Centre Excursionista Taradell\" \/>\n<meta property=\"og:description\" content=\"El Centre Excursionista Taradell far\u00e0 efectiu el cobrament del rebut de la quota de soci del 2021, durant la primera quinzena de mar\u00e7. Per aquest motiu us recordem que si heu modificat les vostres dades banc\u00e0ries ens ho feu saber abans de finals de febrer, per tal d\u2019evitar despeses banc\u00e0ries [...]\" \/>\n<meta property=\"og:url\" content=\"https:\/\/cetaradell.cat\/ce\/quotes-de-socis-del-2021\/\" \/>\n<meta property=\"og:site_name\" content=\"Centre Excursionista Taradell\" \/>\n<meta property=\"article:publisher\" content=\"https:\/\/www.facebook.com\/CETaradell\/\" \/>\n<meta property=\"article:published_time\" content=\"2021-02-08T21:45:10+00:00\" \/>\n<meta property=\"article:modified_time\" content=\"2021-02-08T21:47:15+00:00\" \/>\n<meta property=\"og:image\" content=\"https:\/\/cetaradell.cat\/ce\/wp-content\/uploads\/escut_cet_0.jpg\" \/>\n\t<meta property=\"og:image:width\" content=\"473\" \/>\n\t<meta property=\"og:image:height\" content=\"709\" \/>\n\t<meta property=\"og:image:type\" content=\"image\/jpeg\" \/>\n<meta name=\"author\" content=\"CET\" \/>\n<meta name=\"twitter:card\" content=\"summary_large_image\" \/>\n<meta name=\"twitter:label1\" content=\"Escrit per\" \/>\n\t<meta name=\"twitter:data1\" content=\"CET\" \/>\n\t<meta name=\"twitter:label2\" content=\"Temps estimat de lectura\" \/>\n\t<meta name=\"twitter:data2\" content=\"1 minut\" \/>\n<script type=\"application\/ld+json\" class=\"yoast-schema-graph\">{\"@context\":\"https:\\\/\\\/schema.org\",\"@graph\":[{\"@type\":\"Article\",\"@id\":\"https:\\\/\\\/cetaradell.cat\\\/ce\\\/quotes-de-socis-del-2021\\\/#article\",\"isPartOf\":{\"@id\":\"https:\\\/\\\/cetaradell.cat\\\/ce\\\/quotes-de-socis-del-2021\\\/\"},\"author\":{\"name\":\"CET\",\"@id\":\"https:\\\/\\\/cetaradell.cat\\\/ce\\\/#\\\/schema\\\/person\\\/92a59f585073071c7be6649e84b22f78\"},\"headline\":\"Quotes de socis del 2021\",\"datePublished\":\"2021-02-08T21:45:10+00:00\",\"dateModified\":\"2021-02-08T21:47:15+00:00\",\"mainEntityOfPage\":{\"@id\":\"https:\\\/\\\/cetaradell.cat\\\/ce\\\/quotes-de-socis-del-2021\\\/\"},\"wordCount\":137,\"image\":{\"@id\":\"https:\\\/\\\/cetaradell.cat\\\/ce\\\/quotes-de-socis-del-2021\\\/#primaryimage\"},\"thumbnailUrl\":\"https:\\\/\\\/cetaradell.cat\\\/ce\\\/wp-content\\\/uploads\\\/escut_cet_0.jpg\",\"articleSection\":[\"Not\u00edcies\"],\"inLanguage\":\"ca\"},{\"@type\":\"WebPage\",\"@id\":\"https:\\\/\\\/cetaradell.cat\\\/ce\\\/quotes-de-socis-del-2021\\\/\",\"url\":\"https:\\\/\\\/cetaradell.cat\\\/ce\\\/quotes-de-socis-del-2021\\\/\",\"name\":\"Quotes de socis del 2021 - Centre Excursionista Taradell\",\"isPartOf\":{\"@id\":\"https:\\\/\\\/cetaradell.cat\\\/ce\\\/#website\"},\"primaryImageOfPage\":{\"@id\":\"https:\\\/\\\/cetaradell.cat\\\/ce\\\/quotes-de-socis-del-2021\\\/#primaryimage\"},\"image\":{\"@id\":\"https:\\\/\\\/cetaradell.cat\\\/ce\\\/quotes-de-socis-del-2021\\\/#primaryimage\"},\"thumbnailUrl\":\"https:\\\/\\\/cetaradell.cat\\\/ce\\\/wp-content\\\/uploads\\\/escut_cet_0.jpg\",\"datePublished\":\"2021-02-08T21:45:10+00:00\",\"dateModified\":\"2021-02-08T21:47:15+00:00\",\"author\":{\"@id\":\"https:\\\/\\\/cetaradell.cat\\\/ce\\\/#\\\/schema\\\/person\\\/92a59f585073071c7be6649e84b22f78\"},\"breadcrumb\":{\"@id\":\"https:\\\/\\\/cetaradell.cat\\\/ce\\\/quotes-de-socis-del-2021\\\/#breadcrumb\"},\"inLanguage\":\"ca\",\"potentialAction\":[{\"@type\":\"ReadAction\",\"target\":[\"https:\\\/\\\/cetaradell.cat\\\/ce\\\/quotes-de-socis-del-2021\\\/\"]}]},{\"@type\":\"ImageObject\",\"inLanguage\":\"ca\",\"@id\":\"https:\\\/\\\/cetaradell.cat\\\/ce\\\/quotes-de-socis-del-2021\\\/#primaryimage\",\"url\":\"https:\\\/\\\/cetaradell.cat\\\/ce\\\/wp-content\\\/uploads\\\/escut_cet_0.jpg\",\"contentUrl\":\"https:\\\/\\\/cetaradell.cat\\\/ce\\\/wp-content\\\/uploads\\\/escut_cet_0.jpg\",\"width\":473,\"height\":709,\"caption\":\"escut\"},{\"@type\":\"BreadcrumbList\",\"@id\":\"https:\\\/\\\/cetaradell.cat\\\/ce\\\/quotes-de-socis-del-2021\\\/#breadcrumb\",\"itemListElement\":[{\"@type\":\"ListItem\",\"position\":1,\"name\":\"Inici\",\"item\":\"https:\\\/\\\/cetaradell.cat\\\/ce\\\/\"},{\"@type\":\"ListItem\",\"position\":2,\"name\":\"Quotes de socis del 2021\"}]},{\"@type\":\"WebSite\",\"@id\":\"https:\\\/\\\/cetaradell.cat\\\/ce\\\/#website\",\"url\":\"https:\\\/\\\/cetaradell.cat\\\/ce\\\/\",\"name\":\"Centre Excursionista Taradell\",\"description\":\"\",\"potentialAction\":[{\"@type\":\"SearchAction\",\"target\":{\"@type\":\"EntryPoint\",\"urlTemplate\":\"https:\\\/\\\/cetaradell.cat\\\/ce\\\/?s={search_term_string}\"},\"query-input\":{\"@type\":\"PropertyValueSpecification\",\"valueRequired\":true,\"valueName\":\"search_term_string\"}}],\"inLanguage\":\"ca\"},{\"@type\":\"Person\",\"@id\":\"https:\\\/\\\/cetaradell.cat\\\/ce\\\/#\\\/schema\\\/person\\\/92a59f585073071c7be6649e84b22f78\",\"name\":\"CET\",\"image\":{\"@type\":\"ImageObject\",\"inLanguage\":\"ca\",\"@id\":\"https:\\\/\\\/secure.gravatar.com\\\/avatar\\\/d6fbe010d42056feccc0f613ed07277a5118442805079269f12dabdc42e1a727?s=96&d=mm&r=g\",\"url\":\"https:\\\/\\\/secure.gravatar.com\\\/avatar\\\/d6fbe010d42056feccc0f613ed07277a5118442805079269f12dabdc42e1a727?s=96&d=mm&r=g\",\"contentUrl\":\"https:\\\/\\\/secure.gravatar.com\\\/avatar\\\/d6fbe010d42056feccc0f613ed07277a5118442805079269f12dabdc42e1a727?s=96&d=mm&r=g\",\"caption\":\"CET\"},\"url\":\"https:\\\/\\\/cetaradell.cat\\\/ce\\\/author\\\/root\\\/\"}]}<\/script>\n<!-- \/ Yoast SEO plugin. -->","yoast_head_json":{"title":"Quotes de socis del 2021 - Centre Excursionista Taradell","robots":{"index":"index","follow":"follow","max-snippet":"max-snippet:-1","max-image-preview":"max-image-preview:large","max-video-preview":"max-video-preview:-1"},"canonical":"https:\/\/cetaradell.cat\/ce\/quotes-de-socis-del-2021\/","og_locale":"ca_ES","og_type":"article","og_title":"Quotes de socis del 2021 - Centre Excursionista Taradell","og_description":"El Centre Excursionista Taradell far\u00e0 efectiu el cobrament del rebut de la quota de soci del 2021, durant la primera quinzena de mar\u00e7. Per aquest motiu us recordem que si heu modificat les vostres dades banc\u00e0ries ens ho feu saber abans de finals de febrer, per tal d\u2019evitar despeses banc\u00e0ries [...]","og_url":"https:\/\/cetaradell.cat\/ce\/quotes-de-socis-del-2021\/","og_site_name":"Centre Excursionista Taradell","article_publisher":"https:\/\/www.facebook.com\/CETaradell\/","article_published_time":"2021-02-08T21:45:10+00:00","article_modified_time":"2021-02-08T21:47:15+00:00","og_image":[{"width":473,"height":709,"url":"https:\/\/cetaradell.cat\/ce\/wp-content\/uploads\/escut_cet_0.jpg","type":"image\/jpeg"}],"author":"CET","twitter_card":"summary_large_image","twitter_misc":{"Escrit per":"CET","Temps estimat de lectura":"1 minut"},"schema":{"@context":"https:\/\/schema.org","@graph":[{"@type":"Article","@id":"https:\/\/cetaradell.cat\/ce\/quotes-de-socis-del-2021\/#article","isPartOf":{"@id":"https:\/\/cetaradell.cat\/ce\/quotes-de-socis-del-2021\/"},"author":{"name":"CET","@id":"https:\/\/cetaradell.cat\/ce\/#\/schema\/person\/92a59f585073071c7be6649e84b22f78"},"headline":"Quotes de socis del 2021","datePublished":"2021-02-08T21:45:10+00:00","dateModified":"2021-02-08T21:47:15+00:00","mainEntityOfPage":{"@id":"https:\/\/cetaradell.cat\/ce\/quotes-de-socis-del-2021\/"},"wordCount":137,"image":{"@id":"https:\/\/cetaradell.cat\/ce\/quotes-de-socis-del-2021\/#primaryimage"},"thumbnailUrl":"https:\/\/cetaradell.cat\/ce\/wp-content\/uploads\/escut_cet_0.jpg","articleSection":["Not\u00edcies"],"inLanguage":"ca"},{"@type":"WebPage","@id":"https:\/\/cetaradell.cat\/ce\/quotes-de-socis-del-2021\/","url":"https:\/\/cetaradell.cat\/ce\/quotes-de-socis-del-2021\/","name":"Quotes de socis del 2021 - Centre Excursionista Taradell","isPartOf":{"@id":"https:\/\/cetaradell.cat\/ce\/#website"},"primaryImageOfPage":{"@id":"https:\/\/cetaradell.cat\/ce\/quotes-de-socis-del-2021\/#primaryimage"},"image":{"@id":"https:\/\/cetaradell.cat\/ce\/quotes-de-socis-del-2021\/#primaryimage"},"thumbnailUrl":"https:\/\/cetaradell.cat\/ce\/wp-content\/uploads\/escut_cet_0.jpg","datePublished":"2021-02-08T21:45:10+00:00","dateModified":"2021-02-08T21:47:15+00:00","author":{"@id":"https:\/\/cetaradell.cat\/ce\/#\/schema\/person\/92a59f585073071c7be6649e84b22f78"},"breadcrumb":{"@id":"https:\/\/cetaradell.cat\/ce\/quotes-de-socis-del-2021\/#breadcrumb"},"inLanguage":"ca","potentialAction":[{"@type":"ReadAction","target":["https:\/\/cetaradell.cat\/ce\/quotes-de-socis-del-2021\/"]}]},{"@type":"ImageObject","inLanguage":"ca","@id":"https:\/\/cetaradell.cat\/ce\/quotes-de-socis-del-2021\/#primaryimage","url":"https:\/\/cetaradell.cat\/ce\/wp-content\/uploads\/escut_cet_0.jpg","contentUrl":"https:\/\/cetaradell.cat\/ce\/wp-content\/uploads\/escut_cet_0.jpg","width":473,"height":709,"caption":"escut"},{"@type":"BreadcrumbList","@id":"https:\/\/cetaradell.cat\/ce\/quotes-de-socis-del-2021\/#breadcrumb","itemListElement":[{"@type":"ListItem","position":1,"name":"Inici","item":"https:\/\/cetaradell.cat\/ce\/"},{"@type":"ListItem","position":2,"name":"Quotes de socis del 2021"}]},{"@type":"WebSite","@id":"https:\/\/cetaradell.cat\/ce\/#website","url":"https:\/\/cetaradell.cat\/ce\/","name":"Centre Excursionista Taradell","description":"","potentialAction":[{"@type":"SearchAction","target":{"@type":"EntryPoint","urlTemplate":"https:\/\/cetaradell.cat\/ce\/?s={search_term_string}"},"query-input":{"@type":"PropertyValueSpecification","valueRequired":true,"valueName":"search_term_string"}}],"inLanguage":"ca"},{"@type":"Person","@id":"https:\/\/cetaradell.cat\/ce\/#\/schema\/person\/92a59f585073071c7be6649e84b22f78","name":"CET","image":{"@type":"ImageObject","inLanguage":"ca","@id":"https:\/\/secure.gravatar.com\/avatar\/d6fbe010d42056feccc0f613ed07277a5118442805079269f12dabdc42e1a727?s=96&d=mm&r=g","url":"https:\/\/secure.gravatar.com\/avatar\/d6fbe010d42056feccc0f613ed07277a5118442805079269f12dabdc42e1a727?s=96&d=mm&r=g","contentUrl":"https:\/\/secure.gravatar.com\/avatar\/d6fbe010d42056feccc0f613ed07277a5118442805079269f12dabdc42e1a727?s=96&d=mm&r=g","caption":"CET"},"url":"https:\/\/cetaradell.cat\/ce\/author\/root\/"}]}},"_links":{"self":[{"href":"https:\/\/cetaradell.cat\/ce\/wp-json\/wp\/v2\/posts\/8445","targetHints":{"allow":["GET"]}}],"collection":[{"href":"https:\/\/cetaradell.cat\/ce\/wp-json\/wp\/v2\/posts"}],"about":[{"href":"https:\/\/cetaradell.cat\/ce\/wp-json\/wp\/v2\/types\/post"}],"author":[{"embeddable":true,"href":"https:\/\/cetaradell.cat\/ce\/wp-json\/wp\/v2\/users\/1"}],"replies":[{"embeddable":true,"href":"https:\/\/cetaradell.cat\/ce\/wp-json\/wp\/v2\/comments?post=8445"}],"version-history":[{"count":0,"href":"https:\/\/cetaradell.cat\/ce\/wp-json\/wp\/v2\/posts\/8445\/revisions"}],"wp:featuredmedia":[{"embeddable":true,"href":"https:\/\/cetaradell.cat\/ce\/wp-json\/wp\/v2\/media\/8047"}],"wp:attachment":[{"href":"https:\/\/cetaradell.cat\/ce\/wp-json\/wp\/v2\/media?parent=8445"}],"wp:term":[{"taxonomy":"category","embeddable":true,"href":"https:\/\/cetaradell.cat\/ce\/wp-json\/wp\/v2\/categories?post=8445"},{"taxonomy":"post_tag","embeddable":true,"href":"https:\/\/cetaradell.cat\/ce\/wp-json\/wp\/v2\/tags?post=8445"}],"curies":[{"name":"wp","href":"https:\/\/api.w.org\/{rel}","templated":true}]}}