{"id":8573,"date":"2021-04-15T21:03:28","date_gmt":"2021-04-15T20:03:28","guid":{"rendered":"https:\/\/cetaradell.cat\/ce\/?p=8573"},"modified":"2021-04-19T08:42:13","modified_gmt":"2021-04-19T07:42:13","slug":"assemblea-general-de-socis-2021","status":"publish","type":"post","link":"https:\/\/cetaradell.cat\/ce\/assemblea-general-de-socis-2021\/","title":{"rendered":"Assemblea general de socis \u2013 2021"},"content":{"rendered":"<p><strong><a href=\"https:\/\/cetaradell.cat\/ce\/assemblea-general-de-socis-2021\/2020-assemblea-c-e-t-_2-1\/\" target=\"_blank\" rel=\"attachment noopener wp-att-8574\"><img decoding=\"async\" class=\"alignleft wp-image-8574 size-medium\" src=\"https:\/\/cetaradell.cat\/ce\/wp-content\/uploads\/2020-Assemblea-C.E.T._2.1-300x225.jpg\" alt=\"\" width=\"300\" height=\"225\" srcset=\"https:\/\/cetaradell.cat\/ce\/wp-content\/uploads\/2020-Assemblea-C.E.T._2.1-200x150.jpg 200w, https:\/\/cetaradell.cat\/ce\/wp-content\/uploads\/2020-Assemblea-C.E.T._2.1-300x225.jpg 300w, https:\/\/cetaradell.cat\/ce\/wp-content\/uploads\/2020-Assemblea-C.E.T._2.1-400x300.jpg 400w, https:\/\/cetaradell.cat\/ce\/wp-content\/uploads\/2020-Assemblea-C.E.T._2.1-500x375.jpg 500w, https:\/\/cetaradell.cat\/ce\/wp-content\/uploads\/2020-Assemblea-C.E.T._2.1-600x450.jpg 600w, https:\/\/cetaradell.cat\/ce\/wp-content\/uploads\/2020-Assemblea-C.E.T._2.1-700x525.jpg 700w, https:\/\/cetaradell.cat\/ce\/wp-content\/uploads\/2020-Assemblea-C.E.T._2.1-768x576.jpg 768w, https:\/\/cetaradell.cat\/ce\/wp-content\/uploads\/2020-Assemblea-C.E.T._2.1-800x600.jpg 800w, https:\/\/cetaradell.cat\/ce\/wp-content\/uploads\/2020-Assemblea-C.E.T._2.1.jpg 856w\" sizes=\"(max-width: 300px) 100vw, 300px\" \/><\/a>Dia:<\/strong> dissabte, 24 d&#8217;abril de 2021.<\/p>\n<p><strong>Hora:<\/strong> a les 7 del vespre en primera convocat\u00f2ria, i a 2\/4 de 8\u00a0 en segona convocat\u00f2ria.<\/p>\n<p><strong>Lloc:<\/strong> Centre Cultural Costa i Font, Carretera de Baleny\u00e0 101, de Taradell.<\/p>\n<p>&nbsp;<\/p>\n<p>&nbsp;<\/p>\n<p><strong>Ordre del dia<\/strong><\/p>\n<ul>\n<li>Lectura i aprovaci\u00f3, si s\u2019escau, de l\u2019acta de l\u2019\u00faltima assemblea general<\/li>\n<li>Aprovaci\u00f3 dels comptes del 2020 i pressupost del 2021<\/li>\n<li>Rep\u00e0s de les activitats portades a terme el 2020 i exposici\u00f3 de les previstes per al 2021<\/li>\n<li>Precs i preguntes<\/li>\n<\/ul>\n","protected":false},"excerpt":{"rendered":"<p>Dia: dissabte, 24 d&#8217;abril de 2021. Hora: a les 7 del vespre en primera convocat\u00f2ria, i a 2\/4 de 8\u00a0 en segona convocat\u00f2ria. Lloc: Centre Cultural Costa i Font, Carretera de Baleny\u00e0 101, de Taradell. &nbsp; &nbsp; Ordre del dia Lectura i aprovaci\u00f3, si s\u2019escau, de l\u2019acta de l\u2019\u00faltima assemblea  [&#8230;]<\/p>\n","protected":false},"author":1,"featured_media":8574,"comment_status":"closed","ping_status":"closed","sticky":false,"template":"","format":"standard","meta":{"footnotes":""},"categories":[4,20,3],"tags":[],"class_list":["post-8573","post","type-post","status-publish","format-standard","has-post-thumbnail","hentry","category-activitats","category-activitats-social","category-noticies"],"yoast_head":"<!-- This site is optimized with the Yoast SEO plugin v27.4 - https:\/\/yoast.com\/product\/yoast-seo-wordpress\/ -->\n<title>Assemblea general de socis \u2013 2021 - Centre Excursionista Taradell<\/title>\n<meta name=\"robots\" content=\"index, follow, max-snippet:-1, max-image-preview:large, max-video-preview:-1\" \/>\n<link rel=\"canonical\" href=\"https:\/\/cetaradell.cat\/ce\/assemblea-general-de-socis-2021\/\" \/>\n<meta property=\"og:locale\" content=\"ca_ES\" \/>\n<meta property=\"og:type\" content=\"article\" \/>\n<meta property=\"og:title\" content=\"Assemblea general de socis \u2013 2021 - Centre Excursionista Taradell\" \/>\n<meta property=\"og:description\" content=\"Dia: dissabte, 24 d&#8217;abril de 2021. Hora: a les 7 del vespre en primera convocat\u00f2ria, i a 2\/4 de 8\u00a0 en segona convocat\u00f2ria. Lloc: Centre Cultural Costa i Font, Carretera de Baleny\u00e0 101, de Taradell. &nbsp; &nbsp; Ordre del dia Lectura i aprovaci\u00f3, si s\u2019escau, de l\u2019acta de l\u2019\u00faltima assemblea [...]\" \/>\n<meta property=\"og:url\" content=\"https:\/\/cetaradell.cat\/ce\/assemblea-general-de-socis-2021\/\" \/>\n<meta property=\"og:site_name\" content=\"Centre Excursionista Taradell\" \/>\n<meta property=\"article:publisher\" content=\"https:\/\/www.facebook.com\/CETaradell\/\" \/>\n<meta property=\"article:published_time\" content=\"2021-04-15T20:03:28+00:00\" \/>\n<meta property=\"article:modified_time\" content=\"2021-04-19T07:42:13+00:00\" \/>\n<meta property=\"og:image\" content=\"https:\/\/cetaradell.cat\/ce\/wp-content\/uploads\/2020-Assemblea-C.E.T._2.1.jpg\" \/>\n\t<meta property=\"og:image:width\" content=\"856\" \/>\n\t<meta property=\"og:image:height\" content=\"642\" \/>\n\t<meta property=\"og:image:type\" content=\"image\/jpeg\" \/>\n<meta name=\"author\" content=\"CET\" \/>\n<meta name=\"twitter:card\" content=\"summary_large_image\" \/>\n<meta name=\"twitter:label1\" content=\"Escrit per\" \/>\n\t<meta name=\"twitter:data1\" content=\"CET\" \/>\n<script type=\"application\/ld+json\" class=\"yoast-schema-graph\">{\"@context\":\"https:\\\/\\\/schema.org\",\"@graph\":[{\"@type\":\"Article\",\"@id\":\"https:\\\/\\\/cetaradell.cat\\\/ce\\\/assemblea-general-de-socis-2021\\\/#article\",\"isPartOf\":{\"@id\":\"https:\\\/\\\/cetaradell.cat\\\/ce\\\/assemblea-general-de-socis-2021\\\/\"},\"author\":{\"name\":\"CET\",\"@id\":\"https:\\\/\\\/cetaradell.cat\\\/ce\\\/#\\\/schema\\\/person\\\/92a59f585073071c7be6649e84b22f78\"},\"headline\":\"Assemblea general de socis \u2013 2021\",\"datePublished\":\"2021-04-15T20:03:28+00:00\",\"dateModified\":\"2021-04-19T07:42:13+00:00\",\"mainEntityOfPage\":{\"@id\":\"https:\\\/\\\/cetaradell.cat\\\/ce\\\/assemblea-general-de-socis-2021\\\/\"},\"wordCount\":81,\"image\":{\"@id\":\"https:\\\/\\\/cetaradell.cat\\\/ce\\\/assemblea-general-de-socis-2021\\\/#primaryimage\"},\"thumbnailUrl\":\"https:\\\/\\\/cetaradell.cat\\\/ce\\\/wp-content\\\/uploads\\\/2020-Assemblea-C.E.T._2.1.jpg\",\"articleSection\":[\"Activitats\",\"Activitats socials\",\"Not\u00edcies\"],\"inLanguage\":\"ca\"},{\"@type\":\"WebPage\",\"@id\":\"https:\\\/\\\/cetaradell.cat\\\/ce\\\/assemblea-general-de-socis-2021\\\/\",\"url\":\"https:\\\/\\\/cetaradell.cat\\\/ce\\\/assemblea-general-de-socis-2021\\\/\",\"name\":\"Assemblea general de socis \u2013 2021 - Centre Excursionista Taradell\",\"isPartOf\":{\"@id\":\"https:\\\/\\\/cetaradell.cat\\\/ce\\\/#website\"},\"primaryImageOfPage\":{\"@id\":\"https:\\\/\\\/cetaradell.cat\\\/ce\\\/assemblea-general-de-socis-2021\\\/#primaryimage\"},\"image\":{\"@id\":\"https:\\\/\\\/cetaradell.cat\\\/ce\\\/assemblea-general-de-socis-2021\\\/#primaryimage\"},\"thumbnailUrl\":\"https:\\\/\\\/cetaradell.cat\\\/ce\\\/wp-content\\\/uploads\\\/2020-Assemblea-C.E.T._2.1.jpg\",\"datePublished\":\"2021-04-15T20:03:28+00:00\",\"dateModified\":\"2021-04-19T07:42:13+00:00\",\"author\":{\"@id\":\"https:\\\/\\\/cetaradell.cat\\\/ce\\\/#\\\/schema\\\/person\\\/92a59f585073071c7be6649e84b22f78\"},\"breadcrumb\":{\"@id\":\"https:\\\/\\\/cetaradell.cat\\\/ce\\\/assemblea-general-de-socis-2021\\\/#breadcrumb\"},\"inLanguage\":\"ca\",\"potentialAction\":[{\"@type\":\"ReadAction\",\"target\":[\"https:\\\/\\\/cetaradell.cat\\\/ce\\\/assemblea-general-de-socis-2021\\\/\"]}]},{\"@type\":\"ImageObject\",\"inLanguage\":\"ca\",\"@id\":\"https:\\\/\\\/cetaradell.cat\\\/ce\\\/assemblea-general-de-socis-2021\\\/#primaryimage\",\"url\":\"https:\\\/\\\/cetaradell.cat\\\/ce\\\/wp-content\\\/uploads\\\/2020-Assemblea-C.E.T._2.1.jpg\",\"contentUrl\":\"https:\\\/\\\/cetaradell.cat\\\/ce\\\/wp-content\\\/uploads\\\/2020-Assemblea-C.E.T._2.1.jpg\",\"width\":856,\"height\":642},{\"@type\":\"BreadcrumbList\",\"@id\":\"https:\\\/\\\/cetaradell.cat\\\/ce\\\/assemblea-general-de-socis-2021\\\/#breadcrumb\",\"itemListElement\":[{\"@type\":\"ListItem\",\"position\":1,\"name\":\"Inici\",\"item\":\"https:\\\/\\\/cetaradell.cat\\\/ce\\\/\"},{\"@type\":\"ListItem\",\"position\":2,\"name\":\"Assemblea general de socis \u2013 2021\"}]},{\"@type\":\"WebSite\",\"@id\":\"https:\\\/\\\/cetaradell.cat\\\/ce\\\/#website\",\"url\":\"https:\\\/\\\/cetaradell.cat\\\/ce\\\/\",\"name\":\"Centre Excursionista Taradell\",\"description\":\"\",\"potentialAction\":[{\"@type\":\"SearchAction\",\"target\":{\"@type\":\"EntryPoint\",\"urlTemplate\":\"https:\\\/\\\/cetaradell.cat\\\/ce\\\/?s={search_term_string}\"},\"query-input\":{\"@type\":\"PropertyValueSpecification\",\"valueRequired\":true,\"valueName\":\"search_term_string\"}}],\"inLanguage\":\"ca\"},{\"@type\":\"Person\",\"@id\":\"https:\\\/\\\/cetaradell.cat\\\/ce\\\/#\\\/schema\\\/person\\\/92a59f585073071c7be6649e84b22f78\",\"name\":\"CET\",\"image\":{\"@type\":\"ImageObject\",\"inLanguage\":\"ca\",\"@id\":\"https:\\\/\\\/secure.gravatar.com\\\/avatar\\\/d6fbe010d42056feccc0f613ed07277a5118442805079269f12dabdc42e1a727?s=96&d=mm&r=g\",\"url\":\"https:\\\/\\\/secure.gravatar.com\\\/avatar\\\/d6fbe010d42056feccc0f613ed07277a5118442805079269f12dabdc42e1a727?s=96&d=mm&r=g\",\"contentUrl\":\"https:\\\/\\\/secure.gravatar.com\\\/avatar\\\/d6fbe010d42056feccc0f613ed07277a5118442805079269f12dabdc42e1a727?s=96&d=mm&r=g\",\"caption\":\"CET\"},\"url\":\"https:\\\/\\\/cetaradell.cat\\\/ce\\\/author\\\/root\\\/\"}]}<\/script>\n<!-- \/ Yoast SEO plugin. -->","yoast_head_json":{"title":"Assemblea general de socis \u2013 2021 - Centre Excursionista Taradell","robots":{"index":"index","follow":"follow","max-snippet":"max-snippet:-1","max-image-preview":"max-image-preview:large","max-video-preview":"max-video-preview:-1"},"canonical":"https:\/\/cetaradell.cat\/ce\/assemblea-general-de-socis-2021\/","og_locale":"ca_ES","og_type":"article","og_title":"Assemblea general de socis \u2013 2021 - Centre Excursionista Taradell","og_description":"Dia: dissabte, 24 d&#8217;abril de 2021. Hora: a les 7 del vespre en primera convocat\u00f2ria, i a 2\/4 de 8\u00a0 en segona convocat\u00f2ria. Lloc: Centre Cultural Costa i Font, Carretera de Baleny\u00e0 101, de Taradell. &nbsp; &nbsp; Ordre del dia Lectura i aprovaci\u00f3, si s\u2019escau, de l\u2019acta de l\u2019\u00faltima assemblea [...]","og_url":"https:\/\/cetaradell.cat\/ce\/assemblea-general-de-socis-2021\/","og_site_name":"Centre Excursionista Taradell","article_publisher":"https:\/\/www.facebook.com\/CETaradell\/","article_published_time":"2021-04-15T20:03:28+00:00","article_modified_time":"2021-04-19T07:42:13+00:00","og_image":[{"width":856,"height":642,"url":"https:\/\/cetaradell.cat\/ce\/wp-content\/uploads\/2020-Assemblea-C.E.T._2.1.jpg","type":"image\/jpeg"}],"author":"CET","twitter_card":"summary_large_image","twitter_misc":{"Escrit per":"CET"},"schema":{"@context":"https:\/\/schema.org","@graph":[{"@type":"Article","@id":"https:\/\/cetaradell.cat\/ce\/assemblea-general-de-socis-2021\/#article","isPartOf":{"@id":"https:\/\/cetaradell.cat\/ce\/assemblea-general-de-socis-2021\/"},"author":{"name":"CET","@id":"https:\/\/cetaradell.cat\/ce\/#\/schema\/person\/92a59f585073071c7be6649e84b22f78"},"headline":"Assemblea general de socis \u2013 2021","datePublished":"2021-04-15T20:03:28+00:00","dateModified":"2021-04-19T07:42:13+00:00","mainEntityOfPage":{"@id":"https:\/\/cetaradell.cat\/ce\/assemblea-general-de-socis-2021\/"},"wordCount":81,"image":{"@id":"https:\/\/cetaradell.cat\/ce\/assemblea-general-de-socis-2021\/#primaryimage"},"thumbnailUrl":"https:\/\/cetaradell.cat\/ce\/wp-content\/uploads\/2020-Assemblea-C.E.T._2.1.jpg","articleSection":["Activitats","Activitats socials","Not\u00edcies"],"inLanguage":"ca"},{"@type":"WebPage","@id":"https:\/\/cetaradell.cat\/ce\/assemblea-general-de-socis-2021\/","url":"https:\/\/cetaradell.cat\/ce\/assemblea-general-de-socis-2021\/","name":"Assemblea general de socis \u2013 2021 - Centre Excursionista Taradell","isPartOf":{"@id":"https:\/\/cetaradell.cat\/ce\/#website"},"primaryImageOfPage":{"@id":"https:\/\/cetaradell.cat\/ce\/assemblea-general-de-socis-2021\/#primaryimage"},"image":{"@id":"https:\/\/cetaradell.cat\/ce\/assemblea-general-de-socis-2021\/#primaryimage"},"thumbnailUrl":"https:\/\/cetaradell.cat\/ce\/wp-content\/uploads\/2020-Assemblea-C.E.T._2.1.jpg","datePublished":"2021-04-15T20:03:28+00:00","dateModified":"2021-04-19T07:42:13+00:00","author":{"@id":"https:\/\/cetaradell.cat\/ce\/#\/schema\/person\/92a59f585073071c7be6649e84b22f78"},"breadcrumb":{"@id":"https:\/\/cetaradell.cat\/ce\/assemblea-general-de-socis-2021\/#breadcrumb"},"inLanguage":"ca","potentialAction":[{"@type":"ReadAction","target":["https:\/\/cetaradell.cat\/ce\/assemblea-general-de-socis-2021\/"]}]},{"@type":"ImageObject","inLanguage":"ca","@id":"https:\/\/cetaradell.cat\/ce\/assemblea-general-de-socis-2021\/#primaryimage","url":"https:\/\/cetaradell.cat\/ce\/wp-content\/uploads\/2020-Assemblea-C.E.T._2.1.jpg","contentUrl":"https:\/\/cetaradell.cat\/ce\/wp-content\/uploads\/2020-Assemblea-C.E.T._2.1.jpg","width":856,"height":642},{"@type":"BreadcrumbList","@id":"https:\/\/cetaradell.cat\/ce\/assemblea-general-de-socis-2021\/#breadcrumb","itemListElement":[{"@type":"ListItem","position":1,"name":"Inici","item":"https:\/\/cetaradell.cat\/ce\/"},{"@type":"ListItem","position":2,"name":"Assemblea general de socis \u2013 2021"}]},{"@type":"WebSite","@id":"https:\/\/cetaradell.cat\/ce\/#website","url":"https:\/\/cetaradell.cat\/ce\/","name":"Centre Excursionista Taradell","description":"","potentialAction":[{"@type":"SearchAction","target":{"@type":"EntryPoint","urlTemplate":"https:\/\/cetaradell.cat\/ce\/?s={search_term_string}"},"query-input":{"@type":"PropertyValueSpecification","valueRequired":true,"valueName":"search_term_string"}}],"inLanguage":"ca"},{"@type":"Person","@id":"https:\/\/cetaradell.cat\/ce\/#\/schema\/person\/92a59f585073071c7be6649e84b22f78","name":"CET","image":{"@type":"ImageObject","inLanguage":"ca","@id":"https:\/\/secure.gravatar.com\/avatar\/d6fbe010d42056feccc0f613ed07277a5118442805079269f12dabdc42e1a727?s=96&d=mm&r=g","url":"https:\/\/secure.gravatar.com\/avatar\/d6fbe010d42056feccc0f613ed07277a5118442805079269f12dabdc42e1a727?s=96&d=mm&r=g","contentUrl":"https:\/\/secure.gravatar.com\/avatar\/d6fbe010d42056feccc0f613ed07277a5118442805079269f12dabdc42e1a727?s=96&d=mm&r=g","caption":"CET"},"url":"https:\/\/cetaradell.cat\/ce\/author\/root\/"}]}},"_links":{"self":[{"href":"https:\/\/cetaradell.cat\/ce\/wp-json\/wp\/v2\/posts\/8573","targetHints":{"allow":["GET"]}}],"collection":[{"href":"https:\/\/cetaradell.cat\/ce\/wp-json\/wp\/v2\/posts"}],"about":[{"href":"https:\/\/cetaradell.cat\/ce\/wp-json\/wp\/v2\/types\/post"}],"author":[{"embeddable":true,"href":"https:\/\/cetaradell.cat\/ce\/wp-json\/wp\/v2\/users\/1"}],"replies":[{"embeddable":true,"href":"https:\/\/cetaradell.cat\/ce\/wp-json\/wp\/v2\/comments?post=8573"}],"version-history":[{"count":0,"href":"https:\/\/cetaradell.cat\/ce\/wp-json\/wp\/v2\/posts\/8573\/revisions"}],"wp:featuredmedia":[{"embeddable":true,"href":"https:\/\/cetaradell.cat\/ce\/wp-json\/wp\/v2\/media\/8574"}],"wp:attachment":[{"href":"https:\/\/cetaradell.cat\/ce\/wp-json\/wp\/v2\/media?parent=8573"}],"wp:term":[{"taxonomy":"category","embeddable":true,"href":"https:\/\/cetaradell.cat\/ce\/wp-json\/wp\/v2\/categories?post=8573"},{"taxonomy":"post_tag","embeddable":true,"href":"https:\/\/cetaradell.cat\/ce\/wp-json\/wp\/v2\/tags?post=8573"}],"curies":[{"name":"wp","href":"https:\/\/api.w.org\/{rel}","templated":true}]}}