{"id":8603,"date":"2021-05-30T20:48:19","date_gmt":"2021-05-30T19:48:19","guid":{"rendered":"https:\/\/cetaradell.cat\/ce\/?p=8603"},"modified":"2022-09-24T11:09:19","modified_gmt":"2022-09-24T10:09:19","slug":"cursa-dorientacio-de-taradell-2021","status":"publish","type":"post","link":"https:\/\/cetaradell.cat\/ce\/cursa-dorientacio-de-taradell-2021\/","title":{"rendered":"Cursa d&#8217;orientaci\u00f3 de Taradell &#8211; 2021"},"content":{"rendered":"<ul>\n<li><a href=\"https:\/\/cetaradell.cat\/ce\/wp-content\/uploads\/Resultats_Taradell_20212.pdf\" target=\"_blank\" rel=\"noopener\"><strong>Resultats (\u2192)<\/strong><\/a><\/li>\n<li><a href=\"https:\/\/cetaradell.cat\/ce\/wp-content\/uploads\/Parcials_Taradell_20212.pdf\" target=\"_blank\" rel=\"noopener\"><strong>Parcials (\u2192)<\/strong><\/a><\/li>\n<li><a href=\"https:\/\/photos.app.goo.gl\/fEquqReR8XmCdBzu5\" target=\"_blank\" rel=\"noopener\"><strong>Album de fotografies (\u2192) <\/strong><\/a>Fotografies de: Mart\u00ed Saborit i Ramon Curtichs<strong><br \/>\n<\/strong><\/li>\n<\/ul>\n<ul>\n<li>\n<div><strong>Classificacions del <u>campionat Escolar d&#8217;Osona<\/u><\/strong>:<\/div>\n<p>Alev\u00ed F : Airina Sales (UE Vic- Escoles Gurb)<br \/>\nAlev\u00ed M : &#8212;<br \/>\nInfantil F : Arlet Sales (UE Vic &#8211; Institut de Gurb)<br \/>\nInfantil M : Mart\u00ed Vallbona (UE Vic &#8211; Institut de Gurb)<br \/>\nCadet F : Rut Soler (GE Manlleu &#8211; Institut del Ter de Manlleu)<br \/>\nCadet M : Nil Guti\u00e9rrez (CE Calldetenes &#8211; IES Vic)<br \/>\nJuvenil F: &#8212;<br \/>\nJuvenil M : Biel Roca (UE Vic . Jaume Call\u00eds de Vic)<\/li>\n<\/ul>\n<hr \/>\n<p><a href=\"https:\/\/cetaradell.cat\/ce\/cursa-dorientacio-de-taradell-2021\/taradell-2021-web\/\" target=\"_blank\" rel=\"attachment noopener wp-att-8635\"><img decoding=\"async\" class=\"wp-image-8635 size-medium alignleft\" style=\"border-style: solid; border-width: 1px;\" src=\"https:\/\/cetaradell.cat\/ce\/wp-content\/uploads\/Taradell-2021-web-300x290.jpg\" alt=\"\" width=\"300\" height=\"290\" srcset=\"https:\/\/cetaradell.cat\/ce\/wp-content\/uploads\/Taradell-2021-web-200x193.jpg 200w, https:\/\/cetaradell.cat\/ce\/wp-content\/uploads\/Taradell-2021-web-300x290.jpg 300w, https:\/\/cetaradell.cat\/ce\/wp-content\/uploads\/Taradell-2021-web-400x386.jpg 400w, https:\/\/cetaradell.cat\/ce\/wp-content\/uploads\/Taradell-2021-web-500x483.jpg 500w, https:\/\/cetaradell.cat\/ce\/wp-content\/uploads\/Taradell-2021-web-600x579.jpg 600w, https:\/\/cetaradell.cat\/ce\/wp-content\/uploads\/Taradell-2021-web-700x676.jpg 700w, https:\/\/cetaradell.cat\/ce\/wp-content\/uploads\/Taradell-2021-web-768x741.jpg 768w, https:\/\/cetaradell.cat\/ce\/wp-content\/uploads\/Taradell-2021-web-800x772.jpg 800w, https:\/\/cetaradell.cat\/ce\/wp-content\/uploads\/Taradell-2021-web-1024x988.jpg 1024w, https:\/\/cetaradell.cat\/ce\/wp-content\/uploads\/Taradell-2021-web-1200x1158.jpg 1200w, https:\/\/cetaradell.cat\/ce\/wp-content\/uploads\/Taradell-2021-web-1536x1483.jpg 1536w\" sizes=\"(max-width: 300px) 100vw, 300px\" \/><\/a><strong>Donada la participaci\u00f3 assolida i\u00a0 per tal de que no es formin aglomeracions a la sortida, com a mesura per prevenir la propagaci\u00f3 de la Covid-19 hem fet un <span style=\"text-decoration: underline;\">llistat amb les hores de sortida<\/span> de cada participant <span style=\"background-color: #ffff00;\">(Excepte per les categories C3, Prebenjamins i benjamins, que els horaris s\u00f3n \u00fanicament orientatius, poden presentar-se a la sortida en qualsevol moment a partir de les 9.30): <\/span><span style=\"color: #0000ff;\"><a style=\"color: #0000ff;\" href=\"https:\/\/cetaradell.cat\/ce\/wp-content\/uploads\/HoresPerCircuit.pdf\" target=\"_blank\" rel=\"noopener\"><em>acc\u00e9s a les hores de sortida (\u2192)<\/em><\/a><\/span><span style=\"background-color: #ffff00;\"><br \/>\n<\/span><\/strong><\/p>\n<p><strong>Important! &#8211; Consulteu les \u00faltimes informacions sobre la cursa: <a href=\"https:\/\/cetaradell.cat\/ce\/wp-content\/uploads\/ultimes-informacions_2021_v1.pdf\"><span style=\"color: #0000ff;\"><em>acc\u00e9s al butllet\u00ed amb les \u00faltimes informacions, recorreguts, desnivells&#8230;(\u2192) [Actualitzat el 26-05-2021]<\/em><\/span><\/a><\/strong><\/p>\n<p><strong>Butllet\u00ed d\u2019informaci\u00f3: <\/strong><span style=\"color: #0000ff;\"><a style=\"color: #0000ff;\" href=\"https:\/\/cetaradell.cat\/ce\/wp-content\/uploads\/info-cursa-orientacio_2021_v5.2.pdf\" target=\"_blank\" rel=\"noopener\"><em><strong>acc\u00e9s al butllet\u00ed (\u2192)<\/strong><\/em><\/a><\/span><\/p>\n<hr \/>\n<p><strong>Data:<\/strong>\u00a0 diumenge, 30 de maig de 2021<\/p>\n<p>Es celebraran les curses seg\u00fcents:<\/p>\n<ul>\n<li><strong>Campionat de Catalunya Universitari d&#8217;Orientaci\u00f3<br \/>\n<\/strong><\/li>\n<li><strong>Campionat de Catalunya (i d&#8217;Osona) Escolar d&#8217;Orientaci\u00f3<\/strong><\/li>\n<li><strong>Cursa Popular d&#8217;Orientaci\u00f3<\/strong><\/li>\n<\/ul>\n<p><strong>Centre de competici\u00f3<\/strong>: Pavell\u00f3 d\u2019Esport El Pujol\u00f3 \u2013 Taradell<\/p>\n<p><strong>Format:<\/strong> ser\u00e0 una sola cursa amb canvi de mapa (en un punt determinat caldr\u00e0 girar el mapa per seguir la cursa).<\/p>\n<p><strong>Inscripcions:<\/strong> a la web de la <span style=\"text-decoration: underline;\"><strong><em><span style=\"color: #0000ff; text-decoration: underline;\">FCOC (\u2192)<\/span><\/em><\/strong><\/span><\/p>\n<p><strong>Protocol <a href=\"https:\/\/cetaradell.cat\/ce\/wp-content\/uploads\/info-cursa-orientacio_2021_COVID.pdf\" target=\"_blank\" rel=\"noopener\"><span style=\"text-decoration: underline;\"><em><span style=\"color: #0000ff; text-decoration: underline;\">COVID de la cursa (\u2192)<\/span><\/em><\/span><\/a>:\u00a0<\/strong>llegiu-lo per garantir l&#8217;efic\u00e0cia de les mesures de protecci\u00f3 contra la Covid-19.<\/p>\n<p><strong>Organitzaci\u00f3:<\/strong>\u00a0 Centre Excursionista de Taradell, Uni\u00f3 Excursionista de Vic i Servei d\u2019Esports de la Universitat de Vic.<\/p>\n<ul>\n<li><strong>Campionat de Catalunya Escolar i d&#8217;Osona Escolar<\/strong><u><br \/>\n<\/u><\/li>\n<\/ul>\n<p>Els tra\u00e7ats dels Campionats Escolars s\u2019han dividit segons les edats dels participants.<\/p>\n<table style=\"width: 86.2467%;\" width=\"651\">\n<tbody>\n<tr>\n<td style=\"width: 19.1718%;\" width=\"122\"><strong>Prebenjam\u00ed:<\/strong><\/td>\n<td style=\"width: 88.4969%;\" width=\"529\">Per corredors i corredores nascuts el 2013 i posteriors.<br \/>\nCategoria fora de concurs oficial. Aconsellable anar acompanyats d\u2019un adult.<\/td>\n<\/tr>\n<tr>\n<td style=\"width: 19.1718%;\" width=\"122\"><strong>Benjam\u00ed:<\/strong><\/td>\n<td style=\"width: 88.4969%;\" width=\"529\">Per corredors i corredores nascuts entre 2011-2012.<\/td>\n<\/tr>\n<tr>\n<td style=\"width: 19.1718%;\" width=\"122\"><strong>Alev\u00ed:<\/strong><\/td>\n<td style=\"width: 88.4969%;\" width=\"529\">Per corredors i corredores nascuts entre 2009-2010.<\/td>\n<\/tr>\n<tr>\n<td style=\"width: 19.1718%;\" width=\"122\"><strong>Infantil:<\/strong><\/td>\n<td style=\"width: 88.4969%;\" width=\"529\">Per corredors i corredores nascuts entre 2007-2008.<\/td>\n<\/tr>\n<tr>\n<td style=\"width: 19.1718%;\" width=\"122\"><strong>Cadet:<\/strong><\/td>\n<td style=\"width: 88.4969%;\" width=\"529\">Per corredors i corredores nascuts entre 2005-2006.<\/td>\n<\/tr>\n<tr>\n<td style=\"width: 19.1718%;\" width=\"122\"><strong>Juvenil:<\/strong><\/td>\n<td style=\"width: 88.4969%;\" width=\"529\">Per corredors i corredores nascuts entre 2003-2004.<\/td>\n<\/tr>\n<\/tbody>\n<\/table>\n<p>&nbsp;<\/p>\n<ul>\n<li><strong><strong>Campionat de Catalunya Universitari d&#8217;Orientaci\u00f3 <span style=\"color: #0000ff;\"><em><a style=\"color: #0000ff;\" href=\"https:\/\/cetaradell.cat\/ce\/wp-content\/uploads\/Reglaments-CCU-Orientacio.pdf\" target=\"_blank\" rel=\"noopener\">(Reglament espec\u00edfic\u2192)<\/a><\/em><\/span><\/strong><\/strong><\/li>\n<\/ul>\n<p><strong><strong><br \/>\n<a href=\"https:\/\/cetaradell.cat\/ce\/cursa-dorientacio-de-taradell-2021\/cartell-ccu-orientacio1\/\" target=\"_blank\" rel=\"attachment noopener wp-att-8604\"><img decoding=\"async\" class=\"alignleft wp-image-8604 size-medium\" style=\"border-width: 1px; border-style: solid;\" src=\"https:\/\/cetaradell.cat\/ce\/wp-content\/uploads\/cartell-CCU-Orientacio1-212x300.jpg\" alt=\"\" width=\"212\" height=\"300\" srcset=\"https:\/\/cetaradell.cat\/ce\/wp-content\/uploads\/cartell-CCU-Orientacio1-200x283.jpg 200w, https:\/\/cetaradell.cat\/ce\/wp-content\/uploads\/cartell-CCU-Orientacio1-212x300.jpg 212w, https:\/\/cetaradell.cat\/ce\/wp-content\/uploads\/cartell-CCU-Orientacio1-400x566.jpg 400w, https:\/\/cetaradell.cat\/ce\/wp-content\/uploads\/cartell-CCU-Orientacio1-500x707.jpg 500w, https:\/\/cetaradell.cat\/ce\/wp-content\/uploads\/cartell-CCU-Orientacio1-600x849.jpg 600w, https:\/\/cetaradell.cat\/ce\/wp-content\/uploads\/cartell-CCU-Orientacio1-700x990.jpg 700w, https:\/\/cetaradell.cat\/ce\/wp-content\/uploads\/cartell-CCU-Orientacio1-724x1024.jpg 724w, https:\/\/cetaradell.cat\/ce\/wp-content\/uploads\/cartell-CCU-Orientacio1-768x1086.jpg 768w, https:\/\/cetaradell.cat\/ce\/wp-content\/uploads\/cartell-CCU-Orientacio1-800x1132.jpg 800w, https:\/\/cetaradell.cat\/ce\/wp-content\/uploads\/cartell-CCU-Orientacio1-1086x1536.jpg 1086w, https:\/\/cetaradell.cat\/ce\/wp-content\/uploads\/cartell-CCU-Orientacio1-1200x1697.jpg 1200w, https:\/\/cetaradell.cat\/ce\/wp-content\/uploads\/cartell-CCU-Orientacio1.jpg 1414w\" sizes=\"(max-width: 212px) 100vw, 212px\" \/><\/a><\/strong><\/strong><strong>Participants:<\/strong> Membres de la comunitat universit\u00e0ria de les universitats catalanes o centres adscrits (alumnes matriculats al curs 2020\/21, PDI i PAS)<\/p>\n<p><strong>Inscripcions:<\/strong> Atenci\u00f3, cal fer doble inscripci\u00f3: Cada competidor\/a haur\u00e0 de fer la inscripci\u00f3 a <strong><span style=\"color: #0000ff;\"><em> <u>www.orientacio.cat<\/u><\/em><\/span><\/strong> i al <u>Servei d&#8217;Esports de la seva universitat<\/u> (data l\u00edmit: dimarts 25 de maig de 2021 a les 23:59h).<\/p>\n<p><strong>Asseguran\u00e7a \/ Atenci\u00f3 m\u00e8dica: <\/strong>Cobrir\u00e0 qualsevol eventualitat l\u2019asseguran\u00e7a que els estudiants tinguin amb la seva universitat (Asseguran\u00e7a Escolar). Els participants majors de 28 anys, en no estar coberts per l\u2019Asseguran\u00e7a Escolar, tenen l\u2019obligaci\u00f3 de contractar una asseguran\u00e7a a nivell personal.<\/p>\n<p>Cada universitat es far\u00e0 responsable de tenir cura que els participants que la representin tinguin la corresponent asseguran\u00e7a.<\/p>\n<p>Els participants, organitzadors i p\u00fablic hauran de complir obligat\u00f2riament el protocol anticovid de la Federaci\u00f3 Curses d&#8217;Orientaci\u00f3 de Catalunya (FCOC)<\/p>\n<p>&nbsp;<\/p>\n<p>&nbsp;<\/p>\n","protected":false},"excerpt":{"rendered":"<p>Resultats (\u2192) Parcials (\u2192) Album de fotografies (\u2192) Fotografies de: Mart\u00ed Saborit i Ramon Curtichs Classificacions del campionat Escolar d&#8217;Osona: Alev\u00ed F : Airina Sales (UE Vic- Escoles Gurb) Alev\u00ed M : &#8212; Infantil F : Arlet Sales (UE Vic &#8211; Institut de Gurb) Infantil M : Mart\u00ed Vallbona (UE  [&#8230;]<\/p>\n","protected":false},"author":1,"featured_media":8652,"comment_status":"closed","ping_status":"closed","sticky":false,"template":"","format":"standard","meta":{"footnotes":""},"categories":[4,45],"tags":[],"class_list":["post-8603","post","type-post","status-publish","format-standard","has-post-thumbnail","hentry","category-activitats","category-curses-dorientacio"],"yoast_head":"<!-- This site is optimized with the Yoast SEO plugin v27.4 - https:\/\/yoast.com\/product\/yoast-seo-wordpress\/ -->\n<title>Cursa d&#039;orientaci\u00f3 de Taradell - 2021 - Centre Excursionista Taradell<\/title>\n<meta name=\"robots\" content=\"index, follow, max-snippet:-1, max-image-preview:large, max-video-preview:-1\" \/>\n<link rel=\"canonical\" href=\"https:\/\/cetaradell.cat\/ce\/cursa-dorientacio-de-taradell-2021\/\" \/>\n<meta property=\"og:locale\" content=\"ca_ES\" \/>\n<meta property=\"og:type\" content=\"article\" \/>\n<meta property=\"og:title\" content=\"Cursa d&#039;orientaci\u00f3 de Taradell - 2021 - Centre Excursionista Taradell\" \/>\n<meta property=\"og:description\" content=\"Resultats (\u2192) Parcials (\u2192) Album de fotografies (\u2192) Fotografies de: Mart\u00ed Saborit i Ramon Curtichs Classificacions del campionat Escolar d&#8217;Osona: Alev\u00ed F : Airina Sales (UE Vic- Escoles Gurb) Alev\u00ed M : &#8212; Infantil F : Arlet Sales (UE Vic &#8211; Institut de Gurb) Infantil M : Mart\u00ed Vallbona (UE [...]\" \/>\n<meta property=\"og:url\" content=\"https:\/\/cetaradell.cat\/ce\/cursa-dorientacio-de-taradell-2021\/\" \/>\n<meta property=\"og:site_name\" content=\"Centre Excursionista Taradell\" \/>\n<meta property=\"article:publisher\" content=\"https:\/\/www.facebook.com\/CETaradell\/\" \/>\n<meta property=\"article:published_time\" content=\"2021-05-30T19:48:19+00:00\" \/>\n<meta property=\"article:modified_time\" content=\"2022-09-24T10:09:19+00:00\" \/>\n<meta property=\"og:image\" content=\"https:\/\/cetaradell.cat\/ce\/wp-content\/uploads\/Taradell-2021-web2-scaled.jpg\" \/>\n\t<meta property=\"og:image:width\" content=\"2560\" \/>\n\t<meta property=\"og:image:height\" content=\"2471\" \/>\n\t<meta property=\"og:image:type\" content=\"image\/jpeg\" \/>\n<meta name=\"author\" content=\"CET\" \/>\n<meta name=\"twitter:card\" content=\"summary_large_image\" \/>\n<meta name=\"twitter:label1\" content=\"Escrit per\" \/>\n\t<meta name=\"twitter:data1\" content=\"CET\" \/>\n\t<meta name=\"twitter:label2\" content=\"Temps estimat de lectura\" \/>\n\t<meta name=\"twitter:data2\" content=\"3 minuts\" \/>\n<script type=\"application\/ld+json\" class=\"yoast-schema-graph\">{\"@context\":\"https:\\\/\\\/schema.org\",\"@graph\":[{\"@type\":\"Article\",\"@id\":\"https:\\\/\\\/cetaradell.cat\\\/ce\\\/cursa-dorientacio-de-taradell-2021\\\/#article\",\"isPartOf\":{\"@id\":\"https:\\\/\\\/cetaradell.cat\\\/ce\\\/cursa-dorientacio-de-taradell-2021\\\/\"},\"author\":{\"name\":\"CET\",\"@id\":\"https:\\\/\\\/cetaradell.cat\\\/ce\\\/#\\\/schema\\\/person\\\/92a59f585073071c7be6649e84b22f78\"},\"headline\":\"Cursa d&#8217;orientaci\u00f3 de Taradell &#8211; 2021\",\"datePublished\":\"2021-05-30T19:48:19+00:00\",\"dateModified\":\"2022-09-24T10:09:19+00:00\",\"mainEntityOfPage\":{\"@id\":\"https:\\\/\\\/cetaradell.cat\\\/ce\\\/cursa-dorientacio-de-taradell-2021\\\/\"},\"wordCount\":538,\"image\":{\"@id\":\"https:\\\/\\\/cetaradell.cat\\\/ce\\\/cursa-dorientacio-de-taradell-2021\\\/#primaryimage\"},\"thumbnailUrl\":\"https:\\\/\\\/cetaradell.cat\\\/ce\\\/wp-content\\\/uploads\\\/Taradell-2021-web2-scaled.jpg\",\"articleSection\":[\"Activitats\",\"Curses d'Orientaci\u00f3\"],\"inLanguage\":\"ca\"},{\"@type\":\"WebPage\",\"@id\":\"https:\\\/\\\/cetaradell.cat\\\/ce\\\/cursa-dorientacio-de-taradell-2021\\\/\",\"url\":\"https:\\\/\\\/cetaradell.cat\\\/ce\\\/cursa-dorientacio-de-taradell-2021\\\/\",\"name\":\"Cursa d'orientaci\u00f3 de Taradell - 2021 - Centre Excursionista Taradell\",\"isPartOf\":{\"@id\":\"https:\\\/\\\/cetaradell.cat\\\/ce\\\/#website\"},\"primaryImageOfPage\":{\"@id\":\"https:\\\/\\\/cetaradell.cat\\\/ce\\\/cursa-dorientacio-de-taradell-2021\\\/#primaryimage\"},\"image\":{\"@id\":\"https:\\\/\\\/cetaradell.cat\\\/ce\\\/cursa-dorientacio-de-taradell-2021\\\/#primaryimage\"},\"thumbnailUrl\":\"https:\\\/\\\/cetaradell.cat\\\/ce\\\/wp-content\\\/uploads\\\/Taradell-2021-web2-scaled.jpg\",\"datePublished\":\"2021-05-30T19:48:19+00:00\",\"dateModified\":\"2022-09-24T10:09:19+00:00\",\"author\":{\"@id\":\"https:\\\/\\\/cetaradell.cat\\\/ce\\\/#\\\/schema\\\/person\\\/92a59f585073071c7be6649e84b22f78\"},\"breadcrumb\":{\"@id\":\"https:\\\/\\\/cetaradell.cat\\\/ce\\\/cursa-dorientacio-de-taradell-2021\\\/#breadcrumb\"},\"inLanguage\":\"ca\",\"potentialAction\":[{\"@type\":\"ReadAction\",\"target\":[\"https:\\\/\\\/cetaradell.cat\\\/ce\\\/cursa-dorientacio-de-taradell-2021\\\/\"]}]},{\"@type\":\"ImageObject\",\"inLanguage\":\"ca\",\"@id\":\"https:\\\/\\\/cetaradell.cat\\\/ce\\\/cursa-dorientacio-de-taradell-2021\\\/#primaryimage\",\"url\":\"https:\\\/\\\/cetaradell.cat\\\/ce\\\/wp-content\\\/uploads\\\/Taradell-2021-web2-scaled.jpg\",\"contentUrl\":\"https:\\\/\\\/cetaradell.cat\\\/ce\\\/wp-content\\\/uploads\\\/Taradell-2021-web2-scaled.jpg\",\"width\":2560,\"height\":2471},{\"@type\":\"BreadcrumbList\",\"@id\":\"https:\\\/\\\/cetaradell.cat\\\/ce\\\/cursa-dorientacio-de-taradell-2021\\\/#breadcrumb\",\"itemListElement\":[{\"@type\":\"ListItem\",\"position\":1,\"name\":\"Inici\",\"item\":\"https:\\\/\\\/cetaradell.cat\\\/ce\\\/\"},{\"@type\":\"ListItem\",\"position\":2,\"name\":\"Cursa d&#8217;orientaci\u00f3 de Taradell &#8211; 2021\"}]},{\"@type\":\"WebSite\",\"@id\":\"https:\\\/\\\/cetaradell.cat\\\/ce\\\/#website\",\"url\":\"https:\\\/\\\/cetaradell.cat\\\/ce\\\/\",\"name\":\"Centre Excursionista Taradell\",\"description\":\"\",\"potentialAction\":[{\"@type\":\"SearchAction\",\"target\":{\"@type\":\"EntryPoint\",\"urlTemplate\":\"https:\\\/\\\/cetaradell.cat\\\/ce\\\/?s={search_term_string}\"},\"query-input\":{\"@type\":\"PropertyValueSpecification\",\"valueRequired\":true,\"valueName\":\"search_term_string\"}}],\"inLanguage\":\"ca\"},{\"@type\":\"Person\",\"@id\":\"https:\\\/\\\/cetaradell.cat\\\/ce\\\/#\\\/schema\\\/person\\\/92a59f585073071c7be6649e84b22f78\",\"name\":\"CET\",\"image\":{\"@type\":\"ImageObject\",\"inLanguage\":\"ca\",\"@id\":\"https:\\\/\\\/secure.gravatar.com\\\/avatar\\\/d6fbe010d42056feccc0f613ed07277a5118442805079269f12dabdc42e1a727?s=96&d=mm&r=g\",\"url\":\"https:\\\/\\\/secure.gravatar.com\\\/avatar\\\/d6fbe010d42056feccc0f613ed07277a5118442805079269f12dabdc42e1a727?s=96&d=mm&r=g\",\"contentUrl\":\"https:\\\/\\\/secure.gravatar.com\\\/avatar\\\/d6fbe010d42056feccc0f613ed07277a5118442805079269f12dabdc42e1a727?s=96&d=mm&r=g\",\"caption\":\"CET\"},\"url\":\"https:\\\/\\\/cetaradell.cat\\\/ce\\\/author\\\/root\\\/\"}]}<\/script>\n<!-- \/ Yoast SEO plugin. -->","yoast_head_json":{"title":"Cursa d'orientaci\u00f3 de Taradell - 2021 - Centre Excursionista Taradell","robots":{"index":"index","follow":"follow","max-snippet":"max-snippet:-1","max-image-preview":"max-image-preview:large","max-video-preview":"max-video-preview:-1"},"canonical":"https:\/\/cetaradell.cat\/ce\/cursa-dorientacio-de-taradell-2021\/","og_locale":"ca_ES","og_type":"article","og_title":"Cursa d'orientaci\u00f3 de Taradell - 2021 - Centre Excursionista Taradell","og_description":"Resultats (\u2192) Parcials (\u2192) Album de fotografies (\u2192) Fotografies de: Mart\u00ed Saborit i Ramon Curtichs Classificacions del campionat Escolar d&#8217;Osona: Alev\u00ed F : Airina Sales (UE Vic- Escoles Gurb) Alev\u00ed M : &#8212; Infantil F : Arlet Sales (UE Vic &#8211; Institut de Gurb) Infantil M : Mart\u00ed Vallbona (UE [...]","og_url":"https:\/\/cetaradell.cat\/ce\/cursa-dorientacio-de-taradell-2021\/","og_site_name":"Centre Excursionista Taradell","article_publisher":"https:\/\/www.facebook.com\/CETaradell\/","article_published_time":"2021-05-30T19:48:19+00:00","article_modified_time":"2022-09-24T10:09:19+00:00","og_image":[{"width":2560,"height":2471,"url":"https:\/\/cetaradell.cat\/ce\/wp-content\/uploads\/Taradell-2021-web2-scaled.jpg","type":"image\/jpeg"}],"author":"CET","twitter_card":"summary_large_image","twitter_misc":{"Escrit per":"CET","Temps estimat de lectura":"3 minuts"},"schema":{"@context":"https:\/\/schema.org","@graph":[{"@type":"Article","@id":"https:\/\/cetaradell.cat\/ce\/cursa-dorientacio-de-taradell-2021\/#article","isPartOf":{"@id":"https:\/\/cetaradell.cat\/ce\/cursa-dorientacio-de-taradell-2021\/"},"author":{"name":"CET","@id":"https:\/\/cetaradell.cat\/ce\/#\/schema\/person\/92a59f585073071c7be6649e84b22f78"},"headline":"Cursa d&#8217;orientaci\u00f3 de Taradell &#8211; 2021","datePublished":"2021-05-30T19:48:19+00:00","dateModified":"2022-09-24T10:09:19+00:00","mainEntityOfPage":{"@id":"https:\/\/cetaradell.cat\/ce\/cursa-dorientacio-de-taradell-2021\/"},"wordCount":538,"image":{"@id":"https:\/\/cetaradell.cat\/ce\/cursa-dorientacio-de-taradell-2021\/#primaryimage"},"thumbnailUrl":"https:\/\/cetaradell.cat\/ce\/wp-content\/uploads\/Taradell-2021-web2-scaled.jpg","articleSection":["Activitats","Curses d'Orientaci\u00f3"],"inLanguage":"ca"},{"@type":"WebPage","@id":"https:\/\/cetaradell.cat\/ce\/cursa-dorientacio-de-taradell-2021\/","url":"https:\/\/cetaradell.cat\/ce\/cursa-dorientacio-de-taradell-2021\/","name":"Cursa d'orientaci\u00f3 de Taradell - 2021 - Centre Excursionista Taradell","isPartOf":{"@id":"https:\/\/cetaradell.cat\/ce\/#website"},"primaryImageOfPage":{"@id":"https:\/\/cetaradell.cat\/ce\/cursa-dorientacio-de-taradell-2021\/#primaryimage"},"image":{"@id":"https:\/\/cetaradell.cat\/ce\/cursa-dorientacio-de-taradell-2021\/#primaryimage"},"thumbnailUrl":"https:\/\/cetaradell.cat\/ce\/wp-content\/uploads\/Taradell-2021-web2-scaled.jpg","datePublished":"2021-05-30T19:48:19+00:00","dateModified":"2022-09-24T10:09:19+00:00","author":{"@id":"https:\/\/cetaradell.cat\/ce\/#\/schema\/person\/92a59f585073071c7be6649e84b22f78"},"breadcrumb":{"@id":"https:\/\/cetaradell.cat\/ce\/cursa-dorientacio-de-taradell-2021\/#breadcrumb"},"inLanguage":"ca","potentialAction":[{"@type":"ReadAction","target":["https:\/\/cetaradell.cat\/ce\/cursa-dorientacio-de-taradell-2021\/"]}]},{"@type":"ImageObject","inLanguage":"ca","@id":"https:\/\/cetaradell.cat\/ce\/cursa-dorientacio-de-taradell-2021\/#primaryimage","url":"https:\/\/cetaradell.cat\/ce\/wp-content\/uploads\/Taradell-2021-web2-scaled.jpg","contentUrl":"https:\/\/cetaradell.cat\/ce\/wp-content\/uploads\/Taradell-2021-web2-scaled.jpg","width":2560,"height":2471},{"@type":"BreadcrumbList","@id":"https:\/\/cetaradell.cat\/ce\/cursa-dorientacio-de-taradell-2021\/#breadcrumb","itemListElement":[{"@type":"ListItem","position":1,"name":"Inici","item":"https:\/\/cetaradell.cat\/ce\/"},{"@type":"ListItem","position":2,"name":"Cursa d&#8217;orientaci\u00f3 de Taradell &#8211; 2021"}]},{"@type":"WebSite","@id":"https:\/\/cetaradell.cat\/ce\/#website","url":"https:\/\/cetaradell.cat\/ce\/","name":"Centre Excursionista Taradell","description":"","potentialAction":[{"@type":"SearchAction","target":{"@type":"EntryPoint","urlTemplate":"https:\/\/cetaradell.cat\/ce\/?s={search_term_string}"},"query-input":{"@type":"PropertyValueSpecification","valueRequired":true,"valueName":"search_term_string"}}],"inLanguage":"ca"},{"@type":"Person","@id":"https:\/\/cetaradell.cat\/ce\/#\/schema\/person\/92a59f585073071c7be6649e84b22f78","name":"CET","image":{"@type":"ImageObject","inLanguage":"ca","@id":"https:\/\/secure.gravatar.com\/avatar\/d6fbe010d42056feccc0f613ed07277a5118442805079269f12dabdc42e1a727?s=96&d=mm&r=g","url":"https:\/\/secure.gravatar.com\/avatar\/d6fbe010d42056feccc0f613ed07277a5118442805079269f12dabdc42e1a727?s=96&d=mm&r=g","contentUrl":"https:\/\/secure.gravatar.com\/avatar\/d6fbe010d42056feccc0f613ed07277a5118442805079269f12dabdc42e1a727?s=96&d=mm&r=g","caption":"CET"},"url":"https:\/\/cetaradell.cat\/ce\/author\/root\/"}]}},"_links":{"self":[{"href":"https:\/\/cetaradell.cat\/ce\/wp-json\/wp\/v2\/posts\/8603","targetHints":{"allow":["GET"]}}],"collection":[{"href":"https:\/\/cetaradell.cat\/ce\/wp-json\/wp\/v2\/posts"}],"about":[{"href":"https:\/\/cetaradell.cat\/ce\/wp-json\/wp\/v2\/types\/post"}],"author":[{"embeddable":true,"href":"https:\/\/cetaradell.cat\/ce\/wp-json\/wp\/v2\/users\/1"}],"replies":[{"embeddable":true,"href":"https:\/\/cetaradell.cat\/ce\/wp-json\/wp\/v2\/comments?post=8603"}],"version-history":[{"count":0,"href":"https:\/\/cetaradell.cat\/ce\/wp-json\/wp\/v2\/posts\/8603\/revisions"}],"wp:featuredmedia":[{"embeddable":true,"href":"https:\/\/cetaradell.cat\/ce\/wp-json\/wp\/v2\/media\/8652"}],"wp:attachment":[{"href":"https:\/\/cetaradell.cat\/ce\/wp-json\/wp\/v2\/media?parent=8603"}],"wp:term":[{"taxonomy":"category","embeddable":true,"href":"https:\/\/cetaradell.cat\/ce\/wp-json\/wp\/v2\/categories?post=8603"},{"taxonomy":"post_tag","embeddable":true,"href":"https:\/\/cetaradell.cat\/ce\/wp-json\/wp\/v2\/tags?post=8603"}],"curies":[{"name":"wp","href":"https:\/\/api.w.org\/{rel}","templated":true}]}}