{"id":8613,"date":"2021-04-29T19:44:14","date_gmt":"2021-04-29T18:44:14","guid":{"rendered":"https:\/\/cetaradell.cat\/ce\/?p=8613"},"modified":"2021-05-03T21:50:03","modified_gmt":"2021-05-03T20:50:03","slug":"xxxvi-cicle-de-projeccions-del-cet-2021","status":"publish","type":"post","link":"https:\/\/cetaradell.cat\/ce\/xxxvi-cicle-de-projeccions-del-cet-2021\/","title":{"rendered":"XXXVI Cicle de Projeccions del CET &#8211; 2021"},"content":{"rendered":"<p><a href=\"https:\/\/cetaradell.cat\/ce\/xxxvi-cicle-de-projeccions-del-cet-2021\/cicle-de-projeccions\/\" target=\"_blank\" rel=\"attachment noopener wp-att-8614\"><img decoding=\"async\" class=\"alignleft wp-image-8614 size-medium\" src=\"https:\/\/cetaradell.cat\/ce\/wp-content\/uploads\/Cicle-de-projeccions-217x300.jpg\" alt=\"\" width=\"217\" height=\"300\" srcset=\"https:\/\/cetaradell.cat\/ce\/wp-content\/uploads\/Cicle-de-projeccions-200x277.jpg 200w, https:\/\/cetaradell.cat\/ce\/wp-content\/uploads\/Cicle-de-projeccions-217x300.jpg 217w, https:\/\/cetaradell.cat\/ce\/wp-content\/uploads\/Cicle-de-projeccions-400x554.jpg 400w, https:\/\/cetaradell.cat\/ce\/wp-content\/uploads\/Cicle-de-projeccions-500x692.jpg 500w, https:\/\/cetaradell.cat\/ce\/wp-content\/uploads\/Cicle-de-projeccions-600x830.jpg 600w, https:\/\/cetaradell.cat\/ce\/wp-content\/uploads\/Cicle-de-projeccions.jpg 633w\" sizes=\"(max-width: 217px) 100vw, 217px\" \/><\/a>Retorna el <strong>Cicle de Projeccions<\/strong> del Centre Excursionista Taradell que enguany arriba a la 36a edici\u00f3.<\/p>\n<p>Aquest cicle constar\u00e0 de quatre sessions que es faran els divendres dia 7, 14, 21 i 28 de maig al <strong>Centre Cultural Costa i Font de Taradell<\/strong>, a les <strong>8 del vespre<\/strong>. No es far\u00e0 a la Biblioteca degut a que l&#8217;aforament \u00e9s limitat per motiu de la Covid-19 i pel mateix motiu s&#8217;ha hagut d&#8217;avan\u00e7ar l&#8217;hora a les 8 del vespre.<\/p>\n<p>&nbsp;<\/p>\n<p>&nbsp;<\/p>\n<p>&nbsp;<\/p>\n<p>&nbsp;<\/p>\n<p><!--more--><\/p>\n<h2><strong>Programa<\/strong><\/h2>\n<ul>\n<li>Divendres, 7 de maig 2021<\/li>\n<\/ul>\n<p><strong>ACONCAGUA CHRYSLEINS 2013<\/strong><\/p>\n<p>A c\u00e0rrec d\u2019Edu Sallent i Quim Bretcha<\/p>\n<p>La pel\u00b7l\u00edcula tracta sobre l&#8217;expedici\u00f3 &#8220;Chrysteins Aconcagua 2013&#8221; que vam fer l&#8217;hivern del 2013 a aquesta muntanya argentina, que amb els 6.962 metres \u00e9s la muntanya m\u00e9s alta de l&#8217;Hemisferi Sud. \u00c9rem quatre companys: l&#8217;Isaac Garcia, en Moi Tarr\u00e9s, en Quim Bretcha i l&#8217;Edu Sallent.<\/p>\n<p>La ruta escollida per l&#8217;ascensi\u00f3 va ser &#8220;La ruta Polacos variant Guanacos&#8221;. El camp base el vam instal\u00b7lar a Plaza Argentina. El dia 26 de gener f\u00e8iem cim sols, ja que ning\u00fa m\u00e9s va pujar aquells dies. Deien que feia molt vent!<\/p>\n<p>La pel\u00b7l\u00edcula, molt ben gravada i editada \u00e9s treball d&#8217;en Quim Bretcha.<\/p>\n<p>&nbsp;<\/p>\n<ul>\n<li>Divendres, 14 de maig 2021<\/li>\n<\/ul>\n<p><strong>ETI\u00d2PIA UN VIATGE EN EL TEMPS<\/strong> (durada 78&#8242; 50\u201d)<\/p>\n<p>A c\u00e0rrec de Josep M. Parareda i M. Rosa Aregall<\/p>\n<p>Eti\u00f2pia, un pa\u00eds amb molta hist\u00f2ria, terra ancestral de creences i de fe, agrupa un nombre important de singularitats hist\u00f2riques i religioses, interessant pel seu patrimoni arqueol\u00f2gic.<\/p>\n<p>Coneixerem la depressi\u00f3 del Danakil, la terra dels Afar, un indret sorprenent pels seus paisatges anormals i peculiars i tamb\u00e9 el volc\u00e0 Erta Ale, un espectacle de la natura que hipnotitza per la seva for\u00e7a viva i fascinant.<\/p>\n<p>&nbsp;<\/p>\n<ul>\n<li>Divendres 21 de maig 2021<\/li>\n<\/ul>\n<p><strong>SLOVAK DIRECT<\/strong><\/p>\n<p>A c\u00e0rrec de Marc Toralles<\/p>\n<p>Si hi ha una paraula que defineix la\u00a0<em>Slovak direct<\/em>, \u00e9s\u00a0<em>comprom\u00eds.<\/em>\u00a0L\u2019exig\u00e8ncia d\u2019aquesta ruta va molt m\u00e9s enll\u00e0 de la seva alta dificultat t\u00e8cnica. Potser aix\u00f2 explica que en trenta-quatre anys des de la seva obertura compti tan sols amb nou repeticions.<\/p>\n<p>La primera quinzena del juny passat, Marc Toralles i Bru Busom signen la desena escalada d\u2019aquesta ambiciosa ruta oberta el 1984, entre el 13 i el 23 de maig, pels eslovacs Tono Krizo, Frantisek Korl i Blazej Adam. Ubicada a la dreta de l\u2019elegant aresta\u00a0<em>Cassin,<\/em>\u00a0la\u00a0<em>Slovak direct<\/em>\u00a0(2.700 m; VI grau d\u2019Alaska, WI6, M8) solca implacable la ferotge cara sud del Denali, la via m\u00e9s directa al cim del gegant d\u2019Am\u00e8rica del Nord. Es tracta d\u2019un tra\u00e7at incre\u00efble d\u2019escalada mixta extremadament t\u00e8cnica, gel vertical i molta neu fonda que s\u2019adiu al que Toralles i Busom busquen en una via: alta dificultat, car\u00e0cter i aventura.<\/p>\n<p>&nbsp;<\/p>\n<ul>\n<li>Divendres 28 de maig 2021 (2 Projeccions)<\/li>\n<\/ul>\n<p><strong>A L\u2019OMBRA DE LA CARA NORD<\/strong> (durada 32&#8242;)<\/p>\n<p>A c\u00e0rrec de Josep M. Parareda i M. Rosa Aregall<\/p>\n<p>Escalada a la cara Nord del Vignemale per la via Barrio Bellocq, el m\u00e9s novell dels escaladors narra les sensacions i impressions sentides en la paret.<\/p>\n<p><strong>ALPS, DE LEUKERBAD AL MONT AGUILLE<\/strong> (durada 37\u2019 28\u201d)<\/p>\n<p>A c\u00e0rrec de Josep M. Parareda i M. Rosa Aregall<\/p>\n<p>Un recorregut pels Alps Su\u00efssos realitzant dues vies ferrades, la via ferrada de Leukerbad, maca, espectacular i una de les m\u00e9s llargues de Su\u00efssa, i la via ferrada de la T\u00eate aux Chamois, situada a l\u2019estaci\u00f3 d\u2019esqu\u00ed de Diablerets.<\/p>\n<p>Des de l\u2019estaci\u00f3 d\u2019esqu\u00ed de Saas Fee l\u2019ascensi\u00f3 al cim de l\u2019Allalinhorn.<\/p>\n<p>Per acabar en els Alps francesos, escalant el Mont Aguille, per a la seva via normal, muntanya m\u00edtica, d\u2019aspecte inaccessible, situada al Parc Natural del Verco.<\/p>\n<p>&nbsp;<\/p>\n","protected":false},"excerpt":{"rendered":"<p>Retorna el Cicle de Projeccions del Centre Excursionista Taradell que enguany arriba a la 36a edici\u00f3. Aquest cicle constar\u00e0 de quatre sessions que es faran els divendres dia 7, 14, 21 i 28 de maig al Centre Cultural Costa i Font de Taradell, a les 8 del vespre. No es  [&#8230;]<\/p>\n","protected":false},"author":1,"featured_media":8614,"comment_status":"closed","ping_status":"closed","sticky":false,"template":"","format":"standard","meta":{"footnotes":""},"categories":[4,10,7],"tags":[],"class_list":["post-8613","post","type-post","status-publish","format-standard","has-post-thumbnail","hentry","category-activitats","category-aventura","category-muntanya"],"yoast_head":"<!-- This site is optimized with the Yoast SEO plugin v27.4 - https:\/\/yoast.com\/product\/yoast-seo-wordpress\/ -->\n<title>XXXVI Cicle de Projeccions del CET - 2021 - Centre Excursionista Taradell<\/title>\n<meta name=\"robots\" content=\"index, follow, max-snippet:-1, max-image-preview:large, max-video-preview:-1\" \/>\n<link rel=\"canonical\" href=\"https:\/\/cetaradell.cat\/ce\/xxxvi-cicle-de-projeccions-del-cet-2021\/\" \/>\n<meta property=\"og:locale\" content=\"ca_ES\" \/>\n<meta property=\"og:type\" content=\"article\" \/>\n<meta property=\"og:title\" content=\"XXXVI Cicle de Projeccions del CET - 2021 - Centre Excursionista Taradell\" \/>\n<meta property=\"og:description\" content=\"Retorna el Cicle de Projeccions del Centre Excursionista Taradell que enguany arriba a la 36a edici\u00f3. Aquest cicle constar\u00e0 de quatre sessions que es faran els divendres dia 7, 14, 21 i 28 de maig al Centre Cultural Costa i Font de Taradell, a les 8 del vespre. No es [...]\" \/>\n<meta property=\"og:url\" content=\"https:\/\/cetaradell.cat\/ce\/xxxvi-cicle-de-projeccions-del-cet-2021\/\" \/>\n<meta property=\"og:site_name\" content=\"Centre Excursionista Taradell\" \/>\n<meta property=\"article:publisher\" content=\"https:\/\/www.facebook.com\/CETaradell\/\" \/>\n<meta property=\"article:published_time\" content=\"2021-04-29T18:44:14+00:00\" \/>\n<meta property=\"article:modified_time\" content=\"2021-05-03T20:50:03+00:00\" \/>\n<meta property=\"og:image\" content=\"https:\/\/cetaradell.cat\/ce\/wp-content\/uploads\/Cicle-de-projeccions.jpg\" \/>\n\t<meta property=\"og:image:width\" content=\"633\" \/>\n\t<meta property=\"og:image:height\" content=\"876\" \/>\n\t<meta property=\"og:image:type\" content=\"image\/jpeg\" \/>\n<meta name=\"author\" content=\"CET\" \/>\n<meta name=\"twitter:card\" content=\"summary_large_image\" \/>\n<meta name=\"twitter:label1\" content=\"Escrit per\" \/>\n\t<meta name=\"twitter:data1\" content=\"CET\" \/>\n\t<meta name=\"twitter:label2\" content=\"Temps estimat de lectura\" \/>\n\t<meta name=\"twitter:data2\" content=\"3 minuts\" \/>\n<script type=\"application\/ld+json\" class=\"yoast-schema-graph\">{\"@context\":\"https:\\\/\\\/schema.org\",\"@graph\":[{\"@type\":\"Article\",\"@id\":\"https:\\\/\\\/cetaradell.cat\\\/ce\\\/xxxvi-cicle-de-projeccions-del-cet-2021\\\/#article\",\"isPartOf\":{\"@id\":\"https:\\\/\\\/cetaradell.cat\\\/ce\\\/xxxvi-cicle-de-projeccions-del-cet-2021\\\/\"},\"author\":{\"name\":\"CET\",\"@id\":\"https:\\\/\\\/cetaradell.cat\\\/ce\\\/#\\\/schema\\\/person\\\/92a59f585073071c7be6649e84b22f78\"},\"headline\":\"XXXVI Cicle de Projeccions del CET &#8211; 2021\",\"datePublished\":\"2021-04-29T18:44:14+00:00\",\"dateModified\":\"2021-05-03T20:50:03+00:00\",\"mainEntityOfPage\":{\"@id\":\"https:\\\/\\\/cetaradell.cat\\\/ce\\\/xxxvi-cicle-de-projeccions-del-cet-2021\\\/\"},\"wordCount\":643,\"image\":{\"@id\":\"https:\\\/\\\/cetaradell.cat\\\/ce\\\/xxxvi-cicle-de-projeccions-del-cet-2021\\\/#primaryimage\"},\"thumbnailUrl\":\"https:\\\/\\\/cetaradell.cat\\\/ce\\\/wp-content\\\/uploads\\\/Cicle-de-projeccions.jpg\",\"articleSection\":[\"Activitats\",\"Aventura\",\"Muntanya\"],\"inLanguage\":\"ca\"},{\"@type\":\"WebPage\",\"@id\":\"https:\\\/\\\/cetaradell.cat\\\/ce\\\/xxxvi-cicle-de-projeccions-del-cet-2021\\\/\",\"url\":\"https:\\\/\\\/cetaradell.cat\\\/ce\\\/xxxvi-cicle-de-projeccions-del-cet-2021\\\/\",\"name\":\"XXXVI Cicle de Projeccions del CET - 2021 - Centre Excursionista Taradell\",\"isPartOf\":{\"@id\":\"https:\\\/\\\/cetaradell.cat\\\/ce\\\/#website\"},\"primaryImageOfPage\":{\"@id\":\"https:\\\/\\\/cetaradell.cat\\\/ce\\\/xxxvi-cicle-de-projeccions-del-cet-2021\\\/#primaryimage\"},\"image\":{\"@id\":\"https:\\\/\\\/cetaradell.cat\\\/ce\\\/xxxvi-cicle-de-projeccions-del-cet-2021\\\/#primaryimage\"},\"thumbnailUrl\":\"https:\\\/\\\/cetaradell.cat\\\/ce\\\/wp-content\\\/uploads\\\/Cicle-de-projeccions.jpg\",\"datePublished\":\"2021-04-29T18:44:14+00:00\",\"dateModified\":\"2021-05-03T20:50:03+00:00\",\"author\":{\"@id\":\"https:\\\/\\\/cetaradell.cat\\\/ce\\\/#\\\/schema\\\/person\\\/92a59f585073071c7be6649e84b22f78\"},\"breadcrumb\":{\"@id\":\"https:\\\/\\\/cetaradell.cat\\\/ce\\\/xxxvi-cicle-de-projeccions-del-cet-2021\\\/#breadcrumb\"},\"inLanguage\":\"ca\",\"potentialAction\":[{\"@type\":\"ReadAction\",\"target\":[\"https:\\\/\\\/cetaradell.cat\\\/ce\\\/xxxvi-cicle-de-projeccions-del-cet-2021\\\/\"]}]},{\"@type\":\"ImageObject\",\"inLanguage\":\"ca\",\"@id\":\"https:\\\/\\\/cetaradell.cat\\\/ce\\\/xxxvi-cicle-de-projeccions-del-cet-2021\\\/#primaryimage\",\"url\":\"https:\\\/\\\/cetaradell.cat\\\/ce\\\/wp-content\\\/uploads\\\/Cicle-de-projeccions.jpg\",\"contentUrl\":\"https:\\\/\\\/cetaradell.cat\\\/ce\\\/wp-content\\\/uploads\\\/Cicle-de-projeccions.jpg\",\"width\":633,\"height\":876},{\"@type\":\"BreadcrumbList\",\"@id\":\"https:\\\/\\\/cetaradell.cat\\\/ce\\\/xxxvi-cicle-de-projeccions-del-cet-2021\\\/#breadcrumb\",\"itemListElement\":[{\"@type\":\"ListItem\",\"position\":1,\"name\":\"Inici\",\"item\":\"https:\\\/\\\/cetaradell.cat\\\/ce\\\/\"},{\"@type\":\"ListItem\",\"position\":2,\"name\":\"XXXVI Cicle de Projeccions del CET &#8211; 2021\"}]},{\"@type\":\"WebSite\",\"@id\":\"https:\\\/\\\/cetaradell.cat\\\/ce\\\/#website\",\"url\":\"https:\\\/\\\/cetaradell.cat\\\/ce\\\/\",\"name\":\"Centre Excursionista Taradell\",\"description\":\"\",\"potentialAction\":[{\"@type\":\"SearchAction\",\"target\":{\"@type\":\"EntryPoint\",\"urlTemplate\":\"https:\\\/\\\/cetaradell.cat\\\/ce\\\/?s={search_term_string}\"},\"query-input\":{\"@type\":\"PropertyValueSpecification\",\"valueRequired\":true,\"valueName\":\"search_term_string\"}}],\"inLanguage\":\"ca\"},{\"@type\":\"Person\",\"@id\":\"https:\\\/\\\/cetaradell.cat\\\/ce\\\/#\\\/schema\\\/person\\\/92a59f585073071c7be6649e84b22f78\",\"name\":\"CET\",\"image\":{\"@type\":\"ImageObject\",\"inLanguage\":\"ca\",\"@id\":\"https:\\\/\\\/secure.gravatar.com\\\/avatar\\\/d6fbe010d42056feccc0f613ed07277a5118442805079269f12dabdc42e1a727?s=96&d=mm&r=g\",\"url\":\"https:\\\/\\\/secure.gravatar.com\\\/avatar\\\/d6fbe010d42056feccc0f613ed07277a5118442805079269f12dabdc42e1a727?s=96&d=mm&r=g\",\"contentUrl\":\"https:\\\/\\\/secure.gravatar.com\\\/avatar\\\/d6fbe010d42056feccc0f613ed07277a5118442805079269f12dabdc42e1a727?s=96&d=mm&r=g\",\"caption\":\"CET\"},\"url\":\"https:\\\/\\\/cetaradell.cat\\\/ce\\\/author\\\/root\\\/\"}]}<\/script>\n<!-- \/ Yoast SEO plugin. -->","yoast_head_json":{"title":"XXXVI Cicle de Projeccions del CET - 2021 - Centre Excursionista Taradell","robots":{"index":"index","follow":"follow","max-snippet":"max-snippet:-1","max-image-preview":"max-image-preview:large","max-video-preview":"max-video-preview:-1"},"canonical":"https:\/\/cetaradell.cat\/ce\/xxxvi-cicle-de-projeccions-del-cet-2021\/","og_locale":"ca_ES","og_type":"article","og_title":"XXXVI Cicle de Projeccions del CET - 2021 - Centre Excursionista Taradell","og_description":"Retorna el Cicle de Projeccions del Centre Excursionista Taradell que enguany arriba a la 36a edici\u00f3. Aquest cicle constar\u00e0 de quatre sessions que es faran els divendres dia 7, 14, 21 i 28 de maig al Centre Cultural Costa i Font de Taradell, a les 8 del vespre. No es [...]","og_url":"https:\/\/cetaradell.cat\/ce\/xxxvi-cicle-de-projeccions-del-cet-2021\/","og_site_name":"Centre Excursionista Taradell","article_publisher":"https:\/\/www.facebook.com\/CETaradell\/","article_published_time":"2021-04-29T18:44:14+00:00","article_modified_time":"2021-05-03T20:50:03+00:00","og_image":[{"width":633,"height":876,"url":"https:\/\/cetaradell.cat\/ce\/wp-content\/uploads\/Cicle-de-projeccions.jpg","type":"image\/jpeg"}],"author":"CET","twitter_card":"summary_large_image","twitter_misc":{"Escrit per":"CET","Temps estimat de lectura":"3 minuts"},"schema":{"@context":"https:\/\/schema.org","@graph":[{"@type":"Article","@id":"https:\/\/cetaradell.cat\/ce\/xxxvi-cicle-de-projeccions-del-cet-2021\/#article","isPartOf":{"@id":"https:\/\/cetaradell.cat\/ce\/xxxvi-cicle-de-projeccions-del-cet-2021\/"},"author":{"name":"CET","@id":"https:\/\/cetaradell.cat\/ce\/#\/schema\/person\/92a59f585073071c7be6649e84b22f78"},"headline":"XXXVI Cicle de Projeccions del CET &#8211; 2021","datePublished":"2021-04-29T18:44:14+00:00","dateModified":"2021-05-03T20:50:03+00:00","mainEntityOfPage":{"@id":"https:\/\/cetaradell.cat\/ce\/xxxvi-cicle-de-projeccions-del-cet-2021\/"},"wordCount":643,"image":{"@id":"https:\/\/cetaradell.cat\/ce\/xxxvi-cicle-de-projeccions-del-cet-2021\/#primaryimage"},"thumbnailUrl":"https:\/\/cetaradell.cat\/ce\/wp-content\/uploads\/Cicle-de-projeccions.jpg","articleSection":["Activitats","Aventura","Muntanya"],"inLanguage":"ca"},{"@type":"WebPage","@id":"https:\/\/cetaradell.cat\/ce\/xxxvi-cicle-de-projeccions-del-cet-2021\/","url":"https:\/\/cetaradell.cat\/ce\/xxxvi-cicle-de-projeccions-del-cet-2021\/","name":"XXXVI Cicle de Projeccions del CET - 2021 - Centre Excursionista Taradell","isPartOf":{"@id":"https:\/\/cetaradell.cat\/ce\/#website"},"primaryImageOfPage":{"@id":"https:\/\/cetaradell.cat\/ce\/xxxvi-cicle-de-projeccions-del-cet-2021\/#primaryimage"},"image":{"@id":"https:\/\/cetaradell.cat\/ce\/xxxvi-cicle-de-projeccions-del-cet-2021\/#primaryimage"},"thumbnailUrl":"https:\/\/cetaradell.cat\/ce\/wp-content\/uploads\/Cicle-de-projeccions.jpg","datePublished":"2021-04-29T18:44:14+00:00","dateModified":"2021-05-03T20:50:03+00:00","author":{"@id":"https:\/\/cetaradell.cat\/ce\/#\/schema\/person\/92a59f585073071c7be6649e84b22f78"},"breadcrumb":{"@id":"https:\/\/cetaradell.cat\/ce\/xxxvi-cicle-de-projeccions-del-cet-2021\/#breadcrumb"},"inLanguage":"ca","potentialAction":[{"@type":"ReadAction","target":["https:\/\/cetaradell.cat\/ce\/xxxvi-cicle-de-projeccions-del-cet-2021\/"]}]},{"@type":"ImageObject","inLanguage":"ca","@id":"https:\/\/cetaradell.cat\/ce\/xxxvi-cicle-de-projeccions-del-cet-2021\/#primaryimage","url":"https:\/\/cetaradell.cat\/ce\/wp-content\/uploads\/Cicle-de-projeccions.jpg","contentUrl":"https:\/\/cetaradell.cat\/ce\/wp-content\/uploads\/Cicle-de-projeccions.jpg","width":633,"height":876},{"@type":"BreadcrumbList","@id":"https:\/\/cetaradell.cat\/ce\/xxxvi-cicle-de-projeccions-del-cet-2021\/#breadcrumb","itemListElement":[{"@type":"ListItem","position":1,"name":"Inici","item":"https:\/\/cetaradell.cat\/ce\/"},{"@type":"ListItem","position":2,"name":"XXXVI Cicle de Projeccions del CET &#8211; 2021"}]},{"@type":"WebSite","@id":"https:\/\/cetaradell.cat\/ce\/#website","url":"https:\/\/cetaradell.cat\/ce\/","name":"Centre Excursionista Taradell","description":"","potentialAction":[{"@type":"SearchAction","target":{"@type":"EntryPoint","urlTemplate":"https:\/\/cetaradell.cat\/ce\/?s={search_term_string}"},"query-input":{"@type":"PropertyValueSpecification","valueRequired":true,"valueName":"search_term_string"}}],"inLanguage":"ca"},{"@type":"Person","@id":"https:\/\/cetaradell.cat\/ce\/#\/schema\/person\/92a59f585073071c7be6649e84b22f78","name":"CET","image":{"@type":"ImageObject","inLanguage":"ca","@id":"https:\/\/secure.gravatar.com\/avatar\/d6fbe010d42056feccc0f613ed07277a5118442805079269f12dabdc42e1a727?s=96&d=mm&r=g","url":"https:\/\/secure.gravatar.com\/avatar\/d6fbe010d42056feccc0f613ed07277a5118442805079269f12dabdc42e1a727?s=96&d=mm&r=g","contentUrl":"https:\/\/secure.gravatar.com\/avatar\/d6fbe010d42056feccc0f613ed07277a5118442805079269f12dabdc42e1a727?s=96&d=mm&r=g","caption":"CET"},"url":"https:\/\/cetaradell.cat\/ce\/author\/root\/"}]}},"_links":{"self":[{"href":"https:\/\/cetaradell.cat\/ce\/wp-json\/wp\/v2\/posts\/8613","targetHints":{"allow":["GET"]}}],"collection":[{"href":"https:\/\/cetaradell.cat\/ce\/wp-json\/wp\/v2\/posts"}],"about":[{"href":"https:\/\/cetaradell.cat\/ce\/wp-json\/wp\/v2\/types\/post"}],"author":[{"embeddable":true,"href":"https:\/\/cetaradell.cat\/ce\/wp-json\/wp\/v2\/users\/1"}],"replies":[{"embeddable":true,"href":"https:\/\/cetaradell.cat\/ce\/wp-json\/wp\/v2\/comments?post=8613"}],"version-history":[{"count":0,"href":"https:\/\/cetaradell.cat\/ce\/wp-json\/wp\/v2\/posts\/8613\/revisions"}],"wp:featuredmedia":[{"embeddable":true,"href":"https:\/\/cetaradell.cat\/ce\/wp-json\/wp\/v2\/media\/8614"}],"wp:attachment":[{"href":"https:\/\/cetaradell.cat\/ce\/wp-json\/wp\/v2\/media?parent=8613"}],"wp:term":[{"taxonomy":"category","embeddable":true,"href":"https:\/\/cetaradell.cat\/ce\/wp-json\/wp\/v2\/categories?post=8613"},{"taxonomy":"post_tag","embeddable":true,"href":"https:\/\/cetaradell.cat\/ce\/wp-json\/wp\/v2\/tags?post=8613"}],"curies":[{"name":"wp","href":"https:\/\/api.w.org\/{rel}","templated":true}]}}