{"id":8653,"date":"2021-05-09T18:59:13","date_gmt":"2021-05-09T17:59:13","guid":{"rendered":"https:\/\/cetaradell.cat\/ce\/?p=8653"},"modified":"2021-05-09T19:00:48","modified_gmt":"2021-05-09T18:00:48","slug":"assemblea-general-de-socis-2021-2","status":"publish","type":"post","link":"https:\/\/cetaradell.cat\/ce\/assemblea-general-de-socis-2021-2\/","title":{"rendered":"Assemblea general de socis \u2013 2021"},"content":{"rendered":"<p><a href=\"https:\/\/cetaradell.cat\/ce\/assemblea-general-de-socis-2021-2\/assamblea-c-e-t-_2b\/\" target=\"_blank\" rel=\"attachment noopener wp-att-8654\"><img decoding=\"async\" class=\"alignleft wp-image-8654 size-medium\" src=\"https:\/\/cetaradell.cat\/ce\/wp-content\/uploads\/Assamblea-C.E.T._2B-300x200.jpg\" alt=\"\" width=\"300\" height=\"200\" srcset=\"https:\/\/cetaradell.cat\/ce\/wp-content\/uploads\/Assamblea-C.E.T._2B-200x133.jpg 200w, https:\/\/cetaradell.cat\/ce\/wp-content\/uploads\/Assamblea-C.E.T._2B-300x200.jpg 300w, https:\/\/cetaradell.cat\/ce\/wp-content\/uploads\/Assamblea-C.E.T._2B-400x267.jpg 400w, https:\/\/cetaradell.cat\/ce\/wp-content\/uploads\/Assamblea-C.E.T._2B-500x333.jpg 500w, https:\/\/cetaradell.cat\/ce\/wp-content\/uploads\/Assamblea-C.E.T._2B-600x400.jpg 600w, https:\/\/cetaradell.cat\/ce\/wp-content\/uploads\/Assamblea-C.E.T._2B-700x467.jpg 700w, https:\/\/cetaradell.cat\/ce\/wp-content\/uploads\/Assamblea-C.E.T._2B-768x512.jpg 768w, https:\/\/cetaradell.cat\/ce\/wp-content\/uploads\/Assamblea-C.E.T._2B-800x533.jpg 800w, https:\/\/cetaradell.cat\/ce\/wp-content\/uploads\/Assamblea-C.E.T._2B-1024x683.jpg 1024w, https:\/\/cetaradell.cat\/ce\/wp-content\/uploads\/Assamblea-C.E.T._2B-1200x800.jpg 1200w, https:\/\/cetaradell.cat\/ce\/wp-content\/uploads\/Assamblea-C.E.T._2B-1536x1024.jpg 1536w\" sizes=\"(max-width: 300px) 100vw, 300px\" \/><\/a>El dissabte dia 24 d\u2019abril de 2021 a les 19.30 en segona convocat\u00f2ria va tenir lloc l\u2019assemblea general de socis la qual va comptar amb l\u2019assist\u00e8ncia de 17 socis. Degut a la pand\u00e8mia enguany es va fer al Centre Cultural Costa i Font.<\/p>\n<p>Va encetar l\u2019assemblea la presidenta de l\u2019entitat, Carme Delgado, amb unes paraules de benvinguda i d\u2019agra\u00efment a tots els assistents. Seguidament es va procedir a la lectura i l\u2019aprovaci\u00f3 de l\u2019acta de l\u2019assemblea del 2020 la qual en no haver-hi cap objecci\u00f3 va ser aprovada per unanimitat.<\/p>\n<p>El seg\u00fcent punt de l\u2019ordre del dia va ser el rep\u00e0s a l\u2019estat de compte del 2020 i del pressupost pel 2021. Es van explicar totes les partides una per una, i de cada activitat. El resultat final del 2020 va ser de -1.052 euros, b\u00e0sicament degut a que no es van poder dur a terme moltes de les activitats previstes. Pel 2021 es preveu un pressupost molt igual al del 2021 doncs les activitats i despeses s\u00f3n similars, si b\u00e9 no es preveu un resultat negatiu.<\/p>\n<p>Es van aprovar els comptes presentats, el pressupost pel 2021 i es va acorda mantenir la mateixa quota de socis pel 2021.<\/p>\n<p>Seguidament es va fer un rep\u00e0s a les activitats del CET portades a terme el 2020 i s\u2019inform\u00e0 de les previstes per al 2021. Les quals figuren a continuaci\u00f3:<\/p>\n<ul>\n<li><strong>Botifarrada del CET: <\/strong>el 2020 va comptar amb bona participaci\u00f3 ja que va ser abans de que es decret\u00e9s la pand\u00e8mia. Aquest2021 es far\u00e0 el dia 25 d\u2019abril, amb sortida del CET a les 8 del mat\u00ed, i recorregut sorpresa i esmorzar. Aquest any en comptes de botifarra es donar\u00e0 un entrep\u00e0.<\/li>\n<li><strong>Senders GR-11 I 100 Cims: <\/strong>el 2020, de les 10 sortides programades nom\u00e9s se\u2019n van poder fer 3, la participaci\u00f3 va ser de 25 a 30 persones per sortida. Aquest 2021 hi ha programades 6 sortides pels 100 Cim i GR-11, que es podran dur a terme segon com evolucioni la pand\u00e8mia.<\/li>\n<li><strong>Sortides Matinals: <\/strong>el 2020 es van poder fer les previstes i enguany est\u00e0 previst que se\u2019n segueixin organitzant.<\/li>\n<li><strong>Cicle de Projeccions: <\/strong>l\u2019any passat degut a la Covid-19 no es va poder organitzar. Per aquest any esta previst fer 4 projeccions, durant els divendres del mes de Maig.<\/li>\n<li><strong>Festa del soci: <\/strong>el 2020 tampoc es va poder fer i aquest 2021 dependr\u00e0 de les circumst\u00e0ncies sanit\u00e0ries del moment.<\/li>\n<li><strong>Caminada de Festa Major: <\/strong>l\u2019edici\u00f3 de l\u2019any passat malgrat es va haver de canviar una mica el format a causa de la Covid-19 va comptar amb la participaci\u00f3 de 120 persones. Aquest 2021 es far\u00e0 el diumenge 29 d\u2019agost.<\/li>\n<li><strong>Sortida al Pirineu: <\/strong>el 6 de setembre de 2020 es va anar al Pic de la Dona, (Vallter) i aquest 2021, est\u00e0 previst fer-la el dia 25 de juliol, i fer alguna sortida del tr\u00edptic de Senders.<\/li>\n<li><strong>Portada de Pessebres: <\/strong>el 2020 es van portar a les Agudes, com ja es tradici\u00f3 i al Puig de les Agudes (Setcases). Enguany est\u00e0 previst continuar amb la tradici\u00f3.<\/li>\n<li><strong>Cavada a Matagalls: <\/strong>l\u2019any passat degut a las circumst\u00e0ncies es va fer al Castell de Can Boix, per\u00f2 aquest 2021 s\u2019espera poder fer-la com sempre a Matagalls.<\/li>\n<li><strong>Rupit Taradell: <\/strong>l\u2019edici\u00f3 de l\u2019any passat es va anul\u00b7lar, per\u00f2 la d\u2019aquest 2021 ja s\u2019est\u00e0 preparant.<\/li>\n<li><strong>9\u00aa. Cursa de Muntanya: <\/strong>es\u00a0 va anul\u00b7lar l\u2019edici\u00f3 del 2020, per\u00f2\u00a0 la del 2021 s\u2019espera que es pugui fer.<\/li>\n<li><strong>Sant Silvestre: <\/strong>l\u2019edici\u00f3 del 2020 va tenir molt \u00e8xit, quasi tots els participants van anar amb disfressa. Degut a la Covit-19 es va traslladar davant l\u2019Institut, ja que es un espai m\u00e9s ampli. Aquest 2021 es repetir\u00e0 la cursa.<\/li>\n<li><strong>Marxa N\u00f2rdica: <\/strong>la del 2020 tamb\u00e9 es va haver d\u2019anul\u00b7lar, per\u00f2 aquest 2021 est\u00e0 previst que es faci el dia 6 de juny.<\/li>\n<li><strong>Roda Camins: <\/strong>el 2020 aquesta sortida en BTT tamb\u00e9 es va haver d\u2019anul\u00b7lar, per\u00f2 aquest 2021 es tornar\u00e0 a fer. Est\u00e0 prevista pel dia 29 d\u2019agost, el mateix dia que la caminada de Festa Major.<\/li>\n<li><strong>Cursa d\u2019Orientaci\u00f3: <\/strong>l\u2019edici\u00f3 del 2020 es va anar posposant fins arribar al 2021 que est\u00e0 previst que es celebri el 30 de maig. Aquest edici\u00f3 a m\u00e9s de cursa popular es celebraran els Campionats de Catalunya Universitaris i Escolar, i el Campionat d\u2019Osona Escolar.<\/li>\n<li><strong>Curset de meteorologia: <\/strong>es varen poder fer les 3 classes previstes, tot i que la tercera es va haver de fer al Centre Cultural Costa i Font al ser un espai m\u00e9s ampli i poder garantir les dist\u00e0ncies de seguretat, las quals van ser molt interesants.<\/li>\n<li><strong>Activitats del GEEA<\/strong>: el grup d\u2019escalada, esqui i alpinisme, tampoc va poder fer totes les sortides que tenien previstes. S\u2019espera que aquest 2021 de mica en mica la situaci\u00f3 millori i es puguin reprendre les activitats previstes.<\/li>\n<li><strong>GR 2 i PR C-42: <\/strong>el CET ha arreglat camins i pals indicadors dels senders, i ho seguir\u00e0 fent.<\/li>\n<li><strong>FEEC i Vegueria: <\/strong>el CET participa en activitats, cursos, etc, de la FEEC i de la Vegueria.<\/li>\n<\/ul>\n<p><a href=\"https:\/\/cetaradell.cat\/ce\/assemblea-general-de-socis-2021-2\/assamblea-c-e-t-_3b\/\" target=\"_blank\" rel=\"attachment noopener wp-att-8655\"><img decoding=\"async\" class=\"alignleft wp-image-8655 size-medium\" src=\"https:\/\/cetaradell.cat\/ce\/wp-content\/uploads\/Assamblea-C.E.T._3B-300x200.jpg\" alt=\"\" width=\"300\" height=\"200\" srcset=\"https:\/\/cetaradell.cat\/ce\/wp-content\/uploads\/Assamblea-C.E.T._3B-200x133.jpg 200w, https:\/\/cetaradell.cat\/ce\/wp-content\/uploads\/Assamblea-C.E.T._3B-300x200.jpg 300w, https:\/\/cetaradell.cat\/ce\/wp-content\/uploads\/Assamblea-C.E.T._3B-400x267.jpg 400w, https:\/\/cetaradell.cat\/ce\/wp-content\/uploads\/Assamblea-C.E.T._3B-500x333.jpg 500w, https:\/\/cetaradell.cat\/ce\/wp-content\/uploads\/Assamblea-C.E.T._3B-600x400.jpg 600w, https:\/\/cetaradell.cat\/ce\/wp-content\/uploads\/Assamblea-C.E.T._3B-700x467.jpg 700w, https:\/\/cetaradell.cat\/ce\/wp-content\/uploads\/Assamblea-C.E.T._3B-768x512.jpg 768w, https:\/\/cetaradell.cat\/ce\/wp-content\/uploads\/Assamblea-C.E.T._3B-800x533.jpg 800w, https:\/\/cetaradell.cat\/ce\/wp-content\/uploads\/Assamblea-C.E.T._3B-1024x683.jpg 1024w, https:\/\/cetaradell.cat\/ce\/wp-content\/uploads\/Assamblea-C.E.T._3B-1200x800.jpg 1200w, https:\/\/cetaradell.cat\/ce\/wp-content\/uploads\/Assamblea-C.E.T._3B-1536x1024.jpg 1536w, https:\/\/cetaradell.cat\/ce\/wp-content\/uploads\/Assamblea-C.E.T._3B.jpg 1918w\" sizes=\"(max-width: 300px) 100vw, 300px\" \/><\/a>A continuaci\u00f3 es va fer un rep\u00e0s a les col\u00b7laboracions que fa el CET amb altres entitats, i que el 2020 es va anul\u00b7lar totes, per\u00f2 que si aquest 2021 es tornen a fer el CET est\u00e0 en disposici\u00f3 de col\u00b7laborar. Aquestes activitats s\u00f3n Taradell Camina, Caminada Nocturna de la Festa Major de la Roca, Caminada Col\u00b7legi Sant Genis i Santa Agn\u00e8s, o la Cursa d\u2019obstacles de la Festa de l\u2019Esport.<\/p>\n<p>Enguany, per\u00f2, l\u2019Institut de Taradell ha demanat al CET de col\u00b7laborar amb els treballs comunitaris que han de fer els alumnes d\u2019entre 13 i 14 anys, i s\u2019ha acordat que col\u00b7laboraran en tasques de classificar i ordenar la biblioteca i tamb\u00e9 de pintar trams del PR i GR.<\/p>\n<p>Per acabar l\u2019assemblea es va passar a la ronda de precs i preguntes, per\u00f2 en no havent-hi res a comentar per part dels socis, i cap m\u00e9s punt del ordre del dia a tractar, es va aixecar la sessi\u00f3 a les 8 del vespre.<\/p>\n","protected":false},"excerpt":{"rendered":"<p>El dissabte dia 24 d\u2019abril de 2021 a les 19.30 en segona convocat\u00f2ria va tenir lloc l\u2019assemblea general de socis la qual va comptar amb l\u2019assist\u00e8ncia de 17 socis. Degut a la pand\u00e8mia enguany es va fer al Centre Cultural Costa i Font. Va encetar l\u2019assemblea la presidenta de l\u2019entitat,  [&#8230;]<\/p>\n","protected":false},"author":1,"featured_media":8655,"comment_status":"closed","ping_status":"closed","sticky":false,"template":"","format":"standard","meta":{"footnotes":""},"categories":[3],"tags":[],"class_list":["post-8653","post","type-post","status-publish","format-standard","has-post-thumbnail","hentry","category-noticies"],"yoast_head":"<!-- This site is optimized with the Yoast SEO plugin v27.4 - https:\/\/yoast.com\/product\/yoast-seo-wordpress\/ -->\n<title>Assemblea general de socis \u2013 2021 - Centre Excursionista Taradell<\/title>\n<meta name=\"robots\" content=\"index, follow, max-snippet:-1, max-image-preview:large, max-video-preview:-1\" \/>\n<link rel=\"canonical\" href=\"https:\/\/cetaradell.cat\/ce\/assemblea-general-de-socis-2021-2\/\" \/>\n<meta property=\"og:locale\" content=\"ca_ES\" \/>\n<meta property=\"og:type\" content=\"article\" \/>\n<meta property=\"og:title\" content=\"Assemblea general de socis \u2013 2021 - Centre Excursionista Taradell\" \/>\n<meta property=\"og:description\" content=\"El dissabte dia 24 d\u2019abril de 2021 a les 19.30 en segona convocat\u00f2ria va tenir lloc l\u2019assemblea general de socis la qual va comptar amb l\u2019assist\u00e8ncia de 17 socis. Degut a la pand\u00e8mia enguany es va fer al Centre Cultural Costa i Font. Va encetar l\u2019assemblea la presidenta de l\u2019entitat, [...]\" \/>\n<meta property=\"og:url\" content=\"https:\/\/cetaradell.cat\/ce\/assemblea-general-de-socis-2021-2\/\" \/>\n<meta property=\"og:site_name\" content=\"Centre Excursionista Taradell\" \/>\n<meta property=\"article:publisher\" content=\"https:\/\/www.facebook.com\/CETaradell\/\" \/>\n<meta property=\"article:published_time\" content=\"2021-05-09T17:59:13+00:00\" \/>\n<meta property=\"article:modified_time\" content=\"2021-05-09T18:00:48+00:00\" \/>\n<meta property=\"og:image\" content=\"https:\/\/cetaradell.cat\/ce\/wp-content\/uploads\/Assamblea-C.E.T._3B.jpg\" \/>\n\t<meta property=\"og:image:width\" content=\"1918\" \/>\n\t<meta property=\"og:image:height\" content=\"1279\" \/>\n\t<meta property=\"og:image:type\" content=\"image\/jpeg\" \/>\n<meta name=\"author\" content=\"CET\" \/>\n<meta name=\"twitter:card\" content=\"summary_large_image\" \/>\n<meta name=\"twitter:label1\" content=\"Escrit per\" \/>\n\t<meta name=\"twitter:data1\" content=\"CET\" \/>\n\t<meta name=\"twitter:label2\" content=\"Temps estimat de lectura\" \/>\n\t<meta name=\"twitter:data2\" content=\"5 minuts\" \/>\n<script type=\"application\/ld+json\" class=\"yoast-schema-graph\">{\"@context\":\"https:\\\/\\\/schema.org\",\"@graph\":[{\"@type\":\"Article\",\"@id\":\"https:\\\/\\\/cetaradell.cat\\\/ce\\\/assemblea-general-de-socis-2021-2\\\/#article\",\"isPartOf\":{\"@id\":\"https:\\\/\\\/cetaradell.cat\\\/ce\\\/assemblea-general-de-socis-2021-2\\\/\"},\"author\":{\"name\":\"CET\",\"@id\":\"https:\\\/\\\/cetaradell.cat\\\/ce\\\/#\\\/schema\\\/person\\\/92a59f585073071c7be6649e84b22f78\"},\"headline\":\"Assemblea general de socis \u2013 2021\",\"datePublished\":\"2021-05-09T17:59:13+00:00\",\"dateModified\":\"2021-05-09T18:00:48+00:00\",\"mainEntityOfPage\":{\"@id\":\"https:\\\/\\\/cetaradell.cat\\\/ce\\\/assemblea-general-de-socis-2021-2\\\/\"},\"wordCount\":1010,\"image\":{\"@id\":\"https:\\\/\\\/cetaradell.cat\\\/ce\\\/assemblea-general-de-socis-2021-2\\\/#primaryimage\"},\"thumbnailUrl\":\"https:\\\/\\\/cetaradell.cat\\\/ce\\\/wp-content\\\/uploads\\\/Assamblea-C.E.T._3B.jpg\",\"articleSection\":[\"Not\u00edcies\"],\"inLanguage\":\"ca\"},{\"@type\":\"WebPage\",\"@id\":\"https:\\\/\\\/cetaradell.cat\\\/ce\\\/assemblea-general-de-socis-2021-2\\\/\",\"url\":\"https:\\\/\\\/cetaradell.cat\\\/ce\\\/assemblea-general-de-socis-2021-2\\\/\",\"name\":\"Assemblea general de socis \u2013 2021 - Centre Excursionista Taradell\",\"isPartOf\":{\"@id\":\"https:\\\/\\\/cetaradell.cat\\\/ce\\\/#website\"},\"primaryImageOfPage\":{\"@id\":\"https:\\\/\\\/cetaradell.cat\\\/ce\\\/assemblea-general-de-socis-2021-2\\\/#primaryimage\"},\"image\":{\"@id\":\"https:\\\/\\\/cetaradell.cat\\\/ce\\\/assemblea-general-de-socis-2021-2\\\/#primaryimage\"},\"thumbnailUrl\":\"https:\\\/\\\/cetaradell.cat\\\/ce\\\/wp-content\\\/uploads\\\/Assamblea-C.E.T._3B.jpg\",\"datePublished\":\"2021-05-09T17:59:13+00:00\",\"dateModified\":\"2021-05-09T18:00:48+00:00\",\"author\":{\"@id\":\"https:\\\/\\\/cetaradell.cat\\\/ce\\\/#\\\/schema\\\/person\\\/92a59f585073071c7be6649e84b22f78\"},\"breadcrumb\":{\"@id\":\"https:\\\/\\\/cetaradell.cat\\\/ce\\\/assemblea-general-de-socis-2021-2\\\/#breadcrumb\"},\"inLanguage\":\"ca\",\"potentialAction\":[{\"@type\":\"ReadAction\",\"target\":[\"https:\\\/\\\/cetaradell.cat\\\/ce\\\/assemblea-general-de-socis-2021-2\\\/\"]}]},{\"@type\":\"ImageObject\",\"inLanguage\":\"ca\",\"@id\":\"https:\\\/\\\/cetaradell.cat\\\/ce\\\/assemblea-general-de-socis-2021-2\\\/#primaryimage\",\"url\":\"https:\\\/\\\/cetaradell.cat\\\/ce\\\/wp-content\\\/uploads\\\/Assamblea-C.E.T._3B.jpg\",\"contentUrl\":\"https:\\\/\\\/cetaradell.cat\\\/ce\\\/wp-content\\\/uploads\\\/Assamblea-C.E.T._3B.jpg\",\"width\":1918,\"height\":1279},{\"@type\":\"BreadcrumbList\",\"@id\":\"https:\\\/\\\/cetaradell.cat\\\/ce\\\/assemblea-general-de-socis-2021-2\\\/#breadcrumb\",\"itemListElement\":[{\"@type\":\"ListItem\",\"position\":1,\"name\":\"Inici\",\"item\":\"https:\\\/\\\/cetaradell.cat\\\/ce\\\/\"},{\"@type\":\"ListItem\",\"position\":2,\"name\":\"Assemblea general de socis \u2013 2021\"}]},{\"@type\":\"WebSite\",\"@id\":\"https:\\\/\\\/cetaradell.cat\\\/ce\\\/#website\",\"url\":\"https:\\\/\\\/cetaradell.cat\\\/ce\\\/\",\"name\":\"Centre Excursionista Taradell\",\"description\":\"\",\"potentialAction\":[{\"@type\":\"SearchAction\",\"target\":{\"@type\":\"EntryPoint\",\"urlTemplate\":\"https:\\\/\\\/cetaradell.cat\\\/ce\\\/?s={search_term_string}\"},\"query-input\":{\"@type\":\"PropertyValueSpecification\",\"valueRequired\":true,\"valueName\":\"search_term_string\"}}],\"inLanguage\":\"ca\"},{\"@type\":\"Person\",\"@id\":\"https:\\\/\\\/cetaradell.cat\\\/ce\\\/#\\\/schema\\\/person\\\/92a59f585073071c7be6649e84b22f78\",\"name\":\"CET\",\"image\":{\"@type\":\"ImageObject\",\"inLanguage\":\"ca\",\"@id\":\"https:\\\/\\\/secure.gravatar.com\\\/avatar\\\/d6fbe010d42056feccc0f613ed07277a5118442805079269f12dabdc42e1a727?s=96&d=mm&r=g\",\"url\":\"https:\\\/\\\/secure.gravatar.com\\\/avatar\\\/d6fbe010d42056feccc0f613ed07277a5118442805079269f12dabdc42e1a727?s=96&d=mm&r=g\",\"contentUrl\":\"https:\\\/\\\/secure.gravatar.com\\\/avatar\\\/d6fbe010d42056feccc0f613ed07277a5118442805079269f12dabdc42e1a727?s=96&d=mm&r=g\",\"caption\":\"CET\"},\"url\":\"https:\\\/\\\/cetaradell.cat\\\/ce\\\/author\\\/root\\\/\"}]}<\/script>\n<!-- \/ Yoast SEO plugin. -->","yoast_head_json":{"title":"Assemblea general de socis \u2013 2021 - Centre Excursionista Taradell","robots":{"index":"index","follow":"follow","max-snippet":"max-snippet:-1","max-image-preview":"max-image-preview:large","max-video-preview":"max-video-preview:-1"},"canonical":"https:\/\/cetaradell.cat\/ce\/assemblea-general-de-socis-2021-2\/","og_locale":"ca_ES","og_type":"article","og_title":"Assemblea general de socis \u2013 2021 - Centre Excursionista Taradell","og_description":"El dissabte dia 24 d\u2019abril de 2021 a les 19.30 en segona convocat\u00f2ria va tenir lloc l\u2019assemblea general de socis la qual va comptar amb l\u2019assist\u00e8ncia de 17 socis. Degut a la pand\u00e8mia enguany es va fer al Centre Cultural Costa i Font. Va encetar l\u2019assemblea la presidenta de l\u2019entitat, [...]","og_url":"https:\/\/cetaradell.cat\/ce\/assemblea-general-de-socis-2021-2\/","og_site_name":"Centre Excursionista Taradell","article_publisher":"https:\/\/www.facebook.com\/CETaradell\/","article_published_time":"2021-05-09T17:59:13+00:00","article_modified_time":"2021-05-09T18:00:48+00:00","og_image":[{"width":1918,"height":1279,"url":"https:\/\/cetaradell.cat\/ce\/wp-content\/uploads\/Assamblea-C.E.T._3B.jpg","type":"image\/jpeg"}],"author":"CET","twitter_card":"summary_large_image","twitter_misc":{"Escrit per":"CET","Temps estimat de lectura":"5 minuts"},"schema":{"@context":"https:\/\/schema.org","@graph":[{"@type":"Article","@id":"https:\/\/cetaradell.cat\/ce\/assemblea-general-de-socis-2021-2\/#article","isPartOf":{"@id":"https:\/\/cetaradell.cat\/ce\/assemblea-general-de-socis-2021-2\/"},"author":{"name":"CET","@id":"https:\/\/cetaradell.cat\/ce\/#\/schema\/person\/92a59f585073071c7be6649e84b22f78"},"headline":"Assemblea general de socis \u2013 2021","datePublished":"2021-05-09T17:59:13+00:00","dateModified":"2021-05-09T18:00:48+00:00","mainEntityOfPage":{"@id":"https:\/\/cetaradell.cat\/ce\/assemblea-general-de-socis-2021-2\/"},"wordCount":1010,"image":{"@id":"https:\/\/cetaradell.cat\/ce\/assemblea-general-de-socis-2021-2\/#primaryimage"},"thumbnailUrl":"https:\/\/cetaradell.cat\/ce\/wp-content\/uploads\/Assamblea-C.E.T._3B.jpg","articleSection":["Not\u00edcies"],"inLanguage":"ca"},{"@type":"WebPage","@id":"https:\/\/cetaradell.cat\/ce\/assemblea-general-de-socis-2021-2\/","url":"https:\/\/cetaradell.cat\/ce\/assemblea-general-de-socis-2021-2\/","name":"Assemblea general de socis \u2013 2021 - Centre Excursionista Taradell","isPartOf":{"@id":"https:\/\/cetaradell.cat\/ce\/#website"},"primaryImageOfPage":{"@id":"https:\/\/cetaradell.cat\/ce\/assemblea-general-de-socis-2021-2\/#primaryimage"},"image":{"@id":"https:\/\/cetaradell.cat\/ce\/assemblea-general-de-socis-2021-2\/#primaryimage"},"thumbnailUrl":"https:\/\/cetaradell.cat\/ce\/wp-content\/uploads\/Assamblea-C.E.T._3B.jpg","datePublished":"2021-05-09T17:59:13+00:00","dateModified":"2021-05-09T18:00:48+00:00","author":{"@id":"https:\/\/cetaradell.cat\/ce\/#\/schema\/person\/92a59f585073071c7be6649e84b22f78"},"breadcrumb":{"@id":"https:\/\/cetaradell.cat\/ce\/assemblea-general-de-socis-2021-2\/#breadcrumb"},"inLanguage":"ca","potentialAction":[{"@type":"ReadAction","target":["https:\/\/cetaradell.cat\/ce\/assemblea-general-de-socis-2021-2\/"]}]},{"@type":"ImageObject","inLanguage":"ca","@id":"https:\/\/cetaradell.cat\/ce\/assemblea-general-de-socis-2021-2\/#primaryimage","url":"https:\/\/cetaradell.cat\/ce\/wp-content\/uploads\/Assamblea-C.E.T._3B.jpg","contentUrl":"https:\/\/cetaradell.cat\/ce\/wp-content\/uploads\/Assamblea-C.E.T._3B.jpg","width":1918,"height":1279},{"@type":"BreadcrumbList","@id":"https:\/\/cetaradell.cat\/ce\/assemblea-general-de-socis-2021-2\/#breadcrumb","itemListElement":[{"@type":"ListItem","position":1,"name":"Inici","item":"https:\/\/cetaradell.cat\/ce\/"},{"@type":"ListItem","position":2,"name":"Assemblea general de socis \u2013 2021"}]},{"@type":"WebSite","@id":"https:\/\/cetaradell.cat\/ce\/#website","url":"https:\/\/cetaradell.cat\/ce\/","name":"Centre Excursionista Taradell","description":"","potentialAction":[{"@type":"SearchAction","target":{"@type":"EntryPoint","urlTemplate":"https:\/\/cetaradell.cat\/ce\/?s={search_term_string}"},"query-input":{"@type":"PropertyValueSpecification","valueRequired":true,"valueName":"search_term_string"}}],"inLanguage":"ca"},{"@type":"Person","@id":"https:\/\/cetaradell.cat\/ce\/#\/schema\/person\/92a59f585073071c7be6649e84b22f78","name":"CET","image":{"@type":"ImageObject","inLanguage":"ca","@id":"https:\/\/secure.gravatar.com\/avatar\/d6fbe010d42056feccc0f613ed07277a5118442805079269f12dabdc42e1a727?s=96&d=mm&r=g","url":"https:\/\/secure.gravatar.com\/avatar\/d6fbe010d42056feccc0f613ed07277a5118442805079269f12dabdc42e1a727?s=96&d=mm&r=g","contentUrl":"https:\/\/secure.gravatar.com\/avatar\/d6fbe010d42056feccc0f613ed07277a5118442805079269f12dabdc42e1a727?s=96&d=mm&r=g","caption":"CET"},"url":"https:\/\/cetaradell.cat\/ce\/author\/root\/"}]}},"_links":{"self":[{"href":"https:\/\/cetaradell.cat\/ce\/wp-json\/wp\/v2\/posts\/8653","targetHints":{"allow":["GET"]}}],"collection":[{"href":"https:\/\/cetaradell.cat\/ce\/wp-json\/wp\/v2\/posts"}],"about":[{"href":"https:\/\/cetaradell.cat\/ce\/wp-json\/wp\/v2\/types\/post"}],"author":[{"embeddable":true,"href":"https:\/\/cetaradell.cat\/ce\/wp-json\/wp\/v2\/users\/1"}],"replies":[{"embeddable":true,"href":"https:\/\/cetaradell.cat\/ce\/wp-json\/wp\/v2\/comments?post=8653"}],"version-history":[{"count":0,"href":"https:\/\/cetaradell.cat\/ce\/wp-json\/wp\/v2\/posts\/8653\/revisions"}],"wp:featuredmedia":[{"embeddable":true,"href":"https:\/\/cetaradell.cat\/ce\/wp-json\/wp\/v2\/media\/8655"}],"wp:attachment":[{"href":"https:\/\/cetaradell.cat\/ce\/wp-json\/wp\/v2\/media?parent=8653"}],"wp:term":[{"taxonomy":"category","embeddable":true,"href":"https:\/\/cetaradell.cat\/ce\/wp-json\/wp\/v2\/categories?post=8653"},{"taxonomy":"post_tag","embeddable":true,"href":"https:\/\/cetaradell.cat\/ce\/wp-json\/wp\/v2\/tags?post=8653"}],"curies":[{"name":"wp","href":"https:\/\/api.w.org\/{rel}","templated":true}]}}