{"id":8720,"date":"2021-06-08T22:11:17","date_gmt":"2021-06-08T21:11:17","guid":{"rendered":"https:\/\/cetaradell.cat\/ce\/?p=8720"},"modified":"2021-06-08T22:18:26","modified_gmt":"2021-06-08T21:18:26","slug":"seguretat-i-primers-auxilis-a-la-muntanya","status":"publish","type":"post","link":"https:\/\/cetaradell.cat\/ce\/seguretat-i-primers-auxilis-a-la-muntanya\/","title":{"rendered":"Seguretat i primers auxilis a la muntanya"},"content":{"rendered":"<p><img decoding=\"async\" class=\"alignleft wp-image-8721 size-medium\" src=\"https:\/\/cetaradell.cat\/ce\/wp-content\/uploads\/Seguretat_i_primers_auxilis_en_la_muntanya-300x238.jpg\" alt=\"\" width=\"300\" height=\"238\" srcset=\"https:\/\/cetaradell.cat\/ce\/wp-content\/uploads\/Seguretat_i_primers_auxilis_en_la_muntanya-200x159.jpg 200w, https:\/\/cetaradell.cat\/ce\/wp-content\/uploads\/Seguretat_i_primers_auxilis_en_la_muntanya-300x238.jpg 300w, https:\/\/cetaradell.cat\/ce\/wp-content\/uploads\/Seguretat_i_primers_auxilis_en_la_muntanya-400x318.jpg 400w, https:\/\/cetaradell.cat\/ce\/wp-content\/uploads\/Seguretat_i_primers_auxilis_en_la_muntanya-500x397.jpg 500w, https:\/\/cetaradell.cat\/ce\/wp-content\/uploads\/Seguretat_i_primers_auxilis_en_la_muntanya-600x476.jpg 600w, https:\/\/cetaradell.cat\/ce\/wp-content\/uploads\/Seguretat_i_primers_auxilis_en_la_muntanya.jpg 617w\" sizes=\"(max-width: 300px) 100vw, 300px\" \/><\/p>\n<h4 class=\"fw-bold fs-36 mb-2\"><strong>Curs Monogr\u00e0fic de Seguretat i primers auxilis a la muntanya (Centre Excursionista Taradell)<\/strong><\/h4>\n<p>&nbsp;<\/p>\n<p><strong>Data:<\/strong> 17 i 18 de juliol 2021<br \/>\n<strong>Lloc:<\/strong> local social del CE Taradell &#8211; C\/Ramon Pou. 36, 08552 \u2013 Taradell<br \/>\n<strong>Preu:<\/strong> 50 \u20ac amb llic\u00e8ncia federativa anual FEEC \/\/ 60 \u20ac sense llic\u00e8ncia federativa anual FEEC + la llic\u00e8ncia temporal<\/p>\n<p><strong>Informaci\u00f3 i inscripcions:<\/strong> cetaradell@cetaradell.cat<\/p>\n<div class=\"content mb-5\">\n<div class=\"bg-light-gray mb-2\">\n<p><strong>Objectius: <\/strong>Aquesta formaci\u00f3 est\u00e0 especialment dissenyada i destinada a muntanyencs experts i novells que pretenen adquirir els coneixements b\u00e0sics de seguretat primers auxilis en la muntanya per poder afrontar amb m\u00e9s efic\u00e0cia els problemes de salut que es puguin trobar en aquest entorn.<\/p>\n<h3><a href=\"https:\/\/cetaradell.cat\/ce\/wp-content\/uploads\/CE_TARADELL_SEGURETAT_I_PRIMERS_AUXILIS_A_LA_MUNTANYA.pdf\" target=\"_blank\" rel=\"noopener\"><span style=\"color: #ffffff;\"><strong><span style=\"background-color: #3366ff;\">D\u00cdPTIC INFORMATIU (\u2192)<\/span><\/strong><\/span><\/a><\/h3>\n<\/div>\n<p><u><b>MATERIAL PER CURSETISTA<\/b><\/u><\/p>\n<p>No cal un material espec\u00edfic. Roba c\u00f2mode per a sessions pr\u00e0ctiques.<\/p>\n<p><u><b>CONTINGUTS:<\/b><\/u><\/p>\n<ul>\n<li>Accidents de muntanya.<\/li>\n<li>Perills i riscos del medi natural.<\/li>\n<li>Alimentaci\u00f3, hidrataci\u00f3 i preparaci\u00f3 f\u00edsica.<\/li>\n<li>Actuaci\u00f3 en cas d\u2019accident.<\/li>\n<li>Problemes de salut.<\/li>\n<li>Farmaciola.<\/li>\n<li>Com actuar en problemes b\u00e0sics de salut.<\/li>\n<li>Treball de casos actuaci\u00f3 en cas d\u2019accident.<\/li>\n<li>Serveis de rescat.<\/li>\n<li>Superviv\u00e8ncia.<\/li>\n<li>Problemes espec\u00edfics de muntanya.<\/li>\n<li>Rep\u00e0s pr\u00e0ctic cures b\u00e0siques i mobilitzacions i immobilitzacions de fortuna.<\/li>\n<\/ul>\n<p><u><b>NORMES DEL CURS<\/b><\/u><\/p>\n<ul>\n<li>Places: M\u00ednim 10 alumnes i m\u00e0xim 20. Els inscrits han de ser m\u00faltiples de 10, i si s\u2019ha arriba als 10 alumnes, s\u2019han d\u2019apuntar en llista d\u2019espera fins arribar als 20 alumnes.<\/li>\n<li>Caldr\u00e0 tenir la llic\u00e8ncia federativa anual de la FEEC any 2021 o tramitar la llic\u00e8ncia temporal pels dies del curs (5 \u20ac aprox. per dia).<\/li>\n<li>Edat m\u00ednima 16 anys. Els menors de 18 anys hauran de presentar l\u2019autoritzaci\u00f3 signada pels pares o tutors.<\/li>\n<li>La direcci\u00f3 del curs es reserva el dret de modificar el programa, si les condicions meteorol\u00f2giques ho aconsellen.<\/li>\n<li>El participant assumeix doncs els possibles riscos que aix\u00f2 comporta i es compromet a seguir les instruccions que en cada moment se li doni per part del professorat.<\/li>\n<li><b>Els viatges, \u00e0pats i pernoctacions aniran a compte de l\u2019alumne.<\/b><\/li>\n<\/ul>\n<p><u><b>PROGRAMA <\/b><\/u><\/p>\n<p><u><b>JULIOL<\/b><\/u><\/p>\n<ul>\n<li><b>17<\/b><b>\u00a0 Presentaci\u00f3. <\/b><b>Sortida te\u00f2rica\/pr\u00e0ctica.<\/b><\/li>\n<li><b>18<\/b><b>\u00a0\u00a0<\/b><b>Sortida te\u00f2rica\/pr\u00e0ctica.<\/b><\/li>\n<\/ul>\n<p><u><b>DIRECTOR:<\/b><\/u> Miquel Batriu<\/p>\n<p>L\u2019equip docent est\u00e0 format per membres de l\u2019Escola Catalana d\u2019Alta Muntanya (ECAM), t\u00e8cnic de muntanya mitjana i bomber.<\/p>\n<p>&nbsp;<\/p>\n<p>Les dones amb llic\u00e8ncia federativa anual de la FEEC podran demanar la subvenci\u00f3 <b>\u201cDona i Esport\u201d <\/b>i se\u2019ls hi retornar\u00e0 aproximadament el 20% de la inscripci\u00f3.<\/p>\n<\/div>\n","protected":false},"excerpt":{"rendered":"<p>Curs Monogr\u00e0fic de Seguretat i primers auxilis a la muntanya (Centre Excursionista Taradell) &nbsp; Data: 17 i 18 de juliol 2021 Lloc: local social del CE Taradell &#8211; C\/Ramon Pou. 36, 08552 \u2013 Taradell Preu: 50 \u20ac amb llic\u00e8ncia federativa anual FEEC \/\/ 60 \u20ac sense llic\u00e8ncia federativa anual FEEC  [&#8230;]<\/p>\n","protected":false},"author":1,"featured_media":8721,"comment_status":"closed","ping_status":"closed","sticky":false,"template":"","format":"standard","meta":{"footnotes":""},"categories":[4,7],"tags":[],"class_list":["post-8720","post","type-post","status-publish","format-standard","has-post-thumbnail","hentry","category-activitats","category-muntanya"],"yoast_head":"<!-- This site is optimized with the Yoast SEO plugin v27.4 - https:\/\/yoast.com\/product\/yoast-seo-wordpress\/ -->\n<title>Seguretat i primers auxilis a la muntanya - Centre Excursionista Taradell<\/title>\n<meta name=\"robots\" content=\"index, follow, max-snippet:-1, max-image-preview:large, max-video-preview:-1\" \/>\n<link rel=\"canonical\" href=\"https:\/\/cetaradell.cat\/ce\/seguretat-i-primers-auxilis-a-la-muntanya\/\" \/>\n<meta property=\"og:locale\" content=\"ca_ES\" \/>\n<meta property=\"og:type\" content=\"article\" \/>\n<meta property=\"og:title\" content=\"Seguretat i primers auxilis a la muntanya - Centre Excursionista Taradell\" \/>\n<meta property=\"og:description\" content=\"Curs Monogr\u00e0fic de Seguretat i primers auxilis a la muntanya (Centre Excursionista Taradell) &nbsp; Data: 17 i 18 de juliol 2021 Lloc: local social del CE Taradell &#8211; C\/Ramon Pou. 36, 08552 \u2013 Taradell Preu: 50 \u20ac amb llic\u00e8ncia federativa anual FEEC \/\/ 60 \u20ac sense llic\u00e8ncia federativa anual FEEC [...]\" \/>\n<meta property=\"og:url\" content=\"https:\/\/cetaradell.cat\/ce\/seguretat-i-primers-auxilis-a-la-muntanya\/\" \/>\n<meta property=\"og:site_name\" content=\"Centre Excursionista Taradell\" \/>\n<meta property=\"article:publisher\" content=\"https:\/\/www.facebook.com\/CETaradell\/\" \/>\n<meta property=\"article:published_time\" content=\"2021-06-08T21:11:17+00:00\" \/>\n<meta property=\"article:modified_time\" content=\"2021-06-08T21:18:26+00:00\" \/>\n<meta property=\"og:image\" content=\"https:\/\/cetaradell.cat\/ce\/wp-content\/uploads\/Seguretat_i_primers_auxilis_en_la_muntanya.jpg\" \/>\n\t<meta property=\"og:image:width\" content=\"617\" \/>\n\t<meta property=\"og:image:height\" content=\"490\" \/>\n\t<meta property=\"og:image:type\" content=\"image\/jpeg\" \/>\n<meta name=\"author\" content=\"CET\" \/>\n<meta name=\"twitter:card\" content=\"summary_large_image\" \/>\n<meta name=\"twitter:label1\" content=\"Escrit per\" \/>\n\t<meta name=\"twitter:data1\" content=\"CET\" \/>\n\t<meta name=\"twitter:label2\" content=\"Temps estimat de lectura\" \/>\n\t<meta name=\"twitter:data2\" content=\"2 minuts\" \/>\n<script type=\"application\/ld+json\" class=\"yoast-schema-graph\">{\"@context\":\"https:\\\/\\\/schema.org\",\"@graph\":[{\"@type\":\"Article\",\"@id\":\"https:\\\/\\\/cetaradell.cat\\\/ce\\\/seguretat-i-primers-auxilis-a-la-muntanya\\\/#article\",\"isPartOf\":{\"@id\":\"https:\\\/\\\/cetaradell.cat\\\/ce\\\/seguretat-i-primers-auxilis-a-la-muntanya\\\/\"},\"author\":{\"name\":\"CET\",\"@id\":\"https:\\\/\\\/cetaradell.cat\\\/ce\\\/#\\\/schema\\\/person\\\/92a59f585073071c7be6649e84b22f78\"},\"headline\":\"Seguretat i primers auxilis a la muntanya\",\"datePublished\":\"2021-06-08T21:11:17+00:00\",\"dateModified\":\"2021-06-08T21:18:26+00:00\",\"mainEntityOfPage\":{\"@id\":\"https:\\\/\\\/cetaradell.cat\\\/ce\\\/seguretat-i-primers-auxilis-a-la-muntanya\\\/\"},\"wordCount\":393,\"image\":{\"@id\":\"https:\\\/\\\/cetaradell.cat\\\/ce\\\/seguretat-i-primers-auxilis-a-la-muntanya\\\/#primaryimage\"},\"thumbnailUrl\":\"https:\\\/\\\/cetaradell.cat\\\/ce\\\/wp-content\\\/uploads\\\/Seguretat_i_primers_auxilis_en_la_muntanya.jpg\",\"articleSection\":[\"Activitats\",\"Muntanya\"],\"inLanguage\":\"ca\"},{\"@type\":\"WebPage\",\"@id\":\"https:\\\/\\\/cetaradell.cat\\\/ce\\\/seguretat-i-primers-auxilis-a-la-muntanya\\\/\",\"url\":\"https:\\\/\\\/cetaradell.cat\\\/ce\\\/seguretat-i-primers-auxilis-a-la-muntanya\\\/\",\"name\":\"Seguretat i primers auxilis a la muntanya - Centre Excursionista Taradell\",\"isPartOf\":{\"@id\":\"https:\\\/\\\/cetaradell.cat\\\/ce\\\/#website\"},\"primaryImageOfPage\":{\"@id\":\"https:\\\/\\\/cetaradell.cat\\\/ce\\\/seguretat-i-primers-auxilis-a-la-muntanya\\\/#primaryimage\"},\"image\":{\"@id\":\"https:\\\/\\\/cetaradell.cat\\\/ce\\\/seguretat-i-primers-auxilis-a-la-muntanya\\\/#primaryimage\"},\"thumbnailUrl\":\"https:\\\/\\\/cetaradell.cat\\\/ce\\\/wp-content\\\/uploads\\\/Seguretat_i_primers_auxilis_en_la_muntanya.jpg\",\"datePublished\":\"2021-06-08T21:11:17+00:00\",\"dateModified\":\"2021-06-08T21:18:26+00:00\",\"author\":{\"@id\":\"https:\\\/\\\/cetaradell.cat\\\/ce\\\/#\\\/schema\\\/person\\\/92a59f585073071c7be6649e84b22f78\"},\"breadcrumb\":{\"@id\":\"https:\\\/\\\/cetaradell.cat\\\/ce\\\/seguretat-i-primers-auxilis-a-la-muntanya\\\/#breadcrumb\"},\"inLanguage\":\"ca\",\"potentialAction\":[{\"@type\":\"ReadAction\",\"target\":[\"https:\\\/\\\/cetaradell.cat\\\/ce\\\/seguretat-i-primers-auxilis-a-la-muntanya\\\/\"]}]},{\"@type\":\"ImageObject\",\"inLanguage\":\"ca\",\"@id\":\"https:\\\/\\\/cetaradell.cat\\\/ce\\\/seguretat-i-primers-auxilis-a-la-muntanya\\\/#primaryimage\",\"url\":\"https:\\\/\\\/cetaradell.cat\\\/ce\\\/wp-content\\\/uploads\\\/Seguretat_i_primers_auxilis_en_la_muntanya.jpg\",\"contentUrl\":\"https:\\\/\\\/cetaradell.cat\\\/ce\\\/wp-content\\\/uploads\\\/Seguretat_i_primers_auxilis_en_la_muntanya.jpg\",\"width\":617,\"height\":490},{\"@type\":\"BreadcrumbList\",\"@id\":\"https:\\\/\\\/cetaradell.cat\\\/ce\\\/seguretat-i-primers-auxilis-a-la-muntanya\\\/#breadcrumb\",\"itemListElement\":[{\"@type\":\"ListItem\",\"position\":1,\"name\":\"Inici\",\"item\":\"https:\\\/\\\/cetaradell.cat\\\/ce\\\/\"},{\"@type\":\"ListItem\",\"position\":2,\"name\":\"Seguretat i primers auxilis a la muntanya\"}]},{\"@type\":\"WebSite\",\"@id\":\"https:\\\/\\\/cetaradell.cat\\\/ce\\\/#website\",\"url\":\"https:\\\/\\\/cetaradell.cat\\\/ce\\\/\",\"name\":\"Centre Excursionista Taradell\",\"description\":\"\",\"potentialAction\":[{\"@type\":\"SearchAction\",\"target\":{\"@type\":\"EntryPoint\",\"urlTemplate\":\"https:\\\/\\\/cetaradell.cat\\\/ce\\\/?s={search_term_string}\"},\"query-input\":{\"@type\":\"PropertyValueSpecification\",\"valueRequired\":true,\"valueName\":\"search_term_string\"}}],\"inLanguage\":\"ca\"},{\"@type\":\"Person\",\"@id\":\"https:\\\/\\\/cetaradell.cat\\\/ce\\\/#\\\/schema\\\/person\\\/92a59f585073071c7be6649e84b22f78\",\"name\":\"CET\",\"image\":{\"@type\":\"ImageObject\",\"inLanguage\":\"ca\",\"@id\":\"https:\\\/\\\/secure.gravatar.com\\\/avatar\\\/d6fbe010d42056feccc0f613ed07277a5118442805079269f12dabdc42e1a727?s=96&d=mm&r=g\",\"url\":\"https:\\\/\\\/secure.gravatar.com\\\/avatar\\\/d6fbe010d42056feccc0f613ed07277a5118442805079269f12dabdc42e1a727?s=96&d=mm&r=g\",\"contentUrl\":\"https:\\\/\\\/secure.gravatar.com\\\/avatar\\\/d6fbe010d42056feccc0f613ed07277a5118442805079269f12dabdc42e1a727?s=96&d=mm&r=g\",\"caption\":\"CET\"},\"url\":\"https:\\\/\\\/cetaradell.cat\\\/ce\\\/author\\\/root\\\/\"}]}<\/script>\n<!-- \/ Yoast SEO plugin. -->","yoast_head_json":{"title":"Seguretat i primers auxilis a la muntanya - Centre Excursionista Taradell","robots":{"index":"index","follow":"follow","max-snippet":"max-snippet:-1","max-image-preview":"max-image-preview:large","max-video-preview":"max-video-preview:-1"},"canonical":"https:\/\/cetaradell.cat\/ce\/seguretat-i-primers-auxilis-a-la-muntanya\/","og_locale":"ca_ES","og_type":"article","og_title":"Seguretat i primers auxilis a la muntanya - Centre Excursionista Taradell","og_description":"Curs Monogr\u00e0fic de Seguretat i primers auxilis a la muntanya (Centre Excursionista Taradell) &nbsp; Data: 17 i 18 de juliol 2021 Lloc: local social del CE Taradell &#8211; C\/Ramon Pou. 36, 08552 \u2013 Taradell Preu: 50 \u20ac amb llic\u00e8ncia federativa anual FEEC \/\/ 60 \u20ac sense llic\u00e8ncia federativa anual FEEC [...]","og_url":"https:\/\/cetaradell.cat\/ce\/seguretat-i-primers-auxilis-a-la-muntanya\/","og_site_name":"Centre Excursionista Taradell","article_publisher":"https:\/\/www.facebook.com\/CETaradell\/","article_published_time":"2021-06-08T21:11:17+00:00","article_modified_time":"2021-06-08T21:18:26+00:00","og_image":[{"width":617,"height":490,"url":"https:\/\/cetaradell.cat\/ce\/wp-content\/uploads\/Seguretat_i_primers_auxilis_en_la_muntanya.jpg","type":"image\/jpeg"}],"author":"CET","twitter_card":"summary_large_image","twitter_misc":{"Escrit per":"CET","Temps estimat de lectura":"2 minuts"},"schema":{"@context":"https:\/\/schema.org","@graph":[{"@type":"Article","@id":"https:\/\/cetaradell.cat\/ce\/seguretat-i-primers-auxilis-a-la-muntanya\/#article","isPartOf":{"@id":"https:\/\/cetaradell.cat\/ce\/seguretat-i-primers-auxilis-a-la-muntanya\/"},"author":{"name":"CET","@id":"https:\/\/cetaradell.cat\/ce\/#\/schema\/person\/92a59f585073071c7be6649e84b22f78"},"headline":"Seguretat i primers auxilis a la muntanya","datePublished":"2021-06-08T21:11:17+00:00","dateModified":"2021-06-08T21:18:26+00:00","mainEntityOfPage":{"@id":"https:\/\/cetaradell.cat\/ce\/seguretat-i-primers-auxilis-a-la-muntanya\/"},"wordCount":393,"image":{"@id":"https:\/\/cetaradell.cat\/ce\/seguretat-i-primers-auxilis-a-la-muntanya\/#primaryimage"},"thumbnailUrl":"https:\/\/cetaradell.cat\/ce\/wp-content\/uploads\/Seguretat_i_primers_auxilis_en_la_muntanya.jpg","articleSection":["Activitats","Muntanya"],"inLanguage":"ca"},{"@type":"WebPage","@id":"https:\/\/cetaradell.cat\/ce\/seguretat-i-primers-auxilis-a-la-muntanya\/","url":"https:\/\/cetaradell.cat\/ce\/seguretat-i-primers-auxilis-a-la-muntanya\/","name":"Seguretat i primers auxilis a la muntanya - Centre Excursionista Taradell","isPartOf":{"@id":"https:\/\/cetaradell.cat\/ce\/#website"},"primaryImageOfPage":{"@id":"https:\/\/cetaradell.cat\/ce\/seguretat-i-primers-auxilis-a-la-muntanya\/#primaryimage"},"image":{"@id":"https:\/\/cetaradell.cat\/ce\/seguretat-i-primers-auxilis-a-la-muntanya\/#primaryimage"},"thumbnailUrl":"https:\/\/cetaradell.cat\/ce\/wp-content\/uploads\/Seguretat_i_primers_auxilis_en_la_muntanya.jpg","datePublished":"2021-06-08T21:11:17+00:00","dateModified":"2021-06-08T21:18:26+00:00","author":{"@id":"https:\/\/cetaradell.cat\/ce\/#\/schema\/person\/92a59f585073071c7be6649e84b22f78"},"breadcrumb":{"@id":"https:\/\/cetaradell.cat\/ce\/seguretat-i-primers-auxilis-a-la-muntanya\/#breadcrumb"},"inLanguage":"ca","potentialAction":[{"@type":"ReadAction","target":["https:\/\/cetaradell.cat\/ce\/seguretat-i-primers-auxilis-a-la-muntanya\/"]}]},{"@type":"ImageObject","inLanguage":"ca","@id":"https:\/\/cetaradell.cat\/ce\/seguretat-i-primers-auxilis-a-la-muntanya\/#primaryimage","url":"https:\/\/cetaradell.cat\/ce\/wp-content\/uploads\/Seguretat_i_primers_auxilis_en_la_muntanya.jpg","contentUrl":"https:\/\/cetaradell.cat\/ce\/wp-content\/uploads\/Seguretat_i_primers_auxilis_en_la_muntanya.jpg","width":617,"height":490},{"@type":"BreadcrumbList","@id":"https:\/\/cetaradell.cat\/ce\/seguretat-i-primers-auxilis-a-la-muntanya\/#breadcrumb","itemListElement":[{"@type":"ListItem","position":1,"name":"Inici","item":"https:\/\/cetaradell.cat\/ce\/"},{"@type":"ListItem","position":2,"name":"Seguretat i primers auxilis a la muntanya"}]},{"@type":"WebSite","@id":"https:\/\/cetaradell.cat\/ce\/#website","url":"https:\/\/cetaradell.cat\/ce\/","name":"Centre Excursionista Taradell","description":"","potentialAction":[{"@type":"SearchAction","target":{"@type":"EntryPoint","urlTemplate":"https:\/\/cetaradell.cat\/ce\/?s={search_term_string}"},"query-input":{"@type":"PropertyValueSpecification","valueRequired":true,"valueName":"search_term_string"}}],"inLanguage":"ca"},{"@type":"Person","@id":"https:\/\/cetaradell.cat\/ce\/#\/schema\/person\/92a59f585073071c7be6649e84b22f78","name":"CET","image":{"@type":"ImageObject","inLanguage":"ca","@id":"https:\/\/secure.gravatar.com\/avatar\/d6fbe010d42056feccc0f613ed07277a5118442805079269f12dabdc42e1a727?s=96&d=mm&r=g","url":"https:\/\/secure.gravatar.com\/avatar\/d6fbe010d42056feccc0f613ed07277a5118442805079269f12dabdc42e1a727?s=96&d=mm&r=g","contentUrl":"https:\/\/secure.gravatar.com\/avatar\/d6fbe010d42056feccc0f613ed07277a5118442805079269f12dabdc42e1a727?s=96&d=mm&r=g","caption":"CET"},"url":"https:\/\/cetaradell.cat\/ce\/author\/root\/"}]}},"_links":{"self":[{"href":"https:\/\/cetaradell.cat\/ce\/wp-json\/wp\/v2\/posts\/8720","targetHints":{"allow":["GET"]}}],"collection":[{"href":"https:\/\/cetaradell.cat\/ce\/wp-json\/wp\/v2\/posts"}],"about":[{"href":"https:\/\/cetaradell.cat\/ce\/wp-json\/wp\/v2\/types\/post"}],"author":[{"embeddable":true,"href":"https:\/\/cetaradell.cat\/ce\/wp-json\/wp\/v2\/users\/1"}],"replies":[{"embeddable":true,"href":"https:\/\/cetaradell.cat\/ce\/wp-json\/wp\/v2\/comments?post=8720"}],"version-history":[{"count":0,"href":"https:\/\/cetaradell.cat\/ce\/wp-json\/wp\/v2\/posts\/8720\/revisions"}],"wp:featuredmedia":[{"embeddable":true,"href":"https:\/\/cetaradell.cat\/ce\/wp-json\/wp\/v2\/media\/8721"}],"wp:attachment":[{"href":"https:\/\/cetaradell.cat\/ce\/wp-json\/wp\/v2\/media?parent=8720"}],"wp:term":[{"taxonomy":"category","embeddable":true,"href":"https:\/\/cetaradell.cat\/ce\/wp-json\/wp\/v2\/categories?post=8720"},{"taxonomy":"post_tag","embeddable":true,"href":"https:\/\/cetaradell.cat\/ce\/wp-json\/wp\/v2\/tags?post=8720"}],"curies":[{"name":"wp","href":"https:\/\/api.w.org\/{rel}","templated":true}]}}