{"id":8730,"date":"2021-06-10T21:18:59","date_gmt":"2021-06-10T20:18:59","guid":{"rendered":"https:\/\/cetaradell.cat\/ce\/?p=8730"},"modified":"2021-06-10T21:18:59","modified_gmt":"2021-06-10T20:18:59","slug":"represa-de-les-sortides-de-senders","status":"publish","type":"post","link":"https:\/\/cetaradell.cat\/ce\/represa-de-les-sortides-de-senders\/","title":{"rendered":"Represa de les Sortides de Senders"},"content":{"rendered":"<p><a href=\"https:\/\/cetaradell.cat\/ce\/represa-de-les-sortides-de-senders\/2021-senders-1a\/\" target=\"_blank\" rel=\"attachment noopener wp-att-8731\"><img decoding=\"async\" class=\"wp-image-8731 size-medium alignleft\" src=\"https:\/\/cetaradell.cat\/ce\/wp-content\/uploads\/2021-Senders-1a-300x186.jpg\" alt=\"\" width=\"300\" height=\"186\" srcset=\"https:\/\/cetaradell.cat\/ce\/wp-content\/uploads\/2021-Senders-1a-200x124.jpg 200w, https:\/\/cetaradell.cat\/ce\/wp-content\/uploads\/2021-Senders-1a-300x186.jpg 300w, https:\/\/cetaradell.cat\/ce\/wp-content\/uploads\/2021-Senders-1a-400x248.jpg 400w, https:\/\/cetaradell.cat\/ce\/wp-content\/uploads\/2021-Senders-1a-500x310.jpg 500w, https:\/\/cetaradell.cat\/ce\/wp-content\/uploads\/2021-Senders-1a-600x373.jpg 600w, https:\/\/cetaradell.cat\/ce\/wp-content\/uploads\/2021-Senders-1a-700x435.jpg 700w, https:\/\/cetaradell.cat\/ce\/wp-content\/uploads\/2021-Senders-1a-768x477.jpg 768w, https:\/\/cetaradell.cat\/ce\/wp-content\/uploads\/2021-Senders-1a-800x497.jpg 800w, https:\/\/cetaradell.cat\/ce\/wp-content\/uploads\/2021-Senders-1a-1024x636.jpg 1024w, https:\/\/cetaradell.cat\/ce\/wp-content\/uploads\/2021-Senders-1a-1200x745.jpg 1200w, https:\/\/cetaradell.cat\/ce\/wp-content\/uploads\/2021-Senders-1a.jpg 1216w\" sizes=\"(max-width: 300px) 100vw, 300px\" \/><\/a>Despr\u00e9s de molts mesos d\u2019inactivitat, aquest diumenge 6 de juny vam tornar a reprendre las sortides de Senders.<\/p>\n<p>Aquesta primera sortida va ser de Moll\u00f3 a Setcases, \u00a0amb un recorregut de 12,27 km \u00a0seguint en tot moment el GR-11. V\u00e0rem ser 15 senderistes que vam gaudir d\u2019un dia espectacular amb sol i boira. Tot i que les previsions eren que plouria, durant el mat\u00ed no va ser aix\u00ed, i v\u00e0rem poder gaudir de la sortida.<\/p>\n<p>Us esperem a la propera sortida que ser\u00e0 el dia 4 de juliol de 2021.<\/p>\n<h3><a href=\"https:\/\/cetaradell.cat\/ce\/senders\/\" target=\"_blank\" rel=\"noopener\"><span style=\"background-color: #3366ff; color: #ffffff;\">\u00a0\u00a0 Consulteu tot el programa previst pel 2021 (\u2192) \u00a0 \u00a0 <\/span><\/a><\/h3>\n","protected":false},"excerpt":{"rendered":"<p>Despr\u00e9s de molts mesos d\u2019inactivitat, aquest diumenge 6 de juny vam tornar a reprendre las sortides de Senders. Aquesta primera sortida va ser de Moll\u00f3 a Setcases, \u00a0amb un recorregut de 12,27 km \u00a0seguint en tot moment el GR-11. V\u00e0rem ser 15 senderistes que vam gaudir d\u2019un dia espectacular amb  [&#8230;]<\/p>\n","protected":false},"author":1,"featured_media":8731,"comment_status":"closed","ping_status":"closed","sticky":false,"template":"","format":"standard","meta":{"footnotes":""},"categories":[3,11],"tags":[],"class_list":["post-8730","post","type-post","status-publish","format-standard","has-post-thumbnail","hentry","category-noticies","category-senders"],"yoast_head":"<!-- This site is optimized with the Yoast SEO plugin v27.4 - https:\/\/yoast.com\/product\/yoast-seo-wordpress\/ -->\n<title>Represa de les Sortides de Senders - Centre Excursionista Taradell<\/title>\n<meta name=\"robots\" content=\"index, follow, max-snippet:-1, max-image-preview:large, max-video-preview:-1\" \/>\n<link rel=\"canonical\" href=\"https:\/\/cetaradell.cat\/ce\/represa-de-les-sortides-de-senders\/\" \/>\n<meta property=\"og:locale\" content=\"ca_ES\" \/>\n<meta property=\"og:type\" content=\"article\" \/>\n<meta property=\"og:title\" content=\"Represa de les Sortides de Senders - Centre Excursionista Taradell\" \/>\n<meta property=\"og:description\" content=\"Despr\u00e9s de molts mesos d\u2019inactivitat, aquest diumenge 6 de juny vam tornar a reprendre las sortides de Senders. Aquesta primera sortida va ser de Moll\u00f3 a Setcases, \u00a0amb un recorregut de 12,27 km \u00a0seguint en tot moment el GR-11. V\u00e0rem ser 15 senderistes que vam gaudir d\u2019un dia espectacular amb [...]\" \/>\n<meta property=\"og:url\" content=\"https:\/\/cetaradell.cat\/ce\/represa-de-les-sortides-de-senders\/\" \/>\n<meta property=\"og:site_name\" content=\"Centre Excursionista Taradell\" \/>\n<meta property=\"article:publisher\" content=\"https:\/\/www.facebook.com\/CETaradell\/\" \/>\n<meta property=\"article:published_time\" content=\"2021-06-10T20:18:59+00:00\" \/>\n<meta property=\"og:image\" content=\"https:\/\/cetaradell.cat\/ce\/wp-content\/uploads\/2021-Senders-1a.jpg\" \/>\n\t<meta property=\"og:image:width\" content=\"1216\" \/>\n\t<meta property=\"og:image:height\" content=\"755\" \/>\n\t<meta property=\"og:image:type\" content=\"image\/jpeg\" \/>\n<meta name=\"author\" content=\"CET\" \/>\n<meta name=\"twitter:card\" content=\"summary_large_image\" \/>\n<meta name=\"twitter:label1\" content=\"Escrit per\" \/>\n\t<meta name=\"twitter:data1\" content=\"CET\" \/>\n\t<meta name=\"twitter:label2\" content=\"Temps estimat de lectura\" \/>\n\t<meta name=\"twitter:data2\" content=\"1 minut\" \/>\n<script type=\"application\/ld+json\" class=\"yoast-schema-graph\">{\"@context\":\"https:\\\/\\\/schema.org\",\"@graph\":[{\"@type\":\"Article\",\"@id\":\"https:\\\/\\\/cetaradell.cat\\\/ce\\\/represa-de-les-sortides-de-senders\\\/#article\",\"isPartOf\":{\"@id\":\"https:\\\/\\\/cetaradell.cat\\\/ce\\\/represa-de-les-sortides-de-senders\\\/\"},\"author\":{\"name\":\"CET\",\"@id\":\"https:\\\/\\\/cetaradell.cat\\\/ce\\\/#\\\/schema\\\/person\\\/92a59f585073071c7be6649e84b22f78\"},\"headline\":\"Represa de les Sortides de Senders\",\"datePublished\":\"2021-06-10T20:18:59+00:00\",\"mainEntityOfPage\":{\"@id\":\"https:\\\/\\\/cetaradell.cat\\\/ce\\\/represa-de-les-sortides-de-senders\\\/\"},\"wordCount\":102,\"image\":{\"@id\":\"https:\\\/\\\/cetaradell.cat\\\/ce\\\/represa-de-les-sortides-de-senders\\\/#primaryimage\"},\"thumbnailUrl\":\"https:\\\/\\\/cetaradell.cat\\\/ce\\\/wp-content\\\/uploads\\\/2021-Senders-1a.jpg\",\"articleSection\":[\"Not\u00edcies\",\"Senders\"],\"inLanguage\":\"ca\"},{\"@type\":\"WebPage\",\"@id\":\"https:\\\/\\\/cetaradell.cat\\\/ce\\\/represa-de-les-sortides-de-senders\\\/\",\"url\":\"https:\\\/\\\/cetaradell.cat\\\/ce\\\/represa-de-les-sortides-de-senders\\\/\",\"name\":\"Represa de les Sortides de Senders - Centre Excursionista Taradell\",\"isPartOf\":{\"@id\":\"https:\\\/\\\/cetaradell.cat\\\/ce\\\/#website\"},\"primaryImageOfPage\":{\"@id\":\"https:\\\/\\\/cetaradell.cat\\\/ce\\\/represa-de-les-sortides-de-senders\\\/#primaryimage\"},\"image\":{\"@id\":\"https:\\\/\\\/cetaradell.cat\\\/ce\\\/represa-de-les-sortides-de-senders\\\/#primaryimage\"},\"thumbnailUrl\":\"https:\\\/\\\/cetaradell.cat\\\/ce\\\/wp-content\\\/uploads\\\/2021-Senders-1a.jpg\",\"datePublished\":\"2021-06-10T20:18:59+00:00\",\"author\":{\"@id\":\"https:\\\/\\\/cetaradell.cat\\\/ce\\\/#\\\/schema\\\/person\\\/92a59f585073071c7be6649e84b22f78\"},\"breadcrumb\":{\"@id\":\"https:\\\/\\\/cetaradell.cat\\\/ce\\\/represa-de-les-sortides-de-senders\\\/#breadcrumb\"},\"inLanguage\":\"ca\",\"potentialAction\":[{\"@type\":\"ReadAction\",\"target\":[\"https:\\\/\\\/cetaradell.cat\\\/ce\\\/represa-de-les-sortides-de-senders\\\/\"]}]},{\"@type\":\"ImageObject\",\"inLanguage\":\"ca\",\"@id\":\"https:\\\/\\\/cetaradell.cat\\\/ce\\\/represa-de-les-sortides-de-senders\\\/#primaryimage\",\"url\":\"https:\\\/\\\/cetaradell.cat\\\/ce\\\/wp-content\\\/uploads\\\/2021-Senders-1a.jpg\",\"contentUrl\":\"https:\\\/\\\/cetaradell.cat\\\/ce\\\/wp-content\\\/uploads\\\/2021-Senders-1a.jpg\",\"width\":1216,\"height\":755},{\"@type\":\"BreadcrumbList\",\"@id\":\"https:\\\/\\\/cetaradell.cat\\\/ce\\\/represa-de-les-sortides-de-senders\\\/#breadcrumb\",\"itemListElement\":[{\"@type\":\"ListItem\",\"position\":1,\"name\":\"Inici\",\"item\":\"https:\\\/\\\/cetaradell.cat\\\/ce\\\/\"},{\"@type\":\"ListItem\",\"position\":2,\"name\":\"Represa de les Sortides de Senders\"}]},{\"@type\":\"WebSite\",\"@id\":\"https:\\\/\\\/cetaradell.cat\\\/ce\\\/#website\",\"url\":\"https:\\\/\\\/cetaradell.cat\\\/ce\\\/\",\"name\":\"Centre Excursionista Taradell\",\"description\":\"\",\"potentialAction\":[{\"@type\":\"SearchAction\",\"target\":{\"@type\":\"EntryPoint\",\"urlTemplate\":\"https:\\\/\\\/cetaradell.cat\\\/ce\\\/?s={search_term_string}\"},\"query-input\":{\"@type\":\"PropertyValueSpecification\",\"valueRequired\":true,\"valueName\":\"search_term_string\"}}],\"inLanguage\":\"ca\"},{\"@type\":\"Person\",\"@id\":\"https:\\\/\\\/cetaradell.cat\\\/ce\\\/#\\\/schema\\\/person\\\/92a59f585073071c7be6649e84b22f78\",\"name\":\"CET\",\"image\":{\"@type\":\"ImageObject\",\"inLanguage\":\"ca\",\"@id\":\"https:\\\/\\\/secure.gravatar.com\\\/avatar\\\/d6fbe010d42056feccc0f613ed07277a5118442805079269f12dabdc42e1a727?s=96&d=mm&r=g\",\"url\":\"https:\\\/\\\/secure.gravatar.com\\\/avatar\\\/d6fbe010d42056feccc0f613ed07277a5118442805079269f12dabdc42e1a727?s=96&d=mm&r=g\",\"contentUrl\":\"https:\\\/\\\/secure.gravatar.com\\\/avatar\\\/d6fbe010d42056feccc0f613ed07277a5118442805079269f12dabdc42e1a727?s=96&d=mm&r=g\",\"caption\":\"CET\"},\"url\":\"https:\\\/\\\/cetaradell.cat\\\/ce\\\/author\\\/root\\\/\"}]}<\/script>\n<!-- \/ Yoast SEO plugin. -->","yoast_head_json":{"title":"Represa de les Sortides de Senders - Centre Excursionista Taradell","robots":{"index":"index","follow":"follow","max-snippet":"max-snippet:-1","max-image-preview":"max-image-preview:large","max-video-preview":"max-video-preview:-1"},"canonical":"https:\/\/cetaradell.cat\/ce\/represa-de-les-sortides-de-senders\/","og_locale":"ca_ES","og_type":"article","og_title":"Represa de les Sortides de Senders - Centre Excursionista Taradell","og_description":"Despr\u00e9s de molts mesos d\u2019inactivitat, aquest diumenge 6 de juny vam tornar a reprendre las sortides de Senders. Aquesta primera sortida va ser de Moll\u00f3 a Setcases, \u00a0amb un recorregut de 12,27 km \u00a0seguint en tot moment el GR-11. V\u00e0rem ser 15 senderistes que vam gaudir d\u2019un dia espectacular amb [...]","og_url":"https:\/\/cetaradell.cat\/ce\/represa-de-les-sortides-de-senders\/","og_site_name":"Centre Excursionista Taradell","article_publisher":"https:\/\/www.facebook.com\/CETaradell\/","article_published_time":"2021-06-10T20:18:59+00:00","og_image":[{"width":1216,"height":755,"url":"https:\/\/cetaradell.cat\/ce\/wp-content\/uploads\/2021-Senders-1a.jpg","type":"image\/jpeg"}],"author":"CET","twitter_card":"summary_large_image","twitter_misc":{"Escrit per":"CET","Temps estimat de lectura":"1 minut"},"schema":{"@context":"https:\/\/schema.org","@graph":[{"@type":"Article","@id":"https:\/\/cetaradell.cat\/ce\/represa-de-les-sortides-de-senders\/#article","isPartOf":{"@id":"https:\/\/cetaradell.cat\/ce\/represa-de-les-sortides-de-senders\/"},"author":{"name":"CET","@id":"https:\/\/cetaradell.cat\/ce\/#\/schema\/person\/92a59f585073071c7be6649e84b22f78"},"headline":"Represa de les Sortides de Senders","datePublished":"2021-06-10T20:18:59+00:00","mainEntityOfPage":{"@id":"https:\/\/cetaradell.cat\/ce\/represa-de-les-sortides-de-senders\/"},"wordCount":102,"image":{"@id":"https:\/\/cetaradell.cat\/ce\/represa-de-les-sortides-de-senders\/#primaryimage"},"thumbnailUrl":"https:\/\/cetaradell.cat\/ce\/wp-content\/uploads\/2021-Senders-1a.jpg","articleSection":["Not\u00edcies","Senders"],"inLanguage":"ca"},{"@type":"WebPage","@id":"https:\/\/cetaradell.cat\/ce\/represa-de-les-sortides-de-senders\/","url":"https:\/\/cetaradell.cat\/ce\/represa-de-les-sortides-de-senders\/","name":"Represa de les Sortides de Senders - Centre Excursionista Taradell","isPartOf":{"@id":"https:\/\/cetaradell.cat\/ce\/#website"},"primaryImageOfPage":{"@id":"https:\/\/cetaradell.cat\/ce\/represa-de-les-sortides-de-senders\/#primaryimage"},"image":{"@id":"https:\/\/cetaradell.cat\/ce\/represa-de-les-sortides-de-senders\/#primaryimage"},"thumbnailUrl":"https:\/\/cetaradell.cat\/ce\/wp-content\/uploads\/2021-Senders-1a.jpg","datePublished":"2021-06-10T20:18:59+00:00","author":{"@id":"https:\/\/cetaradell.cat\/ce\/#\/schema\/person\/92a59f585073071c7be6649e84b22f78"},"breadcrumb":{"@id":"https:\/\/cetaradell.cat\/ce\/represa-de-les-sortides-de-senders\/#breadcrumb"},"inLanguage":"ca","potentialAction":[{"@type":"ReadAction","target":["https:\/\/cetaradell.cat\/ce\/represa-de-les-sortides-de-senders\/"]}]},{"@type":"ImageObject","inLanguage":"ca","@id":"https:\/\/cetaradell.cat\/ce\/represa-de-les-sortides-de-senders\/#primaryimage","url":"https:\/\/cetaradell.cat\/ce\/wp-content\/uploads\/2021-Senders-1a.jpg","contentUrl":"https:\/\/cetaradell.cat\/ce\/wp-content\/uploads\/2021-Senders-1a.jpg","width":1216,"height":755},{"@type":"BreadcrumbList","@id":"https:\/\/cetaradell.cat\/ce\/represa-de-les-sortides-de-senders\/#breadcrumb","itemListElement":[{"@type":"ListItem","position":1,"name":"Inici","item":"https:\/\/cetaradell.cat\/ce\/"},{"@type":"ListItem","position":2,"name":"Represa de les Sortides de Senders"}]},{"@type":"WebSite","@id":"https:\/\/cetaradell.cat\/ce\/#website","url":"https:\/\/cetaradell.cat\/ce\/","name":"Centre Excursionista Taradell","description":"","potentialAction":[{"@type":"SearchAction","target":{"@type":"EntryPoint","urlTemplate":"https:\/\/cetaradell.cat\/ce\/?s={search_term_string}"},"query-input":{"@type":"PropertyValueSpecification","valueRequired":true,"valueName":"search_term_string"}}],"inLanguage":"ca"},{"@type":"Person","@id":"https:\/\/cetaradell.cat\/ce\/#\/schema\/person\/92a59f585073071c7be6649e84b22f78","name":"CET","image":{"@type":"ImageObject","inLanguage":"ca","@id":"https:\/\/secure.gravatar.com\/avatar\/d6fbe010d42056feccc0f613ed07277a5118442805079269f12dabdc42e1a727?s=96&d=mm&r=g","url":"https:\/\/secure.gravatar.com\/avatar\/d6fbe010d42056feccc0f613ed07277a5118442805079269f12dabdc42e1a727?s=96&d=mm&r=g","contentUrl":"https:\/\/secure.gravatar.com\/avatar\/d6fbe010d42056feccc0f613ed07277a5118442805079269f12dabdc42e1a727?s=96&d=mm&r=g","caption":"CET"},"url":"https:\/\/cetaradell.cat\/ce\/author\/root\/"}]}},"_links":{"self":[{"href":"https:\/\/cetaradell.cat\/ce\/wp-json\/wp\/v2\/posts\/8730","targetHints":{"allow":["GET"]}}],"collection":[{"href":"https:\/\/cetaradell.cat\/ce\/wp-json\/wp\/v2\/posts"}],"about":[{"href":"https:\/\/cetaradell.cat\/ce\/wp-json\/wp\/v2\/types\/post"}],"author":[{"embeddable":true,"href":"https:\/\/cetaradell.cat\/ce\/wp-json\/wp\/v2\/users\/1"}],"replies":[{"embeddable":true,"href":"https:\/\/cetaradell.cat\/ce\/wp-json\/wp\/v2\/comments?post=8730"}],"version-history":[{"count":0,"href":"https:\/\/cetaradell.cat\/ce\/wp-json\/wp\/v2\/posts\/8730\/revisions"}],"wp:featuredmedia":[{"embeddable":true,"href":"https:\/\/cetaradell.cat\/ce\/wp-json\/wp\/v2\/media\/8731"}],"wp:attachment":[{"href":"https:\/\/cetaradell.cat\/ce\/wp-json\/wp\/v2\/media?parent=8730"}],"wp:term":[{"taxonomy":"category","embeddable":true,"href":"https:\/\/cetaradell.cat\/ce\/wp-json\/wp\/v2\/categories?post=8730"},{"taxonomy":"post_tag","embeddable":true,"href":"https:\/\/cetaradell.cat\/ce\/wp-json\/wp\/v2\/tags?post=8730"}],"curies":[{"name":"wp","href":"https:\/\/api.w.org\/{rel}","templated":true}]}}