{"id":8753,"date":"2021-06-22T19:02:04","date_gmt":"2021-06-22T18:02:04","guid":{"rendered":"https:\/\/cetaradell.cat\/ce\/?p=8753"},"modified":"2021-07-01T19:55:51","modified_gmt":"2021-07-01T18:55:51","slug":"sortides-de-senders-gr11-i-100-cims-juliol-2021","status":"publish","type":"post","link":"https:\/\/cetaradell.cat\/ce\/sortides-de-senders-gr11-i-100-cims-juliol-2021\/","title":{"rendered":"Sortides de Senders \u2013 GR11 i 100 Cims &#8211; Juliol 2021"},"content":{"rendered":"<p>Degut a un imprevist, s&#8217;ha hagut de canviar la sortida que ten\u00edem prevista per aquest diumenge 4 de juliol. En comptes d&#8217;anar al Costa Pubilla, es far\u00e0 una sortida pel GR-11 de Queralbs a Planoles, que era la sortida planejada pel mes de setembre.<\/p>\n<p>El motiu d&#8217;aquest canvi \u00e9s que aquest diumenge tindr\u00e0 lloc la cursa ciclista dels 4 Cims (Bag\u00e0, Castellar de n&#8217;Hug, La Molina) i tanquen la carretera de les 8 del mat\u00ed fins a les 10, i per aix\u00f2 s&#8217;ha cregut convenient fer aquest canvi.<\/p>\n<h4><del><strong>100 Cims : COSTA PUBILLA &#8211; 14,93 km\u00a0 (Des de Castellar de N\u2019Hug)<br \/>\n<\/strong><\/del><\/h4>\n<p><del><em><strong>Alt. M\u00e0x. 2.023 m.\u00a0 &#8211; Alt min. 1.373 m.\u00a0 &#8211; Ascen. Total 838 m. &#8211; Desn.Total 838 m.<\/strong><\/em><\/del><\/p>\n<h4><strong>GR-11 : QUERALBS &#8211; PLANOLES\u00a0 12,50 km<\/strong><\/h4>\n<p><em><strong>Alt. M\u00e0x. 1.892 m.\u00a0 &#8211; Alt min. 1.113 m.\u00a0 &#8211; Ascen. Total 694 m. &#8211; Desn.Total 778 m.<\/strong><\/em><\/p>\n<p><strong><a href=\"https:\/\/cetaradell.cat\/ce\/sortides-de-senders-gr11-i-100-cims-juliol-2021\/juliol-gr-11-queralbs-planoles\/\" target=\"_blank\" rel=\"attachment noopener wp-att-7769\"><img decoding=\"async\" class=\"alignleft wp-image-8758 size-medium\" src=\"https:\/\/cetaradell.cat\/ce\/wp-content\/uploads\/Juliol-GR-11-Queralbs-Planoles-300x300.jpg\" alt=\"\" width=\"300\" height=\"300\" srcset=\"https:\/\/cetaradell.cat\/ce\/wp-content\/uploads\/Juliol-GR-11-Queralbs-Planoles-66x66.jpg 66w, https:\/\/cetaradell.cat\/ce\/wp-content\/uploads\/Juliol-GR-11-Queralbs-Planoles-100x100.jpg 100w, https:\/\/cetaradell.cat\/ce\/wp-content\/uploads\/Juliol-GR-11-Queralbs-Planoles-150x150.jpg 150w, https:\/\/cetaradell.cat\/ce\/wp-content\/uploads\/Juliol-GR-11-Queralbs-Planoles-200x200.jpg 200w, https:\/\/cetaradell.cat\/ce\/wp-content\/uploads\/Juliol-GR-11-Queralbs-Planoles-300x300.jpg 300w, https:\/\/cetaradell.cat\/ce\/wp-content\/uploads\/Juliol-GR-11-Queralbs-Planoles-400x400.jpg 400w, https:\/\/cetaradell.cat\/ce\/wp-content\/uploads\/Juliol-GR-11-Queralbs-Planoles-500x500.jpg 500w, https:\/\/cetaradell.cat\/ce\/wp-content\/uploads\/Juliol-GR-11-Queralbs-Planoles-600x600.jpg 600w, https:\/\/cetaradell.cat\/ce\/wp-content\/uploads\/Juliol-GR-11-Queralbs-Planoles-700x700.jpg 700w, https:\/\/cetaradell.cat\/ce\/wp-content\/uploads\/Juliol-GR-11-Queralbs-Planoles-768x768.jpg 768w, https:\/\/cetaradell.cat\/ce\/wp-content\/uploads\/Juliol-GR-11-Queralbs-Planoles-800x800.jpg 800w, https:\/\/cetaradell.cat\/ce\/wp-content\/uploads\/Juliol-GR-11-Queralbs-Planoles-1024x1024.jpg 1024w, https:\/\/cetaradell.cat\/ce\/wp-content\/uploads\/Juliol-GR-11-Queralbs-Planoles.jpg 1176w\" sizes=\"(max-width: 300px) 100vw, 300px\" \/><\/a>DIA: <\/strong>Diumenge, 4 de juliol de 2021<\/p>\n<p><strong>SORTIDA DE TARADELL: <\/strong>6:45 h de l\u2019Espai 1 d\u2019Octubre<\/p>\n<p><strong>SORTIDA DE VIC: <\/strong>7.00 h de l&#8217;estaci\u00f3 d&#8217;autobusos<\/p>\n<p><strong>NOTA: <\/strong>Cal portar, esmorzar, dinar i aigua<\/p>\n<p><strong>INSCRIPCIONS: <\/strong>Fins el divendres 2 de juliol al CET<\/p>\n<p><strong>DESPLA\u00c7AMENTS: <\/strong>autob\u00fas, preu 20 euros<\/p>\n<p><strong>NOTES<\/strong>: En tot moment es respectaran totes les mesures de seguretat COVID-19, vigents el dia de la sortida. \u00c9s imprescindible estar federat.<\/p>\n","protected":false},"excerpt":{"rendered":"<p>Degut a un imprevist, s&#8217;ha hagut de canviar la sortida que ten\u00edem prevista per aquest diumenge 4 de juliol. En comptes d&#8217;anar al Costa Pubilla, es far\u00e0 una sortida pel GR-11 de Queralbs a Planoles, que era la sortida planejada pel mes de setembre. El motiu d&#8217;aquest canvi \u00e9s que  [&#8230;]<\/p>\n","protected":false},"author":1,"featured_media":8758,"comment_status":"closed","ping_status":"closed","sticky":false,"template":"","format":"standard","meta":{"footnotes":""},"categories":[4,11],"tags":[],"class_list":["post-8753","post","type-post","status-publish","format-standard","has-post-thumbnail","hentry","category-activitats","category-senders"],"yoast_head":"<!-- This site is optimized with the Yoast SEO plugin v27.4 - https:\/\/yoast.com\/product\/yoast-seo-wordpress\/ -->\n<title>Sortides de Senders \u2013 GR11 i 100 Cims - Juliol 2021 - Centre Excursionista Taradell<\/title>\n<meta name=\"robots\" content=\"index, follow, max-snippet:-1, max-image-preview:large, max-video-preview:-1\" \/>\n<link rel=\"canonical\" href=\"https:\/\/cetaradell.cat\/ce\/sortides-de-senders-gr11-i-100-cims-juliol-2021\/\" \/>\n<meta property=\"og:locale\" content=\"ca_ES\" \/>\n<meta property=\"og:type\" content=\"article\" \/>\n<meta property=\"og:title\" content=\"Sortides de Senders \u2013 GR11 i 100 Cims - Juliol 2021 - Centre Excursionista Taradell\" \/>\n<meta property=\"og:description\" content=\"Degut a un imprevist, s&#8217;ha hagut de canviar la sortida que ten\u00edem prevista per aquest diumenge 4 de juliol. En comptes d&#8217;anar al Costa Pubilla, es far\u00e0 una sortida pel GR-11 de Queralbs a Planoles, que era la sortida planejada pel mes de setembre. El motiu d&#8217;aquest canvi \u00e9s que [...]\" \/>\n<meta property=\"og:url\" content=\"https:\/\/cetaradell.cat\/ce\/sortides-de-senders-gr11-i-100-cims-juliol-2021\/\" \/>\n<meta property=\"og:site_name\" content=\"Centre Excursionista Taradell\" \/>\n<meta property=\"article:publisher\" content=\"https:\/\/www.facebook.com\/CETaradell\/\" \/>\n<meta property=\"article:published_time\" content=\"2021-06-22T18:02:04+00:00\" \/>\n<meta property=\"article:modified_time\" content=\"2021-07-01T18:55:51+00:00\" \/>\n<meta property=\"og:image\" content=\"https:\/\/cetaradell.cat\/ce\/wp-content\/uploads\/Juliol-GR-11-Queralbs-Planoles.jpg\" \/>\n\t<meta property=\"og:image:width\" content=\"1176\" \/>\n\t<meta property=\"og:image:height\" content=\"1176\" \/>\n\t<meta property=\"og:image:type\" content=\"image\/jpeg\" \/>\n<meta name=\"author\" content=\"CET\" \/>\n<meta name=\"twitter:card\" content=\"summary_large_image\" \/>\n<meta name=\"twitter:label1\" content=\"Escrit per\" \/>\n\t<meta name=\"twitter:data1\" content=\"CET\" \/>\n\t<meta name=\"twitter:label2\" content=\"Temps estimat de lectura\" \/>\n\t<meta name=\"twitter:data2\" content=\"2 minuts\" \/>\n<script type=\"application\/ld+json\" class=\"yoast-schema-graph\">{\"@context\":\"https:\\\/\\\/schema.org\",\"@graph\":[{\"@type\":\"Article\",\"@id\":\"https:\\\/\\\/cetaradell.cat\\\/ce\\\/sortides-de-senders-gr11-i-100-cims-juliol-2021\\\/#article\",\"isPartOf\":{\"@id\":\"https:\\\/\\\/cetaradell.cat\\\/ce\\\/sortides-de-senders-gr11-i-100-cims-juliol-2021\\\/\"},\"author\":{\"name\":\"CET\",\"@id\":\"https:\\\/\\\/cetaradell.cat\\\/ce\\\/#\\\/schema\\\/person\\\/92a59f585073071c7be6649e84b22f78\"},\"headline\":\"Sortides de Senders \u2013 GR11 i 100 Cims &#8211; Juliol 2021\",\"datePublished\":\"2021-06-22T18:02:04+00:00\",\"dateModified\":\"2021-07-01T18:55:51+00:00\",\"mainEntityOfPage\":{\"@id\":\"https:\\\/\\\/cetaradell.cat\\\/ce\\\/sortides-de-senders-gr11-i-100-cims-juliol-2021\\\/\"},\"wordCount\":212,\"image\":{\"@id\":\"https:\\\/\\\/cetaradell.cat\\\/ce\\\/sortides-de-senders-gr11-i-100-cims-juliol-2021\\\/#primaryimage\"},\"thumbnailUrl\":\"https:\\\/\\\/cetaradell.cat\\\/ce\\\/wp-content\\\/uploads\\\/Juliol-GR-11-Queralbs-Planoles.jpg\",\"articleSection\":[\"Activitats\",\"Senders\"],\"inLanguage\":\"ca\"},{\"@type\":\"WebPage\",\"@id\":\"https:\\\/\\\/cetaradell.cat\\\/ce\\\/sortides-de-senders-gr11-i-100-cims-juliol-2021\\\/\",\"url\":\"https:\\\/\\\/cetaradell.cat\\\/ce\\\/sortides-de-senders-gr11-i-100-cims-juliol-2021\\\/\",\"name\":\"Sortides de Senders \u2013 GR11 i 100 Cims - Juliol 2021 - Centre Excursionista Taradell\",\"isPartOf\":{\"@id\":\"https:\\\/\\\/cetaradell.cat\\\/ce\\\/#website\"},\"primaryImageOfPage\":{\"@id\":\"https:\\\/\\\/cetaradell.cat\\\/ce\\\/sortides-de-senders-gr11-i-100-cims-juliol-2021\\\/#primaryimage\"},\"image\":{\"@id\":\"https:\\\/\\\/cetaradell.cat\\\/ce\\\/sortides-de-senders-gr11-i-100-cims-juliol-2021\\\/#primaryimage\"},\"thumbnailUrl\":\"https:\\\/\\\/cetaradell.cat\\\/ce\\\/wp-content\\\/uploads\\\/Juliol-GR-11-Queralbs-Planoles.jpg\",\"datePublished\":\"2021-06-22T18:02:04+00:00\",\"dateModified\":\"2021-07-01T18:55:51+00:00\",\"author\":{\"@id\":\"https:\\\/\\\/cetaradell.cat\\\/ce\\\/#\\\/schema\\\/person\\\/92a59f585073071c7be6649e84b22f78\"},\"breadcrumb\":{\"@id\":\"https:\\\/\\\/cetaradell.cat\\\/ce\\\/sortides-de-senders-gr11-i-100-cims-juliol-2021\\\/#breadcrumb\"},\"inLanguage\":\"ca\",\"potentialAction\":[{\"@type\":\"ReadAction\",\"target\":[\"https:\\\/\\\/cetaradell.cat\\\/ce\\\/sortides-de-senders-gr11-i-100-cims-juliol-2021\\\/\"]}]},{\"@type\":\"ImageObject\",\"inLanguage\":\"ca\",\"@id\":\"https:\\\/\\\/cetaradell.cat\\\/ce\\\/sortides-de-senders-gr11-i-100-cims-juliol-2021\\\/#primaryimage\",\"url\":\"https:\\\/\\\/cetaradell.cat\\\/ce\\\/wp-content\\\/uploads\\\/Juliol-GR-11-Queralbs-Planoles.jpg\",\"contentUrl\":\"https:\\\/\\\/cetaradell.cat\\\/ce\\\/wp-content\\\/uploads\\\/Juliol-GR-11-Queralbs-Planoles.jpg\",\"width\":1176,\"height\":1176},{\"@type\":\"BreadcrumbList\",\"@id\":\"https:\\\/\\\/cetaradell.cat\\\/ce\\\/sortides-de-senders-gr11-i-100-cims-juliol-2021\\\/#breadcrumb\",\"itemListElement\":[{\"@type\":\"ListItem\",\"position\":1,\"name\":\"Inici\",\"item\":\"https:\\\/\\\/cetaradell.cat\\\/ce\\\/\"},{\"@type\":\"ListItem\",\"position\":2,\"name\":\"Sortides de Senders \u2013 GR11 i 100 Cims &#8211; Juliol 2021\"}]},{\"@type\":\"WebSite\",\"@id\":\"https:\\\/\\\/cetaradell.cat\\\/ce\\\/#website\",\"url\":\"https:\\\/\\\/cetaradell.cat\\\/ce\\\/\",\"name\":\"Centre Excursionista Taradell\",\"description\":\"\",\"potentialAction\":[{\"@type\":\"SearchAction\",\"target\":{\"@type\":\"EntryPoint\",\"urlTemplate\":\"https:\\\/\\\/cetaradell.cat\\\/ce\\\/?s={search_term_string}\"},\"query-input\":{\"@type\":\"PropertyValueSpecification\",\"valueRequired\":true,\"valueName\":\"search_term_string\"}}],\"inLanguage\":\"ca\"},{\"@type\":\"Person\",\"@id\":\"https:\\\/\\\/cetaradell.cat\\\/ce\\\/#\\\/schema\\\/person\\\/92a59f585073071c7be6649e84b22f78\",\"name\":\"CET\",\"image\":{\"@type\":\"ImageObject\",\"inLanguage\":\"ca\",\"@id\":\"https:\\\/\\\/secure.gravatar.com\\\/avatar\\\/d6fbe010d42056feccc0f613ed07277a5118442805079269f12dabdc42e1a727?s=96&d=mm&r=g\",\"url\":\"https:\\\/\\\/secure.gravatar.com\\\/avatar\\\/d6fbe010d42056feccc0f613ed07277a5118442805079269f12dabdc42e1a727?s=96&d=mm&r=g\",\"contentUrl\":\"https:\\\/\\\/secure.gravatar.com\\\/avatar\\\/d6fbe010d42056feccc0f613ed07277a5118442805079269f12dabdc42e1a727?s=96&d=mm&r=g\",\"caption\":\"CET\"},\"url\":\"https:\\\/\\\/cetaradell.cat\\\/ce\\\/author\\\/root\\\/\"}]}<\/script>\n<!-- \/ Yoast SEO plugin. -->","yoast_head_json":{"title":"Sortides de Senders \u2013 GR11 i 100 Cims - Juliol 2021 - Centre Excursionista Taradell","robots":{"index":"index","follow":"follow","max-snippet":"max-snippet:-1","max-image-preview":"max-image-preview:large","max-video-preview":"max-video-preview:-1"},"canonical":"https:\/\/cetaradell.cat\/ce\/sortides-de-senders-gr11-i-100-cims-juliol-2021\/","og_locale":"ca_ES","og_type":"article","og_title":"Sortides de Senders \u2013 GR11 i 100 Cims - Juliol 2021 - Centre Excursionista Taradell","og_description":"Degut a un imprevist, s&#8217;ha hagut de canviar la sortida que ten\u00edem prevista per aquest diumenge 4 de juliol. En comptes d&#8217;anar al Costa Pubilla, es far\u00e0 una sortida pel GR-11 de Queralbs a Planoles, que era la sortida planejada pel mes de setembre. El motiu d&#8217;aquest canvi \u00e9s que [...]","og_url":"https:\/\/cetaradell.cat\/ce\/sortides-de-senders-gr11-i-100-cims-juliol-2021\/","og_site_name":"Centre Excursionista Taradell","article_publisher":"https:\/\/www.facebook.com\/CETaradell\/","article_published_time":"2021-06-22T18:02:04+00:00","article_modified_time":"2021-07-01T18:55:51+00:00","og_image":[{"width":1176,"height":1176,"url":"https:\/\/cetaradell.cat\/ce\/wp-content\/uploads\/Juliol-GR-11-Queralbs-Planoles.jpg","type":"image\/jpeg"}],"author":"CET","twitter_card":"summary_large_image","twitter_misc":{"Escrit per":"CET","Temps estimat de lectura":"2 minuts"},"schema":{"@context":"https:\/\/schema.org","@graph":[{"@type":"Article","@id":"https:\/\/cetaradell.cat\/ce\/sortides-de-senders-gr11-i-100-cims-juliol-2021\/#article","isPartOf":{"@id":"https:\/\/cetaradell.cat\/ce\/sortides-de-senders-gr11-i-100-cims-juliol-2021\/"},"author":{"name":"CET","@id":"https:\/\/cetaradell.cat\/ce\/#\/schema\/person\/92a59f585073071c7be6649e84b22f78"},"headline":"Sortides de Senders \u2013 GR11 i 100 Cims &#8211; Juliol 2021","datePublished":"2021-06-22T18:02:04+00:00","dateModified":"2021-07-01T18:55:51+00:00","mainEntityOfPage":{"@id":"https:\/\/cetaradell.cat\/ce\/sortides-de-senders-gr11-i-100-cims-juliol-2021\/"},"wordCount":212,"image":{"@id":"https:\/\/cetaradell.cat\/ce\/sortides-de-senders-gr11-i-100-cims-juliol-2021\/#primaryimage"},"thumbnailUrl":"https:\/\/cetaradell.cat\/ce\/wp-content\/uploads\/Juliol-GR-11-Queralbs-Planoles.jpg","articleSection":["Activitats","Senders"],"inLanguage":"ca"},{"@type":"WebPage","@id":"https:\/\/cetaradell.cat\/ce\/sortides-de-senders-gr11-i-100-cims-juliol-2021\/","url":"https:\/\/cetaradell.cat\/ce\/sortides-de-senders-gr11-i-100-cims-juliol-2021\/","name":"Sortides de Senders \u2013 GR11 i 100 Cims - Juliol 2021 - Centre Excursionista Taradell","isPartOf":{"@id":"https:\/\/cetaradell.cat\/ce\/#website"},"primaryImageOfPage":{"@id":"https:\/\/cetaradell.cat\/ce\/sortides-de-senders-gr11-i-100-cims-juliol-2021\/#primaryimage"},"image":{"@id":"https:\/\/cetaradell.cat\/ce\/sortides-de-senders-gr11-i-100-cims-juliol-2021\/#primaryimage"},"thumbnailUrl":"https:\/\/cetaradell.cat\/ce\/wp-content\/uploads\/Juliol-GR-11-Queralbs-Planoles.jpg","datePublished":"2021-06-22T18:02:04+00:00","dateModified":"2021-07-01T18:55:51+00:00","author":{"@id":"https:\/\/cetaradell.cat\/ce\/#\/schema\/person\/92a59f585073071c7be6649e84b22f78"},"breadcrumb":{"@id":"https:\/\/cetaradell.cat\/ce\/sortides-de-senders-gr11-i-100-cims-juliol-2021\/#breadcrumb"},"inLanguage":"ca","potentialAction":[{"@type":"ReadAction","target":["https:\/\/cetaradell.cat\/ce\/sortides-de-senders-gr11-i-100-cims-juliol-2021\/"]}]},{"@type":"ImageObject","inLanguage":"ca","@id":"https:\/\/cetaradell.cat\/ce\/sortides-de-senders-gr11-i-100-cims-juliol-2021\/#primaryimage","url":"https:\/\/cetaradell.cat\/ce\/wp-content\/uploads\/Juliol-GR-11-Queralbs-Planoles.jpg","contentUrl":"https:\/\/cetaradell.cat\/ce\/wp-content\/uploads\/Juliol-GR-11-Queralbs-Planoles.jpg","width":1176,"height":1176},{"@type":"BreadcrumbList","@id":"https:\/\/cetaradell.cat\/ce\/sortides-de-senders-gr11-i-100-cims-juliol-2021\/#breadcrumb","itemListElement":[{"@type":"ListItem","position":1,"name":"Inici","item":"https:\/\/cetaradell.cat\/ce\/"},{"@type":"ListItem","position":2,"name":"Sortides de Senders \u2013 GR11 i 100 Cims &#8211; Juliol 2021"}]},{"@type":"WebSite","@id":"https:\/\/cetaradell.cat\/ce\/#website","url":"https:\/\/cetaradell.cat\/ce\/","name":"Centre Excursionista Taradell","description":"","potentialAction":[{"@type":"SearchAction","target":{"@type":"EntryPoint","urlTemplate":"https:\/\/cetaradell.cat\/ce\/?s={search_term_string}"},"query-input":{"@type":"PropertyValueSpecification","valueRequired":true,"valueName":"search_term_string"}}],"inLanguage":"ca"},{"@type":"Person","@id":"https:\/\/cetaradell.cat\/ce\/#\/schema\/person\/92a59f585073071c7be6649e84b22f78","name":"CET","image":{"@type":"ImageObject","inLanguage":"ca","@id":"https:\/\/secure.gravatar.com\/avatar\/d6fbe010d42056feccc0f613ed07277a5118442805079269f12dabdc42e1a727?s=96&d=mm&r=g","url":"https:\/\/secure.gravatar.com\/avatar\/d6fbe010d42056feccc0f613ed07277a5118442805079269f12dabdc42e1a727?s=96&d=mm&r=g","contentUrl":"https:\/\/secure.gravatar.com\/avatar\/d6fbe010d42056feccc0f613ed07277a5118442805079269f12dabdc42e1a727?s=96&d=mm&r=g","caption":"CET"},"url":"https:\/\/cetaradell.cat\/ce\/author\/root\/"}]}},"_links":{"self":[{"href":"https:\/\/cetaradell.cat\/ce\/wp-json\/wp\/v2\/posts\/8753","targetHints":{"allow":["GET"]}}],"collection":[{"href":"https:\/\/cetaradell.cat\/ce\/wp-json\/wp\/v2\/posts"}],"about":[{"href":"https:\/\/cetaradell.cat\/ce\/wp-json\/wp\/v2\/types\/post"}],"author":[{"embeddable":true,"href":"https:\/\/cetaradell.cat\/ce\/wp-json\/wp\/v2\/users\/1"}],"replies":[{"embeddable":true,"href":"https:\/\/cetaradell.cat\/ce\/wp-json\/wp\/v2\/comments?post=8753"}],"version-history":[{"count":0,"href":"https:\/\/cetaradell.cat\/ce\/wp-json\/wp\/v2\/posts\/8753\/revisions"}],"wp:featuredmedia":[{"embeddable":true,"href":"https:\/\/cetaradell.cat\/ce\/wp-json\/wp\/v2\/media\/8758"}],"wp:attachment":[{"href":"https:\/\/cetaradell.cat\/ce\/wp-json\/wp\/v2\/media?parent=8753"}],"wp:term":[{"taxonomy":"category","embeddable":true,"href":"https:\/\/cetaradell.cat\/ce\/wp-json\/wp\/v2\/categories?post=8753"},{"taxonomy":"post_tag","embeddable":true,"href":"https:\/\/cetaradell.cat\/ce\/wp-json\/wp\/v2\/tags?post=8753"}],"curies":[{"name":"wp","href":"https:\/\/api.w.org\/{rel}","templated":true}]}}