{"id":8781,"date":"2021-08-05T10:22:35","date_gmt":"2021-08-05T09:22:35","guid":{"rendered":"https:\/\/cetaradell.cat\/ce\/?p=8781"},"modified":"2021-08-05T10:22:35","modified_gmt":"2021-08-05T09:22:35","slug":"un-estudi-pioner-a-catalunya-vol-demostrar-els-efectes-positius-de-caminar-per-muntanya-en-la-salut","status":"publish","type":"post","link":"https:\/\/cetaradell.cat\/ce\/un-estudi-pioner-a-catalunya-vol-demostrar-els-efectes-positius-de-caminar-per-muntanya-en-la-salut\/","title":{"rendered":"Un estudi pioner a Catalunya vol demostrar els efectes positius de caminar per muntanya en la salut"},"content":{"rendered":"<div class=\"content mb-5\">\n<p><a href=\"https:\/\/cetaradell.cat\/ce\/seguretat-i-primers-auxilis-a-la-muntanya\/seguretat_i_primers_auxilis_en_la_muntanya\/\" target=\"_blank\" rel=\"attachment noopener wp-att-8721\"><img decoding=\"async\" class=\"alignleft wp-image-8721 size-medium\" src=\"https:\/\/cetaradell.cat\/ce\/wp-content\/uploads\/Seguretat_i_primers_auxilis_en_la_muntanya-300x238.jpg\" alt=\"\" width=\"300\" height=\"238\" srcset=\"https:\/\/cetaradell.cat\/ce\/wp-content\/uploads\/Seguretat_i_primers_auxilis_en_la_muntanya-200x159.jpg 200w, https:\/\/cetaradell.cat\/ce\/wp-content\/uploads\/Seguretat_i_primers_auxilis_en_la_muntanya-300x238.jpg 300w, https:\/\/cetaradell.cat\/ce\/wp-content\/uploads\/Seguretat_i_primers_auxilis_en_la_muntanya-400x318.jpg 400w, https:\/\/cetaradell.cat\/ce\/wp-content\/uploads\/Seguretat_i_primers_auxilis_en_la_muntanya-500x397.jpg 500w, https:\/\/cetaradell.cat\/ce\/wp-content\/uploads\/Seguretat_i_primers_auxilis_en_la_muntanya-600x476.jpg 600w, https:\/\/cetaradell.cat\/ce\/wp-content\/uploads\/Seguretat_i_primers_auxilis_en_la_muntanya.jpg 617w\" sizes=\"(max-width: 300px) 100vw, 300px\" \/><\/a>Tal i com informava la <strong><a href=\"https:\/\/www.feec.cat\/\" target=\"_blank\" rel=\"noopener\">FEEC<\/a><\/strong> en la seva web,\u00a0 un estudi que encap\u00e7alen investigadors especialistes en salut de la UB, la UOC i la UAB, en col\u00b7laboraci\u00f3 amb l\u2019Ag\u00e8ncia de Desenvolupament del Bergued\u00e0, vol demostrar els beneficis que comporta caminar per muntanya per la nostra salut.<\/p>\n<p>El projecte rep el nom de\u00a0\u00a0<em><strong><a href=\"https:\/\/ubpsychology.eu.qualtrics.com\/jfe\/form\/SV_b3LiedFEJ8ejDRc\" target=\"_blank\" rel=\"noopener\">Melhorament<\/a><\/strong>, que <\/em>era el ritual del catarisme amb el qual els Bons Homes i les Bones Dones demanaven consell per millorar, refermaven la seva fidelitat amb els c\u00e0tars i tamb\u00e9 era una forma de salutaci\u00f3. Per aix\u00f2 \u00e9s el nom del projecte Melhorament, amb el qual es volen explorar els efectes del <strong><a href=\"https:\/\/senders.feec.cat\/fem-muntanya\/senders\/sender\/gr-107-cami-dels-bons-homes\/\" target=\"_blank\" rel=\"noopener\">Cam\u00ed dels Bons Homes GR 107\u00a0<\/a><\/strong> en la salut per poder validar aquesta opci\u00f3 terap\u00e8utica.<\/p>\n<p>En termes generals, es vol explorar els efectes de fer el Cam\u00ed dels Bons Homes en aspectes rellevants de la vida i la salut, la felicitat, la claredat en valors personals o la capacitat per viure una vida m\u00e9s plena, entre d\u2019altres.<\/p>\n<p>Per poder realitzar l\u2019estudi, l\u2019equip d\u2019investigadors\/es necessita la participaci\u00f3 volunt\u00e0ria i an\u00f2nima de <strong>150 bons homes i bones dones<\/strong>. Els investigadors no descarten en breu ampliar l\u2019estudi a altres rutes del pa\u00eds.<\/p>\n<p><strong>Com es pot participar?\u00a0<\/strong><\/p>\n<p>Fent tota o part de la travessa del Cam\u00ed dels Bons Homes (amb 2 o 3 trams de la ruta seguits, \u00e9s suficient per poder participar).<\/p>\n<p>Omplint una serie de q\u00fcestionaris en tres moments temporals: abans de fer el cam\u00ed, en acabar el cam\u00ed i al cap d\u2019un mes.<\/p>\n<p><strong>Quan?\u00a0<\/strong><\/p>\n<p>Des d\u2019ara i fins a finals del mes d\u2019octubre.<\/p>\n<p><strong>Com s\u00f3n els q\u00fcestionaris?<\/strong><\/p>\n<p>Inclouen dades sociodemogr\u00e0fiques, d\u2019estil de funcionament i bateries validades relacionades amb diferents aspectes de la salut.<\/p>\n<p><a href=\"https:\/\/ubpsychology.eu.qualtrics.com\/jfe\/form\/SV_b3LiedFEJ8ejDRc\" target=\"_blank\" rel=\"noopener\"><strong>Aqu\u00ed hi ha l\u2019enlla\u00e7 per omplir el primer q\u00fcestionari<\/strong><\/a> (s\u2019ha de fer pocs dies abans de comen\u00e7ar la ruta o els trams escollits)<\/p>\n<p>Un cop fet el primer q\u00fcestionari (cal omplir-lo fins al final) ja es pot comen\u00e7ar la ruta. Acabada la ruta, es rep un link per fer el seg\u00fcent q\u00fcestionari, i un altre al cap d\u2019un mes.<\/p>\n<\/div>\n","protected":false},"excerpt":{"rendered":"<p>Tal i com informava la FEEC en la seva web,\u00a0 un estudi que encap\u00e7alen investigadors especialistes en salut de la UB, la UOC i la UAB, en col\u00b7laboraci\u00f3 amb l\u2019Ag\u00e8ncia de Desenvolupament del Bergued\u00e0, vol demostrar els beneficis que comporta caminar per muntanya per la nostra salut. El projecte rep  [&#8230;]<\/p>\n","protected":false},"author":1,"featured_media":8721,"comment_status":"closed","ping_status":"closed","sticky":false,"template":"","format":"standard","meta":{"footnotes":""},"categories":[7,3],"tags":[],"class_list":["post-8781","post","type-post","status-publish","format-standard","has-post-thumbnail","hentry","category-muntanya","category-noticies"],"yoast_head":"<!-- This site is optimized with the Yoast SEO plugin v27.4 - https:\/\/yoast.com\/product\/yoast-seo-wordpress\/ -->\n<title>Un estudi pioner a Catalunya vol demostrar els efectes positius de caminar per muntanya en la salut - Centre Excursionista Taradell<\/title>\n<meta name=\"robots\" content=\"index, follow, max-snippet:-1, max-image-preview:large, max-video-preview:-1\" \/>\n<link rel=\"canonical\" href=\"https:\/\/cetaradell.cat\/ce\/un-estudi-pioner-a-catalunya-vol-demostrar-els-efectes-positius-de-caminar-per-muntanya-en-la-salut\/\" \/>\n<meta property=\"og:locale\" content=\"ca_ES\" \/>\n<meta property=\"og:type\" content=\"article\" \/>\n<meta property=\"og:title\" content=\"Un estudi pioner a Catalunya vol demostrar els efectes positius de caminar per muntanya en la salut - Centre Excursionista Taradell\" \/>\n<meta property=\"og:description\" content=\"Tal i com informava la FEEC en la seva web,\u00a0 un estudi que encap\u00e7alen investigadors especialistes en salut de la UB, la UOC i la UAB, en col\u00b7laboraci\u00f3 amb l\u2019Ag\u00e8ncia de Desenvolupament del Bergued\u00e0, vol demostrar els beneficis que comporta caminar per muntanya per la nostra salut. El projecte rep [...]\" \/>\n<meta property=\"og:url\" content=\"https:\/\/cetaradell.cat\/ce\/un-estudi-pioner-a-catalunya-vol-demostrar-els-efectes-positius-de-caminar-per-muntanya-en-la-salut\/\" \/>\n<meta property=\"og:site_name\" content=\"Centre Excursionista Taradell\" \/>\n<meta property=\"article:publisher\" content=\"https:\/\/www.facebook.com\/CETaradell\/\" \/>\n<meta property=\"article:published_time\" content=\"2021-08-05T09:22:35+00:00\" \/>\n<meta property=\"og:image\" content=\"https:\/\/cetaradell.cat\/ce\/wp-content\/uploads\/Seguretat_i_primers_auxilis_en_la_muntanya.jpg\" \/>\n\t<meta property=\"og:image:width\" content=\"617\" \/>\n\t<meta property=\"og:image:height\" content=\"490\" \/>\n\t<meta property=\"og:image:type\" content=\"image\/jpeg\" \/>\n<meta name=\"author\" content=\"CET\" \/>\n<meta name=\"twitter:card\" content=\"summary_large_image\" \/>\n<meta name=\"twitter:label1\" content=\"Escrit per\" \/>\n\t<meta name=\"twitter:data1\" content=\"CET\" \/>\n\t<meta name=\"twitter:label2\" content=\"Temps estimat de lectura\" \/>\n\t<meta name=\"twitter:data2\" content=\"2 minuts\" \/>\n<script type=\"application\/ld+json\" class=\"yoast-schema-graph\">{\"@context\":\"https:\\\/\\\/schema.org\",\"@graph\":[{\"@type\":\"Article\",\"@id\":\"https:\\\/\\\/cetaradell.cat\\\/ce\\\/un-estudi-pioner-a-catalunya-vol-demostrar-els-efectes-positius-de-caminar-per-muntanya-en-la-salut\\\/#article\",\"isPartOf\":{\"@id\":\"https:\\\/\\\/cetaradell.cat\\\/ce\\\/un-estudi-pioner-a-catalunya-vol-demostrar-els-efectes-positius-de-caminar-per-muntanya-en-la-salut\\\/\"},\"author\":{\"name\":\"CET\",\"@id\":\"https:\\\/\\\/cetaradell.cat\\\/ce\\\/#\\\/schema\\\/person\\\/92a59f585073071c7be6649e84b22f78\"},\"headline\":\"Un estudi pioner a Catalunya vol demostrar els efectes positius de caminar per muntanya en la salut\",\"datePublished\":\"2021-08-05T09:22:35+00:00\",\"mainEntityOfPage\":{\"@id\":\"https:\\\/\\\/cetaradell.cat\\\/ce\\\/un-estudi-pioner-a-catalunya-vol-demostrar-els-efectes-positius-de-caminar-per-muntanya-en-la-salut\\\/\"},\"wordCount\":382,\"image\":{\"@id\":\"https:\\\/\\\/cetaradell.cat\\\/ce\\\/un-estudi-pioner-a-catalunya-vol-demostrar-els-efectes-positius-de-caminar-per-muntanya-en-la-salut\\\/#primaryimage\"},\"thumbnailUrl\":\"https:\\\/\\\/cetaradell.cat\\\/ce\\\/wp-content\\\/uploads\\\/Seguretat_i_primers_auxilis_en_la_muntanya.jpg\",\"articleSection\":[\"Muntanya\",\"Not\u00edcies\"],\"inLanguage\":\"ca\"},{\"@type\":\"WebPage\",\"@id\":\"https:\\\/\\\/cetaradell.cat\\\/ce\\\/un-estudi-pioner-a-catalunya-vol-demostrar-els-efectes-positius-de-caminar-per-muntanya-en-la-salut\\\/\",\"url\":\"https:\\\/\\\/cetaradell.cat\\\/ce\\\/un-estudi-pioner-a-catalunya-vol-demostrar-els-efectes-positius-de-caminar-per-muntanya-en-la-salut\\\/\",\"name\":\"Un estudi pioner a Catalunya vol demostrar els efectes positius de caminar per muntanya en la salut - Centre Excursionista Taradell\",\"isPartOf\":{\"@id\":\"https:\\\/\\\/cetaradell.cat\\\/ce\\\/#website\"},\"primaryImageOfPage\":{\"@id\":\"https:\\\/\\\/cetaradell.cat\\\/ce\\\/un-estudi-pioner-a-catalunya-vol-demostrar-els-efectes-positius-de-caminar-per-muntanya-en-la-salut\\\/#primaryimage\"},\"image\":{\"@id\":\"https:\\\/\\\/cetaradell.cat\\\/ce\\\/un-estudi-pioner-a-catalunya-vol-demostrar-els-efectes-positius-de-caminar-per-muntanya-en-la-salut\\\/#primaryimage\"},\"thumbnailUrl\":\"https:\\\/\\\/cetaradell.cat\\\/ce\\\/wp-content\\\/uploads\\\/Seguretat_i_primers_auxilis_en_la_muntanya.jpg\",\"datePublished\":\"2021-08-05T09:22:35+00:00\",\"author\":{\"@id\":\"https:\\\/\\\/cetaradell.cat\\\/ce\\\/#\\\/schema\\\/person\\\/92a59f585073071c7be6649e84b22f78\"},\"breadcrumb\":{\"@id\":\"https:\\\/\\\/cetaradell.cat\\\/ce\\\/un-estudi-pioner-a-catalunya-vol-demostrar-els-efectes-positius-de-caminar-per-muntanya-en-la-salut\\\/#breadcrumb\"},\"inLanguage\":\"ca\",\"potentialAction\":[{\"@type\":\"ReadAction\",\"target\":[\"https:\\\/\\\/cetaradell.cat\\\/ce\\\/un-estudi-pioner-a-catalunya-vol-demostrar-els-efectes-positius-de-caminar-per-muntanya-en-la-salut\\\/\"]}]},{\"@type\":\"ImageObject\",\"inLanguage\":\"ca\",\"@id\":\"https:\\\/\\\/cetaradell.cat\\\/ce\\\/un-estudi-pioner-a-catalunya-vol-demostrar-els-efectes-positius-de-caminar-per-muntanya-en-la-salut\\\/#primaryimage\",\"url\":\"https:\\\/\\\/cetaradell.cat\\\/ce\\\/wp-content\\\/uploads\\\/Seguretat_i_primers_auxilis_en_la_muntanya.jpg\",\"contentUrl\":\"https:\\\/\\\/cetaradell.cat\\\/ce\\\/wp-content\\\/uploads\\\/Seguretat_i_primers_auxilis_en_la_muntanya.jpg\",\"width\":617,\"height\":490},{\"@type\":\"BreadcrumbList\",\"@id\":\"https:\\\/\\\/cetaradell.cat\\\/ce\\\/un-estudi-pioner-a-catalunya-vol-demostrar-els-efectes-positius-de-caminar-per-muntanya-en-la-salut\\\/#breadcrumb\",\"itemListElement\":[{\"@type\":\"ListItem\",\"position\":1,\"name\":\"Inici\",\"item\":\"https:\\\/\\\/cetaradell.cat\\\/ce\\\/\"},{\"@type\":\"ListItem\",\"position\":2,\"name\":\"Un estudi pioner a Catalunya vol demostrar els efectes positius de caminar per muntanya en la salut\"}]},{\"@type\":\"WebSite\",\"@id\":\"https:\\\/\\\/cetaradell.cat\\\/ce\\\/#website\",\"url\":\"https:\\\/\\\/cetaradell.cat\\\/ce\\\/\",\"name\":\"Centre Excursionista Taradell\",\"description\":\"\",\"potentialAction\":[{\"@type\":\"SearchAction\",\"target\":{\"@type\":\"EntryPoint\",\"urlTemplate\":\"https:\\\/\\\/cetaradell.cat\\\/ce\\\/?s={search_term_string}\"},\"query-input\":{\"@type\":\"PropertyValueSpecification\",\"valueRequired\":true,\"valueName\":\"search_term_string\"}}],\"inLanguage\":\"ca\"},{\"@type\":\"Person\",\"@id\":\"https:\\\/\\\/cetaradell.cat\\\/ce\\\/#\\\/schema\\\/person\\\/92a59f585073071c7be6649e84b22f78\",\"name\":\"CET\",\"image\":{\"@type\":\"ImageObject\",\"inLanguage\":\"ca\",\"@id\":\"https:\\\/\\\/secure.gravatar.com\\\/avatar\\\/d6fbe010d42056feccc0f613ed07277a5118442805079269f12dabdc42e1a727?s=96&d=mm&r=g\",\"url\":\"https:\\\/\\\/secure.gravatar.com\\\/avatar\\\/d6fbe010d42056feccc0f613ed07277a5118442805079269f12dabdc42e1a727?s=96&d=mm&r=g\",\"contentUrl\":\"https:\\\/\\\/secure.gravatar.com\\\/avatar\\\/d6fbe010d42056feccc0f613ed07277a5118442805079269f12dabdc42e1a727?s=96&d=mm&r=g\",\"caption\":\"CET\"},\"url\":\"https:\\\/\\\/cetaradell.cat\\\/ce\\\/author\\\/root\\\/\"}]}<\/script>\n<!-- \/ Yoast SEO plugin. -->","yoast_head_json":{"title":"Un estudi pioner a Catalunya vol demostrar els efectes positius de caminar per muntanya en la salut - Centre Excursionista Taradell","robots":{"index":"index","follow":"follow","max-snippet":"max-snippet:-1","max-image-preview":"max-image-preview:large","max-video-preview":"max-video-preview:-1"},"canonical":"https:\/\/cetaradell.cat\/ce\/un-estudi-pioner-a-catalunya-vol-demostrar-els-efectes-positius-de-caminar-per-muntanya-en-la-salut\/","og_locale":"ca_ES","og_type":"article","og_title":"Un estudi pioner a Catalunya vol demostrar els efectes positius de caminar per muntanya en la salut - Centre Excursionista Taradell","og_description":"Tal i com informava la FEEC en la seva web,\u00a0 un estudi que encap\u00e7alen investigadors especialistes en salut de la UB, la UOC i la UAB, en col\u00b7laboraci\u00f3 amb l\u2019Ag\u00e8ncia de Desenvolupament del Bergued\u00e0, vol demostrar els beneficis que comporta caminar per muntanya per la nostra salut. El projecte rep [...]","og_url":"https:\/\/cetaradell.cat\/ce\/un-estudi-pioner-a-catalunya-vol-demostrar-els-efectes-positius-de-caminar-per-muntanya-en-la-salut\/","og_site_name":"Centre Excursionista Taradell","article_publisher":"https:\/\/www.facebook.com\/CETaradell\/","article_published_time":"2021-08-05T09:22:35+00:00","og_image":[{"width":617,"height":490,"url":"https:\/\/cetaradell.cat\/ce\/wp-content\/uploads\/Seguretat_i_primers_auxilis_en_la_muntanya.jpg","type":"image\/jpeg"}],"author":"CET","twitter_card":"summary_large_image","twitter_misc":{"Escrit per":"CET","Temps estimat de lectura":"2 minuts"},"schema":{"@context":"https:\/\/schema.org","@graph":[{"@type":"Article","@id":"https:\/\/cetaradell.cat\/ce\/un-estudi-pioner-a-catalunya-vol-demostrar-els-efectes-positius-de-caminar-per-muntanya-en-la-salut\/#article","isPartOf":{"@id":"https:\/\/cetaradell.cat\/ce\/un-estudi-pioner-a-catalunya-vol-demostrar-els-efectes-positius-de-caminar-per-muntanya-en-la-salut\/"},"author":{"name":"CET","@id":"https:\/\/cetaradell.cat\/ce\/#\/schema\/person\/92a59f585073071c7be6649e84b22f78"},"headline":"Un estudi pioner a Catalunya vol demostrar els efectes positius de caminar per muntanya en la salut","datePublished":"2021-08-05T09:22:35+00:00","mainEntityOfPage":{"@id":"https:\/\/cetaradell.cat\/ce\/un-estudi-pioner-a-catalunya-vol-demostrar-els-efectes-positius-de-caminar-per-muntanya-en-la-salut\/"},"wordCount":382,"image":{"@id":"https:\/\/cetaradell.cat\/ce\/un-estudi-pioner-a-catalunya-vol-demostrar-els-efectes-positius-de-caminar-per-muntanya-en-la-salut\/#primaryimage"},"thumbnailUrl":"https:\/\/cetaradell.cat\/ce\/wp-content\/uploads\/Seguretat_i_primers_auxilis_en_la_muntanya.jpg","articleSection":["Muntanya","Not\u00edcies"],"inLanguage":"ca"},{"@type":"WebPage","@id":"https:\/\/cetaradell.cat\/ce\/un-estudi-pioner-a-catalunya-vol-demostrar-els-efectes-positius-de-caminar-per-muntanya-en-la-salut\/","url":"https:\/\/cetaradell.cat\/ce\/un-estudi-pioner-a-catalunya-vol-demostrar-els-efectes-positius-de-caminar-per-muntanya-en-la-salut\/","name":"Un estudi pioner a Catalunya vol demostrar els efectes positius de caminar per muntanya en la salut - Centre Excursionista Taradell","isPartOf":{"@id":"https:\/\/cetaradell.cat\/ce\/#website"},"primaryImageOfPage":{"@id":"https:\/\/cetaradell.cat\/ce\/un-estudi-pioner-a-catalunya-vol-demostrar-els-efectes-positius-de-caminar-per-muntanya-en-la-salut\/#primaryimage"},"image":{"@id":"https:\/\/cetaradell.cat\/ce\/un-estudi-pioner-a-catalunya-vol-demostrar-els-efectes-positius-de-caminar-per-muntanya-en-la-salut\/#primaryimage"},"thumbnailUrl":"https:\/\/cetaradell.cat\/ce\/wp-content\/uploads\/Seguretat_i_primers_auxilis_en_la_muntanya.jpg","datePublished":"2021-08-05T09:22:35+00:00","author":{"@id":"https:\/\/cetaradell.cat\/ce\/#\/schema\/person\/92a59f585073071c7be6649e84b22f78"},"breadcrumb":{"@id":"https:\/\/cetaradell.cat\/ce\/un-estudi-pioner-a-catalunya-vol-demostrar-els-efectes-positius-de-caminar-per-muntanya-en-la-salut\/#breadcrumb"},"inLanguage":"ca","potentialAction":[{"@type":"ReadAction","target":["https:\/\/cetaradell.cat\/ce\/un-estudi-pioner-a-catalunya-vol-demostrar-els-efectes-positius-de-caminar-per-muntanya-en-la-salut\/"]}]},{"@type":"ImageObject","inLanguage":"ca","@id":"https:\/\/cetaradell.cat\/ce\/un-estudi-pioner-a-catalunya-vol-demostrar-els-efectes-positius-de-caminar-per-muntanya-en-la-salut\/#primaryimage","url":"https:\/\/cetaradell.cat\/ce\/wp-content\/uploads\/Seguretat_i_primers_auxilis_en_la_muntanya.jpg","contentUrl":"https:\/\/cetaradell.cat\/ce\/wp-content\/uploads\/Seguretat_i_primers_auxilis_en_la_muntanya.jpg","width":617,"height":490},{"@type":"BreadcrumbList","@id":"https:\/\/cetaradell.cat\/ce\/un-estudi-pioner-a-catalunya-vol-demostrar-els-efectes-positius-de-caminar-per-muntanya-en-la-salut\/#breadcrumb","itemListElement":[{"@type":"ListItem","position":1,"name":"Inici","item":"https:\/\/cetaradell.cat\/ce\/"},{"@type":"ListItem","position":2,"name":"Un estudi pioner a Catalunya vol demostrar els efectes positius de caminar per muntanya en la salut"}]},{"@type":"WebSite","@id":"https:\/\/cetaradell.cat\/ce\/#website","url":"https:\/\/cetaradell.cat\/ce\/","name":"Centre Excursionista Taradell","description":"","potentialAction":[{"@type":"SearchAction","target":{"@type":"EntryPoint","urlTemplate":"https:\/\/cetaradell.cat\/ce\/?s={search_term_string}"},"query-input":{"@type":"PropertyValueSpecification","valueRequired":true,"valueName":"search_term_string"}}],"inLanguage":"ca"},{"@type":"Person","@id":"https:\/\/cetaradell.cat\/ce\/#\/schema\/person\/92a59f585073071c7be6649e84b22f78","name":"CET","image":{"@type":"ImageObject","inLanguage":"ca","@id":"https:\/\/secure.gravatar.com\/avatar\/d6fbe010d42056feccc0f613ed07277a5118442805079269f12dabdc42e1a727?s=96&d=mm&r=g","url":"https:\/\/secure.gravatar.com\/avatar\/d6fbe010d42056feccc0f613ed07277a5118442805079269f12dabdc42e1a727?s=96&d=mm&r=g","contentUrl":"https:\/\/secure.gravatar.com\/avatar\/d6fbe010d42056feccc0f613ed07277a5118442805079269f12dabdc42e1a727?s=96&d=mm&r=g","caption":"CET"},"url":"https:\/\/cetaradell.cat\/ce\/author\/root\/"}]}},"_links":{"self":[{"href":"https:\/\/cetaradell.cat\/ce\/wp-json\/wp\/v2\/posts\/8781","targetHints":{"allow":["GET"]}}],"collection":[{"href":"https:\/\/cetaradell.cat\/ce\/wp-json\/wp\/v2\/posts"}],"about":[{"href":"https:\/\/cetaradell.cat\/ce\/wp-json\/wp\/v2\/types\/post"}],"author":[{"embeddable":true,"href":"https:\/\/cetaradell.cat\/ce\/wp-json\/wp\/v2\/users\/1"}],"replies":[{"embeddable":true,"href":"https:\/\/cetaradell.cat\/ce\/wp-json\/wp\/v2\/comments?post=8781"}],"version-history":[{"count":0,"href":"https:\/\/cetaradell.cat\/ce\/wp-json\/wp\/v2\/posts\/8781\/revisions"}],"wp:featuredmedia":[{"embeddable":true,"href":"https:\/\/cetaradell.cat\/ce\/wp-json\/wp\/v2\/media\/8721"}],"wp:attachment":[{"href":"https:\/\/cetaradell.cat\/ce\/wp-json\/wp\/v2\/media?parent=8781"}],"wp:term":[{"taxonomy":"category","embeddable":true,"href":"https:\/\/cetaradell.cat\/ce\/wp-json\/wp\/v2\/categories?post=8781"},{"taxonomy":"post_tag","embeddable":true,"href":"https:\/\/cetaradell.cat\/ce\/wp-json\/wp\/v2\/tags?post=8781"}],"curies":[{"name":"wp","href":"https:\/\/api.w.org\/{rel}","templated":true}]}}