{"id":8787,"date":"2021-08-07T18:37:29","date_gmt":"2021-08-07T17:37:29","guid":{"rendered":"https:\/\/cetaradell.cat\/ce\/?p=8787"},"modified":"2021-08-17T15:32:01","modified_gmt":"2021-08-17T14:32:01","slug":"rodacamins-2021-circuit-en-btt-per-les-guilleries","status":"publish","type":"post","link":"https:\/\/cetaradell.cat\/ce\/rodacamins-2021-circuit-en-btt-per-les-guilleries\/","title":{"rendered":"Rodacamins 2021 &#8211; Circuit en BTT per les Guilleries"},"content":{"rendered":"<p><a href=\"https:\/\/cetaradell.cat\/ce\/?attachment_id=8794\" target=\"_blank\" rel=\"noopener\"><img decoding=\"async\" class=\"alignleft wp-image-8794 size-medium\" src=\"https:\/\/cetaradell.cat\/ce\/wp-content\/uploads\/2021-08-Rodacamins-2-300x225.jpg\" alt=\"\" width=\"300\" height=\"225\" srcset=\"https:\/\/cetaradell.cat\/ce\/wp-content\/uploads\/2021-08-Rodacamins-2-200x150.jpg 200w, https:\/\/cetaradell.cat\/ce\/wp-content\/uploads\/2021-08-Rodacamins-2-300x225.jpg 300w, https:\/\/cetaradell.cat\/ce\/wp-content\/uploads\/2021-08-Rodacamins-2-400x300.jpg 400w, https:\/\/cetaradell.cat\/ce\/wp-content\/uploads\/2021-08-Rodacamins-2-500x375.jpg 500w, https:\/\/cetaradell.cat\/ce\/wp-content\/uploads\/2021-08-Rodacamins-2-600x450.jpg 600w, https:\/\/cetaradell.cat\/ce\/wp-content\/uploads\/2021-08-Rodacamins-2-700x525.jpg 700w, https:\/\/cetaradell.cat\/ce\/wp-content\/uploads\/2021-08-Rodacamins-2-768x576.jpg 768w, https:\/\/cetaradell.cat\/ce\/wp-content\/uploads\/2021-08-Rodacamins-2-800x600.jpg 800w, https:\/\/cetaradell.cat\/ce\/wp-content\/uploads\/2021-08-Rodacamins-2.jpg 1008w\" sizes=\"(max-width: 300px) 100vw, 300px\" \/><\/a>La FEEC amb la iniciativa Rodacamins busca fer sortides amb bicicleta per tot el territori, organitzades per diferents entitats.<\/p>\n<p>Igual que passa amb la resta d\u2019activitats no competitives que organitza la FEEC (caminades de resist\u00e8ncia, marxa n\u00f2rdica i raquetes de neu), es reconeixer\u00e0, a final de temporada, aquells participants que completin el 75% de les excursions del calendari, per tal d\u2019afavorir-ne la participaci\u00f3.<\/p>\n<p>Dins d\u2019aquesta iniciativa, el diumenge dia 29 d\u2019agost el Centre Excursionista de Taradell orgnitza una activitat amb BTT dins del cicle <em><a href=\"https:\/\/www.feec.cat\/esports-de-muntanya\/esport\/btt\/\" target=\"_blank\" rel=\"noopener\"><strong>Rodacamins 2021<\/strong><\/a><strong> (\u2192)<\/strong><\/em> coordinat per la FEEC.<\/p>\n<p>El punt de trobada ser\u00e0 a la pla\u00e7a de les Eres de Taradell, a 2\/4 de 8 del mat\u00ed per comen\u00e7ar a rodar a les 8.<\/p>\n<p>L\u2019itinerari circular que ha proposat l\u2019organitzaci\u00f3 transcorre per pistes i corriols en bon estat que faciliten el recorregut amb BTT, tant en les pujades com en els descensos. \u00c9s for\u00e7a variat i ple de contrastos.<\/p>\n<p>Una ruta circular amb sortida de Taradell (Osona): ens dirigirem cap al Vilar, seguidament per corriols arribarem a la masia d\u2019Espinzella, per continuar cap a la riera Major per arribar a Viladrau tot passant per la Sala. La tornada la farem per corriols al voltant de la riera Major\u00a0 El recorregut t\u00e9 una durada aproximadament d\u2019unes 4 hores amb un total\u00a0 de 36 quil\u00f2metres amb 720 metres de desnivell.<\/p>\n<p>Durant el recorregut hi haur\u00e0 un avituallament i tamb\u00e9 podreu agafar aigua.<\/p>\n<p><strong>DADES DE LA SORTIDA<\/strong><\/p>\n<p><strong>Dia:<\/strong> diumenge, 29 d\u2019agost de 2021<br \/>\n<strong>Hora de sortida:<\/strong> trobada a les 7.30 i sortida a les 8 del mat\u00ed, de la pla\u00e7a de les Eres.<br \/>\n<strong>Inscripcions: <\/strong><a href=\"http:\/\/inscripcions.feec.cat\/index.php?arxiu=fitxa_esdeveniment&amp;id_esdeveniment=768951\" target=\"_blank\" rel=\"noopener\"><em>a la web de la <strong>FEEC (\u2192)<\/strong><\/em><\/a> <span style=\"text-decoration: underline;\">ATENCI\u00d3: NOM\u00c9S INSCRIPCIONS ON LINE<\/span>, fins el dijous dia 26 a les 23.59 h. A partir d&#8217;aquesta data no hi haur\u00e0 m\u00e9s inscripcions. Tampoc es faran inscripcions el dia de la sortida.<br \/>\n<strong>Recorregut:<\/strong> 36 quil\u00f2metres amb un desnivell de 720 metres. El format de la ruta est\u00e0 pensat per fer-se en GPS, caldr\u00e0 descarregar-se el track per poder-la seguir.<br \/>\n<strong>Track:<\/strong> <a href=\"https:\/\/ca.wikiloc.com\/rutes-btt\/cetrodacamins2021-81049985\" target=\"_blank\" rel=\"noopener\"><em>enlla\u00e7 per descarregar el <strong>track (\u2192)<\/strong><\/em><\/a><br \/>\n<strong>Nota:<\/strong> Cal portar mascareta a la sortida i arribada i sempre que no es puguin mantenir les dist\u00e0ncies de seguretat.<br \/>\n<strong>Reglament Rodacamins:<\/strong> <a href=\"https:\/\/www.feec.cat\/wp-content\/uploads\/2020\/02\/2019_Reglament-Rodacamins.pdf\" target=\"_blank\" rel=\"noopener\"><em>web<strong> FEEC (\u2192)<\/strong><\/em><\/a><\/p>\n<div id=\"attachment_8795\" style=\"width: 310px\" class=\"wp-caption alignleft\"><a href=\"https:\/\/cetaradell.cat\/ce\/rodacamins-2021-circuit-en-btt-per-les-guilleries\/2021-08-rodacamins-3\/\" target=\"_blank\" rel=\"attachment noopener wp-att-8795\"><img decoding=\"async\" aria-describedby=\"caption-attachment-8795\" class=\"wp-image-8795 size-medium\" src=\"https:\/\/cetaradell.cat\/ce\/wp-content\/uploads\/2021-08-Rodacamins-3-300x169.jpg\" alt=\"\" width=\"300\" height=\"169\" srcset=\"https:\/\/cetaradell.cat\/ce\/wp-content\/uploads\/2021-08-Rodacamins-3-200x113.jpg 200w, https:\/\/cetaradell.cat\/ce\/wp-content\/uploads\/2021-08-Rodacamins-3-300x169.jpg 300w, https:\/\/cetaradell.cat\/ce\/wp-content\/uploads\/2021-08-Rodacamins-3-400x225.jpg 400w, https:\/\/cetaradell.cat\/ce\/wp-content\/uploads\/2021-08-Rodacamins-3-500x281.jpg 500w, https:\/\/cetaradell.cat\/ce\/wp-content\/uploads\/2021-08-Rodacamins-3-600x338.jpg 600w, https:\/\/cetaradell.cat\/ce\/wp-content\/uploads\/2021-08-Rodacamins-3-700x394.jpg 700w, https:\/\/cetaradell.cat\/ce\/wp-content\/uploads\/2021-08-Rodacamins-3-768x432.jpg 768w, https:\/\/cetaradell.cat\/ce\/wp-content\/uploads\/2021-08-Rodacamins-3-800x450.jpg 800w, https:\/\/cetaradell.cat\/ce\/wp-content\/uploads\/2021-08-Rodacamins-3.jpg 960w\" sizes=\"(max-width: 300px) 100vw, 300px\" \/><\/a><p id=\"caption-attachment-8795\" class=\"wp-caption-text\">Imatges del recorregut<\/p><\/div>\n<p><a href=\"https:\/\/cetaradell.cat\/ce\/rodacamins-2021-circuit-en-btt-per-les-guilleries\/2021-08-rodacamins-1\/\" target=\"_blank\" rel=\"attachment noopener wp-att-8793\"><img decoding=\"async\" class=\"alignleft wp-image-8793 size-medium\" src=\"https:\/\/cetaradell.cat\/ce\/wp-content\/uploads\/2021-08-Rodacamins-1-225x300.jpg\" alt=\"\" width=\"225\" height=\"300\" srcset=\"https:\/\/cetaradell.cat\/ce\/wp-content\/uploads\/2021-08-Rodacamins-1-200x267.jpg 200w, https:\/\/cetaradell.cat\/ce\/wp-content\/uploads\/2021-08-Rodacamins-1-225x300.jpg 225w, https:\/\/cetaradell.cat\/ce\/wp-content\/uploads\/2021-08-Rodacamins-1-400x533.jpg 400w, https:\/\/cetaradell.cat\/ce\/wp-content\/uploads\/2021-08-Rodacamins-1-500x667.jpg 500w, https:\/\/cetaradell.cat\/ce\/wp-content\/uploads\/2021-08-Rodacamins-1-600x800.jpg 600w, https:\/\/cetaradell.cat\/ce\/wp-content\/uploads\/2021-08-Rodacamins-1-700x933.jpg 700w, https:\/\/cetaradell.cat\/ce\/wp-content\/uploads\/2021-08-Rodacamins-1.jpg 756w\" sizes=\"(max-width: 225px) 100vw, 225px\" \/><\/a><\/p>\n","protected":false},"excerpt":{"rendered":"<p>La FEEC amb la iniciativa Rodacamins busca fer sortides amb bicicleta per tot el territori, organitzades per diferents entitats. Igual que passa amb la resta d\u2019activitats no competitives que organitza la FEEC (caminades de resist\u00e8ncia, marxa n\u00f2rdica i raquetes de neu), es reconeixer\u00e0, a final de temporada, aquells participants que  [&#8230;]<\/p>\n","protected":false},"author":1,"featured_media":8794,"comment_status":"closed","ping_status":"closed","sticky":false,"template":"","format":"standard","meta":{"footnotes":""},"categories":[4,13],"tags":[],"class_list":["post-8787","post","type-post","status-publish","format-standard","has-post-thumbnail","hentry","category-activitats","category-btt"],"yoast_head":"<!-- This site is optimized with the Yoast SEO plugin v27.4 - https:\/\/yoast.com\/product\/yoast-seo-wordpress\/ -->\n<title>Rodacamins 2021 - Circuit en BTT per les Guilleries - Centre Excursionista Taradell<\/title>\n<meta name=\"robots\" content=\"index, follow, max-snippet:-1, max-image-preview:large, max-video-preview:-1\" \/>\n<link rel=\"canonical\" href=\"https:\/\/cetaradell.cat\/ce\/rodacamins-2021-circuit-en-btt-per-les-guilleries\/\" \/>\n<meta property=\"og:locale\" content=\"ca_ES\" \/>\n<meta property=\"og:type\" content=\"article\" \/>\n<meta property=\"og:title\" content=\"Rodacamins 2021 - Circuit en BTT per les Guilleries - Centre Excursionista Taradell\" \/>\n<meta property=\"og:description\" content=\"La FEEC amb la iniciativa Rodacamins busca fer sortides amb bicicleta per tot el territori, organitzades per diferents entitats. Igual que passa amb la resta d\u2019activitats no competitives que organitza la FEEC (caminades de resist\u00e8ncia, marxa n\u00f2rdica i raquetes de neu), es reconeixer\u00e0, a final de temporada, aquells participants que [...]\" \/>\n<meta property=\"og:url\" content=\"https:\/\/cetaradell.cat\/ce\/rodacamins-2021-circuit-en-btt-per-les-guilleries\/\" \/>\n<meta property=\"og:site_name\" content=\"Centre Excursionista Taradell\" \/>\n<meta property=\"article:publisher\" content=\"https:\/\/www.facebook.com\/CETaradell\/\" \/>\n<meta property=\"article:published_time\" content=\"2021-08-07T17:37:29+00:00\" \/>\n<meta property=\"article:modified_time\" content=\"2021-08-17T14:32:01+00:00\" \/>\n<meta property=\"og:image\" content=\"https:\/\/cetaradell.cat\/ce\/wp-content\/uploads\/2021-08-Rodacamins-2.jpg\" \/>\n\t<meta property=\"og:image:width\" content=\"1008\" \/>\n\t<meta property=\"og:image:height\" content=\"756\" \/>\n\t<meta property=\"og:image:type\" content=\"image\/jpeg\" \/>\n<meta name=\"author\" content=\"CET\" \/>\n<meta name=\"twitter:card\" content=\"summary_large_image\" \/>\n<meta name=\"twitter:label1\" content=\"Escrit per\" \/>\n\t<meta name=\"twitter:data1\" content=\"CET\" \/>\n\t<meta name=\"twitter:label2\" content=\"Temps estimat de lectura\" \/>\n\t<meta name=\"twitter:data2\" content=\"3 minuts\" \/>\n<script type=\"application\/ld+json\" class=\"yoast-schema-graph\">{\"@context\":\"https:\\\/\\\/schema.org\",\"@graph\":[{\"@type\":\"Article\",\"@id\":\"https:\\\/\\\/cetaradell.cat\\\/ce\\\/rodacamins-2021-circuit-en-btt-per-les-guilleries\\\/#article\",\"isPartOf\":{\"@id\":\"https:\\\/\\\/cetaradell.cat\\\/ce\\\/rodacamins-2021-circuit-en-btt-per-les-guilleries\\\/\"},\"author\":{\"name\":\"CET\",\"@id\":\"https:\\\/\\\/cetaradell.cat\\\/ce\\\/#\\\/schema\\\/person\\\/92a59f585073071c7be6649e84b22f78\"},\"headline\":\"Rodacamins 2021 &#8211; Circuit en BTT per les Guilleries\",\"datePublished\":\"2021-08-07T17:37:29+00:00\",\"dateModified\":\"2021-08-17T14:32:01+00:00\",\"mainEntityOfPage\":{\"@id\":\"https:\\\/\\\/cetaradell.cat\\\/ce\\\/rodacamins-2021-circuit-en-btt-per-les-guilleries\\\/\"},\"wordCount\":380,\"image\":{\"@id\":\"https:\\\/\\\/cetaradell.cat\\\/ce\\\/rodacamins-2021-circuit-en-btt-per-les-guilleries\\\/#primaryimage\"},\"thumbnailUrl\":\"https:\\\/\\\/cetaradell.cat\\\/ce\\\/wp-content\\\/uploads\\\/2021-08-Rodacamins-2.jpg\",\"articleSection\":[\"Activitats\",\"BTT\"],\"inLanguage\":\"ca\"},{\"@type\":\"WebPage\",\"@id\":\"https:\\\/\\\/cetaradell.cat\\\/ce\\\/rodacamins-2021-circuit-en-btt-per-les-guilleries\\\/\",\"url\":\"https:\\\/\\\/cetaradell.cat\\\/ce\\\/rodacamins-2021-circuit-en-btt-per-les-guilleries\\\/\",\"name\":\"Rodacamins 2021 - Circuit en BTT per les Guilleries - Centre Excursionista Taradell\",\"isPartOf\":{\"@id\":\"https:\\\/\\\/cetaradell.cat\\\/ce\\\/#website\"},\"primaryImageOfPage\":{\"@id\":\"https:\\\/\\\/cetaradell.cat\\\/ce\\\/rodacamins-2021-circuit-en-btt-per-les-guilleries\\\/#primaryimage\"},\"image\":{\"@id\":\"https:\\\/\\\/cetaradell.cat\\\/ce\\\/rodacamins-2021-circuit-en-btt-per-les-guilleries\\\/#primaryimage\"},\"thumbnailUrl\":\"https:\\\/\\\/cetaradell.cat\\\/ce\\\/wp-content\\\/uploads\\\/2021-08-Rodacamins-2.jpg\",\"datePublished\":\"2021-08-07T17:37:29+00:00\",\"dateModified\":\"2021-08-17T14:32:01+00:00\",\"author\":{\"@id\":\"https:\\\/\\\/cetaradell.cat\\\/ce\\\/#\\\/schema\\\/person\\\/92a59f585073071c7be6649e84b22f78\"},\"breadcrumb\":{\"@id\":\"https:\\\/\\\/cetaradell.cat\\\/ce\\\/rodacamins-2021-circuit-en-btt-per-les-guilleries\\\/#breadcrumb\"},\"inLanguage\":\"ca\",\"potentialAction\":[{\"@type\":\"ReadAction\",\"target\":[\"https:\\\/\\\/cetaradell.cat\\\/ce\\\/rodacamins-2021-circuit-en-btt-per-les-guilleries\\\/\"]}]},{\"@type\":\"ImageObject\",\"inLanguage\":\"ca\",\"@id\":\"https:\\\/\\\/cetaradell.cat\\\/ce\\\/rodacamins-2021-circuit-en-btt-per-les-guilleries\\\/#primaryimage\",\"url\":\"https:\\\/\\\/cetaradell.cat\\\/ce\\\/wp-content\\\/uploads\\\/2021-08-Rodacamins-2.jpg\",\"contentUrl\":\"https:\\\/\\\/cetaradell.cat\\\/ce\\\/wp-content\\\/uploads\\\/2021-08-Rodacamins-2.jpg\",\"width\":1008,\"height\":756},{\"@type\":\"BreadcrumbList\",\"@id\":\"https:\\\/\\\/cetaradell.cat\\\/ce\\\/rodacamins-2021-circuit-en-btt-per-les-guilleries\\\/#breadcrumb\",\"itemListElement\":[{\"@type\":\"ListItem\",\"position\":1,\"name\":\"Inici\",\"item\":\"https:\\\/\\\/cetaradell.cat\\\/ce\\\/\"},{\"@type\":\"ListItem\",\"position\":2,\"name\":\"Rodacamins 2021 &#8211; Circuit en BTT per les Guilleries\"}]},{\"@type\":\"WebSite\",\"@id\":\"https:\\\/\\\/cetaradell.cat\\\/ce\\\/#website\",\"url\":\"https:\\\/\\\/cetaradell.cat\\\/ce\\\/\",\"name\":\"Centre Excursionista Taradell\",\"description\":\"\",\"potentialAction\":[{\"@type\":\"SearchAction\",\"target\":{\"@type\":\"EntryPoint\",\"urlTemplate\":\"https:\\\/\\\/cetaradell.cat\\\/ce\\\/?s={search_term_string}\"},\"query-input\":{\"@type\":\"PropertyValueSpecification\",\"valueRequired\":true,\"valueName\":\"search_term_string\"}}],\"inLanguage\":\"ca\"},{\"@type\":\"Person\",\"@id\":\"https:\\\/\\\/cetaradell.cat\\\/ce\\\/#\\\/schema\\\/person\\\/92a59f585073071c7be6649e84b22f78\",\"name\":\"CET\",\"image\":{\"@type\":\"ImageObject\",\"inLanguage\":\"ca\",\"@id\":\"https:\\\/\\\/secure.gravatar.com\\\/avatar\\\/d6fbe010d42056feccc0f613ed07277a5118442805079269f12dabdc42e1a727?s=96&d=mm&r=g\",\"url\":\"https:\\\/\\\/secure.gravatar.com\\\/avatar\\\/d6fbe010d42056feccc0f613ed07277a5118442805079269f12dabdc42e1a727?s=96&d=mm&r=g\",\"contentUrl\":\"https:\\\/\\\/secure.gravatar.com\\\/avatar\\\/d6fbe010d42056feccc0f613ed07277a5118442805079269f12dabdc42e1a727?s=96&d=mm&r=g\",\"caption\":\"CET\"},\"url\":\"https:\\\/\\\/cetaradell.cat\\\/ce\\\/author\\\/root\\\/\"}]}<\/script>\n<!-- \/ Yoast SEO plugin. -->","yoast_head_json":{"title":"Rodacamins 2021 - Circuit en BTT per les Guilleries - Centre Excursionista Taradell","robots":{"index":"index","follow":"follow","max-snippet":"max-snippet:-1","max-image-preview":"max-image-preview:large","max-video-preview":"max-video-preview:-1"},"canonical":"https:\/\/cetaradell.cat\/ce\/rodacamins-2021-circuit-en-btt-per-les-guilleries\/","og_locale":"ca_ES","og_type":"article","og_title":"Rodacamins 2021 - Circuit en BTT per les Guilleries - Centre Excursionista Taradell","og_description":"La FEEC amb la iniciativa Rodacamins busca fer sortides amb bicicleta per tot el territori, organitzades per diferents entitats. Igual que passa amb la resta d\u2019activitats no competitives que organitza la FEEC (caminades de resist\u00e8ncia, marxa n\u00f2rdica i raquetes de neu), es reconeixer\u00e0, a final de temporada, aquells participants que [...]","og_url":"https:\/\/cetaradell.cat\/ce\/rodacamins-2021-circuit-en-btt-per-les-guilleries\/","og_site_name":"Centre Excursionista Taradell","article_publisher":"https:\/\/www.facebook.com\/CETaradell\/","article_published_time":"2021-08-07T17:37:29+00:00","article_modified_time":"2021-08-17T14:32:01+00:00","og_image":[{"width":1008,"height":756,"url":"https:\/\/cetaradell.cat\/ce\/wp-content\/uploads\/2021-08-Rodacamins-2.jpg","type":"image\/jpeg"}],"author":"CET","twitter_card":"summary_large_image","twitter_misc":{"Escrit per":"CET","Temps estimat de lectura":"3 minuts"},"schema":{"@context":"https:\/\/schema.org","@graph":[{"@type":"Article","@id":"https:\/\/cetaradell.cat\/ce\/rodacamins-2021-circuit-en-btt-per-les-guilleries\/#article","isPartOf":{"@id":"https:\/\/cetaradell.cat\/ce\/rodacamins-2021-circuit-en-btt-per-les-guilleries\/"},"author":{"name":"CET","@id":"https:\/\/cetaradell.cat\/ce\/#\/schema\/person\/92a59f585073071c7be6649e84b22f78"},"headline":"Rodacamins 2021 &#8211; Circuit en BTT per les Guilleries","datePublished":"2021-08-07T17:37:29+00:00","dateModified":"2021-08-17T14:32:01+00:00","mainEntityOfPage":{"@id":"https:\/\/cetaradell.cat\/ce\/rodacamins-2021-circuit-en-btt-per-les-guilleries\/"},"wordCount":380,"image":{"@id":"https:\/\/cetaradell.cat\/ce\/rodacamins-2021-circuit-en-btt-per-les-guilleries\/#primaryimage"},"thumbnailUrl":"https:\/\/cetaradell.cat\/ce\/wp-content\/uploads\/2021-08-Rodacamins-2.jpg","articleSection":["Activitats","BTT"],"inLanguage":"ca"},{"@type":"WebPage","@id":"https:\/\/cetaradell.cat\/ce\/rodacamins-2021-circuit-en-btt-per-les-guilleries\/","url":"https:\/\/cetaradell.cat\/ce\/rodacamins-2021-circuit-en-btt-per-les-guilleries\/","name":"Rodacamins 2021 - Circuit en BTT per les Guilleries - Centre Excursionista Taradell","isPartOf":{"@id":"https:\/\/cetaradell.cat\/ce\/#website"},"primaryImageOfPage":{"@id":"https:\/\/cetaradell.cat\/ce\/rodacamins-2021-circuit-en-btt-per-les-guilleries\/#primaryimage"},"image":{"@id":"https:\/\/cetaradell.cat\/ce\/rodacamins-2021-circuit-en-btt-per-les-guilleries\/#primaryimage"},"thumbnailUrl":"https:\/\/cetaradell.cat\/ce\/wp-content\/uploads\/2021-08-Rodacamins-2.jpg","datePublished":"2021-08-07T17:37:29+00:00","dateModified":"2021-08-17T14:32:01+00:00","author":{"@id":"https:\/\/cetaradell.cat\/ce\/#\/schema\/person\/92a59f585073071c7be6649e84b22f78"},"breadcrumb":{"@id":"https:\/\/cetaradell.cat\/ce\/rodacamins-2021-circuit-en-btt-per-les-guilleries\/#breadcrumb"},"inLanguage":"ca","potentialAction":[{"@type":"ReadAction","target":["https:\/\/cetaradell.cat\/ce\/rodacamins-2021-circuit-en-btt-per-les-guilleries\/"]}]},{"@type":"ImageObject","inLanguage":"ca","@id":"https:\/\/cetaradell.cat\/ce\/rodacamins-2021-circuit-en-btt-per-les-guilleries\/#primaryimage","url":"https:\/\/cetaradell.cat\/ce\/wp-content\/uploads\/2021-08-Rodacamins-2.jpg","contentUrl":"https:\/\/cetaradell.cat\/ce\/wp-content\/uploads\/2021-08-Rodacamins-2.jpg","width":1008,"height":756},{"@type":"BreadcrumbList","@id":"https:\/\/cetaradell.cat\/ce\/rodacamins-2021-circuit-en-btt-per-les-guilleries\/#breadcrumb","itemListElement":[{"@type":"ListItem","position":1,"name":"Inici","item":"https:\/\/cetaradell.cat\/ce\/"},{"@type":"ListItem","position":2,"name":"Rodacamins 2021 &#8211; Circuit en BTT per les Guilleries"}]},{"@type":"WebSite","@id":"https:\/\/cetaradell.cat\/ce\/#website","url":"https:\/\/cetaradell.cat\/ce\/","name":"Centre Excursionista Taradell","description":"","potentialAction":[{"@type":"SearchAction","target":{"@type":"EntryPoint","urlTemplate":"https:\/\/cetaradell.cat\/ce\/?s={search_term_string}"},"query-input":{"@type":"PropertyValueSpecification","valueRequired":true,"valueName":"search_term_string"}}],"inLanguage":"ca"},{"@type":"Person","@id":"https:\/\/cetaradell.cat\/ce\/#\/schema\/person\/92a59f585073071c7be6649e84b22f78","name":"CET","image":{"@type":"ImageObject","inLanguage":"ca","@id":"https:\/\/secure.gravatar.com\/avatar\/d6fbe010d42056feccc0f613ed07277a5118442805079269f12dabdc42e1a727?s=96&d=mm&r=g","url":"https:\/\/secure.gravatar.com\/avatar\/d6fbe010d42056feccc0f613ed07277a5118442805079269f12dabdc42e1a727?s=96&d=mm&r=g","contentUrl":"https:\/\/secure.gravatar.com\/avatar\/d6fbe010d42056feccc0f613ed07277a5118442805079269f12dabdc42e1a727?s=96&d=mm&r=g","caption":"CET"},"url":"https:\/\/cetaradell.cat\/ce\/author\/root\/"}]}},"_links":{"self":[{"href":"https:\/\/cetaradell.cat\/ce\/wp-json\/wp\/v2\/posts\/8787","targetHints":{"allow":["GET"]}}],"collection":[{"href":"https:\/\/cetaradell.cat\/ce\/wp-json\/wp\/v2\/posts"}],"about":[{"href":"https:\/\/cetaradell.cat\/ce\/wp-json\/wp\/v2\/types\/post"}],"author":[{"embeddable":true,"href":"https:\/\/cetaradell.cat\/ce\/wp-json\/wp\/v2\/users\/1"}],"replies":[{"embeddable":true,"href":"https:\/\/cetaradell.cat\/ce\/wp-json\/wp\/v2\/comments?post=8787"}],"version-history":[{"count":0,"href":"https:\/\/cetaradell.cat\/ce\/wp-json\/wp\/v2\/posts\/8787\/revisions"}],"wp:featuredmedia":[{"embeddable":true,"href":"https:\/\/cetaradell.cat\/ce\/wp-json\/wp\/v2\/media\/8794"}],"wp:attachment":[{"href":"https:\/\/cetaradell.cat\/ce\/wp-json\/wp\/v2\/media?parent=8787"}],"wp:term":[{"taxonomy":"category","embeddable":true,"href":"https:\/\/cetaradell.cat\/ce\/wp-json\/wp\/v2\/categories?post=8787"},{"taxonomy":"post_tag","embeddable":true,"href":"https:\/\/cetaradell.cat\/ce\/wp-json\/wp\/v2\/tags?post=8787"}],"curies":[{"name":"wp","href":"https:\/\/api.w.org\/{rel}","templated":true}]}}