{"id":8817,"date":"2021-08-25T21:27:03","date_gmt":"2021-08-25T20:27:03","guid":{"rendered":"https:\/\/cetaradell.cat\/ce\/?p=8817"},"modified":"2021-09-04T20:26:30","modified_gmt":"2021-09-04T19:26:30","slug":"amb-ladria-a-matagalls-ens-acompanyeu","status":"publish","type":"post","link":"https:\/\/cetaradell.cat\/ce\/amb-ladria-a-matagalls-ens-acompanyeu\/","title":{"rendered":"Amb l\u2019Adri\u00e0 a Matagalls. Ens acompanyeu?"},"content":{"rendered":"<div id=\"attachment_8820\" style=\"width: 310px\" class=\"wp-caption alignleft\"><a href=\"https:\/\/cetaradell.cat\/ce\/amb-ladria-a-matagalls-ens-acompanyeu\/2021-09-cadira_joelettefoto_feec\/\" target=\"_blank\" rel=\"attachment noopener wp-att-8820\"><img decoding=\"async\" aria-describedby=\"caption-attachment-8820\" class=\"wp-image-8820 size-medium\" src=\"https:\/\/cetaradell.cat\/ce\/wp-content\/uploads\/2021-09-cadira_joelettefoto_FEEC-300x225.jpg\" alt=\"\" width=\"300\" height=\"225\" srcset=\"https:\/\/cetaradell.cat\/ce\/wp-content\/uploads\/2021-09-cadira_joelettefoto_FEEC-200x150.jpg 200w, https:\/\/cetaradell.cat\/ce\/wp-content\/uploads\/2021-09-cadira_joelettefoto_FEEC-300x225.jpg 300w, https:\/\/cetaradell.cat\/ce\/wp-content\/uploads\/2021-09-cadira_joelettefoto_FEEC-400x300.jpg 400w, https:\/\/cetaradell.cat\/ce\/wp-content\/uploads\/2021-09-cadira_joelettefoto_FEEC-500x374.jpg 500w, https:\/\/cetaradell.cat\/ce\/wp-content\/uploads\/2021-09-cadira_joelettefoto_FEEC-600x449.jpg 600w, https:\/\/cetaradell.cat\/ce\/wp-content\/uploads\/2021-09-cadira_joelettefoto_FEEC.jpg 633w\" sizes=\"(max-width: 300px) 100vw, 300px\" \/><\/a><p id=\"caption-attachment-8820\" class=\"wp-caption-text\">Cadira Jo\u00eblette (Foto: FEEC)<\/p><\/div>\n<p>La vida es basa en reptes i noves experi\u00e8ncies. L&#8217;Adri\u00e0 Preseguer Crusats, de vint-i-un anys, \u00e9s un taradellenc amb par\u00e0lisi cerebral.<\/p>\n<p>L&#8217;Adri\u00e0 \u00e9s un amant de la natura. Gr\u00e0cies a voluntaris, el pr\u00f2xim dia 12 de setembre, podr\u00e0 pujar al cim de Matagalls amb una cadira Jo\u00eblette. Un fet in\u00e8dit, tenint en compte la seva mobilitat redu\u00efda.<\/p>\n<p>Per portar a terme l\u2019activitat, necessitem voluntaris interessats en prendre part en aquesta activitat solid\u00e0ria.<\/p>\n<p>Caldr\u00e0 fer inscripci\u00f3 pr\u00e8via, que seran gratu\u00eftes, i es podran fer presencialment al local social del CET, de dimecres a dissabte de les 19.30 a les 21.00; o be\u00a0 trucant al\u00a0 mateix horari al 93 880 04 78; o b\u00e9 enviant un correu electr\u00f2nic a l&#8217;adre\u00e7a <a href=\"mailto:cetaradell@cetaradell.cat\">cetaradell@cetaradell.cat<\/a> indicant les dades seg\u00fcents (\u00e9s important no oblidar-se cap de les dades seg\u00fcents):<\/p>\n<p><span style=\"text-decoration: underline;\"><strong>Dades per a inscripcions per mail:<\/strong> <\/span>el <strong>nom i cognoms, DNI, data de naixement, poblaci\u00f3<\/strong> i <strong>tel\u00e8fon<\/strong> de\u00a0 contacte que ha de ser sempre <strong>m\u00f2bil,<\/strong> i\u00a0 donar el <strong>n\u00famero de codi de la llic\u00e8ncia de la FEEC<\/strong>, \u00a0en cas d&#8217;estar federats enguany.<\/p>\n<p>Aquestes dades s\u00f3n necess\u00e0ries per tramitar una asseguran\u00e7a per a aquesta activitat als que no estiguin federats.<\/p>\n<p><strong>Voluntaris:<\/strong> seran els que ajudaran a portar la Jo\u00eblette.<\/p>\n<p><strong>Acompanyants:<\/strong> amb la seva companyia\u00a0 donaran suport als voluntaris i\u00a0 gaudiran d\u2019una sortida solidaria.<\/p>\n<p><strong>Data:<\/strong> diumenge, 12 de setembre de 2021<\/p>\n<p><strong>Programa:<\/strong><\/p>\n<ul>\n<li>7.30 &#8211; Sortida de l&#8217;espai 1 d&#8217;Octubre de Taradell en cotxes particulars fins a Collformic<\/li>\n<li>8.00 &#8211; Trobada al segon aparcament de Collformic (Aparcament gran)<\/li>\n<li>8.10 &#8211; Demostraci\u00f3 del funcionament de la cadira Jo\u00eblette adre\u00e7ada als voluntaris.<\/li>\n<\/ul>\n<p><strong>Nota:<\/strong> Cal\u00a0 portar esmorzar, beguda i anar ben cal\u00e7ats .<\/p>\n<p><strong>Col\u00b7laboradors:<\/strong> Ajuntament de Taradell, FEEC, CIM Project &#8211; Club Inclusiu de Muntanya,\u00a0 ADFO, Agents Rurals, Sant Tom\u00e0s i Xarxa de Parcs Naturals &#8211; Diputaci\u00f3 de Barcelona.<a href=\"https:\/\/cetaradell.cat\/ce\/amb-ladria-a-matagalls-ens-acompanyeu\/2021-09-col-laboradors_adria_matagalls_3\/\"><img decoding=\"async\" class=\"wp-image-8852 size-full aligncenter\" src=\"https:\/\/cetaradell.cat\/ce\/wp-content\/uploads\/2021-09-col-laboradors_Adria_Matagalls_3.jpg\" alt=\"\" width=\"574\" height=\"216\" srcset=\"https:\/\/cetaradell.cat\/ce\/wp-content\/uploads\/2021-09-col-laboradors_Adria_Matagalls_3-200x75.jpg 200w, https:\/\/cetaradell.cat\/ce\/wp-content\/uploads\/2021-09-col-laboradors_Adria_Matagalls_3-300x113.jpg 300w, https:\/\/cetaradell.cat\/ce\/wp-content\/uploads\/2021-09-col-laboradors_Adria_Matagalls_3-400x151.jpg 400w, https:\/\/cetaradell.cat\/ce\/wp-content\/uploads\/2021-09-col-laboradors_Adria_Matagalls_3-500x188.jpg 500w, https:\/\/cetaradell.cat\/ce\/wp-content\/uploads\/2021-09-col-laboradors_Adria_Matagalls_3.jpg 574w\" sizes=\"(max-width: 574px) 100vw, 574px\" \/><\/a><\/p>\n<p><strong>Organitza:<\/strong> Centre Excursionista Taradell<br \/>\n<em><br \/>\n<\/em><\/p>\n","protected":false},"excerpt":{"rendered":"<p>La vida es basa en reptes i noves experi\u00e8ncies. L&#8217;Adri\u00e0 Preseguer Crusats, de vint-i-un anys, \u00e9s un taradellenc amb par\u00e0lisi cerebral. L&#8217;Adri\u00e0 \u00e9s un amant de la natura. Gr\u00e0cies a voluntaris, el pr\u00f2xim dia 12 de setembre, podr\u00e0 pujar al cim de Matagalls amb una cadira Jo\u00eblette. Un fet in\u00e8dit,  [&#8230;]<\/p>\n","protected":false},"author":1,"featured_media":8820,"comment_status":"closed","ping_status":"closed","sticky":false,"template":"","format":"standard","meta":{"footnotes":""},"categories":[4,20],"tags":[],"class_list":["post-8817","post","type-post","status-publish","format-standard","has-post-thumbnail","hentry","category-activitats","category-activitats-social"],"yoast_head":"<!-- This site is optimized with the Yoast SEO plugin v27.4 - https:\/\/yoast.com\/product\/yoast-seo-wordpress\/ -->\n<title>Amb l\u2019Adri\u00e0 a Matagalls. Ens acompanyeu? - Centre Excursionista Taradell<\/title>\n<meta name=\"robots\" content=\"index, follow, max-snippet:-1, max-image-preview:large, max-video-preview:-1\" \/>\n<link rel=\"canonical\" href=\"https:\/\/cetaradell.cat\/ce\/amb-ladria-a-matagalls-ens-acompanyeu\/\" \/>\n<meta property=\"og:locale\" content=\"ca_ES\" \/>\n<meta property=\"og:type\" content=\"article\" \/>\n<meta property=\"og:title\" content=\"Amb l\u2019Adri\u00e0 a Matagalls. Ens acompanyeu? - Centre Excursionista Taradell\" \/>\n<meta property=\"og:description\" content=\"La vida es basa en reptes i noves experi\u00e8ncies. L&#8217;Adri\u00e0 Preseguer Crusats, de vint-i-un anys, \u00e9s un taradellenc amb par\u00e0lisi cerebral. L&#8217;Adri\u00e0 \u00e9s un amant de la natura. Gr\u00e0cies a voluntaris, el pr\u00f2xim dia 12 de setembre, podr\u00e0 pujar al cim de Matagalls amb una cadira Jo\u00eblette. Un fet in\u00e8dit, [...]\" \/>\n<meta property=\"og:url\" content=\"https:\/\/cetaradell.cat\/ce\/amb-ladria-a-matagalls-ens-acompanyeu\/\" \/>\n<meta property=\"og:site_name\" content=\"Centre Excursionista Taradell\" \/>\n<meta property=\"article:publisher\" content=\"https:\/\/www.facebook.com\/CETaradell\/\" \/>\n<meta property=\"article:published_time\" content=\"2021-08-25T20:27:03+00:00\" \/>\n<meta property=\"article:modified_time\" content=\"2021-09-04T19:26:30+00:00\" \/>\n<meta property=\"og:image\" content=\"https:\/\/cetaradell.cat\/ce\/wp-content\/uploads\/2021-09-cadira_joelettefoto_FEEC.jpg\" \/>\n\t<meta property=\"og:image:width\" content=\"633\" \/>\n\t<meta property=\"og:image:height\" content=\"474\" \/>\n\t<meta property=\"og:image:type\" content=\"image\/jpeg\" \/>\n<meta name=\"author\" content=\"CET\" \/>\n<meta name=\"twitter:card\" content=\"summary_large_image\" \/>\n<meta name=\"twitter:label1\" content=\"Escrit per\" \/>\n\t<meta name=\"twitter:data1\" content=\"CET\" \/>\n\t<meta name=\"twitter:label2\" content=\"Temps estimat de lectura\" \/>\n\t<meta name=\"twitter:data2\" content=\"2 minuts\" \/>\n<script type=\"application\/ld+json\" class=\"yoast-schema-graph\">{\"@context\":\"https:\\\/\\\/schema.org\",\"@graph\":[{\"@type\":\"Article\",\"@id\":\"https:\\\/\\\/cetaradell.cat\\\/ce\\\/amb-ladria-a-matagalls-ens-acompanyeu\\\/#article\",\"isPartOf\":{\"@id\":\"https:\\\/\\\/cetaradell.cat\\\/ce\\\/amb-ladria-a-matagalls-ens-acompanyeu\\\/\"},\"author\":{\"name\":\"CET\",\"@id\":\"https:\\\/\\\/cetaradell.cat\\\/ce\\\/#\\\/schema\\\/person\\\/92a59f585073071c7be6649e84b22f78\"},\"headline\":\"Amb l\u2019Adri\u00e0 a Matagalls. Ens acompanyeu?\",\"datePublished\":\"2021-08-25T20:27:03+00:00\",\"dateModified\":\"2021-09-04T19:26:30+00:00\",\"mainEntityOfPage\":{\"@id\":\"https:\\\/\\\/cetaradell.cat\\\/ce\\\/amb-ladria-a-matagalls-ens-acompanyeu\\\/\"},\"wordCount\":341,\"image\":{\"@id\":\"https:\\\/\\\/cetaradell.cat\\\/ce\\\/amb-ladria-a-matagalls-ens-acompanyeu\\\/#primaryimage\"},\"thumbnailUrl\":\"https:\\\/\\\/cetaradell.cat\\\/ce\\\/wp-content\\\/uploads\\\/2021-09-cadira_joelettefoto_FEEC.jpg\",\"articleSection\":[\"Activitats\",\"Activitats socials\"],\"inLanguage\":\"ca\"},{\"@type\":\"WebPage\",\"@id\":\"https:\\\/\\\/cetaradell.cat\\\/ce\\\/amb-ladria-a-matagalls-ens-acompanyeu\\\/\",\"url\":\"https:\\\/\\\/cetaradell.cat\\\/ce\\\/amb-ladria-a-matagalls-ens-acompanyeu\\\/\",\"name\":\"Amb l\u2019Adri\u00e0 a Matagalls. Ens acompanyeu? - Centre Excursionista Taradell\",\"isPartOf\":{\"@id\":\"https:\\\/\\\/cetaradell.cat\\\/ce\\\/#website\"},\"primaryImageOfPage\":{\"@id\":\"https:\\\/\\\/cetaradell.cat\\\/ce\\\/amb-ladria-a-matagalls-ens-acompanyeu\\\/#primaryimage\"},\"image\":{\"@id\":\"https:\\\/\\\/cetaradell.cat\\\/ce\\\/amb-ladria-a-matagalls-ens-acompanyeu\\\/#primaryimage\"},\"thumbnailUrl\":\"https:\\\/\\\/cetaradell.cat\\\/ce\\\/wp-content\\\/uploads\\\/2021-09-cadira_joelettefoto_FEEC.jpg\",\"datePublished\":\"2021-08-25T20:27:03+00:00\",\"dateModified\":\"2021-09-04T19:26:30+00:00\",\"author\":{\"@id\":\"https:\\\/\\\/cetaradell.cat\\\/ce\\\/#\\\/schema\\\/person\\\/92a59f585073071c7be6649e84b22f78\"},\"breadcrumb\":{\"@id\":\"https:\\\/\\\/cetaradell.cat\\\/ce\\\/amb-ladria-a-matagalls-ens-acompanyeu\\\/#breadcrumb\"},\"inLanguage\":\"ca\",\"potentialAction\":[{\"@type\":\"ReadAction\",\"target\":[\"https:\\\/\\\/cetaradell.cat\\\/ce\\\/amb-ladria-a-matagalls-ens-acompanyeu\\\/\"]}]},{\"@type\":\"ImageObject\",\"inLanguage\":\"ca\",\"@id\":\"https:\\\/\\\/cetaradell.cat\\\/ce\\\/amb-ladria-a-matagalls-ens-acompanyeu\\\/#primaryimage\",\"url\":\"https:\\\/\\\/cetaradell.cat\\\/ce\\\/wp-content\\\/uploads\\\/2021-09-cadira_joelettefoto_FEEC.jpg\",\"contentUrl\":\"https:\\\/\\\/cetaradell.cat\\\/ce\\\/wp-content\\\/uploads\\\/2021-09-cadira_joelettefoto_FEEC.jpg\",\"width\":633,\"height\":474},{\"@type\":\"BreadcrumbList\",\"@id\":\"https:\\\/\\\/cetaradell.cat\\\/ce\\\/amb-ladria-a-matagalls-ens-acompanyeu\\\/#breadcrumb\",\"itemListElement\":[{\"@type\":\"ListItem\",\"position\":1,\"name\":\"Inici\",\"item\":\"https:\\\/\\\/cetaradell.cat\\\/ce\\\/\"},{\"@type\":\"ListItem\",\"position\":2,\"name\":\"Amb l\u2019Adri\u00e0 a Matagalls. Ens acompanyeu?\"}]},{\"@type\":\"WebSite\",\"@id\":\"https:\\\/\\\/cetaradell.cat\\\/ce\\\/#website\",\"url\":\"https:\\\/\\\/cetaradell.cat\\\/ce\\\/\",\"name\":\"Centre Excursionista Taradell\",\"description\":\"\",\"potentialAction\":[{\"@type\":\"SearchAction\",\"target\":{\"@type\":\"EntryPoint\",\"urlTemplate\":\"https:\\\/\\\/cetaradell.cat\\\/ce\\\/?s={search_term_string}\"},\"query-input\":{\"@type\":\"PropertyValueSpecification\",\"valueRequired\":true,\"valueName\":\"search_term_string\"}}],\"inLanguage\":\"ca\"},{\"@type\":\"Person\",\"@id\":\"https:\\\/\\\/cetaradell.cat\\\/ce\\\/#\\\/schema\\\/person\\\/92a59f585073071c7be6649e84b22f78\",\"name\":\"CET\",\"image\":{\"@type\":\"ImageObject\",\"inLanguage\":\"ca\",\"@id\":\"https:\\\/\\\/secure.gravatar.com\\\/avatar\\\/d6fbe010d42056feccc0f613ed07277a5118442805079269f12dabdc42e1a727?s=96&d=mm&r=g\",\"url\":\"https:\\\/\\\/secure.gravatar.com\\\/avatar\\\/d6fbe010d42056feccc0f613ed07277a5118442805079269f12dabdc42e1a727?s=96&d=mm&r=g\",\"contentUrl\":\"https:\\\/\\\/secure.gravatar.com\\\/avatar\\\/d6fbe010d42056feccc0f613ed07277a5118442805079269f12dabdc42e1a727?s=96&d=mm&r=g\",\"caption\":\"CET\"},\"url\":\"https:\\\/\\\/cetaradell.cat\\\/ce\\\/author\\\/root\\\/\"}]}<\/script>\n<!-- \/ Yoast SEO plugin. -->","yoast_head_json":{"title":"Amb l\u2019Adri\u00e0 a Matagalls. Ens acompanyeu? - Centre Excursionista Taradell","robots":{"index":"index","follow":"follow","max-snippet":"max-snippet:-1","max-image-preview":"max-image-preview:large","max-video-preview":"max-video-preview:-1"},"canonical":"https:\/\/cetaradell.cat\/ce\/amb-ladria-a-matagalls-ens-acompanyeu\/","og_locale":"ca_ES","og_type":"article","og_title":"Amb l\u2019Adri\u00e0 a Matagalls. Ens acompanyeu? - Centre Excursionista Taradell","og_description":"La vida es basa en reptes i noves experi\u00e8ncies. L&#8217;Adri\u00e0 Preseguer Crusats, de vint-i-un anys, \u00e9s un taradellenc amb par\u00e0lisi cerebral. L&#8217;Adri\u00e0 \u00e9s un amant de la natura. Gr\u00e0cies a voluntaris, el pr\u00f2xim dia 12 de setembre, podr\u00e0 pujar al cim de Matagalls amb una cadira Jo\u00eblette. Un fet in\u00e8dit, [...]","og_url":"https:\/\/cetaradell.cat\/ce\/amb-ladria-a-matagalls-ens-acompanyeu\/","og_site_name":"Centre Excursionista Taradell","article_publisher":"https:\/\/www.facebook.com\/CETaradell\/","article_published_time":"2021-08-25T20:27:03+00:00","article_modified_time":"2021-09-04T19:26:30+00:00","og_image":[{"width":633,"height":474,"url":"https:\/\/cetaradell.cat\/ce\/wp-content\/uploads\/2021-09-cadira_joelettefoto_FEEC.jpg","type":"image\/jpeg"}],"author":"CET","twitter_card":"summary_large_image","twitter_misc":{"Escrit per":"CET","Temps estimat de lectura":"2 minuts"},"schema":{"@context":"https:\/\/schema.org","@graph":[{"@type":"Article","@id":"https:\/\/cetaradell.cat\/ce\/amb-ladria-a-matagalls-ens-acompanyeu\/#article","isPartOf":{"@id":"https:\/\/cetaradell.cat\/ce\/amb-ladria-a-matagalls-ens-acompanyeu\/"},"author":{"name":"CET","@id":"https:\/\/cetaradell.cat\/ce\/#\/schema\/person\/92a59f585073071c7be6649e84b22f78"},"headline":"Amb l\u2019Adri\u00e0 a Matagalls. Ens acompanyeu?","datePublished":"2021-08-25T20:27:03+00:00","dateModified":"2021-09-04T19:26:30+00:00","mainEntityOfPage":{"@id":"https:\/\/cetaradell.cat\/ce\/amb-ladria-a-matagalls-ens-acompanyeu\/"},"wordCount":341,"image":{"@id":"https:\/\/cetaradell.cat\/ce\/amb-ladria-a-matagalls-ens-acompanyeu\/#primaryimage"},"thumbnailUrl":"https:\/\/cetaradell.cat\/ce\/wp-content\/uploads\/2021-09-cadira_joelettefoto_FEEC.jpg","articleSection":["Activitats","Activitats socials"],"inLanguage":"ca"},{"@type":"WebPage","@id":"https:\/\/cetaradell.cat\/ce\/amb-ladria-a-matagalls-ens-acompanyeu\/","url":"https:\/\/cetaradell.cat\/ce\/amb-ladria-a-matagalls-ens-acompanyeu\/","name":"Amb l\u2019Adri\u00e0 a Matagalls. Ens acompanyeu? - Centre Excursionista Taradell","isPartOf":{"@id":"https:\/\/cetaradell.cat\/ce\/#website"},"primaryImageOfPage":{"@id":"https:\/\/cetaradell.cat\/ce\/amb-ladria-a-matagalls-ens-acompanyeu\/#primaryimage"},"image":{"@id":"https:\/\/cetaradell.cat\/ce\/amb-ladria-a-matagalls-ens-acompanyeu\/#primaryimage"},"thumbnailUrl":"https:\/\/cetaradell.cat\/ce\/wp-content\/uploads\/2021-09-cadira_joelettefoto_FEEC.jpg","datePublished":"2021-08-25T20:27:03+00:00","dateModified":"2021-09-04T19:26:30+00:00","author":{"@id":"https:\/\/cetaradell.cat\/ce\/#\/schema\/person\/92a59f585073071c7be6649e84b22f78"},"breadcrumb":{"@id":"https:\/\/cetaradell.cat\/ce\/amb-ladria-a-matagalls-ens-acompanyeu\/#breadcrumb"},"inLanguage":"ca","potentialAction":[{"@type":"ReadAction","target":["https:\/\/cetaradell.cat\/ce\/amb-ladria-a-matagalls-ens-acompanyeu\/"]}]},{"@type":"ImageObject","inLanguage":"ca","@id":"https:\/\/cetaradell.cat\/ce\/amb-ladria-a-matagalls-ens-acompanyeu\/#primaryimage","url":"https:\/\/cetaradell.cat\/ce\/wp-content\/uploads\/2021-09-cadira_joelettefoto_FEEC.jpg","contentUrl":"https:\/\/cetaradell.cat\/ce\/wp-content\/uploads\/2021-09-cadira_joelettefoto_FEEC.jpg","width":633,"height":474},{"@type":"BreadcrumbList","@id":"https:\/\/cetaradell.cat\/ce\/amb-ladria-a-matagalls-ens-acompanyeu\/#breadcrumb","itemListElement":[{"@type":"ListItem","position":1,"name":"Inici","item":"https:\/\/cetaradell.cat\/ce\/"},{"@type":"ListItem","position":2,"name":"Amb l\u2019Adri\u00e0 a Matagalls. Ens acompanyeu?"}]},{"@type":"WebSite","@id":"https:\/\/cetaradell.cat\/ce\/#website","url":"https:\/\/cetaradell.cat\/ce\/","name":"Centre Excursionista Taradell","description":"","potentialAction":[{"@type":"SearchAction","target":{"@type":"EntryPoint","urlTemplate":"https:\/\/cetaradell.cat\/ce\/?s={search_term_string}"},"query-input":{"@type":"PropertyValueSpecification","valueRequired":true,"valueName":"search_term_string"}}],"inLanguage":"ca"},{"@type":"Person","@id":"https:\/\/cetaradell.cat\/ce\/#\/schema\/person\/92a59f585073071c7be6649e84b22f78","name":"CET","image":{"@type":"ImageObject","inLanguage":"ca","@id":"https:\/\/secure.gravatar.com\/avatar\/d6fbe010d42056feccc0f613ed07277a5118442805079269f12dabdc42e1a727?s=96&d=mm&r=g","url":"https:\/\/secure.gravatar.com\/avatar\/d6fbe010d42056feccc0f613ed07277a5118442805079269f12dabdc42e1a727?s=96&d=mm&r=g","contentUrl":"https:\/\/secure.gravatar.com\/avatar\/d6fbe010d42056feccc0f613ed07277a5118442805079269f12dabdc42e1a727?s=96&d=mm&r=g","caption":"CET"},"url":"https:\/\/cetaradell.cat\/ce\/author\/root\/"}]}},"_links":{"self":[{"href":"https:\/\/cetaradell.cat\/ce\/wp-json\/wp\/v2\/posts\/8817","targetHints":{"allow":["GET"]}}],"collection":[{"href":"https:\/\/cetaradell.cat\/ce\/wp-json\/wp\/v2\/posts"}],"about":[{"href":"https:\/\/cetaradell.cat\/ce\/wp-json\/wp\/v2\/types\/post"}],"author":[{"embeddable":true,"href":"https:\/\/cetaradell.cat\/ce\/wp-json\/wp\/v2\/users\/1"}],"replies":[{"embeddable":true,"href":"https:\/\/cetaradell.cat\/ce\/wp-json\/wp\/v2\/comments?post=8817"}],"version-history":[{"count":0,"href":"https:\/\/cetaradell.cat\/ce\/wp-json\/wp\/v2\/posts\/8817\/revisions"}],"wp:featuredmedia":[{"embeddable":true,"href":"https:\/\/cetaradell.cat\/ce\/wp-json\/wp\/v2\/media\/8820"}],"wp:attachment":[{"href":"https:\/\/cetaradell.cat\/ce\/wp-json\/wp\/v2\/media?parent=8817"}],"wp:term":[{"taxonomy":"category","embeddable":true,"href":"https:\/\/cetaradell.cat\/ce\/wp-json\/wp\/v2\/categories?post=8817"},{"taxonomy":"post_tag","embeddable":true,"href":"https:\/\/cetaradell.cat\/ce\/wp-json\/wp\/v2\/tags?post=8817"}],"curies":[{"name":"wp","href":"https:\/\/api.w.org\/{rel}","templated":true}]}}