{"id":8855,"date":"2021-09-12T22:45:49","date_gmt":"2021-09-12T21:45:49","guid":{"rendered":"https:\/\/cetaradell.cat\/ce\/?p=8855"},"modified":"2021-09-13T21:58:58","modified_gmt":"2021-09-13T20:58:58","slug":"amb-ladria-hem-pujat-a-matagalls","status":"publish","type":"post","link":"https:\/\/cetaradell.cat\/ce\/amb-ladria-hem-pujat-a-matagalls\/","title":{"rendered":"Amb l&#8217;Adri\u00e0 hem pujat a Matagalls"},"content":{"rendered":"<p><a href=\"https:\/\/cetaradell.cat\/ce\/amb-ladria-hem-pujat-a-matagalls\/2021-09-12-adria_a_matagalls-1\/\" target=\"_blank\" rel=\"attachment noopener wp-att-8858\"><img decoding=\"async\" class=\"alignleft wp-image-8858 size-medium\" src=\"https:\/\/cetaradell.cat\/ce\/wp-content\/uploads\/2021-09-12-Adria_a_Matagalls-1-300x225.jpeg\" alt=\"\" width=\"300\" height=\"225\" srcset=\"https:\/\/cetaradell.cat\/ce\/wp-content\/uploads\/2021-09-12-Adria_a_Matagalls-1-200x150.jpeg 200w, https:\/\/cetaradell.cat\/ce\/wp-content\/uploads\/2021-09-12-Adria_a_Matagalls-1-300x225.jpeg 300w, https:\/\/cetaradell.cat\/ce\/wp-content\/uploads\/2021-09-12-Adria_a_Matagalls-1-400x300.jpeg 400w, https:\/\/cetaradell.cat\/ce\/wp-content\/uploads\/2021-09-12-Adria_a_Matagalls-1-500x375.jpeg 500w, https:\/\/cetaradell.cat\/ce\/wp-content\/uploads\/2021-09-12-Adria_a_Matagalls-1-600x450.jpeg 600w, https:\/\/cetaradell.cat\/ce\/wp-content\/uploads\/2021-09-12-Adria_a_Matagalls-1-700x525.jpeg 700w, https:\/\/cetaradell.cat\/ce\/wp-content\/uploads\/2021-09-12-Adria_a_Matagalls-1-768x576.jpeg 768w, https:\/\/cetaradell.cat\/ce\/wp-content\/uploads\/2021-09-12-Adria_a_Matagalls-1-800x600.jpeg 800w, https:\/\/cetaradell.cat\/ce\/wp-content\/uploads\/2021-09-12-Adria_a_Matagalls-1-1024x768.jpeg 1024w, https:\/\/cetaradell.cat\/ce\/wp-content\/uploads\/2021-09-12-Adria_a_Matagalls-1-1200x900.jpeg 1200w, https:\/\/cetaradell.cat\/ce\/wp-content\/uploads\/2021-09-12-Adria_a_Matagalls-1-1536x1152.jpeg 1536w\" sizes=\"(max-width: 300px) 100vw, 300px\" \/><\/a>Avui, diumenge 12 de setembre, ha estat un dia especial, hem pujat a l\u2019Adri\u00e0 al Matagalls, per\u00f2 aquesta iniciativa sense els 173 voluntaris, uns portant la cadira i altres donant suport, aix\u00f2 no hauria estat possible.<\/p>\n<p>Ha estat un dia\u00a0 emotiu, amb nus a la gola i ll\u00e0grimes que no s&#8217;han pogut contenir, per\u00f2 no eren pas de tristesa sin\u00f3 d\u2019alegria de veure com l\u2019Adri\u00e0 amb els seus moviments demostrava que estava content.<\/p>\n<p>Donem les gracies a l\u2019Ajuntament de Taradell, la FEEC, Rodamut, els Agents Rurals, CIM Project, el Xocolater de Taradell i tamb\u00e9 a les entitats socials Osonament, Adfo, Sant Tom\u00e0s i com no a la gent del CET i a tots els voluntaris.<\/p>\n<p>Ens agradaria que aix\u00f2 serveixi\u00a0 perqu\u00e8 les entitats obrin la porta a persones amb alguna discapacitat o mobilitat redu\u00efda i puguin gaudir de la muntanya o altres recorreguts.<\/p>\n<p>Salud i muntanya per tothom<\/p>\n<p><a href=\"https:\/\/photos.app.goo.gl\/iZ5KSp8jq2baw8dt9\" target=\"_blank\" rel=\"attachment noopener wp-att-8857\"><strong>\u2192 \u00c0lbum de fotografies<\/strong><\/a><\/p>\n<p><iframe title=\"YouTube video player\" src=\"https:\/\/www.youtube.com\/embed\/KWLYhHe2kKA\" width=\"560\" height=\"315\" frameborder=\"0\" allowfullscreen=\"allowfullscreen\"><\/iframe><\/p>\n<p><a href=\"https:\/\/photos.app.goo.gl\/iZ5KSp8jq2baw8dt9\" target=\"_blank\" rel=\"attachment noopener wp-att-8857\"><img decoding=\"async\" class=\"wp-image-8857 alignnone\" src=\"https:\/\/cetaradell.cat\/ce\/wp-content\/uploads\/2021-09-12-Adria_a_Matagalls-9-1024x768.jpeg\" alt=\"\" width=\"500\" height=\"375\" srcset=\"https:\/\/cetaradell.cat\/ce\/wp-content\/uploads\/2021-09-12-Adria_a_Matagalls-9-200x150.jpeg 200w, https:\/\/cetaradell.cat\/ce\/wp-content\/uploads\/2021-09-12-Adria_a_Matagalls-9-300x225.jpeg 300w, https:\/\/cetaradell.cat\/ce\/wp-content\/uploads\/2021-09-12-Adria_a_Matagalls-9-400x300.jpeg 400w, https:\/\/cetaradell.cat\/ce\/wp-content\/uploads\/2021-09-12-Adria_a_Matagalls-9-500x375.jpeg 500w, https:\/\/cetaradell.cat\/ce\/wp-content\/uploads\/2021-09-12-Adria_a_Matagalls-9-600x450.jpeg 600w, https:\/\/cetaradell.cat\/ce\/wp-content\/uploads\/2021-09-12-Adria_a_Matagalls-9-700x525.jpeg 700w, https:\/\/cetaradell.cat\/ce\/wp-content\/uploads\/2021-09-12-Adria_a_Matagalls-9-768x576.jpeg 768w, https:\/\/cetaradell.cat\/ce\/wp-content\/uploads\/2021-09-12-Adria_a_Matagalls-9-800x600.jpeg 800w, https:\/\/cetaradell.cat\/ce\/wp-content\/uploads\/2021-09-12-Adria_a_Matagalls-9-1024x768.jpeg 1024w, https:\/\/cetaradell.cat\/ce\/wp-content\/uploads\/2021-09-12-Adria_a_Matagalls-9-1200x900.jpeg 1200w, https:\/\/cetaradell.cat\/ce\/wp-content\/uploads\/2021-09-12-Adria_a_Matagalls-9-1536x1152.jpeg 1536w\" sizes=\"(max-width: 500px) 100vw, 500px\" \/><\/a><\/p>\n","protected":false},"excerpt":{"rendered":"<p>Avui, diumenge 12 de setembre, ha estat un dia especial, hem pujat a l\u2019Adri\u00e0 al Matagalls, per\u00f2 aquesta iniciativa sense els 173 voluntaris, uns portant la cadira i altres donant suport, aix\u00f2 no hauria estat possible. Ha estat un dia\u00a0 emotiu, amb nus a la gola i ll\u00e0grimes que no  [&#8230;]<\/p>\n","protected":false},"author":1,"featured_media":8858,"comment_status":"closed","ping_status":"closed","sticky":false,"template":"","format":"standard","meta":{"footnotes":""},"categories":[20,7,3],"tags":[],"class_list":["post-8855","post","type-post","status-publish","format-standard","has-post-thumbnail","hentry","category-activitats-social","category-muntanya","category-noticies"],"yoast_head":"<!-- This site is optimized with the Yoast SEO plugin v27.4 - https:\/\/yoast.com\/product\/yoast-seo-wordpress\/ -->\n<title>Amb l&#039;Adri\u00e0 hem pujat a Matagalls - Centre Excursionista Taradell<\/title>\n<meta name=\"robots\" content=\"index, follow, max-snippet:-1, max-image-preview:large, max-video-preview:-1\" \/>\n<link rel=\"canonical\" href=\"https:\/\/cetaradell.cat\/ce\/amb-ladria-hem-pujat-a-matagalls\/\" \/>\n<meta property=\"og:locale\" content=\"ca_ES\" \/>\n<meta property=\"og:type\" content=\"article\" \/>\n<meta property=\"og:title\" content=\"Amb l&#039;Adri\u00e0 hem pujat a Matagalls - Centre Excursionista Taradell\" \/>\n<meta property=\"og:description\" content=\"Avui, diumenge 12 de setembre, ha estat un dia especial, hem pujat a l\u2019Adri\u00e0 al Matagalls, per\u00f2 aquesta iniciativa sense els 173 voluntaris, uns portant la cadira i altres donant suport, aix\u00f2 no hauria estat possible. Ha estat un dia\u00a0 emotiu, amb nus a la gola i ll\u00e0grimes que no [...]\" \/>\n<meta property=\"og:url\" content=\"https:\/\/cetaradell.cat\/ce\/amb-ladria-hem-pujat-a-matagalls\/\" \/>\n<meta property=\"og:site_name\" content=\"Centre Excursionista Taradell\" \/>\n<meta property=\"article:publisher\" content=\"https:\/\/www.facebook.com\/CETaradell\/\" \/>\n<meta property=\"article:published_time\" content=\"2021-09-12T21:45:49+00:00\" \/>\n<meta property=\"article:modified_time\" content=\"2021-09-13T20:58:58+00:00\" \/>\n<meta property=\"og:image\" content=\"https:\/\/cetaradell.cat\/ce\/wp-content\/uploads\/2021-09-12-Adria_a_Matagalls-1.jpeg\" \/>\n\t<meta property=\"og:image:width\" content=\"2048\" \/>\n\t<meta property=\"og:image:height\" content=\"1536\" \/>\n\t<meta property=\"og:image:type\" content=\"image\/jpeg\" \/>\n<meta name=\"author\" content=\"CET\" \/>\n<meta name=\"twitter:card\" content=\"summary_large_image\" \/>\n<meta name=\"twitter:label1\" content=\"Escrit per\" \/>\n\t<meta name=\"twitter:data1\" content=\"CET\" \/>\n\t<meta name=\"twitter:label2\" content=\"Temps estimat de lectura\" \/>\n\t<meta name=\"twitter:data2\" content=\"2 minuts\" \/>\n<script type=\"application\/ld+json\" class=\"yoast-schema-graph\">{\"@context\":\"https:\\\/\\\/schema.org\",\"@graph\":[{\"@type\":\"Article\",\"@id\":\"https:\\\/\\\/cetaradell.cat\\\/ce\\\/amb-ladria-hem-pujat-a-matagalls\\\/#article\",\"isPartOf\":{\"@id\":\"https:\\\/\\\/cetaradell.cat\\\/ce\\\/amb-ladria-hem-pujat-a-matagalls\\\/\"},\"author\":{\"name\":\"CET\",\"@id\":\"https:\\\/\\\/cetaradell.cat\\\/ce\\\/#\\\/schema\\\/person\\\/92a59f585073071c7be6649e84b22f78\"},\"headline\":\"Amb l&#8217;Adri\u00e0 hem pujat a Matagalls\",\"datePublished\":\"2021-09-12T21:45:49+00:00\",\"dateModified\":\"2021-09-13T20:58:58+00:00\",\"mainEntityOfPage\":{\"@id\":\"https:\\\/\\\/cetaradell.cat\\\/ce\\\/amb-ladria-hem-pujat-a-matagalls\\\/\"},\"wordCount\":164,\"image\":{\"@id\":\"https:\\\/\\\/cetaradell.cat\\\/ce\\\/amb-ladria-hem-pujat-a-matagalls\\\/#primaryimage\"},\"thumbnailUrl\":\"https:\\\/\\\/cetaradell.cat\\\/ce\\\/wp-content\\\/uploads\\\/2021-09-12-Adria_a_Matagalls-1.jpeg\",\"articleSection\":[\"Activitats socials\",\"Muntanya\",\"Not\u00edcies\"],\"inLanguage\":\"ca\"},{\"@type\":\"WebPage\",\"@id\":\"https:\\\/\\\/cetaradell.cat\\\/ce\\\/amb-ladria-hem-pujat-a-matagalls\\\/\",\"url\":\"https:\\\/\\\/cetaradell.cat\\\/ce\\\/amb-ladria-hem-pujat-a-matagalls\\\/\",\"name\":\"Amb l'Adri\u00e0 hem pujat a Matagalls - Centre Excursionista Taradell\",\"isPartOf\":{\"@id\":\"https:\\\/\\\/cetaradell.cat\\\/ce\\\/#website\"},\"primaryImageOfPage\":{\"@id\":\"https:\\\/\\\/cetaradell.cat\\\/ce\\\/amb-ladria-hem-pujat-a-matagalls\\\/#primaryimage\"},\"image\":{\"@id\":\"https:\\\/\\\/cetaradell.cat\\\/ce\\\/amb-ladria-hem-pujat-a-matagalls\\\/#primaryimage\"},\"thumbnailUrl\":\"https:\\\/\\\/cetaradell.cat\\\/ce\\\/wp-content\\\/uploads\\\/2021-09-12-Adria_a_Matagalls-1.jpeg\",\"datePublished\":\"2021-09-12T21:45:49+00:00\",\"dateModified\":\"2021-09-13T20:58:58+00:00\",\"author\":{\"@id\":\"https:\\\/\\\/cetaradell.cat\\\/ce\\\/#\\\/schema\\\/person\\\/92a59f585073071c7be6649e84b22f78\"},\"breadcrumb\":{\"@id\":\"https:\\\/\\\/cetaradell.cat\\\/ce\\\/amb-ladria-hem-pujat-a-matagalls\\\/#breadcrumb\"},\"inLanguage\":\"ca\",\"potentialAction\":[{\"@type\":\"ReadAction\",\"target\":[\"https:\\\/\\\/cetaradell.cat\\\/ce\\\/amb-ladria-hem-pujat-a-matagalls\\\/\"]}]},{\"@type\":\"ImageObject\",\"inLanguage\":\"ca\",\"@id\":\"https:\\\/\\\/cetaradell.cat\\\/ce\\\/amb-ladria-hem-pujat-a-matagalls\\\/#primaryimage\",\"url\":\"https:\\\/\\\/cetaradell.cat\\\/ce\\\/wp-content\\\/uploads\\\/2021-09-12-Adria_a_Matagalls-1.jpeg\",\"contentUrl\":\"https:\\\/\\\/cetaradell.cat\\\/ce\\\/wp-content\\\/uploads\\\/2021-09-12-Adria_a_Matagalls-1.jpeg\",\"width\":2048,\"height\":1536},{\"@type\":\"BreadcrumbList\",\"@id\":\"https:\\\/\\\/cetaradell.cat\\\/ce\\\/amb-ladria-hem-pujat-a-matagalls\\\/#breadcrumb\",\"itemListElement\":[{\"@type\":\"ListItem\",\"position\":1,\"name\":\"Inici\",\"item\":\"https:\\\/\\\/cetaradell.cat\\\/ce\\\/\"},{\"@type\":\"ListItem\",\"position\":2,\"name\":\"Amb l&#8217;Adri\u00e0 hem pujat a Matagalls\"}]},{\"@type\":\"WebSite\",\"@id\":\"https:\\\/\\\/cetaradell.cat\\\/ce\\\/#website\",\"url\":\"https:\\\/\\\/cetaradell.cat\\\/ce\\\/\",\"name\":\"Centre Excursionista Taradell\",\"description\":\"\",\"potentialAction\":[{\"@type\":\"SearchAction\",\"target\":{\"@type\":\"EntryPoint\",\"urlTemplate\":\"https:\\\/\\\/cetaradell.cat\\\/ce\\\/?s={search_term_string}\"},\"query-input\":{\"@type\":\"PropertyValueSpecification\",\"valueRequired\":true,\"valueName\":\"search_term_string\"}}],\"inLanguage\":\"ca\"},{\"@type\":\"Person\",\"@id\":\"https:\\\/\\\/cetaradell.cat\\\/ce\\\/#\\\/schema\\\/person\\\/92a59f585073071c7be6649e84b22f78\",\"name\":\"CET\",\"image\":{\"@type\":\"ImageObject\",\"inLanguage\":\"ca\",\"@id\":\"https:\\\/\\\/secure.gravatar.com\\\/avatar\\\/d6fbe010d42056feccc0f613ed07277a5118442805079269f12dabdc42e1a727?s=96&d=mm&r=g\",\"url\":\"https:\\\/\\\/secure.gravatar.com\\\/avatar\\\/d6fbe010d42056feccc0f613ed07277a5118442805079269f12dabdc42e1a727?s=96&d=mm&r=g\",\"contentUrl\":\"https:\\\/\\\/secure.gravatar.com\\\/avatar\\\/d6fbe010d42056feccc0f613ed07277a5118442805079269f12dabdc42e1a727?s=96&d=mm&r=g\",\"caption\":\"CET\"},\"url\":\"https:\\\/\\\/cetaradell.cat\\\/ce\\\/author\\\/root\\\/\"}]}<\/script>\n<!-- \/ Yoast SEO plugin. -->","yoast_head_json":{"title":"Amb l'Adri\u00e0 hem pujat a Matagalls - Centre Excursionista Taradell","robots":{"index":"index","follow":"follow","max-snippet":"max-snippet:-1","max-image-preview":"max-image-preview:large","max-video-preview":"max-video-preview:-1"},"canonical":"https:\/\/cetaradell.cat\/ce\/amb-ladria-hem-pujat-a-matagalls\/","og_locale":"ca_ES","og_type":"article","og_title":"Amb l'Adri\u00e0 hem pujat a Matagalls - Centre Excursionista Taradell","og_description":"Avui, diumenge 12 de setembre, ha estat un dia especial, hem pujat a l\u2019Adri\u00e0 al Matagalls, per\u00f2 aquesta iniciativa sense els 173 voluntaris, uns portant la cadira i altres donant suport, aix\u00f2 no hauria estat possible. Ha estat un dia\u00a0 emotiu, amb nus a la gola i ll\u00e0grimes que no [...]","og_url":"https:\/\/cetaradell.cat\/ce\/amb-ladria-hem-pujat-a-matagalls\/","og_site_name":"Centre Excursionista Taradell","article_publisher":"https:\/\/www.facebook.com\/CETaradell\/","article_published_time":"2021-09-12T21:45:49+00:00","article_modified_time":"2021-09-13T20:58:58+00:00","og_image":[{"width":2048,"height":1536,"url":"https:\/\/cetaradell.cat\/ce\/wp-content\/uploads\/2021-09-12-Adria_a_Matagalls-1.jpeg","type":"image\/jpeg"}],"author":"CET","twitter_card":"summary_large_image","twitter_misc":{"Escrit per":"CET","Temps estimat de lectura":"2 minuts"},"schema":{"@context":"https:\/\/schema.org","@graph":[{"@type":"Article","@id":"https:\/\/cetaradell.cat\/ce\/amb-ladria-hem-pujat-a-matagalls\/#article","isPartOf":{"@id":"https:\/\/cetaradell.cat\/ce\/amb-ladria-hem-pujat-a-matagalls\/"},"author":{"name":"CET","@id":"https:\/\/cetaradell.cat\/ce\/#\/schema\/person\/92a59f585073071c7be6649e84b22f78"},"headline":"Amb l&#8217;Adri\u00e0 hem pujat a Matagalls","datePublished":"2021-09-12T21:45:49+00:00","dateModified":"2021-09-13T20:58:58+00:00","mainEntityOfPage":{"@id":"https:\/\/cetaradell.cat\/ce\/amb-ladria-hem-pujat-a-matagalls\/"},"wordCount":164,"image":{"@id":"https:\/\/cetaradell.cat\/ce\/amb-ladria-hem-pujat-a-matagalls\/#primaryimage"},"thumbnailUrl":"https:\/\/cetaradell.cat\/ce\/wp-content\/uploads\/2021-09-12-Adria_a_Matagalls-1.jpeg","articleSection":["Activitats socials","Muntanya","Not\u00edcies"],"inLanguage":"ca"},{"@type":"WebPage","@id":"https:\/\/cetaradell.cat\/ce\/amb-ladria-hem-pujat-a-matagalls\/","url":"https:\/\/cetaradell.cat\/ce\/amb-ladria-hem-pujat-a-matagalls\/","name":"Amb l'Adri\u00e0 hem pujat a Matagalls - Centre Excursionista Taradell","isPartOf":{"@id":"https:\/\/cetaradell.cat\/ce\/#website"},"primaryImageOfPage":{"@id":"https:\/\/cetaradell.cat\/ce\/amb-ladria-hem-pujat-a-matagalls\/#primaryimage"},"image":{"@id":"https:\/\/cetaradell.cat\/ce\/amb-ladria-hem-pujat-a-matagalls\/#primaryimage"},"thumbnailUrl":"https:\/\/cetaradell.cat\/ce\/wp-content\/uploads\/2021-09-12-Adria_a_Matagalls-1.jpeg","datePublished":"2021-09-12T21:45:49+00:00","dateModified":"2021-09-13T20:58:58+00:00","author":{"@id":"https:\/\/cetaradell.cat\/ce\/#\/schema\/person\/92a59f585073071c7be6649e84b22f78"},"breadcrumb":{"@id":"https:\/\/cetaradell.cat\/ce\/amb-ladria-hem-pujat-a-matagalls\/#breadcrumb"},"inLanguage":"ca","potentialAction":[{"@type":"ReadAction","target":["https:\/\/cetaradell.cat\/ce\/amb-ladria-hem-pujat-a-matagalls\/"]}]},{"@type":"ImageObject","inLanguage":"ca","@id":"https:\/\/cetaradell.cat\/ce\/amb-ladria-hem-pujat-a-matagalls\/#primaryimage","url":"https:\/\/cetaradell.cat\/ce\/wp-content\/uploads\/2021-09-12-Adria_a_Matagalls-1.jpeg","contentUrl":"https:\/\/cetaradell.cat\/ce\/wp-content\/uploads\/2021-09-12-Adria_a_Matagalls-1.jpeg","width":2048,"height":1536},{"@type":"BreadcrumbList","@id":"https:\/\/cetaradell.cat\/ce\/amb-ladria-hem-pujat-a-matagalls\/#breadcrumb","itemListElement":[{"@type":"ListItem","position":1,"name":"Inici","item":"https:\/\/cetaradell.cat\/ce\/"},{"@type":"ListItem","position":2,"name":"Amb l&#8217;Adri\u00e0 hem pujat a Matagalls"}]},{"@type":"WebSite","@id":"https:\/\/cetaradell.cat\/ce\/#website","url":"https:\/\/cetaradell.cat\/ce\/","name":"Centre Excursionista Taradell","description":"","potentialAction":[{"@type":"SearchAction","target":{"@type":"EntryPoint","urlTemplate":"https:\/\/cetaradell.cat\/ce\/?s={search_term_string}"},"query-input":{"@type":"PropertyValueSpecification","valueRequired":true,"valueName":"search_term_string"}}],"inLanguage":"ca"},{"@type":"Person","@id":"https:\/\/cetaradell.cat\/ce\/#\/schema\/person\/92a59f585073071c7be6649e84b22f78","name":"CET","image":{"@type":"ImageObject","inLanguage":"ca","@id":"https:\/\/secure.gravatar.com\/avatar\/d6fbe010d42056feccc0f613ed07277a5118442805079269f12dabdc42e1a727?s=96&d=mm&r=g","url":"https:\/\/secure.gravatar.com\/avatar\/d6fbe010d42056feccc0f613ed07277a5118442805079269f12dabdc42e1a727?s=96&d=mm&r=g","contentUrl":"https:\/\/secure.gravatar.com\/avatar\/d6fbe010d42056feccc0f613ed07277a5118442805079269f12dabdc42e1a727?s=96&d=mm&r=g","caption":"CET"},"url":"https:\/\/cetaradell.cat\/ce\/author\/root\/"}]}},"_links":{"self":[{"href":"https:\/\/cetaradell.cat\/ce\/wp-json\/wp\/v2\/posts\/8855","targetHints":{"allow":["GET"]}}],"collection":[{"href":"https:\/\/cetaradell.cat\/ce\/wp-json\/wp\/v2\/posts"}],"about":[{"href":"https:\/\/cetaradell.cat\/ce\/wp-json\/wp\/v2\/types\/post"}],"author":[{"embeddable":true,"href":"https:\/\/cetaradell.cat\/ce\/wp-json\/wp\/v2\/users\/1"}],"replies":[{"embeddable":true,"href":"https:\/\/cetaradell.cat\/ce\/wp-json\/wp\/v2\/comments?post=8855"}],"version-history":[{"count":0,"href":"https:\/\/cetaradell.cat\/ce\/wp-json\/wp\/v2\/posts\/8855\/revisions"}],"wp:featuredmedia":[{"embeddable":true,"href":"https:\/\/cetaradell.cat\/ce\/wp-json\/wp\/v2\/media\/8858"}],"wp:attachment":[{"href":"https:\/\/cetaradell.cat\/ce\/wp-json\/wp\/v2\/media?parent=8855"}],"wp:term":[{"taxonomy":"category","embeddable":true,"href":"https:\/\/cetaradell.cat\/ce\/wp-json\/wp\/v2\/categories?post=8855"},{"taxonomy":"post_tag","embeddable":true,"href":"https:\/\/cetaradell.cat\/ce\/wp-json\/wp\/v2\/tags?post=8855"}],"curies":[{"name":"wp","href":"https:\/\/api.w.org\/{rel}","templated":true}]}}