{"id":8887,"date":"2021-09-25T16:33:27","date_gmt":"2021-09-25T15:33:27","guid":{"rendered":"https:\/\/cetaradell.cat\/ce\/?p=8887"},"modified":"2021-10-21T22:07:09","modified_gmt":"2021-10-21T21:07:09","slug":"curs-descala-nivell-1","status":"publish","type":"post","link":"https:\/\/cetaradell.cat\/ce\/curs-descala-nivell-1\/","title":{"rendered":"Curs d&#8217;escala &#8211; Nivell 1"},"content":{"rendered":"<table class=\" alignright\" style=\"height: 225px; width: 27.8778%; border-collapse: collapse; border-style: solid; border-color: #000000; background-color: #cbcff5;\">\n<tbody>\n<tr>\n<td style=\"width: 100%; text-align: center; vertical-align: middle;\">\n<div class=\"bg-primari mb-5\">\n<p class=\"fw-bold white fs-18 py-3 px-4 bg-black-30 mb-0\" style=\"text-align: center;\"><strong>Termini d&#8217;inscripci\u00f3<\/strong><\/p>\n<div class=\"content white pb-4 px-4 pt-3\">\n<p style=\"text-align: center;\">Fins exhaurir les places. Contactar amb el CET: <span class=\"JsGRdQ\"><strong>cetaradell@cetaradell.cat<\/strong><\/span><\/p>\n<p><a href=\"https:\/\/cetaradell.cat\/ce\/wp-content\/uploads\/1.-Inscripcio-Activitats-promocio-pdf-editable.pdf\" target=\"_blank\" rel=\"noopener\">Full d&#8217;inscripci\u00f3<\/a><\/p>\n<p><a href=\"https:\/\/cetaradell.cat\/ce\/wp-content\/uploads\/3.-Test-inicial-pdf-editable.pdf\" target=\"_blank\" rel=\"noopener\">Test inicial &#8211; 1<\/a><\/p>\n<p>&nbsp;<\/p>\n<\/div>\n<\/div>\n<\/td>\n<\/tr>\n<\/tbody>\n<\/table>\n<p><strong><a href=\"https:\/\/cetaradell.cat\/ce\/wp-content\/uploads\/CE_Taradell_escalada_nivell_1.pdf\" target=\"_blank\" rel=\"attachment noopener wp-att-8888\"><img decoding=\"async\" class=\"alignleft wp-image-8888 size-medium\" src=\"https:\/\/cetaradell.cat\/ce\/wp-content\/uploads\/2021_CE_Taradell_escalada_nivell_1_Pagina_1-232x300.jpg\" alt=\"\" width=\"232\" height=\"300\" srcset=\"https:\/\/cetaradell.cat\/ce\/wp-content\/uploads\/2021_CE_Taradell_escalada_nivell_1_Pagina_1-200x259.jpg 200w, https:\/\/cetaradell.cat\/ce\/wp-content\/uploads\/2021_CE_Taradell_escalada_nivell_1_Pagina_1-232x300.jpg 232w, https:\/\/cetaradell.cat\/ce\/wp-content\/uploads\/2021_CE_Taradell_escalada_nivell_1_Pagina_1-400x518.jpg 400w, https:\/\/cetaradell.cat\/ce\/wp-content\/uploads\/2021_CE_Taradell_escalada_nivell_1_Pagina_1-500x647.jpg 500w, https:\/\/cetaradell.cat\/ce\/wp-content\/uploads\/2021_CE_Taradell_escalada_nivell_1_Pagina_1-600x776.jpg 600w, https:\/\/cetaradell.cat\/ce\/wp-content\/uploads\/2021_CE_Taradell_escalada_nivell_1_Pagina_1-700x906.jpg 700w, https:\/\/cetaradell.cat\/ce\/wp-content\/uploads\/2021_CE_Taradell_escalada_nivell_1_Pagina_1-768x994.jpg 768w, https:\/\/cetaradell.cat\/ce\/wp-content\/uploads\/2021_CE_Taradell_escalada_nivell_1_Pagina_1-791x1024.jpg 791w, https:\/\/cetaradell.cat\/ce\/wp-content\/uploads\/2021_CE_Taradell_escalada_nivell_1_Pagina_1-800x1035.jpg 800w, https:\/\/cetaradell.cat\/ce\/wp-content\/uploads\/2021_CE_Taradell_escalada_nivell_1_Pagina_1-1187x1536.jpg 1187w, https:\/\/cetaradell.cat\/ce\/wp-content\/uploads\/2021_CE_Taradell_escalada_nivell_1_Pagina_1-1200x1553.jpg 1200w, https:\/\/cetaradell.cat\/ce\/wp-content\/uploads\/2021_CE_Taradell_escalada_nivell_1_Pagina_1-1583x2048.jpg 1583w, https:\/\/cetaradell.cat\/ce\/wp-content\/uploads\/2021_CE_Taradell_escalada_nivell_1_Pagina_1.jpg 1700w\" sizes=\"(max-width: 232px) 100vw, 232px\" \/><\/a>PRESENTACI\u00d3<\/strong><\/p>\n<p>L\u2019escalada \u00e9s una modalitat esportiva apassionant que permet descobrir l\u2019ess\u00e8ncia i la bellesa de la muntanya vertical. Dirigit a aquelles persones que volen iniciar-se en l\u2019escalada en itineraris equipats. Cal una condici\u00f3 f\u00edsica normal i no patir vertigen.<\/p>\n<p><strong>DATA<\/strong><\/p>\n<p>27 d&#8217;octubre 2021 \/ 14 de novembre 2021<\/p>\n<p>&nbsp;<\/p>\n<p><strong><span class=\"fw-light\">PREU<\/span><\/strong><\/p>\n<p>120 \u20ac amb llic\u00e8ncia federativa anual FEEC \/\/ 135 \u20ac sense llic\u00e8ncia federativa anual FEEC + la llic\u00e8ncia temporal<\/p>\n<p><strong>CONTINGUTS<\/strong><\/p>\n<p>-L\u2019escalada i modalitats de pr\u00e0ctica.<br \/>\n-Materials utilitzats en l\u2019escalada.<br \/>\n-Coneixement i aplicacions dels nusos b\u00e0sics.<br \/>\n-T\u00e8cniques de seguretat, progressi\u00f3 i descens.<br \/>\n-Ressenyes d\u2019itineraris i graduacions de les vies.<br \/>\n-Coneixement del medi i zones de pr\u00e0ctica.<\/p>\n<p><strong>MATERIAL QUE CAL PORTAR<\/strong><\/p>\n<p>Vestimenta adient que permeti els moviments, peus de gat, arn\u00e8s, casc, aparell de fre\/assegurador (grigri, cistelles v\u00e0ries) apte per a corda simple, 1 mosquet\u00f3 \u00a0de seguretat HMS (o de pera), 3 mosquetons de seguretat (del tipus que sigui), 1,50 m de cordino de 6 mm, 2 cintes cosides d\u2019entre 60 i 120 cm. aprox., cintes expr\u00e9s (les que es tinguin), corda homologada per escalar en simple (si \u00e9s possible).<\/p>\n<p><strong>NORMES DEL CURS<\/strong><\/p>\n<p>\u2013 Places: m\u00ednim 6 alumnes i m\u00e0xim 12 alumnes. Els inscrits han de ser m\u00faltiples de 6, si s\u2019ha arriba a 6 alumnes, s\u2019han d\u2019apuntar en llista d\u2019espera fins arribar a 12 alumnes.<br \/>\n\u2013 La direcci\u00f3 del curs es reserva el dret de modificar el programa si les condicions meteorol\u00f2giques o altres ho aconsellen.<br \/>\n\u2013 La direcci\u00f3 del curs i el seu equip es reserven el dret d\u2019excloure del curs, qualsevol alumne que demostri desinter\u00e8s, manca de capacitat, o incompliment de les normes.<br \/>\n\u2013 El participant assumeix doncs els possibles riscos que aix\u00f2 comporta i es compromet a seguir les instruccions que en cada moment se li doni per part del professorat.<br \/>\n\u2013 Disposar de la llic\u00e8ncia federativa de la FEEC-2021 mod. C o superior.<br \/>\n\u2013 Omplir el <a href=\"https:\/\/cetaradell.cat\/ce\/wp-content\/uploads\/1.-Inscripcio-Activitats-promocio-pdf-editable.pdf\" target=\"_blank\" rel=\"noopener\">full d\u2019inscripci\u00f3<\/a> i el <a href=\"https:\/\/cetaradell.cat\/ce\/wp-content\/uploads\/3.-Test-inicial-pdf-editable.pdf\" target=\"_blank\" rel=\"noopener\">TEST 1<\/a> (Es facilitar\u00e0 al fer la inscripci\u00f3 o us el podeu descarregar des d&#8217;aquesta web)<br \/>\n\u2013 Edat m\u00ednima 16 anys. Els menors de 18 anys hauran de presentar perm\u00eds patern amb fotoc\u00f2pia del DNI del tutor\/a.<br \/>\n\u2013<strong>Els viatges, \u00e0pats i pernoctacions aniran per compte de l\u2019alumne.<\/strong><\/p>\n<p><strong><u>PROGRAMA DEL CURS \u2013 nivel 1<\/u><\/strong><\/p>\n<p><strong>OCTUBRE<\/strong><\/p>\n<p><strong>27<\/strong>\u00a0 \u00a0 Presentaci\u00f3. (A la seu del CET de les 19 h a les 21 h).<\/p>\n<p><strong>\u00a030 i 31<\/strong>\u00a0 Sortides te\u00f2rico-pr\u00e0ctiques: Lloc a determinar.<\/p>\n<p><strong>NOVEMBRE<\/strong><\/p>\n<p><strong>\u00a013 i 14\u00a0 <\/strong>Sortides te\u00f2rico-pr\u00e0ctiques: Lloc a determinar.<\/p>\n<p>Te\u00f2riques:<\/p>\n<ul>\n<li>T\u00e8cniques de progressi\u00f3 i seguretat.<\/li>\n<li>Graduacions i ressenyes. T\u00e8cniques de fortuna.<\/li>\n<li>Coneixement del medi. Cloenda del curs.<\/li>\n<\/ul>\n<p><strong>DIRECTOR<\/strong><strong>: <\/strong>Jordi Tona<\/p>\n<p>Tots els instructors tenen la titulaci\u00f3 de l\u2019Escola Catalana d\u2019Alta Muntanya \u2013 <strong>ECAM.<\/strong><\/p>\n<p>&nbsp;<\/p>\n","protected":false},"excerpt":{"rendered":"<p>Termini d&#8217;inscripci\u00f3 Fins exhaurir les places. Contactar amb el CET: cetaradell@cetaradell.cat Full d&#8217;inscripci\u00f3 Test inicial &#8211; 1 &nbsp; PRESENTACI\u00d3 L\u2019escalada \u00e9s una modalitat esportiva apassionant que permet descobrir l\u2019ess\u00e8ncia i la bellesa de la muntanya vertical. Dirigit a aquelles persones que volen iniciar-se en l\u2019escalada en itineraris equipats. Cal una  [&#8230;]<\/p>\n","protected":false},"author":1,"featured_media":8920,"comment_status":"closed","ping_status":"closed","sticky":false,"template":"","format":"standard","meta":{"footnotes":""},"categories":[4,50,7],"tags":[],"class_list":["post-8887","post","type-post","status-publish","format-standard","has-post-thumbnail","hentry","category-activitats","category-geea","category-muntanya"],"yoast_head":"<!-- This site is optimized with the Yoast SEO plugin v27.4 - https:\/\/yoast.com\/product\/yoast-seo-wordpress\/ -->\n<title>Curs d&#039;escala - Nivell 1 - Centre Excursionista Taradell<\/title>\n<meta name=\"robots\" content=\"index, follow, max-snippet:-1, max-image-preview:large, max-video-preview:-1\" \/>\n<link rel=\"canonical\" href=\"https:\/\/cetaradell.cat\/ce\/curs-descala-nivell-1\/\" \/>\n<meta property=\"og:locale\" content=\"ca_ES\" \/>\n<meta property=\"og:type\" content=\"article\" \/>\n<meta property=\"og:title\" content=\"Curs d&#039;escala - Nivell 1 - Centre Excursionista Taradell\" \/>\n<meta property=\"og:description\" content=\"Termini d&#8217;inscripci\u00f3 Fins exhaurir les places. Contactar amb el CET: cetaradell@cetaradell.cat Full d&#8217;inscripci\u00f3 Test inicial &#8211; 1 &nbsp; PRESENTACI\u00d3 L\u2019escalada \u00e9s una modalitat esportiva apassionant que permet descobrir l\u2019ess\u00e8ncia i la bellesa de la muntanya vertical. Dirigit a aquelles persones que volen iniciar-se en l\u2019escalada en itineraris equipats. Cal una [...]\" \/>\n<meta property=\"og:url\" content=\"https:\/\/cetaradell.cat\/ce\/curs-descala-nivell-1\/\" \/>\n<meta property=\"og:site_name\" content=\"Centre Excursionista Taradell\" \/>\n<meta property=\"article:publisher\" content=\"https:\/\/www.facebook.com\/CETaradell\/\" \/>\n<meta property=\"article:published_time\" content=\"2021-09-25T15:33:27+00:00\" \/>\n<meta property=\"article:modified_time\" content=\"2021-10-21T21:07:09+00:00\" \/>\n<meta property=\"og:image\" content=\"https:\/\/cetaradell.cat\/ce\/wp-content\/uploads\/Escalada_nivell_1_Cordada_AEE.png\" \/>\n\t<meta property=\"og:image:width\" content=\"506\" \/>\n\t<meta property=\"og:image:height\" content=\"381\" \/>\n\t<meta property=\"og:image:type\" content=\"image\/png\" \/>\n<meta name=\"author\" content=\"CET\" \/>\n<meta name=\"twitter:card\" content=\"summary_large_image\" \/>\n<meta name=\"twitter:label1\" content=\"Escrit per\" \/>\n\t<meta name=\"twitter:data1\" content=\"CET\" \/>\n\t<meta name=\"twitter:label2\" content=\"Temps estimat de lectura\" \/>\n\t<meta name=\"twitter:data2\" content=\"3 minuts\" \/>\n<script type=\"application\/ld+json\" class=\"yoast-schema-graph\">{\"@context\":\"https:\\\/\\\/schema.org\",\"@graph\":[{\"@type\":\"Article\",\"@id\":\"https:\\\/\\\/cetaradell.cat\\\/ce\\\/curs-descala-nivell-1\\\/#article\",\"isPartOf\":{\"@id\":\"https:\\\/\\\/cetaradell.cat\\\/ce\\\/curs-descala-nivell-1\\\/\"},\"author\":{\"name\":\"CET\",\"@id\":\"https:\\\/\\\/cetaradell.cat\\\/ce\\\/#\\\/schema\\\/person\\\/92a59f585073071c7be6649e84b22f78\"},\"headline\":\"Curs d&#8217;escala &#8211; Nivell 1\",\"datePublished\":\"2021-09-25T15:33:27+00:00\",\"dateModified\":\"2021-10-21T21:07:09+00:00\",\"mainEntityOfPage\":{\"@id\":\"https:\\\/\\\/cetaradell.cat\\\/ce\\\/curs-descala-nivell-1\\\/\"},\"wordCount\":465,\"image\":{\"@id\":\"https:\\\/\\\/cetaradell.cat\\\/ce\\\/curs-descala-nivell-1\\\/#primaryimage\"},\"thumbnailUrl\":\"https:\\\/\\\/cetaradell.cat\\\/ce\\\/wp-content\\\/uploads\\\/Escalada_nivell_1_Cordada_AEE.png\",\"articleSection\":[\"Activitats\",\"GEEA\",\"Muntanya\"],\"inLanguage\":\"ca\"},{\"@type\":\"WebPage\",\"@id\":\"https:\\\/\\\/cetaradell.cat\\\/ce\\\/curs-descala-nivell-1\\\/\",\"url\":\"https:\\\/\\\/cetaradell.cat\\\/ce\\\/curs-descala-nivell-1\\\/\",\"name\":\"Curs d'escala - Nivell 1 - Centre Excursionista Taradell\",\"isPartOf\":{\"@id\":\"https:\\\/\\\/cetaradell.cat\\\/ce\\\/#website\"},\"primaryImageOfPage\":{\"@id\":\"https:\\\/\\\/cetaradell.cat\\\/ce\\\/curs-descala-nivell-1\\\/#primaryimage\"},\"image\":{\"@id\":\"https:\\\/\\\/cetaradell.cat\\\/ce\\\/curs-descala-nivell-1\\\/#primaryimage\"},\"thumbnailUrl\":\"https:\\\/\\\/cetaradell.cat\\\/ce\\\/wp-content\\\/uploads\\\/Escalada_nivell_1_Cordada_AEE.png\",\"datePublished\":\"2021-09-25T15:33:27+00:00\",\"dateModified\":\"2021-10-21T21:07:09+00:00\",\"author\":{\"@id\":\"https:\\\/\\\/cetaradell.cat\\\/ce\\\/#\\\/schema\\\/person\\\/92a59f585073071c7be6649e84b22f78\"},\"breadcrumb\":{\"@id\":\"https:\\\/\\\/cetaradell.cat\\\/ce\\\/curs-descala-nivell-1\\\/#breadcrumb\"},\"inLanguage\":\"ca\",\"potentialAction\":[{\"@type\":\"ReadAction\",\"target\":[\"https:\\\/\\\/cetaradell.cat\\\/ce\\\/curs-descala-nivell-1\\\/\"]}]},{\"@type\":\"ImageObject\",\"inLanguage\":\"ca\",\"@id\":\"https:\\\/\\\/cetaradell.cat\\\/ce\\\/curs-descala-nivell-1\\\/#primaryimage\",\"url\":\"https:\\\/\\\/cetaradell.cat\\\/ce\\\/wp-content\\\/uploads\\\/Escalada_nivell_1_Cordada_AEE.png\",\"contentUrl\":\"https:\\\/\\\/cetaradell.cat\\\/ce\\\/wp-content\\\/uploads\\\/Escalada_nivell_1_Cordada_AEE.png\",\"width\":506,\"height\":381},{\"@type\":\"BreadcrumbList\",\"@id\":\"https:\\\/\\\/cetaradell.cat\\\/ce\\\/curs-descala-nivell-1\\\/#breadcrumb\",\"itemListElement\":[{\"@type\":\"ListItem\",\"position\":1,\"name\":\"Inici\",\"item\":\"https:\\\/\\\/cetaradell.cat\\\/ce\\\/\"},{\"@type\":\"ListItem\",\"position\":2,\"name\":\"Curs d&#8217;escala &#8211; Nivell 1\"}]},{\"@type\":\"WebSite\",\"@id\":\"https:\\\/\\\/cetaradell.cat\\\/ce\\\/#website\",\"url\":\"https:\\\/\\\/cetaradell.cat\\\/ce\\\/\",\"name\":\"Centre Excursionista Taradell\",\"description\":\"\",\"potentialAction\":[{\"@type\":\"SearchAction\",\"target\":{\"@type\":\"EntryPoint\",\"urlTemplate\":\"https:\\\/\\\/cetaradell.cat\\\/ce\\\/?s={search_term_string}\"},\"query-input\":{\"@type\":\"PropertyValueSpecification\",\"valueRequired\":true,\"valueName\":\"search_term_string\"}}],\"inLanguage\":\"ca\"},{\"@type\":\"Person\",\"@id\":\"https:\\\/\\\/cetaradell.cat\\\/ce\\\/#\\\/schema\\\/person\\\/92a59f585073071c7be6649e84b22f78\",\"name\":\"CET\",\"image\":{\"@type\":\"ImageObject\",\"inLanguage\":\"ca\",\"@id\":\"https:\\\/\\\/secure.gravatar.com\\\/avatar\\\/d6fbe010d42056feccc0f613ed07277a5118442805079269f12dabdc42e1a727?s=96&d=mm&r=g\",\"url\":\"https:\\\/\\\/secure.gravatar.com\\\/avatar\\\/d6fbe010d42056feccc0f613ed07277a5118442805079269f12dabdc42e1a727?s=96&d=mm&r=g\",\"contentUrl\":\"https:\\\/\\\/secure.gravatar.com\\\/avatar\\\/d6fbe010d42056feccc0f613ed07277a5118442805079269f12dabdc42e1a727?s=96&d=mm&r=g\",\"caption\":\"CET\"},\"url\":\"https:\\\/\\\/cetaradell.cat\\\/ce\\\/author\\\/root\\\/\"}]}<\/script>\n<!-- \/ Yoast SEO plugin. -->","yoast_head_json":{"title":"Curs d'escala - Nivell 1 - Centre Excursionista Taradell","robots":{"index":"index","follow":"follow","max-snippet":"max-snippet:-1","max-image-preview":"max-image-preview:large","max-video-preview":"max-video-preview:-1"},"canonical":"https:\/\/cetaradell.cat\/ce\/curs-descala-nivell-1\/","og_locale":"ca_ES","og_type":"article","og_title":"Curs d'escala - Nivell 1 - Centre Excursionista Taradell","og_description":"Termini d&#8217;inscripci\u00f3 Fins exhaurir les places. Contactar amb el CET: cetaradell@cetaradell.cat Full d&#8217;inscripci\u00f3 Test inicial &#8211; 1 &nbsp; PRESENTACI\u00d3 L\u2019escalada \u00e9s una modalitat esportiva apassionant que permet descobrir l\u2019ess\u00e8ncia i la bellesa de la muntanya vertical. Dirigit a aquelles persones que volen iniciar-se en l\u2019escalada en itineraris equipats. Cal una [...]","og_url":"https:\/\/cetaradell.cat\/ce\/curs-descala-nivell-1\/","og_site_name":"Centre Excursionista Taradell","article_publisher":"https:\/\/www.facebook.com\/CETaradell\/","article_published_time":"2021-09-25T15:33:27+00:00","article_modified_time":"2021-10-21T21:07:09+00:00","og_image":[{"width":506,"height":381,"url":"https:\/\/cetaradell.cat\/ce\/wp-content\/uploads\/Escalada_nivell_1_Cordada_AEE.png","type":"image\/png"}],"author":"CET","twitter_card":"summary_large_image","twitter_misc":{"Escrit per":"CET","Temps estimat de lectura":"3 minuts"},"schema":{"@context":"https:\/\/schema.org","@graph":[{"@type":"Article","@id":"https:\/\/cetaradell.cat\/ce\/curs-descala-nivell-1\/#article","isPartOf":{"@id":"https:\/\/cetaradell.cat\/ce\/curs-descala-nivell-1\/"},"author":{"name":"CET","@id":"https:\/\/cetaradell.cat\/ce\/#\/schema\/person\/92a59f585073071c7be6649e84b22f78"},"headline":"Curs d&#8217;escala &#8211; Nivell 1","datePublished":"2021-09-25T15:33:27+00:00","dateModified":"2021-10-21T21:07:09+00:00","mainEntityOfPage":{"@id":"https:\/\/cetaradell.cat\/ce\/curs-descala-nivell-1\/"},"wordCount":465,"image":{"@id":"https:\/\/cetaradell.cat\/ce\/curs-descala-nivell-1\/#primaryimage"},"thumbnailUrl":"https:\/\/cetaradell.cat\/ce\/wp-content\/uploads\/Escalada_nivell_1_Cordada_AEE.png","articleSection":["Activitats","GEEA","Muntanya"],"inLanguage":"ca"},{"@type":"WebPage","@id":"https:\/\/cetaradell.cat\/ce\/curs-descala-nivell-1\/","url":"https:\/\/cetaradell.cat\/ce\/curs-descala-nivell-1\/","name":"Curs d'escala - Nivell 1 - Centre Excursionista Taradell","isPartOf":{"@id":"https:\/\/cetaradell.cat\/ce\/#website"},"primaryImageOfPage":{"@id":"https:\/\/cetaradell.cat\/ce\/curs-descala-nivell-1\/#primaryimage"},"image":{"@id":"https:\/\/cetaradell.cat\/ce\/curs-descala-nivell-1\/#primaryimage"},"thumbnailUrl":"https:\/\/cetaradell.cat\/ce\/wp-content\/uploads\/Escalada_nivell_1_Cordada_AEE.png","datePublished":"2021-09-25T15:33:27+00:00","dateModified":"2021-10-21T21:07:09+00:00","author":{"@id":"https:\/\/cetaradell.cat\/ce\/#\/schema\/person\/92a59f585073071c7be6649e84b22f78"},"breadcrumb":{"@id":"https:\/\/cetaradell.cat\/ce\/curs-descala-nivell-1\/#breadcrumb"},"inLanguage":"ca","potentialAction":[{"@type":"ReadAction","target":["https:\/\/cetaradell.cat\/ce\/curs-descala-nivell-1\/"]}]},{"@type":"ImageObject","inLanguage":"ca","@id":"https:\/\/cetaradell.cat\/ce\/curs-descala-nivell-1\/#primaryimage","url":"https:\/\/cetaradell.cat\/ce\/wp-content\/uploads\/Escalada_nivell_1_Cordada_AEE.png","contentUrl":"https:\/\/cetaradell.cat\/ce\/wp-content\/uploads\/Escalada_nivell_1_Cordada_AEE.png","width":506,"height":381},{"@type":"BreadcrumbList","@id":"https:\/\/cetaradell.cat\/ce\/curs-descala-nivell-1\/#breadcrumb","itemListElement":[{"@type":"ListItem","position":1,"name":"Inici","item":"https:\/\/cetaradell.cat\/ce\/"},{"@type":"ListItem","position":2,"name":"Curs d&#8217;escala &#8211; Nivell 1"}]},{"@type":"WebSite","@id":"https:\/\/cetaradell.cat\/ce\/#website","url":"https:\/\/cetaradell.cat\/ce\/","name":"Centre Excursionista Taradell","description":"","potentialAction":[{"@type":"SearchAction","target":{"@type":"EntryPoint","urlTemplate":"https:\/\/cetaradell.cat\/ce\/?s={search_term_string}"},"query-input":{"@type":"PropertyValueSpecification","valueRequired":true,"valueName":"search_term_string"}}],"inLanguage":"ca"},{"@type":"Person","@id":"https:\/\/cetaradell.cat\/ce\/#\/schema\/person\/92a59f585073071c7be6649e84b22f78","name":"CET","image":{"@type":"ImageObject","inLanguage":"ca","@id":"https:\/\/secure.gravatar.com\/avatar\/d6fbe010d42056feccc0f613ed07277a5118442805079269f12dabdc42e1a727?s=96&d=mm&r=g","url":"https:\/\/secure.gravatar.com\/avatar\/d6fbe010d42056feccc0f613ed07277a5118442805079269f12dabdc42e1a727?s=96&d=mm&r=g","contentUrl":"https:\/\/secure.gravatar.com\/avatar\/d6fbe010d42056feccc0f613ed07277a5118442805079269f12dabdc42e1a727?s=96&d=mm&r=g","caption":"CET"},"url":"https:\/\/cetaradell.cat\/ce\/author\/root\/"}]}},"_links":{"self":[{"href":"https:\/\/cetaradell.cat\/ce\/wp-json\/wp\/v2\/posts\/8887","targetHints":{"allow":["GET"]}}],"collection":[{"href":"https:\/\/cetaradell.cat\/ce\/wp-json\/wp\/v2\/posts"}],"about":[{"href":"https:\/\/cetaradell.cat\/ce\/wp-json\/wp\/v2\/types\/post"}],"author":[{"embeddable":true,"href":"https:\/\/cetaradell.cat\/ce\/wp-json\/wp\/v2\/users\/1"}],"replies":[{"embeddable":true,"href":"https:\/\/cetaradell.cat\/ce\/wp-json\/wp\/v2\/comments?post=8887"}],"version-history":[{"count":0,"href":"https:\/\/cetaradell.cat\/ce\/wp-json\/wp\/v2\/posts\/8887\/revisions"}],"wp:featuredmedia":[{"embeddable":true,"href":"https:\/\/cetaradell.cat\/ce\/wp-json\/wp\/v2\/media\/8920"}],"wp:attachment":[{"href":"https:\/\/cetaradell.cat\/ce\/wp-json\/wp\/v2\/media?parent=8887"}],"wp:term":[{"taxonomy":"category","embeddable":true,"href":"https:\/\/cetaradell.cat\/ce\/wp-json\/wp\/v2\/categories?post=8887"},{"taxonomy":"post_tag","embeddable":true,"href":"https:\/\/cetaradell.cat\/ce\/wp-json\/wp\/v2\/tags?post=8887"}],"curies":[{"name":"wp","href":"https:\/\/api.w.org\/{rel}","templated":true}]}}