{"id":8922,"date":"2021-10-26T21:55:27","date_gmt":"2021-10-26T20:55:27","guid":{"rendered":"https:\/\/cetaradell.cat\/ce\/?p=8922"},"modified":"2021-10-26T21:55:31","modified_gmt":"2021-10-26T20:55:31","slug":"curs-dorientacio-ce-taradell-regio-vi","status":"publish","type":"post","link":"https:\/\/cetaradell.cat\/ce\/curs-dorientacio-ce-taradell-regio-vi\/","title":{"rendered":"Curs d\u2019Orientaci\u00f3 (CE Taradell) Regi\u00f3 VI"},"content":{"rendered":"<p>&nbsp;<\/p>\n<table class=\" alignright\" style=\"height: 225px; width: 27.8778%; border-collapse: collapse; border-style: solid; border-color: #000000; background-color: #cbcff5;\">\n<tbody>\n<tr>\n<td style=\"text-align: center;\"><strong>Inscripci\u00f3<\/strong><br \/>\nContactar a:<br \/>\n934120777<br \/>\n<a class=\" black\" href=\"mailto:cetaradell@cetaradell.cat\">cetaradell@cetaradell.cat<\/a><\/p>\n<p><a href=\"https:\/\/cetaradell.cat\/ce\/wp-content\/uploads\/1.-Inscripcio-Activitats-promocio-pdf-editable.pdf\" target=\"_blank\" rel=\"noopener\"><em><strong>Full d&#8217;inscripci\u00f3<\/strong><\/em><\/a><br \/>\n<a href=\"https:\/\/cetaradell.cat\/ce\/wp-content\/uploads\/3.-Test-inicial-pdf-editable.pdf\" target=\"_blank\" rel=\"noopener\"><strong><em>Test inicial &#8211; 1<\/em><\/strong><\/a><\/td>\n<\/tr>\n<\/tbody>\n<\/table>\n<p><strong><a href=\"https:\/\/cetaradell.cat\/ce\/curs-dorientacio-ce-taradell-regio-vi\/2021-curs-orientacio\/\" target=\"_blank\" rel=\"attachment noopener wp-att-8923\"><img decoding=\"async\" class=\"alignleft wp-image-8923 size-medium\" src=\"https:\/\/cetaradell.cat\/ce\/wp-content\/uploads\/2021-Curs-Orientacio-300x223.jpg\" alt=\"\" width=\"300\" height=\"223\" srcset=\"https:\/\/cetaradell.cat\/ce\/wp-content\/uploads\/2021-Curs-Orientacio-200x149.jpg 200w, https:\/\/cetaradell.cat\/ce\/wp-content\/uploads\/2021-Curs-Orientacio-300x223.jpg 300w, https:\/\/cetaradell.cat\/ce\/wp-content\/uploads\/2021-Curs-Orientacio-400x298.jpg 400w, https:\/\/cetaradell.cat\/ce\/wp-content\/uploads\/2021-Curs-Orientacio-500x372.jpg 500w, https:\/\/cetaradell.cat\/ce\/wp-content\/uploads\/2021-Curs-Orientacio-600x447.jpg 600w, https:\/\/cetaradell.cat\/ce\/wp-content\/uploads\/2021-Curs-Orientacio-700x521.jpg 700w, https:\/\/cetaradell.cat\/ce\/wp-content\/uploads\/2021-Curs-Orientacio-768x572.jpg 768w, https:\/\/cetaradell.cat\/ce\/wp-content\/uploads\/2021-Curs-Orientacio-800x595.jpg 800w, https:\/\/cetaradell.cat\/ce\/wp-content\/uploads\/2021-Curs-Orientacio-1024x762.jpg 1024w, https:\/\/cetaradell.cat\/ce\/wp-content\/uploads\/2021-Curs-Orientacio.jpg 1200w\" sizes=\"(max-width: 300px) 100vw, 300px\" \/><\/a>PRESENTACI\u00d3<\/strong><\/p>\n<p>Formaci\u00f3 t\u00e8cnica que ens ajudar\u00e0 a orientar-nos en muntanya per realitzar excursions i ascensions en mitja i alta muntanya, amb coneixements per llegir un mapa i interpretar el terreny, amb ajuda de la br\u00faixola i el GPS. Tamb\u00e9 es podran confeccionar i preparar pr\u00e8viament itineraris i excursions per gaudi de forma aut\u00f2noma i segura.<\/p>\n<p><strong>DATA: <\/strong>6, 7, 13 i 14 de novembre 2021<\/p>\n<p><strong><span class=\"fw-light\">PREU: <\/span><\/strong><span class=\"fw-light\">90<\/span> \u20ac amb llic\u00e8ncia federativa\u00a0 FEEC \/\/ 105 \u20ac sense llic\u00e8ncia federativa FEEC + la llic\u00e8ncia temporal<\/p>\n<p><span style=\"text-decoration: underline;\"><strong>CONTINGUTS<\/strong><\/span><\/p>\n<p>-Cartografia i el Mapa Topogr\u00e0fic, l\u2019Escala, les Corbes de Nivell, elements del Terreny, els Signes Convencionals.<br \/>\n-Orientaci\u00f3 interpretant Punts de Refer\u00e8ncia al mapa i al terreny.<br \/>\n-La Br\u00faixola, tipus de br\u00faixola, el Nord Magn\u00e8tic, la Declinaci\u00f3 Magn\u00e8tica, l\u2018Azimut, el Rumb.<br \/>\n-Orientaci\u00f3 amb el mapa i la br\u00faixola, C\u00e0lcul de Rumbs, Seguir un Rumb, Identificar punts de Refer\u00e8ncia amb l\u2019ajuda de la br\u00faixola, trobar el Punt d\u2019Estaci\u00f3 (triangulaci\u00f3).<br \/>\n-Funcionament b\u00e0sic del GPS i configuracions, Waypoint i Tracks, Coordenades UTM, el DATUM, el coordinat\u00f2metre, trobar el Punt d\u2019Estaci\u00f3.<br \/>\n-Preparaci\u00f3 d\u2019itineraris, el curv\u00edmetre i mesura de dist\u00e0ncies, c\u00e0lcul d\u2019horaris.<\/p>\n<p><span style=\"text-decoration: underline;\"><strong>MATERIAL QUE CAL PORTAR<\/strong><\/span><\/p>\n<p>-Material individual: paper, llapis, bol\u00edgraf de punta fina, regle graduat, escaire, tisores, <b>br\u00faixola<\/b><b> de base plana<\/b>, 2 piles AA (si en teniu, <b>GPS<\/b>, curv\u00edmetre).<br \/>\n-Equip individual: Equip de muntanya adequat per a una sortida de mitja muntanya d\u2019un dia.<\/p>\n<p><span style=\"text-decoration: underline;\"><strong>NORMES DEL CURS<\/strong><\/span><\/p>\n<p>-Places: m\u00ednim 8, m\u00e0xim 16 cursetistes. Els inscrits han de ser m\u00faltiples de 8, i si s\u2019ha arriba als 8 alumnes, s\u2019han d\u2019apuntar en llista d\u2019espera fins arribar als 16 alumnes.<\/p>\n<p>-Caldr\u00e0\u00a0 tenir la llic\u00e8ncia federativa anual de la FEEC any 2021, tipus A o superior, o tramitar la llic\u00e8ncia temporal pels dies del curs (5 \u20ac aprox. per dia).<\/p>\n<p>-Edat m\u00ednima 16 anys. Els menors de 18 anys hauran de presentar l\u2019autoritzaci\u00f3 signada pels pares o tutors.<\/p>\n<p>-La direcci\u00f3 del curs es reserva el dret de modificar el programa, si les condicions meteorol\u00f2giques ho aconsellen per a la seguretat de tots els assistents.<\/p>\n<p>-El director i el seu equip es reserven el dret d\u2019excloure a qualsevol alumne que demostri desinter\u00e8s, manca de capacitat o no compleixi les normes establertes.<\/p>\n<p>\u2013<b>Els viatges, \u00e0pats i pernoctacions, incl\u00f2s el refugi, aniran a compte de l\u2019alumne.<\/b><\/p>\n<p><strong><u>PROGRAMA DEL CURS<\/u><\/strong><br \/>\n<strong>NOVEMBRE<\/strong><br \/>\nDia 6 : Presentaci\u00f3-sessi\u00f3 te\u00f2rica. Sortida pr\u00e0ctica.<br \/>\nDia 7: Sortida pr\u00e0ctica.<br \/>\nDies 13 i 14 : Sortides pr\u00e0ctiques.<\/p>\n<p><u><b>DIRECTOR:<\/b><\/u> Ferm\u00ed Marco<\/p>\n<p>Tots els instructors s\u00f3n membres de l\u2019Escola Catalana d\u2019Alta Muntanya (ECAM).<\/p>\n<p><b>Subvenci\u00f3 \u201cDona i Esport\u201d: <\/b>es retornar\u00e0 aproximadament el 20% de la inscripci\u00f3 a aquelles dones amb llic\u00e8ncia federativa anual FEEC i que omplin correctament la documentaci\u00f3.<\/p>\n<p><i>Aquesta \u00e9s una activitat esportiva que requereix uns m\u00ednims de forma f\u00edsica i t\u00e8cnica i que es desenvolupa en el medi natural. El participant assumeix doncs els possibles riscos que aix\u00f2 comporta i es compromet a seguir les instruccions que en cada moment se li donin per part del professorat.<\/i><\/p>\n","protected":false},"excerpt":{"rendered":"<p>&nbsp; Inscripci\u00f3 Contactar a: 934120777 cetaradell@cetaradell.cat Full d&#8217;inscripci\u00f3 Test inicial &#8211; 1 PRESENTACI\u00d3 Formaci\u00f3 t\u00e8cnica que ens ajudar\u00e0 a orientar-nos en muntanya per realitzar excursions i ascensions en mitja i alta muntanya, amb coneixements per llegir un mapa i interpretar el terreny, amb ajuda de la br\u00faixola i el GPS.  [&#8230;]<\/p>\n","protected":false},"author":1,"featured_media":8923,"comment_status":"closed","ping_status":"closed","sticky":false,"template":"","format":"standard","meta":{"footnotes":""},"categories":[4,7],"tags":[],"class_list":["post-8922","post","type-post","status-publish","format-standard","has-post-thumbnail","hentry","category-activitats","category-muntanya"],"yoast_head":"<!-- This site is optimized with the Yoast SEO plugin v27.4 - https:\/\/yoast.com\/product\/yoast-seo-wordpress\/ -->\n<title>Curs d\u2019Orientaci\u00f3 (CE Taradell) Regi\u00f3 VI - Centre Excursionista Taradell<\/title>\n<meta name=\"robots\" content=\"index, follow, max-snippet:-1, max-image-preview:large, max-video-preview:-1\" \/>\n<link rel=\"canonical\" href=\"https:\/\/cetaradell.cat\/ce\/curs-dorientacio-ce-taradell-regio-vi\/\" \/>\n<meta property=\"og:locale\" content=\"ca_ES\" \/>\n<meta property=\"og:type\" content=\"article\" \/>\n<meta property=\"og:title\" content=\"Curs d\u2019Orientaci\u00f3 (CE Taradell) Regi\u00f3 VI - Centre Excursionista Taradell\" \/>\n<meta property=\"og:description\" content=\"&nbsp; Inscripci\u00f3 Contactar a: 934120777 cetaradell@cetaradell.cat Full d&#8217;inscripci\u00f3 Test inicial &#8211; 1 PRESENTACI\u00d3 Formaci\u00f3 t\u00e8cnica que ens ajudar\u00e0 a orientar-nos en muntanya per realitzar excursions i ascensions en mitja i alta muntanya, amb coneixements per llegir un mapa i interpretar el terreny, amb ajuda de la br\u00faixola i el GPS. [...]\" \/>\n<meta property=\"og:url\" content=\"https:\/\/cetaradell.cat\/ce\/curs-dorientacio-ce-taradell-regio-vi\/\" \/>\n<meta property=\"og:site_name\" content=\"Centre Excursionista Taradell\" \/>\n<meta property=\"article:publisher\" content=\"https:\/\/www.facebook.com\/CETaradell\/\" \/>\n<meta property=\"article:published_time\" content=\"2021-10-26T20:55:27+00:00\" \/>\n<meta property=\"article:modified_time\" content=\"2021-10-26T20:55:31+00:00\" \/>\n<meta property=\"og:image\" content=\"https:\/\/cetaradell.cat\/ce\/wp-content\/uploads\/2021-Curs-Orientacio.jpg\" \/>\n\t<meta property=\"og:image:width\" content=\"1200\" \/>\n\t<meta property=\"og:image:height\" content=\"893\" \/>\n\t<meta property=\"og:image:type\" content=\"image\/jpeg\" \/>\n<meta name=\"author\" content=\"CET\" \/>\n<meta name=\"twitter:card\" content=\"summary_large_image\" \/>\n<meta name=\"twitter:label1\" content=\"Escrit per\" \/>\n\t<meta name=\"twitter:data1\" content=\"CET\" \/>\n\t<meta name=\"twitter:label2\" content=\"Temps estimat de lectura\" \/>\n\t<meta name=\"twitter:data2\" content=\"3 minuts\" \/>\n<script type=\"application\/ld+json\" class=\"yoast-schema-graph\">{\"@context\":\"https:\\\/\\\/schema.org\",\"@graph\":[{\"@type\":\"Article\",\"@id\":\"https:\\\/\\\/cetaradell.cat\\\/ce\\\/curs-dorientacio-ce-taradell-regio-vi\\\/#article\",\"isPartOf\":{\"@id\":\"https:\\\/\\\/cetaradell.cat\\\/ce\\\/curs-dorientacio-ce-taradell-regio-vi\\\/\"},\"author\":{\"name\":\"CET\",\"@id\":\"https:\\\/\\\/cetaradell.cat\\\/ce\\\/#\\\/schema\\\/person\\\/92a59f585073071c7be6649e84b22f78\"},\"headline\":\"Curs d\u2019Orientaci\u00f3 (CE Taradell) Regi\u00f3 VI\",\"datePublished\":\"2021-10-26T20:55:27+00:00\",\"dateModified\":\"2021-10-26T20:55:31+00:00\",\"mainEntityOfPage\":{\"@id\":\"https:\\\/\\\/cetaradell.cat\\\/ce\\\/curs-dorientacio-ce-taradell-regio-vi\\\/\"},\"wordCount\":532,\"image\":{\"@id\":\"https:\\\/\\\/cetaradell.cat\\\/ce\\\/curs-dorientacio-ce-taradell-regio-vi\\\/#primaryimage\"},\"thumbnailUrl\":\"https:\\\/\\\/cetaradell.cat\\\/ce\\\/wp-content\\\/uploads\\\/2021-Curs-Orientacio.jpg\",\"articleSection\":[\"Activitats\",\"Muntanya\"],\"inLanguage\":\"ca\"},{\"@type\":\"WebPage\",\"@id\":\"https:\\\/\\\/cetaradell.cat\\\/ce\\\/curs-dorientacio-ce-taradell-regio-vi\\\/\",\"url\":\"https:\\\/\\\/cetaradell.cat\\\/ce\\\/curs-dorientacio-ce-taradell-regio-vi\\\/\",\"name\":\"Curs d\u2019Orientaci\u00f3 (CE Taradell) Regi\u00f3 VI - Centre Excursionista Taradell\",\"isPartOf\":{\"@id\":\"https:\\\/\\\/cetaradell.cat\\\/ce\\\/#website\"},\"primaryImageOfPage\":{\"@id\":\"https:\\\/\\\/cetaradell.cat\\\/ce\\\/curs-dorientacio-ce-taradell-regio-vi\\\/#primaryimage\"},\"image\":{\"@id\":\"https:\\\/\\\/cetaradell.cat\\\/ce\\\/curs-dorientacio-ce-taradell-regio-vi\\\/#primaryimage\"},\"thumbnailUrl\":\"https:\\\/\\\/cetaradell.cat\\\/ce\\\/wp-content\\\/uploads\\\/2021-Curs-Orientacio.jpg\",\"datePublished\":\"2021-10-26T20:55:27+00:00\",\"dateModified\":\"2021-10-26T20:55:31+00:00\",\"author\":{\"@id\":\"https:\\\/\\\/cetaradell.cat\\\/ce\\\/#\\\/schema\\\/person\\\/92a59f585073071c7be6649e84b22f78\"},\"breadcrumb\":{\"@id\":\"https:\\\/\\\/cetaradell.cat\\\/ce\\\/curs-dorientacio-ce-taradell-regio-vi\\\/#breadcrumb\"},\"inLanguage\":\"ca\",\"potentialAction\":[{\"@type\":\"ReadAction\",\"target\":[\"https:\\\/\\\/cetaradell.cat\\\/ce\\\/curs-dorientacio-ce-taradell-regio-vi\\\/\"]}]},{\"@type\":\"ImageObject\",\"inLanguage\":\"ca\",\"@id\":\"https:\\\/\\\/cetaradell.cat\\\/ce\\\/curs-dorientacio-ce-taradell-regio-vi\\\/#primaryimage\",\"url\":\"https:\\\/\\\/cetaradell.cat\\\/ce\\\/wp-content\\\/uploads\\\/2021-Curs-Orientacio.jpg\",\"contentUrl\":\"https:\\\/\\\/cetaradell.cat\\\/ce\\\/wp-content\\\/uploads\\\/2021-Curs-Orientacio.jpg\",\"width\":1200,\"height\":893},{\"@type\":\"BreadcrumbList\",\"@id\":\"https:\\\/\\\/cetaradell.cat\\\/ce\\\/curs-dorientacio-ce-taradell-regio-vi\\\/#breadcrumb\",\"itemListElement\":[{\"@type\":\"ListItem\",\"position\":1,\"name\":\"Inici\",\"item\":\"https:\\\/\\\/cetaradell.cat\\\/ce\\\/\"},{\"@type\":\"ListItem\",\"position\":2,\"name\":\"Curs d\u2019Orientaci\u00f3 (CE Taradell) Regi\u00f3 VI\"}]},{\"@type\":\"WebSite\",\"@id\":\"https:\\\/\\\/cetaradell.cat\\\/ce\\\/#website\",\"url\":\"https:\\\/\\\/cetaradell.cat\\\/ce\\\/\",\"name\":\"Centre Excursionista Taradell\",\"description\":\"\",\"potentialAction\":[{\"@type\":\"SearchAction\",\"target\":{\"@type\":\"EntryPoint\",\"urlTemplate\":\"https:\\\/\\\/cetaradell.cat\\\/ce\\\/?s={search_term_string}\"},\"query-input\":{\"@type\":\"PropertyValueSpecification\",\"valueRequired\":true,\"valueName\":\"search_term_string\"}}],\"inLanguage\":\"ca\"},{\"@type\":\"Person\",\"@id\":\"https:\\\/\\\/cetaradell.cat\\\/ce\\\/#\\\/schema\\\/person\\\/92a59f585073071c7be6649e84b22f78\",\"name\":\"CET\",\"image\":{\"@type\":\"ImageObject\",\"inLanguage\":\"ca\",\"@id\":\"https:\\\/\\\/secure.gravatar.com\\\/avatar\\\/d6fbe010d42056feccc0f613ed07277a5118442805079269f12dabdc42e1a727?s=96&d=mm&r=g\",\"url\":\"https:\\\/\\\/secure.gravatar.com\\\/avatar\\\/d6fbe010d42056feccc0f613ed07277a5118442805079269f12dabdc42e1a727?s=96&d=mm&r=g\",\"contentUrl\":\"https:\\\/\\\/secure.gravatar.com\\\/avatar\\\/d6fbe010d42056feccc0f613ed07277a5118442805079269f12dabdc42e1a727?s=96&d=mm&r=g\",\"caption\":\"CET\"},\"url\":\"https:\\\/\\\/cetaradell.cat\\\/ce\\\/author\\\/root\\\/\"}]}<\/script>\n<!-- \/ Yoast SEO plugin. -->","yoast_head_json":{"title":"Curs d\u2019Orientaci\u00f3 (CE Taradell) Regi\u00f3 VI - Centre Excursionista Taradell","robots":{"index":"index","follow":"follow","max-snippet":"max-snippet:-1","max-image-preview":"max-image-preview:large","max-video-preview":"max-video-preview:-1"},"canonical":"https:\/\/cetaradell.cat\/ce\/curs-dorientacio-ce-taradell-regio-vi\/","og_locale":"ca_ES","og_type":"article","og_title":"Curs d\u2019Orientaci\u00f3 (CE Taradell) Regi\u00f3 VI - Centre Excursionista Taradell","og_description":"&nbsp; Inscripci\u00f3 Contactar a: 934120777 cetaradell@cetaradell.cat Full d&#8217;inscripci\u00f3 Test inicial &#8211; 1 PRESENTACI\u00d3 Formaci\u00f3 t\u00e8cnica que ens ajudar\u00e0 a orientar-nos en muntanya per realitzar excursions i ascensions en mitja i alta muntanya, amb coneixements per llegir un mapa i interpretar el terreny, amb ajuda de la br\u00faixola i el GPS. [...]","og_url":"https:\/\/cetaradell.cat\/ce\/curs-dorientacio-ce-taradell-regio-vi\/","og_site_name":"Centre Excursionista Taradell","article_publisher":"https:\/\/www.facebook.com\/CETaradell\/","article_published_time":"2021-10-26T20:55:27+00:00","article_modified_time":"2021-10-26T20:55:31+00:00","og_image":[{"width":1200,"height":893,"url":"https:\/\/cetaradell.cat\/ce\/wp-content\/uploads\/2021-Curs-Orientacio.jpg","type":"image\/jpeg"}],"author":"CET","twitter_card":"summary_large_image","twitter_misc":{"Escrit per":"CET","Temps estimat de lectura":"3 minuts"},"schema":{"@context":"https:\/\/schema.org","@graph":[{"@type":"Article","@id":"https:\/\/cetaradell.cat\/ce\/curs-dorientacio-ce-taradell-regio-vi\/#article","isPartOf":{"@id":"https:\/\/cetaradell.cat\/ce\/curs-dorientacio-ce-taradell-regio-vi\/"},"author":{"name":"CET","@id":"https:\/\/cetaradell.cat\/ce\/#\/schema\/person\/92a59f585073071c7be6649e84b22f78"},"headline":"Curs d\u2019Orientaci\u00f3 (CE Taradell) Regi\u00f3 VI","datePublished":"2021-10-26T20:55:27+00:00","dateModified":"2021-10-26T20:55:31+00:00","mainEntityOfPage":{"@id":"https:\/\/cetaradell.cat\/ce\/curs-dorientacio-ce-taradell-regio-vi\/"},"wordCount":532,"image":{"@id":"https:\/\/cetaradell.cat\/ce\/curs-dorientacio-ce-taradell-regio-vi\/#primaryimage"},"thumbnailUrl":"https:\/\/cetaradell.cat\/ce\/wp-content\/uploads\/2021-Curs-Orientacio.jpg","articleSection":["Activitats","Muntanya"],"inLanguage":"ca"},{"@type":"WebPage","@id":"https:\/\/cetaradell.cat\/ce\/curs-dorientacio-ce-taradell-regio-vi\/","url":"https:\/\/cetaradell.cat\/ce\/curs-dorientacio-ce-taradell-regio-vi\/","name":"Curs d\u2019Orientaci\u00f3 (CE Taradell) Regi\u00f3 VI - Centre Excursionista Taradell","isPartOf":{"@id":"https:\/\/cetaradell.cat\/ce\/#website"},"primaryImageOfPage":{"@id":"https:\/\/cetaradell.cat\/ce\/curs-dorientacio-ce-taradell-regio-vi\/#primaryimage"},"image":{"@id":"https:\/\/cetaradell.cat\/ce\/curs-dorientacio-ce-taradell-regio-vi\/#primaryimage"},"thumbnailUrl":"https:\/\/cetaradell.cat\/ce\/wp-content\/uploads\/2021-Curs-Orientacio.jpg","datePublished":"2021-10-26T20:55:27+00:00","dateModified":"2021-10-26T20:55:31+00:00","author":{"@id":"https:\/\/cetaradell.cat\/ce\/#\/schema\/person\/92a59f585073071c7be6649e84b22f78"},"breadcrumb":{"@id":"https:\/\/cetaradell.cat\/ce\/curs-dorientacio-ce-taradell-regio-vi\/#breadcrumb"},"inLanguage":"ca","potentialAction":[{"@type":"ReadAction","target":["https:\/\/cetaradell.cat\/ce\/curs-dorientacio-ce-taradell-regio-vi\/"]}]},{"@type":"ImageObject","inLanguage":"ca","@id":"https:\/\/cetaradell.cat\/ce\/curs-dorientacio-ce-taradell-regio-vi\/#primaryimage","url":"https:\/\/cetaradell.cat\/ce\/wp-content\/uploads\/2021-Curs-Orientacio.jpg","contentUrl":"https:\/\/cetaradell.cat\/ce\/wp-content\/uploads\/2021-Curs-Orientacio.jpg","width":1200,"height":893},{"@type":"BreadcrumbList","@id":"https:\/\/cetaradell.cat\/ce\/curs-dorientacio-ce-taradell-regio-vi\/#breadcrumb","itemListElement":[{"@type":"ListItem","position":1,"name":"Inici","item":"https:\/\/cetaradell.cat\/ce\/"},{"@type":"ListItem","position":2,"name":"Curs d\u2019Orientaci\u00f3 (CE Taradell) Regi\u00f3 VI"}]},{"@type":"WebSite","@id":"https:\/\/cetaradell.cat\/ce\/#website","url":"https:\/\/cetaradell.cat\/ce\/","name":"Centre Excursionista Taradell","description":"","potentialAction":[{"@type":"SearchAction","target":{"@type":"EntryPoint","urlTemplate":"https:\/\/cetaradell.cat\/ce\/?s={search_term_string}"},"query-input":{"@type":"PropertyValueSpecification","valueRequired":true,"valueName":"search_term_string"}}],"inLanguage":"ca"},{"@type":"Person","@id":"https:\/\/cetaradell.cat\/ce\/#\/schema\/person\/92a59f585073071c7be6649e84b22f78","name":"CET","image":{"@type":"ImageObject","inLanguage":"ca","@id":"https:\/\/secure.gravatar.com\/avatar\/d6fbe010d42056feccc0f613ed07277a5118442805079269f12dabdc42e1a727?s=96&d=mm&r=g","url":"https:\/\/secure.gravatar.com\/avatar\/d6fbe010d42056feccc0f613ed07277a5118442805079269f12dabdc42e1a727?s=96&d=mm&r=g","contentUrl":"https:\/\/secure.gravatar.com\/avatar\/d6fbe010d42056feccc0f613ed07277a5118442805079269f12dabdc42e1a727?s=96&d=mm&r=g","caption":"CET"},"url":"https:\/\/cetaradell.cat\/ce\/author\/root\/"}]}},"_links":{"self":[{"href":"https:\/\/cetaradell.cat\/ce\/wp-json\/wp\/v2\/posts\/8922","targetHints":{"allow":["GET"]}}],"collection":[{"href":"https:\/\/cetaradell.cat\/ce\/wp-json\/wp\/v2\/posts"}],"about":[{"href":"https:\/\/cetaradell.cat\/ce\/wp-json\/wp\/v2\/types\/post"}],"author":[{"embeddable":true,"href":"https:\/\/cetaradell.cat\/ce\/wp-json\/wp\/v2\/users\/1"}],"replies":[{"embeddable":true,"href":"https:\/\/cetaradell.cat\/ce\/wp-json\/wp\/v2\/comments?post=8922"}],"version-history":[{"count":0,"href":"https:\/\/cetaradell.cat\/ce\/wp-json\/wp\/v2\/posts\/8922\/revisions"}],"wp:featuredmedia":[{"embeddable":true,"href":"https:\/\/cetaradell.cat\/ce\/wp-json\/wp\/v2\/media\/8923"}],"wp:attachment":[{"href":"https:\/\/cetaradell.cat\/ce\/wp-json\/wp\/v2\/media?parent=8922"}],"wp:term":[{"taxonomy":"category","embeddable":true,"href":"https:\/\/cetaradell.cat\/ce\/wp-json\/wp\/v2\/categories?post=8922"},{"taxonomy":"post_tag","embeddable":true,"href":"https:\/\/cetaradell.cat\/ce\/wp-json\/wp\/v2\/tags?post=8922"}],"curies":[{"name":"wp","href":"https:\/\/api.w.org\/{rel}","templated":true}]}}