{"id":8945,"date":"2021-11-29T20:54:26","date_gmt":"2021-11-29T19:54:26","guid":{"rendered":"https:\/\/cetaradell.cat\/ce\/?p=8945"},"modified":"2021-12-01T23:04:55","modified_gmt":"2021-12-01T22:04:55","slug":"sortida-a-portar-el-pessebre-al-pirineu-2021","status":"publish","type":"post","link":"https:\/\/cetaradell.cat\/ce\/sortida-a-portar-el-pessebre-al-pirineu-2021\/","title":{"rendered":"Sortida a portar el pessebre al Pirineu &#8211; 2021"},"content":{"rendered":"<p><strong><a href=\"https:\/\/cetaradell.cat\/ce\/els-pessebres-del-cet-ja-son-a-la-muntanya\/202012-08-pessebre_al_puig_de_les_agudes-2\/\" target=\"_blank\" rel=\"noopener\"><img decoding=\"async\" class=\"alignleft wp-image-8392 size-medium\" src=\"https:\/\/cetaradell.cat\/ce\/wp-content\/uploads\/202012-08-Pessebre_al_Puig_de_les_Agudes-2-225x300.jpeg\" alt=\"\" width=\"225\" height=\"300\" srcset=\"https:\/\/cetaradell.cat\/ce\/wp-content\/uploads\/202012-08-Pessebre_al_Puig_de_les_Agudes-2-200x267.jpeg 200w, https:\/\/cetaradell.cat\/ce\/wp-content\/uploads\/202012-08-Pessebre_al_Puig_de_les_Agudes-2-225x300.jpeg 225w, https:\/\/cetaradell.cat\/ce\/wp-content\/uploads\/202012-08-Pessebre_al_Puig_de_les_Agudes-2-400x533.jpeg 400w, https:\/\/cetaradell.cat\/ce\/wp-content\/uploads\/202012-08-Pessebre_al_Puig_de_les_Agudes-2-500x667.jpeg 500w, https:\/\/cetaradell.cat\/ce\/wp-content\/uploads\/202012-08-Pessebre_al_Puig_de_les_Agudes-2-600x800.jpeg 600w, https:\/\/cetaradell.cat\/ce\/wp-content\/uploads\/202012-08-Pessebre_al_Puig_de_les_Agudes-2-700x933.jpeg 700w, https:\/\/cetaradell.cat\/ce\/wp-content\/uploads\/202012-08-Pessebre_al_Puig_de_les_Agudes-2.jpeg 768w\" sizes=\"(max-width: 225px) 100vw, 225px\" \/><\/a>Dia:<\/strong>\u00a0 diumenge, 19 de desembre de 2021<br \/>\n<strong>Hora de sortida:<\/strong> a les 7 del mat\u00ed<br \/>\n<strong>Lloc de sortida:<\/strong> Espai 1 d&#8217;Octubre (&#8220;La Carpa&#8221;)<br \/>\n<strong>Inscripcions:<\/strong> fins el divendres 17 de desembre.<br \/>\n<strong>Despla\u00e7ament:<\/strong> cotxes particulars.<br \/>\n<strong>Preu:<\/strong> despreses del quilometratge a repartir entre els ocupants sense comptar el conductor.<br \/>\n<strong>Nota: <\/strong>En tot moment es respectaran totes les mesures de seguretat COVID 19, vigents el dia de la sortida.<br \/>\nCal portar, esmorzar, aigua i anar ben cal\u00e7at. Depenent del temps, tamb\u00e9 caldr\u00e0 portar raquetes.<br \/>\nSortida supeditada a les condicions meteorol\u00f2giques. En cas de mal temps es canviar\u00e0 de data.<br \/>\nCal tenir la llic\u00e8ncia federativa corresponent al 2021.<\/p>\n","protected":false},"excerpt":{"rendered":"<p>Dia:\u00a0 diumenge, 19 de desembre de 2021 Hora de sortida: a les 7 del mat\u00ed Lloc de sortida: Espai 1 d&#8217;Octubre (&#8220;La Carpa&#8221;) Inscripcions: fins el divendres 17 de desembre. Despla\u00e7ament: cotxes particulars. Preu: despreses del quilometratge a repartir entre els ocupants sense comptar el conductor. Nota: En tot moment  [&#8230;]<\/p>\n","protected":false},"author":1,"featured_media":8392,"comment_status":"closed","ping_status":"closed","sticky":false,"template":"","format":"standard","meta":{"footnotes":""},"categories":[4,7],"tags":[],"class_list":["post-8945","post","type-post","status-publish","format-standard","has-post-thumbnail","hentry","category-activitats","category-muntanya"],"yoast_head":"<!-- This site is optimized with the Yoast SEO plugin v27.4 - https:\/\/yoast.com\/product\/yoast-seo-wordpress\/ -->\n<title>Sortida a portar el pessebre al Pirineu - 2021 - Centre Excursionista Taradell<\/title>\n<meta name=\"robots\" content=\"index, follow, max-snippet:-1, max-image-preview:large, max-video-preview:-1\" \/>\n<link rel=\"canonical\" href=\"https:\/\/cetaradell.cat\/ce\/sortida-a-portar-el-pessebre-al-pirineu-2021\/\" \/>\n<meta property=\"og:locale\" content=\"ca_ES\" \/>\n<meta property=\"og:type\" content=\"article\" \/>\n<meta property=\"og:title\" content=\"Sortida a portar el pessebre al Pirineu - 2021 - Centre Excursionista Taradell\" \/>\n<meta property=\"og:description\" content=\"Dia:\u00a0 diumenge, 19 de desembre de 2021 Hora de sortida: a les 7 del mat\u00ed Lloc de sortida: Espai 1 d&#8217;Octubre (&#8220;La Carpa&#8221;) Inscripcions: fins el divendres 17 de desembre. Despla\u00e7ament: cotxes particulars. Preu: despreses del quilometratge a repartir entre els ocupants sense comptar el conductor. Nota: En tot moment [...]\" \/>\n<meta property=\"og:url\" content=\"https:\/\/cetaradell.cat\/ce\/sortida-a-portar-el-pessebre-al-pirineu-2021\/\" \/>\n<meta property=\"og:site_name\" content=\"Centre Excursionista Taradell\" \/>\n<meta property=\"article:publisher\" content=\"https:\/\/www.facebook.com\/CETaradell\/\" \/>\n<meta property=\"article:published_time\" content=\"2021-11-29T19:54:26+00:00\" \/>\n<meta property=\"article:modified_time\" content=\"2021-12-01T22:04:55+00:00\" \/>\n<meta property=\"og:image\" content=\"https:\/\/cetaradell.cat\/ce\/wp-content\/uploads\/202012-08-Pessebre_al_Puig_de_les_Agudes-2.jpeg\" \/>\n\t<meta property=\"og:image:width\" content=\"768\" \/>\n\t<meta property=\"og:image:height\" content=\"1024\" \/>\n\t<meta property=\"og:image:type\" content=\"image\/jpeg\" \/>\n<meta name=\"author\" content=\"CET\" \/>\n<meta name=\"twitter:card\" content=\"summary_large_image\" \/>\n<meta name=\"twitter:label1\" content=\"Escrit per\" \/>\n\t<meta name=\"twitter:data1\" content=\"CET\" \/>\n\t<meta name=\"twitter:label2\" content=\"Temps estimat de lectura\" \/>\n\t<meta name=\"twitter:data2\" content=\"1 minut\" \/>\n<script type=\"application\/ld+json\" class=\"yoast-schema-graph\">{\"@context\":\"https:\\\/\\\/schema.org\",\"@graph\":[{\"@type\":\"Article\",\"@id\":\"https:\\\/\\\/cetaradell.cat\\\/ce\\\/sortida-a-portar-el-pessebre-al-pirineu-2021\\\/#article\",\"isPartOf\":{\"@id\":\"https:\\\/\\\/cetaradell.cat\\\/ce\\\/sortida-a-portar-el-pessebre-al-pirineu-2021\\\/\"},\"author\":{\"name\":\"CET\",\"@id\":\"https:\\\/\\\/cetaradell.cat\\\/ce\\\/#\\\/schema\\\/person\\\/92a59f585073071c7be6649e84b22f78\"},\"headline\":\"Sortida a portar el pessebre al Pirineu &#8211; 2021\",\"datePublished\":\"2021-11-29T19:54:26+00:00\",\"dateModified\":\"2021-12-01T22:04:55+00:00\",\"mainEntityOfPage\":{\"@id\":\"https:\\\/\\\/cetaradell.cat\\\/ce\\\/sortida-a-portar-el-pessebre-al-pirineu-2021\\\/\"},\"wordCount\":109,\"image\":{\"@id\":\"https:\\\/\\\/cetaradell.cat\\\/ce\\\/sortida-a-portar-el-pessebre-al-pirineu-2021\\\/#primaryimage\"},\"thumbnailUrl\":\"https:\\\/\\\/cetaradell.cat\\\/ce\\\/wp-content\\\/uploads\\\/202012-08-Pessebre_al_Puig_de_les_Agudes-2.jpeg\",\"articleSection\":[\"Activitats\",\"Muntanya\"],\"inLanguage\":\"ca\"},{\"@type\":\"WebPage\",\"@id\":\"https:\\\/\\\/cetaradell.cat\\\/ce\\\/sortida-a-portar-el-pessebre-al-pirineu-2021\\\/\",\"url\":\"https:\\\/\\\/cetaradell.cat\\\/ce\\\/sortida-a-portar-el-pessebre-al-pirineu-2021\\\/\",\"name\":\"Sortida a portar el pessebre al Pirineu - 2021 - Centre Excursionista Taradell\",\"isPartOf\":{\"@id\":\"https:\\\/\\\/cetaradell.cat\\\/ce\\\/#website\"},\"primaryImageOfPage\":{\"@id\":\"https:\\\/\\\/cetaradell.cat\\\/ce\\\/sortida-a-portar-el-pessebre-al-pirineu-2021\\\/#primaryimage\"},\"image\":{\"@id\":\"https:\\\/\\\/cetaradell.cat\\\/ce\\\/sortida-a-portar-el-pessebre-al-pirineu-2021\\\/#primaryimage\"},\"thumbnailUrl\":\"https:\\\/\\\/cetaradell.cat\\\/ce\\\/wp-content\\\/uploads\\\/202012-08-Pessebre_al_Puig_de_les_Agudes-2.jpeg\",\"datePublished\":\"2021-11-29T19:54:26+00:00\",\"dateModified\":\"2021-12-01T22:04:55+00:00\",\"author\":{\"@id\":\"https:\\\/\\\/cetaradell.cat\\\/ce\\\/#\\\/schema\\\/person\\\/92a59f585073071c7be6649e84b22f78\"},\"breadcrumb\":{\"@id\":\"https:\\\/\\\/cetaradell.cat\\\/ce\\\/sortida-a-portar-el-pessebre-al-pirineu-2021\\\/#breadcrumb\"},\"inLanguage\":\"ca\",\"potentialAction\":[{\"@type\":\"ReadAction\",\"target\":[\"https:\\\/\\\/cetaradell.cat\\\/ce\\\/sortida-a-portar-el-pessebre-al-pirineu-2021\\\/\"]}]},{\"@type\":\"ImageObject\",\"inLanguage\":\"ca\",\"@id\":\"https:\\\/\\\/cetaradell.cat\\\/ce\\\/sortida-a-portar-el-pessebre-al-pirineu-2021\\\/#primaryimage\",\"url\":\"https:\\\/\\\/cetaradell.cat\\\/ce\\\/wp-content\\\/uploads\\\/202012-08-Pessebre_al_Puig_de_les_Agudes-2.jpeg\",\"contentUrl\":\"https:\\\/\\\/cetaradell.cat\\\/ce\\\/wp-content\\\/uploads\\\/202012-08-Pessebre_al_Puig_de_les_Agudes-2.jpeg\",\"width\":768,\"height\":1024},{\"@type\":\"BreadcrumbList\",\"@id\":\"https:\\\/\\\/cetaradell.cat\\\/ce\\\/sortida-a-portar-el-pessebre-al-pirineu-2021\\\/#breadcrumb\",\"itemListElement\":[{\"@type\":\"ListItem\",\"position\":1,\"name\":\"Inici\",\"item\":\"https:\\\/\\\/cetaradell.cat\\\/ce\\\/\"},{\"@type\":\"ListItem\",\"position\":2,\"name\":\"Sortida a portar el pessebre al Pirineu &#8211; 2021\"}]},{\"@type\":\"WebSite\",\"@id\":\"https:\\\/\\\/cetaradell.cat\\\/ce\\\/#website\",\"url\":\"https:\\\/\\\/cetaradell.cat\\\/ce\\\/\",\"name\":\"Centre Excursionista Taradell\",\"description\":\"\",\"potentialAction\":[{\"@type\":\"SearchAction\",\"target\":{\"@type\":\"EntryPoint\",\"urlTemplate\":\"https:\\\/\\\/cetaradell.cat\\\/ce\\\/?s={search_term_string}\"},\"query-input\":{\"@type\":\"PropertyValueSpecification\",\"valueRequired\":true,\"valueName\":\"search_term_string\"}}],\"inLanguage\":\"ca\"},{\"@type\":\"Person\",\"@id\":\"https:\\\/\\\/cetaradell.cat\\\/ce\\\/#\\\/schema\\\/person\\\/92a59f585073071c7be6649e84b22f78\",\"name\":\"CET\",\"image\":{\"@type\":\"ImageObject\",\"inLanguage\":\"ca\",\"@id\":\"https:\\\/\\\/secure.gravatar.com\\\/avatar\\\/d6fbe010d42056feccc0f613ed07277a5118442805079269f12dabdc42e1a727?s=96&d=mm&r=g\",\"url\":\"https:\\\/\\\/secure.gravatar.com\\\/avatar\\\/d6fbe010d42056feccc0f613ed07277a5118442805079269f12dabdc42e1a727?s=96&d=mm&r=g\",\"contentUrl\":\"https:\\\/\\\/secure.gravatar.com\\\/avatar\\\/d6fbe010d42056feccc0f613ed07277a5118442805079269f12dabdc42e1a727?s=96&d=mm&r=g\",\"caption\":\"CET\"},\"url\":\"https:\\\/\\\/cetaradell.cat\\\/ce\\\/author\\\/root\\\/\"}]}<\/script>\n<!-- \/ Yoast SEO plugin. -->","yoast_head_json":{"title":"Sortida a portar el pessebre al Pirineu - 2021 - Centre Excursionista Taradell","robots":{"index":"index","follow":"follow","max-snippet":"max-snippet:-1","max-image-preview":"max-image-preview:large","max-video-preview":"max-video-preview:-1"},"canonical":"https:\/\/cetaradell.cat\/ce\/sortida-a-portar-el-pessebre-al-pirineu-2021\/","og_locale":"ca_ES","og_type":"article","og_title":"Sortida a portar el pessebre al Pirineu - 2021 - Centre Excursionista Taradell","og_description":"Dia:\u00a0 diumenge, 19 de desembre de 2021 Hora de sortida: a les 7 del mat\u00ed Lloc de sortida: Espai 1 d&#8217;Octubre (&#8220;La Carpa&#8221;) Inscripcions: fins el divendres 17 de desembre. Despla\u00e7ament: cotxes particulars. Preu: despreses del quilometratge a repartir entre els ocupants sense comptar el conductor. Nota: En tot moment [...]","og_url":"https:\/\/cetaradell.cat\/ce\/sortida-a-portar-el-pessebre-al-pirineu-2021\/","og_site_name":"Centre Excursionista Taradell","article_publisher":"https:\/\/www.facebook.com\/CETaradell\/","article_published_time":"2021-11-29T19:54:26+00:00","article_modified_time":"2021-12-01T22:04:55+00:00","og_image":[{"width":768,"height":1024,"url":"https:\/\/cetaradell.cat\/ce\/wp-content\/uploads\/202012-08-Pessebre_al_Puig_de_les_Agudes-2.jpeg","type":"image\/jpeg"}],"author":"CET","twitter_card":"summary_large_image","twitter_misc":{"Escrit per":"CET","Temps estimat de lectura":"1 minut"},"schema":{"@context":"https:\/\/schema.org","@graph":[{"@type":"Article","@id":"https:\/\/cetaradell.cat\/ce\/sortida-a-portar-el-pessebre-al-pirineu-2021\/#article","isPartOf":{"@id":"https:\/\/cetaradell.cat\/ce\/sortida-a-portar-el-pessebre-al-pirineu-2021\/"},"author":{"name":"CET","@id":"https:\/\/cetaradell.cat\/ce\/#\/schema\/person\/92a59f585073071c7be6649e84b22f78"},"headline":"Sortida a portar el pessebre al Pirineu &#8211; 2021","datePublished":"2021-11-29T19:54:26+00:00","dateModified":"2021-12-01T22:04:55+00:00","mainEntityOfPage":{"@id":"https:\/\/cetaradell.cat\/ce\/sortida-a-portar-el-pessebre-al-pirineu-2021\/"},"wordCount":109,"image":{"@id":"https:\/\/cetaradell.cat\/ce\/sortida-a-portar-el-pessebre-al-pirineu-2021\/#primaryimage"},"thumbnailUrl":"https:\/\/cetaradell.cat\/ce\/wp-content\/uploads\/202012-08-Pessebre_al_Puig_de_les_Agudes-2.jpeg","articleSection":["Activitats","Muntanya"],"inLanguage":"ca"},{"@type":"WebPage","@id":"https:\/\/cetaradell.cat\/ce\/sortida-a-portar-el-pessebre-al-pirineu-2021\/","url":"https:\/\/cetaradell.cat\/ce\/sortida-a-portar-el-pessebre-al-pirineu-2021\/","name":"Sortida a portar el pessebre al Pirineu - 2021 - Centre Excursionista Taradell","isPartOf":{"@id":"https:\/\/cetaradell.cat\/ce\/#website"},"primaryImageOfPage":{"@id":"https:\/\/cetaradell.cat\/ce\/sortida-a-portar-el-pessebre-al-pirineu-2021\/#primaryimage"},"image":{"@id":"https:\/\/cetaradell.cat\/ce\/sortida-a-portar-el-pessebre-al-pirineu-2021\/#primaryimage"},"thumbnailUrl":"https:\/\/cetaradell.cat\/ce\/wp-content\/uploads\/202012-08-Pessebre_al_Puig_de_les_Agudes-2.jpeg","datePublished":"2021-11-29T19:54:26+00:00","dateModified":"2021-12-01T22:04:55+00:00","author":{"@id":"https:\/\/cetaradell.cat\/ce\/#\/schema\/person\/92a59f585073071c7be6649e84b22f78"},"breadcrumb":{"@id":"https:\/\/cetaradell.cat\/ce\/sortida-a-portar-el-pessebre-al-pirineu-2021\/#breadcrumb"},"inLanguage":"ca","potentialAction":[{"@type":"ReadAction","target":["https:\/\/cetaradell.cat\/ce\/sortida-a-portar-el-pessebre-al-pirineu-2021\/"]}]},{"@type":"ImageObject","inLanguage":"ca","@id":"https:\/\/cetaradell.cat\/ce\/sortida-a-portar-el-pessebre-al-pirineu-2021\/#primaryimage","url":"https:\/\/cetaradell.cat\/ce\/wp-content\/uploads\/202012-08-Pessebre_al_Puig_de_les_Agudes-2.jpeg","contentUrl":"https:\/\/cetaradell.cat\/ce\/wp-content\/uploads\/202012-08-Pessebre_al_Puig_de_les_Agudes-2.jpeg","width":768,"height":1024},{"@type":"BreadcrumbList","@id":"https:\/\/cetaradell.cat\/ce\/sortida-a-portar-el-pessebre-al-pirineu-2021\/#breadcrumb","itemListElement":[{"@type":"ListItem","position":1,"name":"Inici","item":"https:\/\/cetaradell.cat\/ce\/"},{"@type":"ListItem","position":2,"name":"Sortida a portar el pessebre al Pirineu &#8211; 2021"}]},{"@type":"WebSite","@id":"https:\/\/cetaradell.cat\/ce\/#website","url":"https:\/\/cetaradell.cat\/ce\/","name":"Centre Excursionista Taradell","description":"","potentialAction":[{"@type":"SearchAction","target":{"@type":"EntryPoint","urlTemplate":"https:\/\/cetaradell.cat\/ce\/?s={search_term_string}"},"query-input":{"@type":"PropertyValueSpecification","valueRequired":true,"valueName":"search_term_string"}}],"inLanguage":"ca"},{"@type":"Person","@id":"https:\/\/cetaradell.cat\/ce\/#\/schema\/person\/92a59f585073071c7be6649e84b22f78","name":"CET","image":{"@type":"ImageObject","inLanguage":"ca","@id":"https:\/\/secure.gravatar.com\/avatar\/d6fbe010d42056feccc0f613ed07277a5118442805079269f12dabdc42e1a727?s=96&d=mm&r=g","url":"https:\/\/secure.gravatar.com\/avatar\/d6fbe010d42056feccc0f613ed07277a5118442805079269f12dabdc42e1a727?s=96&d=mm&r=g","contentUrl":"https:\/\/secure.gravatar.com\/avatar\/d6fbe010d42056feccc0f613ed07277a5118442805079269f12dabdc42e1a727?s=96&d=mm&r=g","caption":"CET"},"url":"https:\/\/cetaradell.cat\/ce\/author\/root\/"}]}},"_links":{"self":[{"href":"https:\/\/cetaradell.cat\/ce\/wp-json\/wp\/v2\/posts\/8945","targetHints":{"allow":["GET"]}}],"collection":[{"href":"https:\/\/cetaradell.cat\/ce\/wp-json\/wp\/v2\/posts"}],"about":[{"href":"https:\/\/cetaradell.cat\/ce\/wp-json\/wp\/v2\/types\/post"}],"author":[{"embeddable":true,"href":"https:\/\/cetaradell.cat\/ce\/wp-json\/wp\/v2\/users\/1"}],"replies":[{"embeddable":true,"href":"https:\/\/cetaradell.cat\/ce\/wp-json\/wp\/v2\/comments?post=8945"}],"version-history":[{"count":0,"href":"https:\/\/cetaradell.cat\/ce\/wp-json\/wp\/v2\/posts\/8945\/revisions"}],"wp:featuredmedia":[{"embeddable":true,"href":"https:\/\/cetaradell.cat\/ce\/wp-json\/wp\/v2\/media\/8392"}],"wp:attachment":[{"href":"https:\/\/cetaradell.cat\/ce\/wp-json\/wp\/v2\/media?parent=8945"}],"wp:term":[{"taxonomy":"category","embeddable":true,"href":"https:\/\/cetaradell.cat\/ce\/wp-json\/wp\/v2\/categories?post=8945"},{"taxonomy":"post_tag","embeddable":true,"href":"https:\/\/cetaradell.cat\/ce\/wp-json\/wp\/v2\/tags?post=8945"}],"curies":[{"name":"wp","href":"https:\/\/api.w.org\/{rel}","templated":true}]}}