{"id":8952,"date":"2021-11-13T21:01:59","date_gmt":"2021-11-13T20:01:59","guid":{"rendered":"https:\/\/cetaradell.cat\/ce\/?p=8952"},"modified":"2021-11-13T21:01:59","modified_gmt":"2021-11-13T20:01:59","slug":"finalitzada-la-temporada-2021-de-sortides-de-senders","status":"publish","type":"post","link":"https:\/\/cetaradell.cat\/ce\/finalitzada-la-temporada-2021-de-sortides-de-senders\/","title":{"rendered":"Finalitzada la temporada 2021 de sortides de Senders"},"content":{"rendered":"<p><a href=\"https:\/\/cetaradell.cat\/ce\/finalitzada-la-temporada-2021-de-sortides-de-senders\/2021-11-07-senders-serra_de_busa\/\" target=\"_blank\" rel=\"attachment noopener wp-att-8953\"><img decoding=\"async\" class=\"alignleft wp-image-8953 size-medium\" src=\"https:\/\/cetaradell.cat\/ce\/wp-content\/uploads\/2021-11-07-SENDERS-Serra_de_Busa-300x225.jpg\" alt=\"\" width=\"300\" height=\"225\" srcset=\"https:\/\/cetaradell.cat\/ce\/wp-content\/uploads\/2021-11-07-SENDERS-Serra_de_Busa-200x150.jpg 200w, https:\/\/cetaradell.cat\/ce\/wp-content\/uploads\/2021-11-07-SENDERS-Serra_de_Busa-300x225.jpg 300w, https:\/\/cetaradell.cat\/ce\/wp-content\/uploads\/2021-11-07-SENDERS-Serra_de_Busa-400x300.jpg 400w, https:\/\/cetaradell.cat\/ce\/wp-content\/uploads\/2021-11-07-SENDERS-Serra_de_Busa-500x375.jpg 500w, https:\/\/cetaradell.cat\/ce\/wp-content\/uploads\/2021-11-07-SENDERS-Serra_de_Busa-600x450.jpg 600w, https:\/\/cetaradell.cat\/ce\/wp-content\/uploads\/2021-11-07-SENDERS-Serra_de_Busa-700x525.jpg 700w, https:\/\/cetaradell.cat\/ce\/wp-content\/uploads\/2021-11-07-SENDERS-Serra_de_Busa-768x576.jpg 768w, https:\/\/cetaradell.cat\/ce\/wp-content\/uploads\/2021-11-07-SENDERS-Serra_de_Busa-800x600.jpg 800w, https:\/\/cetaradell.cat\/ce\/wp-content\/uploads\/2021-11-07-SENDERS-Serra_de_Busa-1024x768.jpg 1024w, https:\/\/cetaradell.cat\/ce\/wp-content\/uploads\/2021-11-07-SENDERS-Serra_de_Busa-1200x900.jpg 1200w, https:\/\/cetaradell.cat\/ce\/wp-content\/uploads\/2021-11-07-SENDERS-Serra_de_Busa.jpg 1216w\" sizes=\"(max-width: 300px) 100vw, 300px\" \/><\/a>El passat diumenge 7 de novembre es va fer l&#8217;\u00faltima sortida de Senders \u00a0d\u2019enguany. \u00a0Aquesta sortida, tal com estava programada, es va fer a la Serra de\u00a0Busa, visitant la Pres\u00f3 del Capolatell.<\/p>\n<p>V\u00e0rem comptar amb 26 participants que vam gaudir d&#8217;un dia espl\u00e8ndid i d&#8217;unes vistes magn\u00edfiques de bona part del Pirineu.<\/p>\n<p>Un cop acabada l\u2019excursi\u00f3 i al ser l&#8217;\u00faltima sortida de Senders vam acabar amb un dinar en un restaurant de Solsona.<\/p>\n<p>Des del CET estem preparant la pr\u00f2xima temporada de sortides, que esperem sigui del vostre gust i puguem comptar amb tots vosaltres.<\/p>\n","protected":false},"excerpt":{"rendered":"<p>El passat diumenge 7 de novembre es va fer l&#8217;\u00faltima sortida de Senders \u00a0d\u2019enguany. \u00a0Aquesta sortida, tal com estava programada, es va fer a la Serra de\u00a0Busa, visitant la Pres\u00f3 del Capolatell. V\u00e0rem comptar amb 26 participants que vam gaudir d&#8217;un dia espl\u00e8ndid i d&#8217;unes vistes magn\u00edfiques de bona part  [&#8230;]<\/p>\n","protected":false},"author":1,"featured_media":8953,"comment_status":"closed","ping_status":"closed","sticky":false,"template":"","format":"standard","meta":{"footnotes":""},"categories":[3,11],"tags":[],"class_list":["post-8952","post","type-post","status-publish","format-standard","has-post-thumbnail","hentry","category-noticies","category-senders"],"yoast_head":"<!-- This site is optimized with the Yoast SEO plugin v27.4 - https:\/\/yoast.com\/product\/yoast-seo-wordpress\/ -->\n<title>Finalitzada la temporada 2021 de sortides de Senders - Centre Excursionista Taradell<\/title>\n<meta name=\"robots\" content=\"index, follow, max-snippet:-1, max-image-preview:large, max-video-preview:-1\" \/>\n<link rel=\"canonical\" href=\"https:\/\/cetaradell.cat\/ce\/finalitzada-la-temporada-2021-de-sortides-de-senders\/\" \/>\n<meta property=\"og:locale\" content=\"ca_ES\" \/>\n<meta property=\"og:type\" content=\"article\" \/>\n<meta property=\"og:title\" content=\"Finalitzada la temporada 2021 de sortides de Senders - Centre Excursionista Taradell\" \/>\n<meta property=\"og:description\" content=\"El passat diumenge 7 de novembre es va fer l&#8217;\u00faltima sortida de Senders \u00a0d\u2019enguany. \u00a0Aquesta sortida, tal com estava programada, es va fer a la Serra de\u00a0Busa, visitant la Pres\u00f3 del Capolatell. V\u00e0rem comptar amb 26 participants que vam gaudir d&#8217;un dia espl\u00e8ndid i d&#8217;unes vistes magn\u00edfiques de bona part [...]\" \/>\n<meta property=\"og:url\" content=\"https:\/\/cetaradell.cat\/ce\/finalitzada-la-temporada-2021-de-sortides-de-senders\/\" \/>\n<meta property=\"og:site_name\" content=\"Centre Excursionista Taradell\" \/>\n<meta property=\"article:publisher\" content=\"https:\/\/www.facebook.com\/CETaradell\/\" \/>\n<meta property=\"article:published_time\" content=\"2021-11-13T20:01:59+00:00\" \/>\n<meta property=\"og:image\" content=\"https:\/\/cetaradell.cat\/ce\/wp-content\/uploads\/2021-11-07-SENDERS-Serra_de_Busa.jpg\" \/>\n\t<meta property=\"og:image:width\" content=\"1216\" \/>\n\t<meta property=\"og:image:height\" content=\"912\" \/>\n\t<meta property=\"og:image:type\" content=\"image\/jpeg\" \/>\n<meta name=\"author\" content=\"CET\" \/>\n<meta name=\"twitter:card\" content=\"summary_large_image\" \/>\n<meta name=\"twitter:label1\" content=\"Escrit per\" \/>\n\t<meta name=\"twitter:data1\" content=\"CET\" \/>\n\t<meta name=\"twitter:label2\" content=\"Temps estimat de lectura\" \/>\n\t<meta name=\"twitter:data2\" content=\"1 minut\" \/>\n<script type=\"application\/ld+json\" class=\"yoast-schema-graph\">{\"@context\":\"https:\\\/\\\/schema.org\",\"@graph\":[{\"@type\":\"Article\",\"@id\":\"https:\\\/\\\/cetaradell.cat\\\/ce\\\/finalitzada-la-temporada-2021-de-sortides-de-senders\\\/#article\",\"isPartOf\":{\"@id\":\"https:\\\/\\\/cetaradell.cat\\\/ce\\\/finalitzada-la-temporada-2021-de-sortides-de-senders\\\/\"},\"author\":{\"name\":\"CET\",\"@id\":\"https:\\\/\\\/cetaradell.cat\\\/ce\\\/#\\\/schema\\\/person\\\/92a59f585073071c7be6649e84b22f78\"},\"headline\":\"Finalitzada la temporada 2021 de sortides de Senders\",\"datePublished\":\"2021-11-13T20:01:59+00:00\",\"mainEntityOfPage\":{\"@id\":\"https:\\\/\\\/cetaradell.cat\\\/ce\\\/finalitzada-la-temporada-2021-de-sortides-de-senders\\\/\"},\"wordCount\":111,\"image\":{\"@id\":\"https:\\\/\\\/cetaradell.cat\\\/ce\\\/finalitzada-la-temporada-2021-de-sortides-de-senders\\\/#primaryimage\"},\"thumbnailUrl\":\"https:\\\/\\\/cetaradell.cat\\\/ce\\\/wp-content\\\/uploads\\\/2021-11-07-SENDERS-Serra_de_Busa.jpg\",\"articleSection\":[\"Not\u00edcies\",\"Senders\"],\"inLanguage\":\"ca\"},{\"@type\":\"WebPage\",\"@id\":\"https:\\\/\\\/cetaradell.cat\\\/ce\\\/finalitzada-la-temporada-2021-de-sortides-de-senders\\\/\",\"url\":\"https:\\\/\\\/cetaradell.cat\\\/ce\\\/finalitzada-la-temporada-2021-de-sortides-de-senders\\\/\",\"name\":\"Finalitzada la temporada 2021 de sortides de Senders - Centre Excursionista Taradell\",\"isPartOf\":{\"@id\":\"https:\\\/\\\/cetaradell.cat\\\/ce\\\/#website\"},\"primaryImageOfPage\":{\"@id\":\"https:\\\/\\\/cetaradell.cat\\\/ce\\\/finalitzada-la-temporada-2021-de-sortides-de-senders\\\/#primaryimage\"},\"image\":{\"@id\":\"https:\\\/\\\/cetaradell.cat\\\/ce\\\/finalitzada-la-temporada-2021-de-sortides-de-senders\\\/#primaryimage\"},\"thumbnailUrl\":\"https:\\\/\\\/cetaradell.cat\\\/ce\\\/wp-content\\\/uploads\\\/2021-11-07-SENDERS-Serra_de_Busa.jpg\",\"datePublished\":\"2021-11-13T20:01:59+00:00\",\"author\":{\"@id\":\"https:\\\/\\\/cetaradell.cat\\\/ce\\\/#\\\/schema\\\/person\\\/92a59f585073071c7be6649e84b22f78\"},\"breadcrumb\":{\"@id\":\"https:\\\/\\\/cetaradell.cat\\\/ce\\\/finalitzada-la-temporada-2021-de-sortides-de-senders\\\/#breadcrumb\"},\"inLanguage\":\"ca\",\"potentialAction\":[{\"@type\":\"ReadAction\",\"target\":[\"https:\\\/\\\/cetaradell.cat\\\/ce\\\/finalitzada-la-temporada-2021-de-sortides-de-senders\\\/\"]}]},{\"@type\":\"ImageObject\",\"inLanguage\":\"ca\",\"@id\":\"https:\\\/\\\/cetaradell.cat\\\/ce\\\/finalitzada-la-temporada-2021-de-sortides-de-senders\\\/#primaryimage\",\"url\":\"https:\\\/\\\/cetaradell.cat\\\/ce\\\/wp-content\\\/uploads\\\/2021-11-07-SENDERS-Serra_de_Busa.jpg\",\"contentUrl\":\"https:\\\/\\\/cetaradell.cat\\\/ce\\\/wp-content\\\/uploads\\\/2021-11-07-SENDERS-Serra_de_Busa.jpg\",\"width\":1216,\"height\":912},{\"@type\":\"BreadcrumbList\",\"@id\":\"https:\\\/\\\/cetaradell.cat\\\/ce\\\/finalitzada-la-temporada-2021-de-sortides-de-senders\\\/#breadcrumb\",\"itemListElement\":[{\"@type\":\"ListItem\",\"position\":1,\"name\":\"Inici\",\"item\":\"https:\\\/\\\/cetaradell.cat\\\/ce\\\/\"},{\"@type\":\"ListItem\",\"position\":2,\"name\":\"Finalitzada la temporada 2021 de sortides de Senders\"}]},{\"@type\":\"WebSite\",\"@id\":\"https:\\\/\\\/cetaradell.cat\\\/ce\\\/#website\",\"url\":\"https:\\\/\\\/cetaradell.cat\\\/ce\\\/\",\"name\":\"Centre Excursionista Taradell\",\"description\":\"\",\"potentialAction\":[{\"@type\":\"SearchAction\",\"target\":{\"@type\":\"EntryPoint\",\"urlTemplate\":\"https:\\\/\\\/cetaradell.cat\\\/ce\\\/?s={search_term_string}\"},\"query-input\":{\"@type\":\"PropertyValueSpecification\",\"valueRequired\":true,\"valueName\":\"search_term_string\"}}],\"inLanguage\":\"ca\"},{\"@type\":\"Person\",\"@id\":\"https:\\\/\\\/cetaradell.cat\\\/ce\\\/#\\\/schema\\\/person\\\/92a59f585073071c7be6649e84b22f78\",\"name\":\"CET\",\"image\":{\"@type\":\"ImageObject\",\"inLanguage\":\"ca\",\"@id\":\"https:\\\/\\\/secure.gravatar.com\\\/avatar\\\/d6fbe010d42056feccc0f613ed07277a5118442805079269f12dabdc42e1a727?s=96&d=mm&r=g\",\"url\":\"https:\\\/\\\/secure.gravatar.com\\\/avatar\\\/d6fbe010d42056feccc0f613ed07277a5118442805079269f12dabdc42e1a727?s=96&d=mm&r=g\",\"contentUrl\":\"https:\\\/\\\/secure.gravatar.com\\\/avatar\\\/d6fbe010d42056feccc0f613ed07277a5118442805079269f12dabdc42e1a727?s=96&d=mm&r=g\",\"caption\":\"CET\"},\"url\":\"https:\\\/\\\/cetaradell.cat\\\/ce\\\/author\\\/root\\\/\"}]}<\/script>\n<!-- \/ Yoast SEO plugin. -->","yoast_head_json":{"title":"Finalitzada la temporada 2021 de sortides de Senders - Centre Excursionista Taradell","robots":{"index":"index","follow":"follow","max-snippet":"max-snippet:-1","max-image-preview":"max-image-preview:large","max-video-preview":"max-video-preview:-1"},"canonical":"https:\/\/cetaradell.cat\/ce\/finalitzada-la-temporada-2021-de-sortides-de-senders\/","og_locale":"ca_ES","og_type":"article","og_title":"Finalitzada la temporada 2021 de sortides de Senders - Centre Excursionista Taradell","og_description":"El passat diumenge 7 de novembre es va fer l&#8217;\u00faltima sortida de Senders \u00a0d\u2019enguany. \u00a0Aquesta sortida, tal com estava programada, es va fer a la Serra de\u00a0Busa, visitant la Pres\u00f3 del Capolatell. V\u00e0rem comptar amb 26 participants que vam gaudir d&#8217;un dia espl\u00e8ndid i d&#8217;unes vistes magn\u00edfiques de bona part [...]","og_url":"https:\/\/cetaradell.cat\/ce\/finalitzada-la-temporada-2021-de-sortides-de-senders\/","og_site_name":"Centre Excursionista Taradell","article_publisher":"https:\/\/www.facebook.com\/CETaradell\/","article_published_time":"2021-11-13T20:01:59+00:00","og_image":[{"width":1216,"height":912,"url":"https:\/\/cetaradell.cat\/ce\/wp-content\/uploads\/2021-11-07-SENDERS-Serra_de_Busa.jpg","type":"image\/jpeg"}],"author":"CET","twitter_card":"summary_large_image","twitter_misc":{"Escrit per":"CET","Temps estimat de lectura":"1 minut"},"schema":{"@context":"https:\/\/schema.org","@graph":[{"@type":"Article","@id":"https:\/\/cetaradell.cat\/ce\/finalitzada-la-temporada-2021-de-sortides-de-senders\/#article","isPartOf":{"@id":"https:\/\/cetaradell.cat\/ce\/finalitzada-la-temporada-2021-de-sortides-de-senders\/"},"author":{"name":"CET","@id":"https:\/\/cetaradell.cat\/ce\/#\/schema\/person\/92a59f585073071c7be6649e84b22f78"},"headline":"Finalitzada la temporada 2021 de sortides de Senders","datePublished":"2021-11-13T20:01:59+00:00","mainEntityOfPage":{"@id":"https:\/\/cetaradell.cat\/ce\/finalitzada-la-temporada-2021-de-sortides-de-senders\/"},"wordCount":111,"image":{"@id":"https:\/\/cetaradell.cat\/ce\/finalitzada-la-temporada-2021-de-sortides-de-senders\/#primaryimage"},"thumbnailUrl":"https:\/\/cetaradell.cat\/ce\/wp-content\/uploads\/2021-11-07-SENDERS-Serra_de_Busa.jpg","articleSection":["Not\u00edcies","Senders"],"inLanguage":"ca"},{"@type":"WebPage","@id":"https:\/\/cetaradell.cat\/ce\/finalitzada-la-temporada-2021-de-sortides-de-senders\/","url":"https:\/\/cetaradell.cat\/ce\/finalitzada-la-temporada-2021-de-sortides-de-senders\/","name":"Finalitzada la temporada 2021 de sortides de Senders - Centre Excursionista Taradell","isPartOf":{"@id":"https:\/\/cetaradell.cat\/ce\/#website"},"primaryImageOfPage":{"@id":"https:\/\/cetaradell.cat\/ce\/finalitzada-la-temporada-2021-de-sortides-de-senders\/#primaryimage"},"image":{"@id":"https:\/\/cetaradell.cat\/ce\/finalitzada-la-temporada-2021-de-sortides-de-senders\/#primaryimage"},"thumbnailUrl":"https:\/\/cetaradell.cat\/ce\/wp-content\/uploads\/2021-11-07-SENDERS-Serra_de_Busa.jpg","datePublished":"2021-11-13T20:01:59+00:00","author":{"@id":"https:\/\/cetaradell.cat\/ce\/#\/schema\/person\/92a59f585073071c7be6649e84b22f78"},"breadcrumb":{"@id":"https:\/\/cetaradell.cat\/ce\/finalitzada-la-temporada-2021-de-sortides-de-senders\/#breadcrumb"},"inLanguage":"ca","potentialAction":[{"@type":"ReadAction","target":["https:\/\/cetaradell.cat\/ce\/finalitzada-la-temporada-2021-de-sortides-de-senders\/"]}]},{"@type":"ImageObject","inLanguage":"ca","@id":"https:\/\/cetaradell.cat\/ce\/finalitzada-la-temporada-2021-de-sortides-de-senders\/#primaryimage","url":"https:\/\/cetaradell.cat\/ce\/wp-content\/uploads\/2021-11-07-SENDERS-Serra_de_Busa.jpg","contentUrl":"https:\/\/cetaradell.cat\/ce\/wp-content\/uploads\/2021-11-07-SENDERS-Serra_de_Busa.jpg","width":1216,"height":912},{"@type":"BreadcrumbList","@id":"https:\/\/cetaradell.cat\/ce\/finalitzada-la-temporada-2021-de-sortides-de-senders\/#breadcrumb","itemListElement":[{"@type":"ListItem","position":1,"name":"Inici","item":"https:\/\/cetaradell.cat\/ce\/"},{"@type":"ListItem","position":2,"name":"Finalitzada la temporada 2021 de sortides de Senders"}]},{"@type":"WebSite","@id":"https:\/\/cetaradell.cat\/ce\/#website","url":"https:\/\/cetaradell.cat\/ce\/","name":"Centre Excursionista Taradell","description":"","potentialAction":[{"@type":"SearchAction","target":{"@type":"EntryPoint","urlTemplate":"https:\/\/cetaradell.cat\/ce\/?s={search_term_string}"},"query-input":{"@type":"PropertyValueSpecification","valueRequired":true,"valueName":"search_term_string"}}],"inLanguage":"ca"},{"@type":"Person","@id":"https:\/\/cetaradell.cat\/ce\/#\/schema\/person\/92a59f585073071c7be6649e84b22f78","name":"CET","image":{"@type":"ImageObject","inLanguage":"ca","@id":"https:\/\/secure.gravatar.com\/avatar\/d6fbe010d42056feccc0f613ed07277a5118442805079269f12dabdc42e1a727?s=96&d=mm&r=g","url":"https:\/\/secure.gravatar.com\/avatar\/d6fbe010d42056feccc0f613ed07277a5118442805079269f12dabdc42e1a727?s=96&d=mm&r=g","contentUrl":"https:\/\/secure.gravatar.com\/avatar\/d6fbe010d42056feccc0f613ed07277a5118442805079269f12dabdc42e1a727?s=96&d=mm&r=g","caption":"CET"},"url":"https:\/\/cetaradell.cat\/ce\/author\/root\/"}]}},"_links":{"self":[{"href":"https:\/\/cetaradell.cat\/ce\/wp-json\/wp\/v2\/posts\/8952","targetHints":{"allow":["GET"]}}],"collection":[{"href":"https:\/\/cetaradell.cat\/ce\/wp-json\/wp\/v2\/posts"}],"about":[{"href":"https:\/\/cetaradell.cat\/ce\/wp-json\/wp\/v2\/types\/post"}],"author":[{"embeddable":true,"href":"https:\/\/cetaradell.cat\/ce\/wp-json\/wp\/v2\/users\/1"}],"replies":[{"embeddable":true,"href":"https:\/\/cetaradell.cat\/ce\/wp-json\/wp\/v2\/comments?post=8952"}],"version-history":[{"count":0,"href":"https:\/\/cetaradell.cat\/ce\/wp-json\/wp\/v2\/posts\/8952\/revisions"}],"wp:featuredmedia":[{"embeddable":true,"href":"https:\/\/cetaradell.cat\/ce\/wp-json\/wp\/v2\/media\/8953"}],"wp:attachment":[{"href":"https:\/\/cetaradell.cat\/ce\/wp-json\/wp\/v2\/media?parent=8952"}],"wp:term":[{"taxonomy":"category","embeddable":true,"href":"https:\/\/cetaradell.cat\/ce\/wp-json\/wp\/v2\/categories?post=8952"},{"taxonomy":"post_tag","embeddable":true,"href":"https:\/\/cetaradell.cat\/ce\/wp-json\/wp\/v2\/tags?post=8952"}],"curies":[{"name":"wp","href":"https:\/\/api.w.org\/{rel}","templated":true}]}}