{"id":8958,"date":"2021-11-20T22:59:33","date_gmt":"2021-11-20T21:59:33","guid":{"rendered":"https:\/\/cetaradell.cat\/ce\/?p=8958"},"modified":"2022-11-19T18:02:56","modified_gmt":"2022-11-19T17:02:56","slug":"41a-caminada-rupit-taradell-seguiment","status":"publish","type":"post","link":"https:\/\/cetaradell.cat\/ce\/41a-caminada-rupit-taradell-seguiment\/","title":{"rendered":"41a Caminada Rupit-Taradell &#8211; Seguiment"},"content":{"rendered":"<p><a href=\"https:\/\/cetaradell.cat\/ce\/41a-caminada-rupit-taradell-seguiment\/diploma-rupit-taradell-21-04_25\/\" target=\"_blank\" rel=\"attachment noopener wp-att-8959\"><img decoding=\"async\" class=\"alignleft wp-image-8959 size-medium\" src=\"https:\/\/cetaradell.cat\/ce\/wp-content\/uploads\/DIPLOMA-Rupit-Taradell-21-04_25-300x212.png\" alt=\"\" width=\"300\" height=\"212\" srcset=\"https:\/\/cetaradell.cat\/ce\/wp-content\/uploads\/DIPLOMA-Rupit-Taradell-21-04_25-200x142.png 200w, https:\/\/cetaradell.cat\/ce\/wp-content\/uploads\/DIPLOMA-Rupit-Taradell-21-04_25-300x212.png 300w, https:\/\/cetaradell.cat\/ce\/wp-content\/uploads\/DIPLOMA-Rupit-Taradell-21-04_25-400x283.png 400w, https:\/\/cetaradell.cat\/ce\/wp-content\/uploads\/DIPLOMA-Rupit-Taradell-21-04_25-500x354.png 500w, https:\/\/cetaradell.cat\/ce\/wp-content\/uploads\/DIPLOMA-Rupit-Taradell-21-04_25-600x425.png 600w, https:\/\/cetaradell.cat\/ce\/wp-content\/uploads\/DIPLOMA-Rupit-Taradell-21-04_25.png 617w\" sizes=\"(max-width: 300px) 100vw, 300px\" \/><\/a>Els temps de pas dels participants estan disponibles a la web de control de la caminada i aix\u00ed cada participant els pot consultar i pot imprimir-se un diploma de record.<\/p>\n<p>El control de la caminada es va dur a terme amb el mateix sistema dels darrers anys, l&#8217;aplicaci\u00f3 Smartchrono de Novotiming que permet cronometrar i controlar la caminada en temps real. Aix\u00ed, a la sortida de Rupit, als avituallaments de Vilanova de Sau, Sant Juli\u00e0 de Vilatorta i al d&#8217;arribada al CET, es va registrar el temps de pas dels participants.<\/p>\n<p>Els enlla\u00e7os s\u00f3n els seg\u00fcents:<\/p>\n<p style=\"padding-left: 80px;\"><em><strong><a href=\"https:\/\/smartchrono.com\/sc2\/php\/live.php?cid=879&amp;lang=ca\" target=\"_blank\" rel=\"noopener noreferrer\">\u2192 Dades generals<\/a><\/strong><\/em><\/p>\n<p style=\"padding-left: 80px;\"><em><strong><a href=\"https:\/\/smartchrono.com\/sc2\/php\/diploma.php?cid=879&amp;lang=ca\" target=\"_blank\" rel=\"noopener noreferrer\">\u2192 Imprimir diplomes<\/a><\/strong><\/em><\/p>\n<p style=\"padding-left: 80px;\"><em><strong><a href=\"https:\/\/smartchrono.com\/sc2\/php\/resultados.php?cid=879\" target=\"_blank\" rel=\"noopener noreferrer\">\u2192 Temps de pas pels controls<\/a><\/strong><\/em><\/p>\n<p style=\"padding-left: 80px;\"><em><strong><a href=\"https:\/\/photos.app.goo.gl\/Ft8kjdVAyGQCvbgL7\" target=\"_blank\" rel=\"noopener noreferrer\">\u2192 Fotografies<\/a><\/strong><\/em><\/p>\n<p>Amb el suport de la Diputaci\u00f3 de Barcelona, hem elaborat una enquesta a fi de millorar la Caminada<\/p>\n<p>Us agra\u00efm per endavant que respongueu aquest formulari, perqu\u00e8 la vostra opini\u00f3 \u00e9s fonamental.<\/p>\n<p style=\"padding-left: 80px;\"><em><strong><a href=\"https:\/\/formularis.diba.cat\/diba\/oae-esdeveniments\/caminada-rupit-taradell-2021\" target=\"_blank\" rel=\"noopener noreferrer\">\u2192 Enquesta<\/a><\/strong><\/em><\/p>\n<p><strong>RESUM<\/strong><\/p>\n<p>En aquesta 41a edici\u00f3 hi van participar un total de <strong>1.051 persones. <\/strong>\u00a0Dels participants, <strong>558 eren homes i 493 eren dones<\/strong>. Tot i que la caminada no \u00e9s competitiva, en els darrers anys \u00e9s molt habitual veure participants que la volen fer corrent i amb el menor temps possible. Aix\u00ed el primer participant en arribar va ser el manlleuenc <strong>Na\u00efm Baulenas<\/strong> que hi va tardar 4 hores i 10 minuts, mentre que <strong>Isaac Badia<\/strong> de Sant Juli\u00e0 i <strong>Aniol Puig<\/strong> de Centelles van fer-la amb 4 hores i 30 minuts. Els primers taradellencs van ser <strong>Enric Monta\u00f1a<\/strong> (4h 30m), <strong>Albert Pressegu\u00e9<\/strong> (4h 33m) i <strong>Santi Oms<\/strong> (4h 55m).<\/p>\n<p>Les tres primeres dones van ser totes taradellenques. La primera va ser <strong>Marta Camps<\/strong>, amb un temps de 5 hores i 20 minuts; la segona <strong>Marta Homs<\/strong>, amb 5 hores i 40 minuts; i la tercera <strong>Meritxell Freixas<\/strong>, amb un temps de 5 hores i 55 minuts.<\/p>\n<p>Al llarg del recorregut hi va haver 8 avituallaments per\u00f2 nom\u00e9s 3 punts de control de pas per evitar les possibles aglomeracions. El record de la caminada va ser una samarreta t\u00e8cnica.<\/p>\n","protected":false},"excerpt":{"rendered":"<p>Els temps de pas dels participants estan disponibles a la web de control de la caminada i aix\u00ed cada participant els pot consultar i pot imprimir-se un diploma de record. El control de la caminada es va dur a terme amb el mateix sistema dels darrers anys, l&#8217;aplicaci\u00f3 Smartchrono de  [&#8230;]<\/p>\n","protected":false},"author":1,"featured_media":8959,"comment_status":"closed","ping_status":"closed","sticky":false,"template":"","format":"standard","meta":{"footnotes":""},"categories":[7,3,35],"tags":[],"class_list":["post-8958","post","type-post","status-publish","format-standard","has-post-thumbnail","hentry","category-muntanya","category-noticies","category-rupit-taradell"],"yoast_head":"<!-- This site is optimized with the Yoast SEO plugin v27.4 - https:\/\/yoast.com\/product\/yoast-seo-wordpress\/ -->\n<title>41a Caminada Rupit-Taradell - Seguiment - Centre Excursionista Taradell<\/title>\n<meta name=\"robots\" content=\"index, follow, max-snippet:-1, max-image-preview:large, max-video-preview:-1\" \/>\n<link rel=\"canonical\" href=\"https:\/\/cetaradell.cat\/ce\/41a-caminada-rupit-taradell-seguiment\/\" \/>\n<meta property=\"og:locale\" content=\"ca_ES\" \/>\n<meta property=\"og:type\" content=\"article\" \/>\n<meta property=\"og:title\" content=\"41a Caminada Rupit-Taradell - Seguiment - Centre Excursionista Taradell\" \/>\n<meta property=\"og:description\" content=\"Els temps de pas dels participants estan disponibles a la web de control de la caminada i aix\u00ed cada participant els pot consultar i pot imprimir-se un diploma de record. El control de la caminada es va dur a terme amb el mateix sistema dels darrers anys, l&#8217;aplicaci\u00f3 Smartchrono de [...]\" \/>\n<meta property=\"og:url\" content=\"https:\/\/cetaradell.cat\/ce\/41a-caminada-rupit-taradell-seguiment\/\" \/>\n<meta property=\"og:site_name\" content=\"Centre Excursionista Taradell\" \/>\n<meta property=\"article:publisher\" content=\"https:\/\/www.facebook.com\/CETaradell\/\" \/>\n<meta property=\"article:published_time\" content=\"2021-11-20T21:59:33+00:00\" \/>\n<meta property=\"article:modified_time\" content=\"2022-11-19T17:02:56+00:00\" \/>\n<meta property=\"og:image\" content=\"https:\/\/cetaradell.cat\/ce\/wp-content\/uploads\/DIPLOMA-Rupit-Taradell-21-04_25.png\" \/>\n\t<meta property=\"og:image:width\" content=\"617\" \/>\n\t<meta property=\"og:image:height\" content=\"437\" \/>\n\t<meta property=\"og:image:type\" content=\"image\/png\" \/>\n<meta name=\"author\" content=\"CET\" \/>\n<meta name=\"twitter:card\" content=\"summary_large_image\" \/>\n<meta name=\"twitter:label1\" content=\"Escrit per\" \/>\n\t<meta name=\"twitter:data1\" content=\"CET\" \/>\n\t<meta name=\"twitter:label2\" content=\"Temps estimat de lectura\" \/>\n\t<meta name=\"twitter:data2\" content=\"1 minut\" \/>\n<script type=\"application\/ld+json\" class=\"yoast-schema-graph\">{\"@context\":\"https:\\\/\\\/schema.org\",\"@graph\":[{\"@type\":\"Article\",\"@id\":\"https:\\\/\\\/cetaradell.cat\\\/ce\\\/41a-caminada-rupit-taradell-seguiment\\\/#article\",\"isPartOf\":{\"@id\":\"https:\\\/\\\/cetaradell.cat\\\/ce\\\/41a-caminada-rupit-taradell-seguiment\\\/\"},\"author\":{\"name\":\"CET\",\"@id\":\"https:\\\/\\\/cetaradell.cat\\\/ce\\\/#\\\/schema\\\/person\\\/92a59f585073071c7be6649e84b22f78\"},\"headline\":\"41a Caminada Rupit-Taradell &#8211; Seguiment\",\"datePublished\":\"2021-11-20T21:59:33+00:00\",\"dateModified\":\"2022-11-19T17:02:56+00:00\",\"mainEntityOfPage\":{\"@id\":\"https:\\\/\\\/cetaradell.cat\\\/ce\\\/41a-caminada-rupit-taradell-seguiment\\\/\"},\"wordCount\":327,\"image\":{\"@id\":\"https:\\\/\\\/cetaradell.cat\\\/ce\\\/41a-caminada-rupit-taradell-seguiment\\\/#primaryimage\"},\"thumbnailUrl\":\"https:\\\/\\\/cetaradell.cat\\\/ce\\\/wp-content\\\/uploads\\\/DIPLOMA-Rupit-Taradell-21-04_25.png\",\"articleSection\":[\"Muntanya\",\"Not\u00edcies\",\"Rupit - Taradell\"],\"inLanguage\":\"ca\"},{\"@type\":\"WebPage\",\"@id\":\"https:\\\/\\\/cetaradell.cat\\\/ce\\\/41a-caminada-rupit-taradell-seguiment\\\/\",\"url\":\"https:\\\/\\\/cetaradell.cat\\\/ce\\\/41a-caminada-rupit-taradell-seguiment\\\/\",\"name\":\"41a Caminada Rupit-Taradell - Seguiment - Centre Excursionista Taradell\",\"isPartOf\":{\"@id\":\"https:\\\/\\\/cetaradell.cat\\\/ce\\\/#website\"},\"primaryImageOfPage\":{\"@id\":\"https:\\\/\\\/cetaradell.cat\\\/ce\\\/41a-caminada-rupit-taradell-seguiment\\\/#primaryimage\"},\"image\":{\"@id\":\"https:\\\/\\\/cetaradell.cat\\\/ce\\\/41a-caminada-rupit-taradell-seguiment\\\/#primaryimage\"},\"thumbnailUrl\":\"https:\\\/\\\/cetaradell.cat\\\/ce\\\/wp-content\\\/uploads\\\/DIPLOMA-Rupit-Taradell-21-04_25.png\",\"datePublished\":\"2021-11-20T21:59:33+00:00\",\"dateModified\":\"2022-11-19T17:02:56+00:00\",\"author\":{\"@id\":\"https:\\\/\\\/cetaradell.cat\\\/ce\\\/#\\\/schema\\\/person\\\/92a59f585073071c7be6649e84b22f78\"},\"breadcrumb\":{\"@id\":\"https:\\\/\\\/cetaradell.cat\\\/ce\\\/41a-caminada-rupit-taradell-seguiment\\\/#breadcrumb\"},\"inLanguage\":\"ca\",\"potentialAction\":[{\"@type\":\"ReadAction\",\"target\":[\"https:\\\/\\\/cetaradell.cat\\\/ce\\\/41a-caminada-rupit-taradell-seguiment\\\/\"]}]},{\"@type\":\"ImageObject\",\"inLanguage\":\"ca\",\"@id\":\"https:\\\/\\\/cetaradell.cat\\\/ce\\\/41a-caminada-rupit-taradell-seguiment\\\/#primaryimage\",\"url\":\"https:\\\/\\\/cetaradell.cat\\\/ce\\\/wp-content\\\/uploads\\\/DIPLOMA-Rupit-Taradell-21-04_25.png\",\"contentUrl\":\"https:\\\/\\\/cetaradell.cat\\\/ce\\\/wp-content\\\/uploads\\\/DIPLOMA-Rupit-Taradell-21-04_25.png\",\"width\":617,\"height\":437},{\"@type\":\"BreadcrumbList\",\"@id\":\"https:\\\/\\\/cetaradell.cat\\\/ce\\\/41a-caminada-rupit-taradell-seguiment\\\/#breadcrumb\",\"itemListElement\":[{\"@type\":\"ListItem\",\"position\":1,\"name\":\"Inici\",\"item\":\"https:\\\/\\\/cetaradell.cat\\\/ce\\\/\"},{\"@type\":\"ListItem\",\"position\":2,\"name\":\"41a Caminada Rupit-Taradell &#8211; Seguiment\"}]},{\"@type\":\"WebSite\",\"@id\":\"https:\\\/\\\/cetaradell.cat\\\/ce\\\/#website\",\"url\":\"https:\\\/\\\/cetaradell.cat\\\/ce\\\/\",\"name\":\"Centre Excursionista Taradell\",\"description\":\"\",\"potentialAction\":[{\"@type\":\"SearchAction\",\"target\":{\"@type\":\"EntryPoint\",\"urlTemplate\":\"https:\\\/\\\/cetaradell.cat\\\/ce\\\/?s={search_term_string}\"},\"query-input\":{\"@type\":\"PropertyValueSpecification\",\"valueRequired\":true,\"valueName\":\"search_term_string\"}}],\"inLanguage\":\"ca\"},{\"@type\":\"Person\",\"@id\":\"https:\\\/\\\/cetaradell.cat\\\/ce\\\/#\\\/schema\\\/person\\\/92a59f585073071c7be6649e84b22f78\",\"name\":\"CET\",\"image\":{\"@type\":\"ImageObject\",\"inLanguage\":\"ca\",\"@id\":\"https:\\\/\\\/secure.gravatar.com\\\/avatar\\\/d6fbe010d42056feccc0f613ed07277a5118442805079269f12dabdc42e1a727?s=96&d=mm&r=g\",\"url\":\"https:\\\/\\\/secure.gravatar.com\\\/avatar\\\/d6fbe010d42056feccc0f613ed07277a5118442805079269f12dabdc42e1a727?s=96&d=mm&r=g\",\"contentUrl\":\"https:\\\/\\\/secure.gravatar.com\\\/avatar\\\/d6fbe010d42056feccc0f613ed07277a5118442805079269f12dabdc42e1a727?s=96&d=mm&r=g\",\"caption\":\"CET\"},\"url\":\"https:\\\/\\\/cetaradell.cat\\\/ce\\\/author\\\/root\\\/\"}]}<\/script>\n<!-- \/ Yoast SEO plugin. -->","yoast_head_json":{"title":"41a Caminada Rupit-Taradell - Seguiment - Centre Excursionista Taradell","robots":{"index":"index","follow":"follow","max-snippet":"max-snippet:-1","max-image-preview":"max-image-preview:large","max-video-preview":"max-video-preview:-1"},"canonical":"https:\/\/cetaradell.cat\/ce\/41a-caminada-rupit-taradell-seguiment\/","og_locale":"ca_ES","og_type":"article","og_title":"41a Caminada Rupit-Taradell - Seguiment - Centre Excursionista Taradell","og_description":"Els temps de pas dels participants estan disponibles a la web de control de la caminada i aix\u00ed cada participant els pot consultar i pot imprimir-se un diploma de record. El control de la caminada es va dur a terme amb el mateix sistema dels darrers anys, l&#8217;aplicaci\u00f3 Smartchrono de [...]","og_url":"https:\/\/cetaradell.cat\/ce\/41a-caminada-rupit-taradell-seguiment\/","og_site_name":"Centre Excursionista Taradell","article_publisher":"https:\/\/www.facebook.com\/CETaradell\/","article_published_time":"2021-11-20T21:59:33+00:00","article_modified_time":"2022-11-19T17:02:56+00:00","og_image":[{"width":617,"height":437,"url":"https:\/\/cetaradell.cat\/ce\/wp-content\/uploads\/DIPLOMA-Rupit-Taradell-21-04_25.png","type":"image\/png"}],"author":"CET","twitter_card":"summary_large_image","twitter_misc":{"Escrit per":"CET","Temps estimat de lectura":"1 minut"},"schema":{"@context":"https:\/\/schema.org","@graph":[{"@type":"Article","@id":"https:\/\/cetaradell.cat\/ce\/41a-caminada-rupit-taradell-seguiment\/#article","isPartOf":{"@id":"https:\/\/cetaradell.cat\/ce\/41a-caminada-rupit-taradell-seguiment\/"},"author":{"name":"CET","@id":"https:\/\/cetaradell.cat\/ce\/#\/schema\/person\/92a59f585073071c7be6649e84b22f78"},"headline":"41a Caminada Rupit-Taradell &#8211; Seguiment","datePublished":"2021-11-20T21:59:33+00:00","dateModified":"2022-11-19T17:02:56+00:00","mainEntityOfPage":{"@id":"https:\/\/cetaradell.cat\/ce\/41a-caminada-rupit-taradell-seguiment\/"},"wordCount":327,"image":{"@id":"https:\/\/cetaradell.cat\/ce\/41a-caminada-rupit-taradell-seguiment\/#primaryimage"},"thumbnailUrl":"https:\/\/cetaradell.cat\/ce\/wp-content\/uploads\/DIPLOMA-Rupit-Taradell-21-04_25.png","articleSection":["Muntanya","Not\u00edcies","Rupit - Taradell"],"inLanguage":"ca"},{"@type":"WebPage","@id":"https:\/\/cetaradell.cat\/ce\/41a-caminada-rupit-taradell-seguiment\/","url":"https:\/\/cetaradell.cat\/ce\/41a-caminada-rupit-taradell-seguiment\/","name":"41a Caminada Rupit-Taradell - Seguiment - Centre Excursionista Taradell","isPartOf":{"@id":"https:\/\/cetaradell.cat\/ce\/#website"},"primaryImageOfPage":{"@id":"https:\/\/cetaradell.cat\/ce\/41a-caminada-rupit-taradell-seguiment\/#primaryimage"},"image":{"@id":"https:\/\/cetaradell.cat\/ce\/41a-caminada-rupit-taradell-seguiment\/#primaryimage"},"thumbnailUrl":"https:\/\/cetaradell.cat\/ce\/wp-content\/uploads\/DIPLOMA-Rupit-Taradell-21-04_25.png","datePublished":"2021-11-20T21:59:33+00:00","dateModified":"2022-11-19T17:02:56+00:00","author":{"@id":"https:\/\/cetaradell.cat\/ce\/#\/schema\/person\/92a59f585073071c7be6649e84b22f78"},"breadcrumb":{"@id":"https:\/\/cetaradell.cat\/ce\/41a-caminada-rupit-taradell-seguiment\/#breadcrumb"},"inLanguage":"ca","potentialAction":[{"@type":"ReadAction","target":["https:\/\/cetaradell.cat\/ce\/41a-caminada-rupit-taradell-seguiment\/"]}]},{"@type":"ImageObject","inLanguage":"ca","@id":"https:\/\/cetaradell.cat\/ce\/41a-caminada-rupit-taradell-seguiment\/#primaryimage","url":"https:\/\/cetaradell.cat\/ce\/wp-content\/uploads\/DIPLOMA-Rupit-Taradell-21-04_25.png","contentUrl":"https:\/\/cetaradell.cat\/ce\/wp-content\/uploads\/DIPLOMA-Rupit-Taradell-21-04_25.png","width":617,"height":437},{"@type":"BreadcrumbList","@id":"https:\/\/cetaradell.cat\/ce\/41a-caminada-rupit-taradell-seguiment\/#breadcrumb","itemListElement":[{"@type":"ListItem","position":1,"name":"Inici","item":"https:\/\/cetaradell.cat\/ce\/"},{"@type":"ListItem","position":2,"name":"41a Caminada Rupit-Taradell &#8211; Seguiment"}]},{"@type":"WebSite","@id":"https:\/\/cetaradell.cat\/ce\/#website","url":"https:\/\/cetaradell.cat\/ce\/","name":"Centre Excursionista Taradell","description":"","potentialAction":[{"@type":"SearchAction","target":{"@type":"EntryPoint","urlTemplate":"https:\/\/cetaradell.cat\/ce\/?s={search_term_string}"},"query-input":{"@type":"PropertyValueSpecification","valueRequired":true,"valueName":"search_term_string"}}],"inLanguage":"ca"},{"@type":"Person","@id":"https:\/\/cetaradell.cat\/ce\/#\/schema\/person\/92a59f585073071c7be6649e84b22f78","name":"CET","image":{"@type":"ImageObject","inLanguage":"ca","@id":"https:\/\/secure.gravatar.com\/avatar\/d6fbe010d42056feccc0f613ed07277a5118442805079269f12dabdc42e1a727?s=96&d=mm&r=g","url":"https:\/\/secure.gravatar.com\/avatar\/d6fbe010d42056feccc0f613ed07277a5118442805079269f12dabdc42e1a727?s=96&d=mm&r=g","contentUrl":"https:\/\/secure.gravatar.com\/avatar\/d6fbe010d42056feccc0f613ed07277a5118442805079269f12dabdc42e1a727?s=96&d=mm&r=g","caption":"CET"},"url":"https:\/\/cetaradell.cat\/ce\/author\/root\/"}]}},"_links":{"self":[{"href":"https:\/\/cetaradell.cat\/ce\/wp-json\/wp\/v2\/posts\/8958","targetHints":{"allow":["GET"]}}],"collection":[{"href":"https:\/\/cetaradell.cat\/ce\/wp-json\/wp\/v2\/posts"}],"about":[{"href":"https:\/\/cetaradell.cat\/ce\/wp-json\/wp\/v2\/types\/post"}],"author":[{"embeddable":true,"href":"https:\/\/cetaradell.cat\/ce\/wp-json\/wp\/v2\/users\/1"}],"replies":[{"embeddable":true,"href":"https:\/\/cetaradell.cat\/ce\/wp-json\/wp\/v2\/comments?post=8958"}],"version-history":[{"count":0,"href":"https:\/\/cetaradell.cat\/ce\/wp-json\/wp\/v2\/posts\/8958\/revisions"}],"wp:featuredmedia":[{"embeddable":true,"href":"https:\/\/cetaradell.cat\/ce\/wp-json\/wp\/v2\/media\/8959"}],"wp:attachment":[{"href":"https:\/\/cetaradell.cat\/ce\/wp-json\/wp\/v2\/media?parent=8958"}],"wp:term":[{"taxonomy":"category","embeddable":true,"href":"https:\/\/cetaradell.cat\/ce\/wp-json\/wp\/v2\/categories?post=8958"},{"taxonomy":"post_tag","embeddable":true,"href":"https:\/\/cetaradell.cat\/ce\/wp-json\/wp\/v2\/tags?post=8958"}],"curies":[{"name":"wp","href":"https:\/\/api.w.org\/{rel}","templated":true}]}}