{"id":9030,"date":"2021-12-26T14:49:49","date_gmt":"2021-12-26T13:49:49","guid":{"rendered":"https:\/\/cetaradell.cat\/ce\/?p=9030"},"modified":"2021-12-28T15:12:05","modified_gmt":"2021-12-28T14:12:05","slug":"circuit-catala-descoles-de-trail","status":"publish","type":"post","link":"https:\/\/cetaradell.cat\/ce\/circuit-catala-descoles-de-trail\/","title":{"rendered":"Circuit Catal\u00e0 d\u2019Escoles de Trail"},"content":{"rendered":"<p><a href=\"https:\/\/cetaradell.cat\/ce\/circuit-catala-descoles-de-trail\/img_5671b\/\" target=\"_blank\" rel=\"attachment noopener wp-att-9031\"><img decoding=\"async\" class=\"alignleft wp-image-9031 size-medium\" src=\"https:\/\/cetaradell.cat\/ce\/wp-content\/uploads\/IMG_5671b-300x200.jpg\" alt=\"\" width=\"300\" height=\"200\" srcset=\"https:\/\/cetaradell.cat\/ce\/wp-content\/uploads\/IMG_5671b-200x133.jpg 200w, https:\/\/cetaradell.cat\/ce\/wp-content\/uploads\/IMG_5671b-300x200.jpg 300w, https:\/\/cetaradell.cat\/ce\/wp-content\/uploads\/IMG_5671b-400x267.jpg 400w, https:\/\/cetaradell.cat\/ce\/wp-content\/uploads\/IMG_5671b-500x333.jpg 500w, https:\/\/cetaradell.cat\/ce\/wp-content\/uploads\/IMG_5671b-600x400.jpg 600w, https:\/\/cetaradell.cat\/ce\/wp-content\/uploads\/IMG_5671b-700x467.jpg 700w, https:\/\/cetaradell.cat\/ce\/wp-content\/uploads\/IMG_5671b-768x512.jpg 768w, https:\/\/cetaradell.cat\/ce\/wp-content\/uploads\/IMG_5671b-800x533.jpg 800w, https:\/\/cetaradell.cat\/ce\/wp-content\/uploads\/IMG_5671b-1024x683.jpg 1024w, https:\/\/cetaradell.cat\/ce\/wp-content\/uploads\/IMG_5671b-1200x800.jpg 1200w, https:\/\/cetaradell.cat\/ce\/wp-content\/uploads\/IMG_5671b-1536x1024.jpg 1536w, https:\/\/cetaradell.cat\/ce\/wp-content\/uploads\/IMG_5671b.jpg 1618w\" sizes=\"(max-width: 300px) 100vw, 300px\" \/><\/a>El Circuit Catal\u00e0 d\u2019Escoles de Trail est\u00e0 format per vuit proves repartides durant el 2021 i 2022, en mesos escolars, de tal manera que no hi hagi acumulaci\u00f3 de proves, sin\u00f3 que estiguin diversificades entre l\u2019agost del 2021 al juny de l\u2019any 2022.<\/p>\n<p>Despr\u00e9s de l\u2019estrena a la Verticalp i de la Up Xic, la tercer prova va ser el 19 de desembre a la cursa de Raions del Centre Excursionista de Catalunya, celebrada a la serra de Collserola.<\/p>\n<p>En totes elles, dins de la categoria Sub 10, hi ha participat el jove atleta del CET, <strong>Oriol Pujol Sol\u00e0<\/strong>, en les quals ha fet molt bon paper. En les dues primeres curses es va classificar en segona posici\u00f3 i en aquesta \u00faltima va aconseguir un merescut <strong>primer lloc<\/strong> a 30 segons del segon, en un circuit de 2.700 metres de recorregut i 55 metres de desnivell.<\/p>\n<p>Les properes curses d\u2019aquest circuit s\u00f3n les seg\u00fcents:<\/p>\n<ul>\n<li>19 de febrer 2022 \u2013\u00a0<strong>Vall\u00e8s Drac Kids (Centre Excursionista Terrassa)<\/strong><\/li>\n<li>mar\u00e7 2022 (sense data) \u2013 <strong>Entre Castells Vilajuiga (GE Capgirell \u2013 Club Trail Running Cap de Creus)<\/strong><\/li>\n<li>1 de maig 2022-\u00a0<strong>Mitja Kids (Escola trail Barcelona)<\/strong><\/li>\n<li>28 de maig 2022 \u2013\u00a0<strong>Mini Trail (Trail Xics Montseny)<\/strong><\/li>\n<li>5 de juny 2022 \u2013\u00a0<strong>Berga Trail Kids (A.E. Mountain Runners del Bergued\u00e0)<\/strong><\/li>\n<\/ul>\n","protected":false},"excerpt":{"rendered":"<p>El Circuit Catal\u00e0 d\u2019Escoles de Trail est\u00e0 format per vuit proves repartides durant el 2021 i 2022, en mesos escolars, de tal manera que no hi hagi acumulaci\u00f3 de proves, sin\u00f3 que estiguin diversificades entre l\u2019agost del 2021 al juny de l\u2019any 2022. Despr\u00e9s de l\u2019estrena a la Verticalp i  [&#8230;]<\/p>\n","protected":false},"author":1,"featured_media":9031,"comment_status":"closed","ping_status":"closed","sticky":false,"template":"","format":"standard","meta":{"footnotes":""},"categories":[8,3],"tags":[],"class_list":["post-9030","post","type-post","status-publish","format-standard","has-post-thumbnail","hentry","category-curses","category-noticies"],"yoast_head":"<!-- This site is optimized with the Yoast SEO plugin v27.4 - https:\/\/yoast.com\/product\/yoast-seo-wordpress\/ -->\n<title>Circuit Catal\u00e0 d\u2019Escoles de Trail - Centre Excursionista Taradell<\/title>\n<meta name=\"robots\" content=\"index, follow, max-snippet:-1, max-image-preview:large, max-video-preview:-1\" \/>\n<link rel=\"canonical\" href=\"https:\/\/cetaradell.cat\/ce\/circuit-catala-descoles-de-trail\/\" \/>\n<meta property=\"og:locale\" content=\"ca_ES\" \/>\n<meta property=\"og:type\" content=\"article\" \/>\n<meta property=\"og:title\" content=\"Circuit Catal\u00e0 d\u2019Escoles de Trail - Centre Excursionista Taradell\" \/>\n<meta property=\"og:description\" content=\"El Circuit Catal\u00e0 d\u2019Escoles de Trail est\u00e0 format per vuit proves repartides durant el 2021 i 2022, en mesos escolars, de tal manera que no hi hagi acumulaci\u00f3 de proves, sin\u00f3 que estiguin diversificades entre l\u2019agost del 2021 al juny de l\u2019any 2022. Despr\u00e9s de l\u2019estrena a la Verticalp i [...]\" \/>\n<meta property=\"og:url\" content=\"https:\/\/cetaradell.cat\/ce\/circuit-catala-descoles-de-trail\/\" \/>\n<meta property=\"og:site_name\" content=\"Centre Excursionista Taradell\" \/>\n<meta property=\"article:publisher\" content=\"https:\/\/www.facebook.com\/CETaradell\/\" \/>\n<meta property=\"article:published_time\" content=\"2021-12-26T13:49:49+00:00\" \/>\n<meta property=\"article:modified_time\" content=\"2021-12-28T14:12:05+00:00\" \/>\n<meta property=\"og:image\" content=\"https:\/\/cetaradell.cat\/ce\/wp-content\/uploads\/IMG_5671b.jpg\" \/>\n\t<meta property=\"og:image:width\" content=\"1618\" \/>\n\t<meta property=\"og:image:height\" content=\"1079\" \/>\n\t<meta property=\"og:image:type\" content=\"image\/jpeg\" \/>\n<meta name=\"author\" content=\"CET\" \/>\n<meta name=\"twitter:card\" content=\"summary_large_image\" \/>\n<meta name=\"twitter:label1\" content=\"Escrit per\" \/>\n\t<meta name=\"twitter:data1\" content=\"CET\" \/>\n\t<meta name=\"twitter:label2\" content=\"Temps estimat de lectura\" \/>\n\t<meta name=\"twitter:data2\" content=\"2 minuts\" \/>\n<script type=\"application\/ld+json\" class=\"yoast-schema-graph\">{\"@context\":\"https:\\\/\\\/schema.org\",\"@graph\":[{\"@type\":\"Article\",\"@id\":\"https:\\\/\\\/cetaradell.cat\\\/ce\\\/circuit-catala-descoles-de-trail\\\/#article\",\"isPartOf\":{\"@id\":\"https:\\\/\\\/cetaradell.cat\\\/ce\\\/circuit-catala-descoles-de-trail\\\/\"},\"author\":{\"name\":\"CET\",\"@id\":\"https:\\\/\\\/cetaradell.cat\\\/ce\\\/#\\\/schema\\\/person\\\/92a59f585073071c7be6649e84b22f78\"},\"headline\":\"Circuit Catal\u00e0 d\u2019Escoles de Trail\",\"datePublished\":\"2021-12-26T13:49:49+00:00\",\"dateModified\":\"2021-12-28T14:12:05+00:00\",\"mainEntityOfPage\":{\"@id\":\"https:\\\/\\\/cetaradell.cat\\\/ce\\\/circuit-catala-descoles-de-trail\\\/\"},\"wordCount\":208,\"image\":{\"@id\":\"https:\\\/\\\/cetaradell.cat\\\/ce\\\/circuit-catala-descoles-de-trail\\\/#primaryimage\"},\"thumbnailUrl\":\"https:\\\/\\\/cetaradell.cat\\\/ce\\\/wp-content\\\/uploads\\\/IMG_5671b.jpg\",\"articleSection\":[\"Curses\",\"Not\u00edcies\"],\"inLanguage\":\"ca\"},{\"@type\":\"WebPage\",\"@id\":\"https:\\\/\\\/cetaradell.cat\\\/ce\\\/circuit-catala-descoles-de-trail\\\/\",\"url\":\"https:\\\/\\\/cetaradell.cat\\\/ce\\\/circuit-catala-descoles-de-trail\\\/\",\"name\":\"Circuit Catal\u00e0 d\u2019Escoles de Trail - Centre Excursionista Taradell\",\"isPartOf\":{\"@id\":\"https:\\\/\\\/cetaradell.cat\\\/ce\\\/#website\"},\"primaryImageOfPage\":{\"@id\":\"https:\\\/\\\/cetaradell.cat\\\/ce\\\/circuit-catala-descoles-de-trail\\\/#primaryimage\"},\"image\":{\"@id\":\"https:\\\/\\\/cetaradell.cat\\\/ce\\\/circuit-catala-descoles-de-trail\\\/#primaryimage\"},\"thumbnailUrl\":\"https:\\\/\\\/cetaradell.cat\\\/ce\\\/wp-content\\\/uploads\\\/IMG_5671b.jpg\",\"datePublished\":\"2021-12-26T13:49:49+00:00\",\"dateModified\":\"2021-12-28T14:12:05+00:00\",\"author\":{\"@id\":\"https:\\\/\\\/cetaradell.cat\\\/ce\\\/#\\\/schema\\\/person\\\/92a59f585073071c7be6649e84b22f78\"},\"breadcrumb\":{\"@id\":\"https:\\\/\\\/cetaradell.cat\\\/ce\\\/circuit-catala-descoles-de-trail\\\/#breadcrumb\"},\"inLanguage\":\"ca\",\"potentialAction\":[{\"@type\":\"ReadAction\",\"target\":[\"https:\\\/\\\/cetaradell.cat\\\/ce\\\/circuit-catala-descoles-de-trail\\\/\"]}]},{\"@type\":\"ImageObject\",\"inLanguage\":\"ca\",\"@id\":\"https:\\\/\\\/cetaradell.cat\\\/ce\\\/circuit-catala-descoles-de-trail\\\/#primaryimage\",\"url\":\"https:\\\/\\\/cetaradell.cat\\\/ce\\\/wp-content\\\/uploads\\\/IMG_5671b.jpg\",\"contentUrl\":\"https:\\\/\\\/cetaradell.cat\\\/ce\\\/wp-content\\\/uploads\\\/IMG_5671b.jpg\",\"width\":1618,\"height\":1079},{\"@type\":\"BreadcrumbList\",\"@id\":\"https:\\\/\\\/cetaradell.cat\\\/ce\\\/circuit-catala-descoles-de-trail\\\/#breadcrumb\",\"itemListElement\":[{\"@type\":\"ListItem\",\"position\":1,\"name\":\"Inici\",\"item\":\"https:\\\/\\\/cetaradell.cat\\\/ce\\\/\"},{\"@type\":\"ListItem\",\"position\":2,\"name\":\"Circuit Catal\u00e0 d\u2019Escoles de Trail\"}]},{\"@type\":\"WebSite\",\"@id\":\"https:\\\/\\\/cetaradell.cat\\\/ce\\\/#website\",\"url\":\"https:\\\/\\\/cetaradell.cat\\\/ce\\\/\",\"name\":\"Centre Excursionista Taradell\",\"description\":\"\",\"potentialAction\":[{\"@type\":\"SearchAction\",\"target\":{\"@type\":\"EntryPoint\",\"urlTemplate\":\"https:\\\/\\\/cetaradell.cat\\\/ce\\\/?s={search_term_string}\"},\"query-input\":{\"@type\":\"PropertyValueSpecification\",\"valueRequired\":true,\"valueName\":\"search_term_string\"}}],\"inLanguage\":\"ca\"},{\"@type\":\"Person\",\"@id\":\"https:\\\/\\\/cetaradell.cat\\\/ce\\\/#\\\/schema\\\/person\\\/92a59f585073071c7be6649e84b22f78\",\"name\":\"CET\",\"image\":{\"@type\":\"ImageObject\",\"inLanguage\":\"ca\",\"@id\":\"https:\\\/\\\/secure.gravatar.com\\\/avatar\\\/d6fbe010d42056feccc0f613ed07277a5118442805079269f12dabdc42e1a727?s=96&d=mm&r=g\",\"url\":\"https:\\\/\\\/secure.gravatar.com\\\/avatar\\\/d6fbe010d42056feccc0f613ed07277a5118442805079269f12dabdc42e1a727?s=96&d=mm&r=g\",\"contentUrl\":\"https:\\\/\\\/secure.gravatar.com\\\/avatar\\\/d6fbe010d42056feccc0f613ed07277a5118442805079269f12dabdc42e1a727?s=96&d=mm&r=g\",\"caption\":\"CET\"},\"url\":\"https:\\\/\\\/cetaradell.cat\\\/ce\\\/author\\\/root\\\/\"}]}<\/script>\n<!-- \/ Yoast SEO plugin. -->","yoast_head_json":{"title":"Circuit Catal\u00e0 d\u2019Escoles de Trail - Centre Excursionista Taradell","robots":{"index":"index","follow":"follow","max-snippet":"max-snippet:-1","max-image-preview":"max-image-preview:large","max-video-preview":"max-video-preview:-1"},"canonical":"https:\/\/cetaradell.cat\/ce\/circuit-catala-descoles-de-trail\/","og_locale":"ca_ES","og_type":"article","og_title":"Circuit Catal\u00e0 d\u2019Escoles de Trail - Centre Excursionista Taradell","og_description":"El Circuit Catal\u00e0 d\u2019Escoles de Trail est\u00e0 format per vuit proves repartides durant el 2021 i 2022, en mesos escolars, de tal manera que no hi hagi acumulaci\u00f3 de proves, sin\u00f3 que estiguin diversificades entre l\u2019agost del 2021 al juny de l\u2019any 2022. Despr\u00e9s de l\u2019estrena a la Verticalp i [...]","og_url":"https:\/\/cetaradell.cat\/ce\/circuit-catala-descoles-de-trail\/","og_site_name":"Centre Excursionista Taradell","article_publisher":"https:\/\/www.facebook.com\/CETaradell\/","article_published_time":"2021-12-26T13:49:49+00:00","article_modified_time":"2021-12-28T14:12:05+00:00","og_image":[{"width":1618,"height":1079,"url":"https:\/\/cetaradell.cat\/ce\/wp-content\/uploads\/IMG_5671b.jpg","type":"image\/jpeg"}],"author":"CET","twitter_card":"summary_large_image","twitter_misc":{"Escrit per":"CET","Temps estimat de lectura":"2 minuts"},"schema":{"@context":"https:\/\/schema.org","@graph":[{"@type":"Article","@id":"https:\/\/cetaradell.cat\/ce\/circuit-catala-descoles-de-trail\/#article","isPartOf":{"@id":"https:\/\/cetaradell.cat\/ce\/circuit-catala-descoles-de-trail\/"},"author":{"name":"CET","@id":"https:\/\/cetaradell.cat\/ce\/#\/schema\/person\/92a59f585073071c7be6649e84b22f78"},"headline":"Circuit Catal\u00e0 d\u2019Escoles de Trail","datePublished":"2021-12-26T13:49:49+00:00","dateModified":"2021-12-28T14:12:05+00:00","mainEntityOfPage":{"@id":"https:\/\/cetaradell.cat\/ce\/circuit-catala-descoles-de-trail\/"},"wordCount":208,"image":{"@id":"https:\/\/cetaradell.cat\/ce\/circuit-catala-descoles-de-trail\/#primaryimage"},"thumbnailUrl":"https:\/\/cetaradell.cat\/ce\/wp-content\/uploads\/IMG_5671b.jpg","articleSection":["Curses","Not\u00edcies"],"inLanguage":"ca"},{"@type":"WebPage","@id":"https:\/\/cetaradell.cat\/ce\/circuit-catala-descoles-de-trail\/","url":"https:\/\/cetaradell.cat\/ce\/circuit-catala-descoles-de-trail\/","name":"Circuit Catal\u00e0 d\u2019Escoles de Trail - Centre Excursionista Taradell","isPartOf":{"@id":"https:\/\/cetaradell.cat\/ce\/#website"},"primaryImageOfPage":{"@id":"https:\/\/cetaradell.cat\/ce\/circuit-catala-descoles-de-trail\/#primaryimage"},"image":{"@id":"https:\/\/cetaradell.cat\/ce\/circuit-catala-descoles-de-trail\/#primaryimage"},"thumbnailUrl":"https:\/\/cetaradell.cat\/ce\/wp-content\/uploads\/IMG_5671b.jpg","datePublished":"2021-12-26T13:49:49+00:00","dateModified":"2021-12-28T14:12:05+00:00","author":{"@id":"https:\/\/cetaradell.cat\/ce\/#\/schema\/person\/92a59f585073071c7be6649e84b22f78"},"breadcrumb":{"@id":"https:\/\/cetaradell.cat\/ce\/circuit-catala-descoles-de-trail\/#breadcrumb"},"inLanguage":"ca","potentialAction":[{"@type":"ReadAction","target":["https:\/\/cetaradell.cat\/ce\/circuit-catala-descoles-de-trail\/"]}]},{"@type":"ImageObject","inLanguage":"ca","@id":"https:\/\/cetaradell.cat\/ce\/circuit-catala-descoles-de-trail\/#primaryimage","url":"https:\/\/cetaradell.cat\/ce\/wp-content\/uploads\/IMG_5671b.jpg","contentUrl":"https:\/\/cetaradell.cat\/ce\/wp-content\/uploads\/IMG_5671b.jpg","width":1618,"height":1079},{"@type":"BreadcrumbList","@id":"https:\/\/cetaradell.cat\/ce\/circuit-catala-descoles-de-trail\/#breadcrumb","itemListElement":[{"@type":"ListItem","position":1,"name":"Inici","item":"https:\/\/cetaradell.cat\/ce\/"},{"@type":"ListItem","position":2,"name":"Circuit Catal\u00e0 d\u2019Escoles de Trail"}]},{"@type":"WebSite","@id":"https:\/\/cetaradell.cat\/ce\/#website","url":"https:\/\/cetaradell.cat\/ce\/","name":"Centre Excursionista Taradell","description":"","potentialAction":[{"@type":"SearchAction","target":{"@type":"EntryPoint","urlTemplate":"https:\/\/cetaradell.cat\/ce\/?s={search_term_string}"},"query-input":{"@type":"PropertyValueSpecification","valueRequired":true,"valueName":"search_term_string"}}],"inLanguage":"ca"},{"@type":"Person","@id":"https:\/\/cetaradell.cat\/ce\/#\/schema\/person\/92a59f585073071c7be6649e84b22f78","name":"CET","image":{"@type":"ImageObject","inLanguage":"ca","@id":"https:\/\/secure.gravatar.com\/avatar\/d6fbe010d42056feccc0f613ed07277a5118442805079269f12dabdc42e1a727?s=96&d=mm&r=g","url":"https:\/\/secure.gravatar.com\/avatar\/d6fbe010d42056feccc0f613ed07277a5118442805079269f12dabdc42e1a727?s=96&d=mm&r=g","contentUrl":"https:\/\/secure.gravatar.com\/avatar\/d6fbe010d42056feccc0f613ed07277a5118442805079269f12dabdc42e1a727?s=96&d=mm&r=g","caption":"CET"},"url":"https:\/\/cetaradell.cat\/ce\/author\/root\/"}]}},"_links":{"self":[{"href":"https:\/\/cetaradell.cat\/ce\/wp-json\/wp\/v2\/posts\/9030","targetHints":{"allow":["GET"]}}],"collection":[{"href":"https:\/\/cetaradell.cat\/ce\/wp-json\/wp\/v2\/posts"}],"about":[{"href":"https:\/\/cetaradell.cat\/ce\/wp-json\/wp\/v2\/types\/post"}],"author":[{"embeddable":true,"href":"https:\/\/cetaradell.cat\/ce\/wp-json\/wp\/v2\/users\/1"}],"replies":[{"embeddable":true,"href":"https:\/\/cetaradell.cat\/ce\/wp-json\/wp\/v2\/comments?post=9030"}],"version-history":[{"count":0,"href":"https:\/\/cetaradell.cat\/ce\/wp-json\/wp\/v2\/posts\/9030\/revisions"}],"wp:featuredmedia":[{"embeddable":true,"href":"https:\/\/cetaradell.cat\/ce\/wp-json\/wp\/v2\/media\/9031"}],"wp:attachment":[{"href":"https:\/\/cetaradell.cat\/ce\/wp-json\/wp\/v2\/media?parent=9030"}],"wp:term":[{"taxonomy":"category","embeddable":true,"href":"https:\/\/cetaradell.cat\/ce\/wp-json\/wp\/v2\/categories?post=9030"},{"taxonomy":"post_tag","embeddable":true,"href":"https:\/\/cetaradell.cat\/ce\/wp-json\/wp\/v2\/tags?post=9030"}],"curies":[{"name":"wp","href":"https:\/\/api.w.org\/{rel}","templated":true}]}}