{"id":9113,"date":"2022-05-14T19:24:37","date_gmt":"2022-05-14T18:24:37","guid":{"rendered":"https:\/\/cetaradell.cat\/ce\/?p=9113"},"modified":"2022-05-14T19:24:38","modified_gmt":"2022-05-14T18:24:38","slug":"sortida-de-senders-a-la-mare-de-deu-del-mont","status":"publish","type":"post","link":"https:\/\/cetaradell.cat\/ce\/sortida-de-senders-a-la-mare-de-deu-del-mont\/","title":{"rendered":"Sortida de Senders a la Mare de D\u00e9u del Mont"},"content":{"rendered":"<p><a href=\"https:\/\/cetaradell.cat\/ce\/sortida-de-senders-a-la-mare-de-deu-del-mont\/2022-05-08-senders-mare_deu_del_mont-2\/\" target=\"_blank\" rel=\"attachment noopener wp-att-9114\"><img decoding=\"async\" class=\"alignleft wp-image-9114 size-medium\" src=\"https:\/\/cetaradell.cat\/ce\/wp-content\/uploads\/2022-05-08-Senders-Mare_Deu_del_Mont-2-300x225.jpg\" alt=\"\" width=\"300\" height=\"225\" srcset=\"https:\/\/cetaradell.cat\/ce\/wp-content\/uploads\/2022-05-08-Senders-Mare_Deu_del_Mont-2-200x150.jpg 200w, https:\/\/cetaradell.cat\/ce\/wp-content\/uploads\/2022-05-08-Senders-Mare_Deu_del_Mont-2-300x225.jpg 300w, https:\/\/cetaradell.cat\/ce\/wp-content\/uploads\/2022-05-08-Senders-Mare_Deu_del_Mont-2-400x300.jpg 400w, https:\/\/cetaradell.cat\/ce\/wp-content\/uploads\/2022-05-08-Senders-Mare_Deu_del_Mont-2-500x375.jpg 500w, https:\/\/cetaradell.cat\/ce\/wp-content\/uploads\/2022-05-08-Senders-Mare_Deu_del_Mont-2-600x450.jpg 600w, https:\/\/cetaradell.cat\/ce\/wp-content\/uploads\/2022-05-08-Senders-Mare_Deu_del_Mont-2-700x525.jpg 700w, https:\/\/cetaradell.cat\/ce\/wp-content\/uploads\/2022-05-08-Senders-Mare_Deu_del_Mont-2-768x576.jpg 768w, https:\/\/cetaradell.cat\/ce\/wp-content\/uploads\/2022-05-08-Senders-Mare_Deu_del_Mont-2-800x600.jpg 800w, https:\/\/cetaradell.cat\/ce\/wp-content\/uploads\/2022-05-08-Senders-Mare_Deu_del_Mont-2-1024x768.jpg 1024w, https:\/\/cetaradell.cat\/ce\/wp-content\/uploads\/2022-05-08-Senders-Mare_Deu_del_Mont-2-1200x900.jpg 1200w, https:\/\/cetaradell.cat\/ce\/wp-content\/uploads\/2022-05-08-Senders-Mare_Deu_del_Mont-2-1536x1152.jpg 1536w, https:\/\/cetaradell.cat\/ce\/wp-content\/uploads\/2022-05-08-Senders-Mare_Deu_del_Mont-2.jpg 1728w\" sizes=\"(max-width: 300px) 100vw, 300px\" \/><\/a>El diumenge 8 de maig el CET va fer la cinquena sortida de Senders del 2022. Aquest cop es va anar al Santuari de la Mare de D\u00e9u del Mont, que \u00e9s un dels millors miradors per contemplar l\u2019Empord\u00e0, el Pla de l&#8217;Estany i la Garrotxa, a m\u00e9s vam poder gaudir d&#8217;unes magn\u00edfiques vistes del Canig\u00f3.<\/p>\n<p>Sort\u00edrem del collet de Can Serra a 442 m d&#8217;altitud, passant per la font i finca de Falgars, des d\u2019on ens vam enfilar cap al Santuari de la Mare de D\u00e9u del Mont de 1.115 m d&#8217;al\u00e7ada, on v\u00e0rem fer la foto de grup al costat de l&#8217;est\u00e0tua de Mn. Cinto.<\/p>\n<p>De baixada vam parar a dinar al monestir de Sant Lloren\u00e7 de Sous, i vam continuar la baixada fins a Beuda, lloc on ens esperava l\u2019autob\u00fas.<\/p>\n<p>&nbsp;<\/p>\n","protected":false},"excerpt":{"rendered":"<p>El diumenge 8 de maig el CET va fer la cinquena sortida de Senders del 2022. Aquest cop es va anar al Santuari de la Mare de D\u00e9u del Mont, que \u00e9s un dels millors miradors per contemplar l\u2019Empord\u00e0, el Pla de l&#8217;Estany i la Garrotxa, a m\u00e9s vam poder  [&#8230;]<\/p>\n","protected":false},"author":1,"featured_media":9114,"comment_status":"closed","ping_status":"closed","sticky":false,"template":"","format":"standard","meta":{"footnotes":""},"categories":[3,11],"tags":[],"class_list":["post-9113","post","type-post","status-publish","format-standard","has-post-thumbnail","hentry","category-noticies","category-senders"],"yoast_head":"<!-- This site is optimized with the Yoast SEO plugin v27.4 - https:\/\/yoast.com\/product\/yoast-seo-wordpress\/ -->\n<title>Sortida de Senders a la Mare de D\u00e9u del Mont - Centre Excursionista Taradell<\/title>\n<meta name=\"robots\" content=\"index, follow, max-snippet:-1, max-image-preview:large, max-video-preview:-1\" \/>\n<link rel=\"canonical\" href=\"https:\/\/cetaradell.cat\/ce\/sortida-de-senders-a-la-mare-de-deu-del-mont\/\" \/>\n<meta property=\"og:locale\" content=\"ca_ES\" \/>\n<meta property=\"og:type\" content=\"article\" \/>\n<meta property=\"og:title\" content=\"Sortida de Senders a la Mare de D\u00e9u del Mont - Centre Excursionista Taradell\" \/>\n<meta property=\"og:description\" content=\"El diumenge 8 de maig el CET va fer la cinquena sortida de Senders del 2022. Aquest cop es va anar al Santuari de la Mare de D\u00e9u del Mont, que \u00e9s un dels millors miradors per contemplar l\u2019Empord\u00e0, el Pla de l&#8217;Estany i la Garrotxa, a m\u00e9s vam poder [...]\" \/>\n<meta property=\"og:url\" content=\"https:\/\/cetaradell.cat\/ce\/sortida-de-senders-a-la-mare-de-deu-del-mont\/\" \/>\n<meta property=\"og:site_name\" content=\"Centre Excursionista Taradell\" \/>\n<meta property=\"article:publisher\" content=\"https:\/\/www.facebook.com\/CETaradell\/\" \/>\n<meta property=\"article:published_time\" content=\"2022-05-14T18:24:37+00:00\" \/>\n<meta property=\"article:modified_time\" content=\"2022-05-14T18:24:38+00:00\" \/>\n<meta property=\"og:image\" content=\"https:\/\/cetaradell.cat\/ce\/wp-content\/uploads\/2022-05-08-Senders-Mare_Deu_del_Mont-2.jpg\" \/>\n\t<meta property=\"og:image:width\" content=\"1728\" \/>\n\t<meta property=\"og:image:height\" content=\"1296\" \/>\n\t<meta property=\"og:image:type\" content=\"image\/jpeg\" \/>\n<meta name=\"author\" content=\"CET\" \/>\n<meta name=\"twitter:card\" content=\"summary_large_image\" \/>\n<meta name=\"twitter:label1\" content=\"Escrit per\" \/>\n\t<meta name=\"twitter:data1\" content=\"CET\" \/>\n\t<meta name=\"twitter:label2\" content=\"Temps estimat de lectura\" \/>\n\t<meta name=\"twitter:data2\" content=\"1 minut\" \/>\n<script type=\"application\/ld+json\" class=\"yoast-schema-graph\">{\"@context\":\"https:\\\/\\\/schema.org\",\"@graph\":[{\"@type\":\"Article\",\"@id\":\"https:\\\/\\\/cetaradell.cat\\\/ce\\\/sortida-de-senders-a-la-mare-de-deu-del-mont\\\/#article\",\"isPartOf\":{\"@id\":\"https:\\\/\\\/cetaradell.cat\\\/ce\\\/sortida-de-senders-a-la-mare-de-deu-del-mont\\\/\"},\"author\":{\"name\":\"CET\",\"@id\":\"https:\\\/\\\/cetaradell.cat\\\/ce\\\/#\\\/schema\\\/person\\\/92a59f585073071c7be6649e84b22f78\"},\"headline\":\"Sortida de Senders a la Mare de D\u00e9u del Mont\",\"datePublished\":\"2022-05-14T18:24:37+00:00\",\"dateModified\":\"2022-05-14T18:24:38+00:00\",\"mainEntityOfPage\":{\"@id\":\"https:\\\/\\\/cetaradell.cat\\\/ce\\\/sortida-de-senders-a-la-mare-de-deu-del-mont\\\/\"},\"wordCount\":158,\"image\":{\"@id\":\"https:\\\/\\\/cetaradell.cat\\\/ce\\\/sortida-de-senders-a-la-mare-de-deu-del-mont\\\/#primaryimage\"},\"thumbnailUrl\":\"https:\\\/\\\/cetaradell.cat\\\/ce\\\/wp-content\\\/uploads\\\/2022-05-08-Senders-Mare_Deu_del_Mont-2.jpg\",\"articleSection\":[\"Not\u00edcies\",\"Senders\"],\"inLanguage\":\"ca\"},{\"@type\":\"WebPage\",\"@id\":\"https:\\\/\\\/cetaradell.cat\\\/ce\\\/sortida-de-senders-a-la-mare-de-deu-del-mont\\\/\",\"url\":\"https:\\\/\\\/cetaradell.cat\\\/ce\\\/sortida-de-senders-a-la-mare-de-deu-del-mont\\\/\",\"name\":\"Sortida de Senders a la Mare de D\u00e9u del Mont - Centre Excursionista Taradell\",\"isPartOf\":{\"@id\":\"https:\\\/\\\/cetaradell.cat\\\/ce\\\/#website\"},\"primaryImageOfPage\":{\"@id\":\"https:\\\/\\\/cetaradell.cat\\\/ce\\\/sortida-de-senders-a-la-mare-de-deu-del-mont\\\/#primaryimage\"},\"image\":{\"@id\":\"https:\\\/\\\/cetaradell.cat\\\/ce\\\/sortida-de-senders-a-la-mare-de-deu-del-mont\\\/#primaryimage\"},\"thumbnailUrl\":\"https:\\\/\\\/cetaradell.cat\\\/ce\\\/wp-content\\\/uploads\\\/2022-05-08-Senders-Mare_Deu_del_Mont-2.jpg\",\"datePublished\":\"2022-05-14T18:24:37+00:00\",\"dateModified\":\"2022-05-14T18:24:38+00:00\",\"author\":{\"@id\":\"https:\\\/\\\/cetaradell.cat\\\/ce\\\/#\\\/schema\\\/person\\\/92a59f585073071c7be6649e84b22f78\"},\"breadcrumb\":{\"@id\":\"https:\\\/\\\/cetaradell.cat\\\/ce\\\/sortida-de-senders-a-la-mare-de-deu-del-mont\\\/#breadcrumb\"},\"inLanguage\":\"ca\",\"potentialAction\":[{\"@type\":\"ReadAction\",\"target\":[\"https:\\\/\\\/cetaradell.cat\\\/ce\\\/sortida-de-senders-a-la-mare-de-deu-del-mont\\\/\"]}]},{\"@type\":\"ImageObject\",\"inLanguage\":\"ca\",\"@id\":\"https:\\\/\\\/cetaradell.cat\\\/ce\\\/sortida-de-senders-a-la-mare-de-deu-del-mont\\\/#primaryimage\",\"url\":\"https:\\\/\\\/cetaradell.cat\\\/ce\\\/wp-content\\\/uploads\\\/2022-05-08-Senders-Mare_Deu_del_Mont-2.jpg\",\"contentUrl\":\"https:\\\/\\\/cetaradell.cat\\\/ce\\\/wp-content\\\/uploads\\\/2022-05-08-Senders-Mare_Deu_del_Mont-2.jpg\",\"width\":1728,\"height\":1296},{\"@type\":\"BreadcrumbList\",\"@id\":\"https:\\\/\\\/cetaradell.cat\\\/ce\\\/sortida-de-senders-a-la-mare-de-deu-del-mont\\\/#breadcrumb\",\"itemListElement\":[{\"@type\":\"ListItem\",\"position\":1,\"name\":\"Inici\",\"item\":\"https:\\\/\\\/cetaradell.cat\\\/ce\\\/\"},{\"@type\":\"ListItem\",\"position\":2,\"name\":\"Sortida de Senders a la Mare de D\u00e9u del Mont\"}]},{\"@type\":\"WebSite\",\"@id\":\"https:\\\/\\\/cetaradell.cat\\\/ce\\\/#website\",\"url\":\"https:\\\/\\\/cetaradell.cat\\\/ce\\\/\",\"name\":\"Centre Excursionista Taradell\",\"description\":\"\",\"potentialAction\":[{\"@type\":\"SearchAction\",\"target\":{\"@type\":\"EntryPoint\",\"urlTemplate\":\"https:\\\/\\\/cetaradell.cat\\\/ce\\\/?s={search_term_string}\"},\"query-input\":{\"@type\":\"PropertyValueSpecification\",\"valueRequired\":true,\"valueName\":\"search_term_string\"}}],\"inLanguage\":\"ca\"},{\"@type\":\"Person\",\"@id\":\"https:\\\/\\\/cetaradell.cat\\\/ce\\\/#\\\/schema\\\/person\\\/92a59f585073071c7be6649e84b22f78\",\"name\":\"CET\",\"image\":{\"@type\":\"ImageObject\",\"inLanguage\":\"ca\",\"@id\":\"https:\\\/\\\/secure.gravatar.com\\\/avatar\\\/d6fbe010d42056feccc0f613ed07277a5118442805079269f12dabdc42e1a727?s=96&d=mm&r=g\",\"url\":\"https:\\\/\\\/secure.gravatar.com\\\/avatar\\\/d6fbe010d42056feccc0f613ed07277a5118442805079269f12dabdc42e1a727?s=96&d=mm&r=g\",\"contentUrl\":\"https:\\\/\\\/secure.gravatar.com\\\/avatar\\\/d6fbe010d42056feccc0f613ed07277a5118442805079269f12dabdc42e1a727?s=96&d=mm&r=g\",\"caption\":\"CET\"},\"url\":\"https:\\\/\\\/cetaradell.cat\\\/ce\\\/author\\\/root\\\/\"}]}<\/script>\n<!-- \/ Yoast SEO plugin. -->","yoast_head_json":{"title":"Sortida de Senders a la Mare de D\u00e9u del Mont - Centre Excursionista Taradell","robots":{"index":"index","follow":"follow","max-snippet":"max-snippet:-1","max-image-preview":"max-image-preview:large","max-video-preview":"max-video-preview:-1"},"canonical":"https:\/\/cetaradell.cat\/ce\/sortida-de-senders-a-la-mare-de-deu-del-mont\/","og_locale":"ca_ES","og_type":"article","og_title":"Sortida de Senders a la Mare de D\u00e9u del Mont - Centre Excursionista Taradell","og_description":"El diumenge 8 de maig el CET va fer la cinquena sortida de Senders del 2022. Aquest cop es va anar al Santuari de la Mare de D\u00e9u del Mont, que \u00e9s un dels millors miradors per contemplar l\u2019Empord\u00e0, el Pla de l&#8217;Estany i la Garrotxa, a m\u00e9s vam poder [...]","og_url":"https:\/\/cetaradell.cat\/ce\/sortida-de-senders-a-la-mare-de-deu-del-mont\/","og_site_name":"Centre Excursionista Taradell","article_publisher":"https:\/\/www.facebook.com\/CETaradell\/","article_published_time":"2022-05-14T18:24:37+00:00","article_modified_time":"2022-05-14T18:24:38+00:00","og_image":[{"width":1728,"height":1296,"url":"https:\/\/cetaradell.cat\/ce\/wp-content\/uploads\/2022-05-08-Senders-Mare_Deu_del_Mont-2.jpg","type":"image\/jpeg"}],"author":"CET","twitter_card":"summary_large_image","twitter_misc":{"Escrit per":"CET","Temps estimat de lectura":"1 minut"},"schema":{"@context":"https:\/\/schema.org","@graph":[{"@type":"Article","@id":"https:\/\/cetaradell.cat\/ce\/sortida-de-senders-a-la-mare-de-deu-del-mont\/#article","isPartOf":{"@id":"https:\/\/cetaradell.cat\/ce\/sortida-de-senders-a-la-mare-de-deu-del-mont\/"},"author":{"name":"CET","@id":"https:\/\/cetaradell.cat\/ce\/#\/schema\/person\/92a59f585073071c7be6649e84b22f78"},"headline":"Sortida de Senders a la Mare de D\u00e9u del Mont","datePublished":"2022-05-14T18:24:37+00:00","dateModified":"2022-05-14T18:24:38+00:00","mainEntityOfPage":{"@id":"https:\/\/cetaradell.cat\/ce\/sortida-de-senders-a-la-mare-de-deu-del-mont\/"},"wordCount":158,"image":{"@id":"https:\/\/cetaradell.cat\/ce\/sortida-de-senders-a-la-mare-de-deu-del-mont\/#primaryimage"},"thumbnailUrl":"https:\/\/cetaradell.cat\/ce\/wp-content\/uploads\/2022-05-08-Senders-Mare_Deu_del_Mont-2.jpg","articleSection":["Not\u00edcies","Senders"],"inLanguage":"ca"},{"@type":"WebPage","@id":"https:\/\/cetaradell.cat\/ce\/sortida-de-senders-a-la-mare-de-deu-del-mont\/","url":"https:\/\/cetaradell.cat\/ce\/sortida-de-senders-a-la-mare-de-deu-del-mont\/","name":"Sortida de Senders a la Mare de D\u00e9u del Mont - Centre Excursionista Taradell","isPartOf":{"@id":"https:\/\/cetaradell.cat\/ce\/#website"},"primaryImageOfPage":{"@id":"https:\/\/cetaradell.cat\/ce\/sortida-de-senders-a-la-mare-de-deu-del-mont\/#primaryimage"},"image":{"@id":"https:\/\/cetaradell.cat\/ce\/sortida-de-senders-a-la-mare-de-deu-del-mont\/#primaryimage"},"thumbnailUrl":"https:\/\/cetaradell.cat\/ce\/wp-content\/uploads\/2022-05-08-Senders-Mare_Deu_del_Mont-2.jpg","datePublished":"2022-05-14T18:24:37+00:00","dateModified":"2022-05-14T18:24:38+00:00","author":{"@id":"https:\/\/cetaradell.cat\/ce\/#\/schema\/person\/92a59f585073071c7be6649e84b22f78"},"breadcrumb":{"@id":"https:\/\/cetaradell.cat\/ce\/sortida-de-senders-a-la-mare-de-deu-del-mont\/#breadcrumb"},"inLanguage":"ca","potentialAction":[{"@type":"ReadAction","target":["https:\/\/cetaradell.cat\/ce\/sortida-de-senders-a-la-mare-de-deu-del-mont\/"]}]},{"@type":"ImageObject","inLanguage":"ca","@id":"https:\/\/cetaradell.cat\/ce\/sortida-de-senders-a-la-mare-de-deu-del-mont\/#primaryimage","url":"https:\/\/cetaradell.cat\/ce\/wp-content\/uploads\/2022-05-08-Senders-Mare_Deu_del_Mont-2.jpg","contentUrl":"https:\/\/cetaradell.cat\/ce\/wp-content\/uploads\/2022-05-08-Senders-Mare_Deu_del_Mont-2.jpg","width":1728,"height":1296},{"@type":"BreadcrumbList","@id":"https:\/\/cetaradell.cat\/ce\/sortida-de-senders-a-la-mare-de-deu-del-mont\/#breadcrumb","itemListElement":[{"@type":"ListItem","position":1,"name":"Inici","item":"https:\/\/cetaradell.cat\/ce\/"},{"@type":"ListItem","position":2,"name":"Sortida de Senders a la Mare de D\u00e9u del Mont"}]},{"@type":"WebSite","@id":"https:\/\/cetaradell.cat\/ce\/#website","url":"https:\/\/cetaradell.cat\/ce\/","name":"Centre Excursionista Taradell","description":"","potentialAction":[{"@type":"SearchAction","target":{"@type":"EntryPoint","urlTemplate":"https:\/\/cetaradell.cat\/ce\/?s={search_term_string}"},"query-input":{"@type":"PropertyValueSpecification","valueRequired":true,"valueName":"search_term_string"}}],"inLanguage":"ca"},{"@type":"Person","@id":"https:\/\/cetaradell.cat\/ce\/#\/schema\/person\/92a59f585073071c7be6649e84b22f78","name":"CET","image":{"@type":"ImageObject","inLanguage":"ca","@id":"https:\/\/secure.gravatar.com\/avatar\/d6fbe010d42056feccc0f613ed07277a5118442805079269f12dabdc42e1a727?s=96&d=mm&r=g","url":"https:\/\/secure.gravatar.com\/avatar\/d6fbe010d42056feccc0f613ed07277a5118442805079269f12dabdc42e1a727?s=96&d=mm&r=g","contentUrl":"https:\/\/secure.gravatar.com\/avatar\/d6fbe010d42056feccc0f613ed07277a5118442805079269f12dabdc42e1a727?s=96&d=mm&r=g","caption":"CET"},"url":"https:\/\/cetaradell.cat\/ce\/author\/root\/"}]}},"_links":{"self":[{"href":"https:\/\/cetaradell.cat\/ce\/wp-json\/wp\/v2\/posts\/9113","targetHints":{"allow":["GET"]}}],"collection":[{"href":"https:\/\/cetaradell.cat\/ce\/wp-json\/wp\/v2\/posts"}],"about":[{"href":"https:\/\/cetaradell.cat\/ce\/wp-json\/wp\/v2\/types\/post"}],"author":[{"embeddable":true,"href":"https:\/\/cetaradell.cat\/ce\/wp-json\/wp\/v2\/users\/1"}],"replies":[{"embeddable":true,"href":"https:\/\/cetaradell.cat\/ce\/wp-json\/wp\/v2\/comments?post=9113"}],"version-history":[{"count":0,"href":"https:\/\/cetaradell.cat\/ce\/wp-json\/wp\/v2\/posts\/9113\/revisions"}],"wp:featuredmedia":[{"embeddable":true,"href":"https:\/\/cetaradell.cat\/ce\/wp-json\/wp\/v2\/media\/9114"}],"wp:attachment":[{"href":"https:\/\/cetaradell.cat\/ce\/wp-json\/wp\/v2\/media?parent=9113"}],"wp:term":[{"taxonomy":"category","embeddable":true,"href":"https:\/\/cetaradell.cat\/ce\/wp-json\/wp\/v2\/categories?post=9113"},{"taxonomy":"post_tag","embeddable":true,"href":"https:\/\/cetaradell.cat\/ce\/wp-json\/wp\/v2\/tags?post=9113"}],"curies":[{"name":"wp","href":"https:\/\/api.w.org\/{rel}","templated":true}]}}