{"id":9121,"date":"2022-05-31T22:33:04","date_gmt":"2022-05-31T21:33:04","guid":{"rendered":"https:\/\/cetaradell.cat\/ce\/?p=9121"},"modified":"2022-05-31T22:33:04","modified_gmt":"2022-05-31T21:33:04","slug":"comenca-una-nova-edicio-de-taradell-camina","status":"publish","type":"post","link":"https:\/\/cetaradell.cat\/ce\/comenca-una-nova-edicio-de-taradell-camina\/","title":{"rendered":"Comen\u00e7a una nova edici\u00f3 de Taradell Camina"},"content":{"rendered":"<p><a href=\"https:\/\/cetaradell.cat\/ce\/comenca-una-nova-edicio-de-taradell-camina\/20220530-taradell-camina\/\" target=\"_blank\" rel=\"attachment noopener wp-att-9122\"><img decoding=\"async\" class=\"alignleft wp-image-9122 size-medium\" src=\"https:\/\/cetaradell.cat\/ce\/wp-content\/uploads\/20220530-Taradell-Camina-212x300.jpg\" alt=\"\" width=\"212\" height=\"300\" srcset=\"https:\/\/cetaradell.cat\/ce\/wp-content\/uploads\/20220530-Taradell-Camina-200x283.jpg 200w, https:\/\/cetaradell.cat\/ce\/wp-content\/uploads\/20220530-Taradell-Camina-212x300.jpg 212w, https:\/\/cetaradell.cat\/ce\/wp-content\/uploads\/20220530-Taradell-Camina-400x566.jpg 400w, https:\/\/cetaradell.cat\/ce\/wp-content\/uploads\/20220530-Taradell-Camina-500x707.jpg 500w, https:\/\/cetaradell.cat\/ce\/wp-content\/uploads\/20220530-Taradell-Camina-600x849.jpg 600w, https:\/\/cetaradell.cat\/ce\/wp-content\/uploads\/20220530-Taradell-Camina-700x990.jpg 700w, https:\/\/cetaradell.cat\/ce\/wp-content\/uploads\/20220530-Taradell-Camina-724x1024.jpg 724w, https:\/\/cetaradell.cat\/ce\/wp-content\/uploads\/20220530-Taradell-Camina-768x1086.jpg 768w, https:\/\/cetaradell.cat\/ce\/wp-content\/uploads\/20220530-Taradell-Camina-800x1132.jpg 800w, https:\/\/cetaradell.cat\/ce\/wp-content\/uploads\/20220530-Taradell-Camina-1086x1536.jpg 1086w, https:\/\/cetaradell.cat\/ce\/wp-content\/uploads\/20220530-Taradell-Camina.jpg 1131w\" sizes=\"(max-width: 212px) 100vw, 212px\" \/><\/a>Un any m\u00e9s el CET col\u00b7labora amb Som Dones i l\u2019Ajuntament de Taradell, en l\u2019organitzaci\u00f3 de la iniciativa <strong>Taradell Camina<\/strong>, una activitat gratu\u00efta que t\u00e9 per\u00a0 objectiu fomentar l\u2019activitat f\u00edsica i els h\u00e0bits saludables entre els taradellencs.<\/p>\n<p>Aquesta edici\u00f3 comen\u00e7ar\u00e0 el dijous dia 2 de juny, i com en les anteriors tamb\u00e9 s\u2019organitzaran dues caminades setmanals, una els dimarts i l\u2019altra els dijous, d\u2019aproximadament una hora, fins al dia 28 de juliol.<\/p>\n<p>La sortida de les caminades ser\u00e0 a 2\/4 de 9 del vespre des de la pla\u00e7a de les Eres. El dia 2 a partir de les 8 del vespre es faran les inscripcions a les caminades del 2022.<\/p>\n","protected":false},"excerpt":{"rendered":"<p>Un any m\u00e9s el CET col\u00b7labora amb Som Dones i l\u2019Ajuntament de Taradell, en l\u2019organitzaci\u00f3 de la iniciativa Taradell Camina, una activitat gratu\u00efta que t\u00e9 per\u00a0 objectiu fomentar l\u2019activitat f\u00edsica i els h\u00e0bits saludables entre els taradellencs. Aquesta edici\u00f3 comen\u00e7ar\u00e0 el dijous dia 2 de juny, i com en les  [&#8230;]<\/p>\n","protected":false},"author":1,"featured_media":9122,"comment_status":"closed","ping_status":"closed","sticky":false,"template":"","format":"standard","meta":{"footnotes":""},"categories":[4,21],"tags":[],"class_list":["post-9121","post","type-post","status-publish","format-standard","has-post-thumbnail","hentry","category-activitats","category-collaboracio-amb-entitats"],"yoast_head":"<!-- This site is optimized with the Yoast SEO plugin v27.4 - https:\/\/yoast.com\/product\/yoast-seo-wordpress\/ -->\n<title>Comen\u00e7a una nova edici\u00f3 de Taradell Camina - Centre Excursionista Taradell<\/title>\n<meta name=\"robots\" content=\"index, follow, max-snippet:-1, max-image-preview:large, max-video-preview:-1\" \/>\n<link rel=\"canonical\" href=\"https:\/\/cetaradell.cat\/ce\/comenca-una-nova-edicio-de-taradell-camina\/\" \/>\n<meta property=\"og:locale\" content=\"ca_ES\" \/>\n<meta property=\"og:type\" content=\"article\" \/>\n<meta property=\"og:title\" content=\"Comen\u00e7a una nova edici\u00f3 de Taradell Camina - Centre Excursionista Taradell\" \/>\n<meta property=\"og:description\" content=\"Un any m\u00e9s el CET col\u00b7labora amb Som Dones i l\u2019Ajuntament de Taradell, en l\u2019organitzaci\u00f3 de la iniciativa Taradell Camina, una activitat gratu\u00efta que t\u00e9 per\u00a0 objectiu fomentar l\u2019activitat f\u00edsica i els h\u00e0bits saludables entre els taradellencs. Aquesta edici\u00f3 comen\u00e7ar\u00e0 el dijous dia 2 de juny, i com en les [...]\" \/>\n<meta property=\"og:url\" content=\"https:\/\/cetaradell.cat\/ce\/comenca-una-nova-edicio-de-taradell-camina\/\" \/>\n<meta property=\"og:site_name\" content=\"Centre Excursionista Taradell\" \/>\n<meta property=\"article:publisher\" content=\"https:\/\/www.facebook.com\/CETaradell\/\" \/>\n<meta property=\"article:published_time\" content=\"2022-05-31T21:33:04+00:00\" \/>\n<meta property=\"og:image\" content=\"https:\/\/cetaradell.cat\/ce\/wp-content\/uploads\/20220530-Taradell-Camina.jpg\" \/>\n\t<meta property=\"og:image:width\" content=\"1131\" \/>\n\t<meta property=\"og:image:height\" content=\"1600\" \/>\n\t<meta property=\"og:image:type\" content=\"image\/jpeg\" \/>\n<meta name=\"author\" content=\"CET\" \/>\n<meta name=\"twitter:card\" content=\"summary_large_image\" \/>\n<meta name=\"twitter:label1\" content=\"Escrit per\" \/>\n\t<meta name=\"twitter:data1\" content=\"CET\" \/>\n\t<meta name=\"twitter:label2\" content=\"Temps estimat de lectura\" \/>\n\t<meta name=\"twitter:data2\" content=\"1 minut\" \/>\n<script type=\"application\/ld+json\" class=\"yoast-schema-graph\">{\"@context\":\"https:\\\/\\\/schema.org\",\"@graph\":[{\"@type\":\"Article\",\"@id\":\"https:\\\/\\\/cetaradell.cat\\\/ce\\\/comenca-una-nova-edicio-de-taradell-camina\\\/#article\",\"isPartOf\":{\"@id\":\"https:\\\/\\\/cetaradell.cat\\\/ce\\\/comenca-una-nova-edicio-de-taradell-camina\\\/\"},\"author\":{\"name\":\"CET\",\"@id\":\"https:\\\/\\\/cetaradell.cat\\\/ce\\\/#\\\/schema\\\/person\\\/92a59f585073071c7be6649e84b22f78\"},\"headline\":\"Comen\u00e7a una nova edici\u00f3 de Taradell Camina\",\"datePublished\":\"2022-05-31T21:33:04+00:00\",\"mainEntityOfPage\":{\"@id\":\"https:\\\/\\\/cetaradell.cat\\\/ce\\\/comenca-una-nova-edicio-de-taradell-camina\\\/\"},\"wordCount\":124,\"image\":{\"@id\":\"https:\\\/\\\/cetaradell.cat\\\/ce\\\/comenca-una-nova-edicio-de-taradell-camina\\\/#primaryimage\"},\"thumbnailUrl\":\"https:\\\/\\\/cetaradell.cat\\\/ce\\\/wp-content\\\/uploads\\\/20220530-Taradell-Camina.jpg\",\"articleSection\":[\"Activitats\",\"Col\u00b7laboraci\u00f3 amb entitats\"],\"inLanguage\":\"ca\"},{\"@type\":\"WebPage\",\"@id\":\"https:\\\/\\\/cetaradell.cat\\\/ce\\\/comenca-una-nova-edicio-de-taradell-camina\\\/\",\"url\":\"https:\\\/\\\/cetaradell.cat\\\/ce\\\/comenca-una-nova-edicio-de-taradell-camina\\\/\",\"name\":\"Comen\u00e7a una nova edici\u00f3 de Taradell Camina - Centre Excursionista Taradell\",\"isPartOf\":{\"@id\":\"https:\\\/\\\/cetaradell.cat\\\/ce\\\/#website\"},\"primaryImageOfPage\":{\"@id\":\"https:\\\/\\\/cetaradell.cat\\\/ce\\\/comenca-una-nova-edicio-de-taradell-camina\\\/#primaryimage\"},\"image\":{\"@id\":\"https:\\\/\\\/cetaradell.cat\\\/ce\\\/comenca-una-nova-edicio-de-taradell-camina\\\/#primaryimage\"},\"thumbnailUrl\":\"https:\\\/\\\/cetaradell.cat\\\/ce\\\/wp-content\\\/uploads\\\/20220530-Taradell-Camina.jpg\",\"datePublished\":\"2022-05-31T21:33:04+00:00\",\"author\":{\"@id\":\"https:\\\/\\\/cetaradell.cat\\\/ce\\\/#\\\/schema\\\/person\\\/92a59f585073071c7be6649e84b22f78\"},\"breadcrumb\":{\"@id\":\"https:\\\/\\\/cetaradell.cat\\\/ce\\\/comenca-una-nova-edicio-de-taradell-camina\\\/#breadcrumb\"},\"inLanguage\":\"ca\",\"potentialAction\":[{\"@type\":\"ReadAction\",\"target\":[\"https:\\\/\\\/cetaradell.cat\\\/ce\\\/comenca-una-nova-edicio-de-taradell-camina\\\/\"]}]},{\"@type\":\"ImageObject\",\"inLanguage\":\"ca\",\"@id\":\"https:\\\/\\\/cetaradell.cat\\\/ce\\\/comenca-una-nova-edicio-de-taradell-camina\\\/#primaryimage\",\"url\":\"https:\\\/\\\/cetaradell.cat\\\/ce\\\/wp-content\\\/uploads\\\/20220530-Taradell-Camina.jpg\",\"contentUrl\":\"https:\\\/\\\/cetaradell.cat\\\/ce\\\/wp-content\\\/uploads\\\/20220530-Taradell-Camina.jpg\",\"width\":1131,\"height\":1600},{\"@type\":\"BreadcrumbList\",\"@id\":\"https:\\\/\\\/cetaradell.cat\\\/ce\\\/comenca-una-nova-edicio-de-taradell-camina\\\/#breadcrumb\",\"itemListElement\":[{\"@type\":\"ListItem\",\"position\":1,\"name\":\"Inici\",\"item\":\"https:\\\/\\\/cetaradell.cat\\\/ce\\\/\"},{\"@type\":\"ListItem\",\"position\":2,\"name\":\"Comen\u00e7a una nova edici\u00f3 de Taradell Camina\"}]},{\"@type\":\"WebSite\",\"@id\":\"https:\\\/\\\/cetaradell.cat\\\/ce\\\/#website\",\"url\":\"https:\\\/\\\/cetaradell.cat\\\/ce\\\/\",\"name\":\"Centre Excursionista Taradell\",\"description\":\"\",\"potentialAction\":[{\"@type\":\"SearchAction\",\"target\":{\"@type\":\"EntryPoint\",\"urlTemplate\":\"https:\\\/\\\/cetaradell.cat\\\/ce\\\/?s={search_term_string}\"},\"query-input\":{\"@type\":\"PropertyValueSpecification\",\"valueRequired\":true,\"valueName\":\"search_term_string\"}}],\"inLanguage\":\"ca\"},{\"@type\":\"Person\",\"@id\":\"https:\\\/\\\/cetaradell.cat\\\/ce\\\/#\\\/schema\\\/person\\\/92a59f585073071c7be6649e84b22f78\",\"name\":\"CET\",\"image\":{\"@type\":\"ImageObject\",\"inLanguage\":\"ca\",\"@id\":\"https:\\\/\\\/secure.gravatar.com\\\/avatar\\\/d6fbe010d42056feccc0f613ed07277a5118442805079269f12dabdc42e1a727?s=96&d=mm&r=g\",\"url\":\"https:\\\/\\\/secure.gravatar.com\\\/avatar\\\/d6fbe010d42056feccc0f613ed07277a5118442805079269f12dabdc42e1a727?s=96&d=mm&r=g\",\"contentUrl\":\"https:\\\/\\\/secure.gravatar.com\\\/avatar\\\/d6fbe010d42056feccc0f613ed07277a5118442805079269f12dabdc42e1a727?s=96&d=mm&r=g\",\"caption\":\"CET\"},\"url\":\"https:\\\/\\\/cetaradell.cat\\\/ce\\\/author\\\/root\\\/\"}]}<\/script>\n<!-- \/ Yoast SEO plugin. -->","yoast_head_json":{"title":"Comen\u00e7a una nova edici\u00f3 de Taradell Camina - Centre Excursionista Taradell","robots":{"index":"index","follow":"follow","max-snippet":"max-snippet:-1","max-image-preview":"max-image-preview:large","max-video-preview":"max-video-preview:-1"},"canonical":"https:\/\/cetaradell.cat\/ce\/comenca-una-nova-edicio-de-taradell-camina\/","og_locale":"ca_ES","og_type":"article","og_title":"Comen\u00e7a una nova edici\u00f3 de Taradell Camina - Centre Excursionista Taradell","og_description":"Un any m\u00e9s el CET col\u00b7labora amb Som Dones i l\u2019Ajuntament de Taradell, en l\u2019organitzaci\u00f3 de la iniciativa Taradell Camina, una activitat gratu\u00efta que t\u00e9 per\u00a0 objectiu fomentar l\u2019activitat f\u00edsica i els h\u00e0bits saludables entre els taradellencs. Aquesta edici\u00f3 comen\u00e7ar\u00e0 el dijous dia 2 de juny, i com en les [...]","og_url":"https:\/\/cetaradell.cat\/ce\/comenca-una-nova-edicio-de-taradell-camina\/","og_site_name":"Centre Excursionista Taradell","article_publisher":"https:\/\/www.facebook.com\/CETaradell\/","article_published_time":"2022-05-31T21:33:04+00:00","og_image":[{"width":1131,"height":1600,"url":"https:\/\/cetaradell.cat\/ce\/wp-content\/uploads\/20220530-Taradell-Camina.jpg","type":"image\/jpeg"}],"author":"CET","twitter_card":"summary_large_image","twitter_misc":{"Escrit per":"CET","Temps estimat de lectura":"1 minut"},"schema":{"@context":"https:\/\/schema.org","@graph":[{"@type":"Article","@id":"https:\/\/cetaradell.cat\/ce\/comenca-una-nova-edicio-de-taradell-camina\/#article","isPartOf":{"@id":"https:\/\/cetaradell.cat\/ce\/comenca-una-nova-edicio-de-taradell-camina\/"},"author":{"name":"CET","@id":"https:\/\/cetaradell.cat\/ce\/#\/schema\/person\/92a59f585073071c7be6649e84b22f78"},"headline":"Comen\u00e7a una nova edici\u00f3 de Taradell Camina","datePublished":"2022-05-31T21:33:04+00:00","mainEntityOfPage":{"@id":"https:\/\/cetaradell.cat\/ce\/comenca-una-nova-edicio-de-taradell-camina\/"},"wordCount":124,"image":{"@id":"https:\/\/cetaradell.cat\/ce\/comenca-una-nova-edicio-de-taradell-camina\/#primaryimage"},"thumbnailUrl":"https:\/\/cetaradell.cat\/ce\/wp-content\/uploads\/20220530-Taradell-Camina.jpg","articleSection":["Activitats","Col\u00b7laboraci\u00f3 amb entitats"],"inLanguage":"ca"},{"@type":"WebPage","@id":"https:\/\/cetaradell.cat\/ce\/comenca-una-nova-edicio-de-taradell-camina\/","url":"https:\/\/cetaradell.cat\/ce\/comenca-una-nova-edicio-de-taradell-camina\/","name":"Comen\u00e7a una nova edici\u00f3 de Taradell Camina - Centre Excursionista Taradell","isPartOf":{"@id":"https:\/\/cetaradell.cat\/ce\/#website"},"primaryImageOfPage":{"@id":"https:\/\/cetaradell.cat\/ce\/comenca-una-nova-edicio-de-taradell-camina\/#primaryimage"},"image":{"@id":"https:\/\/cetaradell.cat\/ce\/comenca-una-nova-edicio-de-taradell-camina\/#primaryimage"},"thumbnailUrl":"https:\/\/cetaradell.cat\/ce\/wp-content\/uploads\/20220530-Taradell-Camina.jpg","datePublished":"2022-05-31T21:33:04+00:00","author":{"@id":"https:\/\/cetaradell.cat\/ce\/#\/schema\/person\/92a59f585073071c7be6649e84b22f78"},"breadcrumb":{"@id":"https:\/\/cetaradell.cat\/ce\/comenca-una-nova-edicio-de-taradell-camina\/#breadcrumb"},"inLanguage":"ca","potentialAction":[{"@type":"ReadAction","target":["https:\/\/cetaradell.cat\/ce\/comenca-una-nova-edicio-de-taradell-camina\/"]}]},{"@type":"ImageObject","inLanguage":"ca","@id":"https:\/\/cetaradell.cat\/ce\/comenca-una-nova-edicio-de-taradell-camina\/#primaryimage","url":"https:\/\/cetaradell.cat\/ce\/wp-content\/uploads\/20220530-Taradell-Camina.jpg","contentUrl":"https:\/\/cetaradell.cat\/ce\/wp-content\/uploads\/20220530-Taradell-Camina.jpg","width":1131,"height":1600},{"@type":"BreadcrumbList","@id":"https:\/\/cetaradell.cat\/ce\/comenca-una-nova-edicio-de-taradell-camina\/#breadcrumb","itemListElement":[{"@type":"ListItem","position":1,"name":"Inici","item":"https:\/\/cetaradell.cat\/ce\/"},{"@type":"ListItem","position":2,"name":"Comen\u00e7a una nova edici\u00f3 de Taradell Camina"}]},{"@type":"WebSite","@id":"https:\/\/cetaradell.cat\/ce\/#website","url":"https:\/\/cetaradell.cat\/ce\/","name":"Centre Excursionista Taradell","description":"","potentialAction":[{"@type":"SearchAction","target":{"@type":"EntryPoint","urlTemplate":"https:\/\/cetaradell.cat\/ce\/?s={search_term_string}"},"query-input":{"@type":"PropertyValueSpecification","valueRequired":true,"valueName":"search_term_string"}}],"inLanguage":"ca"},{"@type":"Person","@id":"https:\/\/cetaradell.cat\/ce\/#\/schema\/person\/92a59f585073071c7be6649e84b22f78","name":"CET","image":{"@type":"ImageObject","inLanguage":"ca","@id":"https:\/\/secure.gravatar.com\/avatar\/d6fbe010d42056feccc0f613ed07277a5118442805079269f12dabdc42e1a727?s=96&d=mm&r=g","url":"https:\/\/secure.gravatar.com\/avatar\/d6fbe010d42056feccc0f613ed07277a5118442805079269f12dabdc42e1a727?s=96&d=mm&r=g","contentUrl":"https:\/\/secure.gravatar.com\/avatar\/d6fbe010d42056feccc0f613ed07277a5118442805079269f12dabdc42e1a727?s=96&d=mm&r=g","caption":"CET"},"url":"https:\/\/cetaradell.cat\/ce\/author\/root\/"}]}},"_links":{"self":[{"href":"https:\/\/cetaradell.cat\/ce\/wp-json\/wp\/v2\/posts\/9121","targetHints":{"allow":["GET"]}}],"collection":[{"href":"https:\/\/cetaradell.cat\/ce\/wp-json\/wp\/v2\/posts"}],"about":[{"href":"https:\/\/cetaradell.cat\/ce\/wp-json\/wp\/v2\/types\/post"}],"author":[{"embeddable":true,"href":"https:\/\/cetaradell.cat\/ce\/wp-json\/wp\/v2\/users\/1"}],"replies":[{"embeddable":true,"href":"https:\/\/cetaradell.cat\/ce\/wp-json\/wp\/v2\/comments?post=9121"}],"version-history":[{"count":0,"href":"https:\/\/cetaradell.cat\/ce\/wp-json\/wp\/v2\/posts\/9121\/revisions"}],"wp:featuredmedia":[{"embeddable":true,"href":"https:\/\/cetaradell.cat\/ce\/wp-json\/wp\/v2\/media\/9122"}],"wp:attachment":[{"href":"https:\/\/cetaradell.cat\/ce\/wp-json\/wp\/v2\/media?parent=9121"}],"wp:term":[{"taxonomy":"category","embeddable":true,"href":"https:\/\/cetaradell.cat\/ce\/wp-json\/wp\/v2\/categories?post=9121"},{"taxonomy":"post_tag","embeddable":true,"href":"https:\/\/cetaradell.cat\/ce\/wp-json\/wp\/v2\/tags?post=9121"}],"curies":[{"name":"wp","href":"https:\/\/api.w.org\/{rel}","templated":true}]}}