{"id":9125,"date":"2022-05-31T22:59:09","date_gmt":"2022-05-31T21:59:09","guid":{"rendered":"https:\/\/cetaradell.cat\/ce\/?p=9125"},"modified":"2022-05-31T22:59:09","modified_gmt":"2022-05-31T21:59:09","slug":"marxa-nordica-pels-voltants-de-taradell","status":"publish","type":"post","link":"https:\/\/cetaradell.cat\/ce\/marxa-nordica-pels-voltants-de-taradell\/","title":{"rendered":"Marxa  N\u00f2rdica pels voltants de Taradell"},"content":{"rendered":"<h4><strong>2022 &#8211; Circuit Catal\u00e0 de Marxa N\u00f2rdica<\/strong><\/h4>\n<h4><strong>Dist\u00e0ncia: 14 km &#8211; Desnivell: 200 m<\/strong><\/h4>\n<p><img decoding=\"async\" class=\"alignleft wp-image-9129 size-medium\" src=\"https:\/\/cetaradell.cat\/ce\/wp-content\/uploads\/2019-05-26-Marxa_Nordica-300x225.jpeg\" alt=\"\" width=\"300\" height=\"225\" srcset=\"https:\/\/cetaradell.cat\/ce\/wp-content\/uploads\/2019-05-26-Marxa_Nordica-200x150.jpeg 200w, https:\/\/cetaradell.cat\/ce\/wp-content\/uploads\/2019-05-26-Marxa_Nordica-300x225.jpeg 300w, https:\/\/cetaradell.cat\/ce\/wp-content\/uploads\/2019-05-26-Marxa_Nordica-400x300.jpeg 400w, https:\/\/cetaradell.cat\/ce\/wp-content\/uploads\/2019-05-26-Marxa_Nordica-500x375.jpeg 500w, https:\/\/cetaradell.cat\/ce\/wp-content\/uploads\/2019-05-26-Marxa_Nordica-600x450.jpeg 600w, https:\/\/cetaradell.cat\/ce\/wp-content\/uploads\/2019-05-26-Marxa_Nordica-700x525.jpeg 700w, https:\/\/cetaradell.cat\/ce\/wp-content\/uploads\/2019-05-26-Marxa_Nordica-768x576.jpeg 768w, https:\/\/cetaradell.cat\/ce\/wp-content\/uploads\/2019-05-26-Marxa_Nordica-800x600.jpeg 800w, https:\/\/cetaradell.cat\/ce\/wp-content\/uploads\/2019-05-26-Marxa_Nordica-1024x768.jpeg 1024w, https:\/\/cetaradell.cat\/ce\/wp-content\/uploads\/2019-05-26-Marxa_Nordica-1200x900.jpeg 1200w, https:\/\/cetaradell.cat\/ce\/wp-content\/uploads\/2019-05-26-Marxa_Nordica-1536x1152.jpeg 1536w, https:\/\/cetaradell.cat\/ce\/wp-content\/uploads\/2019-05-26-Marxa_Nordica.jpeg 1600w\" sizes=\"(max-width: 300px) 100vw, 300px\" \/><\/p>\n<p>El proper dia <strong>19 de juny a les 8h,<\/strong> Taradell acollir\u00e0 la 10a prova puntuable dintre del <strong>Circuit Catal\u00e0 de Marxa N\u00f2rdica<\/strong> de la FEEC,\u00a0la \u201c<strong>Marxa N\u00f2rdica pels voltants de Taradell<\/strong>\u201c, organitzada pel Centre Excursionista Taradell.<\/p>\n<p>&nbsp;<\/p>\n<p>&nbsp;<\/p>\n<p>&nbsp;<\/p>\n<p><strong>Programa:<\/strong><\/p>\n<ul>\n<li>A les 8h del mat\u00ed \u2013 Benvinguda als participants i es faran els explicacions oportunes.<\/li>\n<li>A les 8:30h \u2013 Sortida.<\/li>\n<li>Hi haur\u00e0 un avituallament al llarg del trajecte i a l\u2019arribada.<\/li>\n<\/ul>\n<p><strong>Nota:<\/strong>\u00a0Tothom s\u2019ha de portar el seu material.<\/p>\n<p><strong>Inscripcions:<\/strong> fins el dissabte, 18 de juny de 2022 a les 12:00h o fins a completar la quota de places disponibles, a la web de la <a href=\"https:\/\/inscripcio.feec.cat\/inscripcion\/marxa-nordica-pels-voltants-de-taradell\/inscripcion_federado_licPlay\/?lang=ca\" target=\"_blank\" rel=\"noopener\"><strong>FEEC (\u2192)<\/strong><\/a><\/p>\n","protected":false},"excerpt":{"rendered":"<p>2022 &#8211; Circuit Catal\u00e0 de Marxa N\u00f2rdica Dist\u00e0ncia: 14 km &#8211; Desnivell: 200 m El proper dia 19 de juny a les 8h, Taradell acollir\u00e0 la 10a prova puntuable dintre del Circuit Catal\u00e0 de Marxa N\u00f2rdica de la FEEC,\u00a0la \u201cMarxa N\u00f2rdica pels voltants de Taradell\u201c, organitzada pel Centre Excursionista Taradell.  [&#8230;]<\/p>\n","protected":false},"author":1,"featured_media":9129,"comment_status":"closed","ping_status":"closed","sticky":false,"template":"","format":"standard","meta":{"footnotes":""},"categories":[4,7],"tags":[],"class_list":["post-9125","post","type-post","status-publish","format-standard","has-post-thumbnail","hentry","category-activitats","category-muntanya"],"yoast_head":"<!-- This site is optimized with the Yoast SEO plugin v27.4 - https:\/\/yoast.com\/product\/yoast-seo-wordpress\/ -->\n<title>Marxa N\u00f2rdica pels voltants de Taradell - Centre Excursionista Taradell<\/title>\n<meta name=\"robots\" content=\"index, follow, max-snippet:-1, max-image-preview:large, max-video-preview:-1\" \/>\n<link rel=\"canonical\" href=\"https:\/\/cetaradell.cat\/ce\/marxa-nordica-pels-voltants-de-taradell\/\" \/>\n<meta property=\"og:locale\" content=\"ca_ES\" \/>\n<meta property=\"og:type\" content=\"article\" \/>\n<meta property=\"og:title\" content=\"Marxa N\u00f2rdica pels voltants de Taradell - Centre Excursionista Taradell\" \/>\n<meta property=\"og:description\" content=\"2022 &#8211; Circuit Catal\u00e0 de Marxa N\u00f2rdica Dist\u00e0ncia: 14 km &#8211; Desnivell: 200 m El proper dia 19 de juny a les 8h, Taradell acollir\u00e0 la 10a prova puntuable dintre del Circuit Catal\u00e0 de Marxa N\u00f2rdica de la FEEC,\u00a0la \u201cMarxa N\u00f2rdica pels voltants de Taradell\u201c, organitzada pel Centre Excursionista Taradell. [...]\" \/>\n<meta property=\"og:url\" content=\"https:\/\/cetaradell.cat\/ce\/marxa-nordica-pels-voltants-de-taradell\/\" \/>\n<meta property=\"og:site_name\" content=\"Centre Excursionista Taradell\" \/>\n<meta property=\"article:publisher\" content=\"https:\/\/www.facebook.com\/CETaradell\/\" \/>\n<meta property=\"article:published_time\" content=\"2022-05-31T21:59:09+00:00\" \/>\n<meta property=\"og:image\" content=\"https:\/\/cetaradell.cat\/ce\/wp-content\/uploads\/2019-05-26-Marxa_Nordica.jpeg\" \/>\n\t<meta property=\"og:image:width\" content=\"1600\" \/>\n\t<meta property=\"og:image:height\" content=\"1200\" \/>\n\t<meta property=\"og:image:type\" content=\"image\/jpeg\" \/>\n<meta name=\"author\" content=\"CET\" \/>\n<meta name=\"twitter:card\" content=\"summary_large_image\" \/>\n<meta name=\"twitter:label1\" content=\"Escrit per\" \/>\n\t<meta name=\"twitter:data1\" content=\"CET\" \/>\n\t<meta name=\"twitter:label2\" content=\"Temps estimat de lectura\" \/>\n\t<meta name=\"twitter:data2\" content=\"1 minut\" \/>\n<script type=\"application\/ld+json\" class=\"yoast-schema-graph\">{\"@context\":\"https:\\\/\\\/schema.org\",\"@graph\":[{\"@type\":\"Article\",\"@id\":\"https:\\\/\\\/cetaradell.cat\\\/ce\\\/marxa-nordica-pels-voltants-de-taradell\\\/#article\",\"isPartOf\":{\"@id\":\"https:\\\/\\\/cetaradell.cat\\\/ce\\\/marxa-nordica-pels-voltants-de-taradell\\\/\"},\"author\":{\"name\":\"CET\",\"@id\":\"https:\\\/\\\/cetaradell.cat\\\/ce\\\/#\\\/schema\\\/person\\\/92a59f585073071c7be6649e84b22f78\"},\"headline\":\"Marxa N\u00f2rdica pels voltants de Taradell\",\"datePublished\":\"2022-05-31T21:59:09+00:00\",\"mainEntityOfPage\":{\"@id\":\"https:\\\/\\\/cetaradell.cat\\\/ce\\\/marxa-nordica-pels-voltants-de-taradell\\\/\"},\"wordCount\":126,\"image\":{\"@id\":\"https:\\\/\\\/cetaradell.cat\\\/ce\\\/marxa-nordica-pels-voltants-de-taradell\\\/#primaryimage\"},\"thumbnailUrl\":\"https:\\\/\\\/cetaradell.cat\\\/ce\\\/wp-content\\\/uploads\\\/2019-05-26-Marxa_Nordica.jpeg\",\"articleSection\":[\"Activitats\",\"Muntanya\"],\"inLanguage\":\"ca\"},{\"@type\":\"WebPage\",\"@id\":\"https:\\\/\\\/cetaradell.cat\\\/ce\\\/marxa-nordica-pels-voltants-de-taradell\\\/\",\"url\":\"https:\\\/\\\/cetaradell.cat\\\/ce\\\/marxa-nordica-pels-voltants-de-taradell\\\/\",\"name\":\"Marxa N\u00f2rdica pels voltants de Taradell - Centre Excursionista Taradell\",\"isPartOf\":{\"@id\":\"https:\\\/\\\/cetaradell.cat\\\/ce\\\/#website\"},\"primaryImageOfPage\":{\"@id\":\"https:\\\/\\\/cetaradell.cat\\\/ce\\\/marxa-nordica-pels-voltants-de-taradell\\\/#primaryimage\"},\"image\":{\"@id\":\"https:\\\/\\\/cetaradell.cat\\\/ce\\\/marxa-nordica-pels-voltants-de-taradell\\\/#primaryimage\"},\"thumbnailUrl\":\"https:\\\/\\\/cetaradell.cat\\\/ce\\\/wp-content\\\/uploads\\\/2019-05-26-Marxa_Nordica.jpeg\",\"datePublished\":\"2022-05-31T21:59:09+00:00\",\"author\":{\"@id\":\"https:\\\/\\\/cetaradell.cat\\\/ce\\\/#\\\/schema\\\/person\\\/92a59f585073071c7be6649e84b22f78\"},\"breadcrumb\":{\"@id\":\"https:\\\/\\\/cetaradell.cat\\\/ce\\\/marxa-nordica-pels-voltants-de-taradell\\\/#breadcrumb\"},\"inLanguage\":\"ca\",\"potentialAction\":[{\"@type\":\"ReadAction\",\"target\":[\"https:\\\/\\\/cetaradell.cat\\\/ce\\\/marxa-nordica-pels-voltants-de-taradell\\\/\"]}]},{\"@type\":\"ImageObject\",\"inLanguage\":\"ca\",\"@id\":\"https:\\\/\\\/cetaradell.cat\\\/ce\\\/marxa-nordica-pels-voltants-de-taradell\\\/#primaryimage\",\"url\":\"https:\\\/\\\/cetaradell.cat\\\/ce\\\/wp-content\\\/uploads\\\/2019-05-26-Marxa_Nordica.jpeg\",\"contentUrl\":\"https:\\\/\\\/cetaradell.cat\\\/ce\\\/wp-content\\\/uploads\\\/2019-05-26-Marxa_Nordica.jpeg\",\"width\":1600,\"height\":1200},{\"@type\":\"BreadcrumbList\",\"@id\":\"https:\\\/\\\/cetaradell.cat\\\/ce\\\/marxa-nordica-pels-voltants-de-taradell\\\/#breadcrumb\",\"itemListElement\":[{\"@type\":\"ListItem\",\"position\":1,\"name\":\"Inici\",\"item\":\"https:\\\/\\\/cetaradell.cat\\\/ce\\\/\"},{\"@type\":\"ListItem\",\"position\":2,\"name\":\"Marxa N\u00f2rdica pels voltants de Taradell\"}]},{\"@type\":\"WebSite\",\"@id\":\"https:\\\/\\\/cetaradell.cat\\\/ce\\\/#website\",\"url\":\"https:\\\/\\\/cetaradell.cat\\\/ce\\\/\",\"name\":\"Centre Excursionista Taradell\",\"description\":\"\",\"potentialAction\":[{\"@type\":\"SearchAction\",\"target\":{\"@type\":\"EntryPoint\",\"urlTemplate\":\"https:\\\/\\\/cetaradell.cat\\\/ce\\\/?s={search_term_string}\"},\"query-input\":{\"@type\":\"PropertyValueSpecification\",\"valueRequired\":true,\"valueName\":\"search_term_string\"}}],\"inLanguage\":\"ca\"},{\"@type\":\"Person\",\"@id\":\"https:\\\/\\\/cetaradell.cat\\\/ce\\\/#\\\/schema\\\/person\\\/92a59f585073071c7be6649e84b22f78\",\"name\":\"CET\",\"image\":{\"@type\":\"ImageObject\",\"inLanguage\":\"ca\",\"@id\":\"https:\\\/\\\/secure.gravatar.com\\\/avatar\\\/d6fbe010d42056feccc0f613ed07277a5118442805079269f12dabdc42e1a727?s=96&d=mm&r=g\",\"url\":\"https:\\\/\\\/secure.gravatar.com\\\/avatar\\\/d6fbe010d42056feccc0f613ed07277a5118442805079269f12dabdc42e1a727?s=96&d=mm&r=g\",\"contentUrl\":\"https:\\\/\\\/secure.gravatar.com\\\/avatar\\\/d6fbe010d42056feccc0f613ed07277a5118442805079269f12dabdc42e1a727?s=96&d=mm&r=g\",\"caption\":\"CET\"},\"url\":\"https:\\\/\\\/cetaradell.cat\\\/ce\\\/author\\\/root\\\/\"}]}<\/script>\n<!-- \/ Yoast SEO plugin. -->","yoast_head_json":{"title":"Marxa N\u00f2rdica pels voltants de Taradell - Centre Excursionista Taradell","robots":{"index":"index","follow":"follow","max-snippet":"max-snippet:-1","max-image-preview":"max-image-preview:large","max-video-preview":"max-video-preview:-1"},"canonical":"https:\/\/cetaradell.cat\/ce\/marxa-nordica-pels-voltants-de-taradell\/","og_locale":"ca_ES","og_type":"article","og_title":"Marxa N\u00f2rdica pels voltants de Taradell - Centre Excursionista Taradell","og_description":"2022 &#8211; Circuit Catal\u00e0 de Marxa N\u00f2rdica Dist\u00e0ncia: 14 km &#8211; Desnivell: 200 m El proper dia 19 de juny a les 8h, Taradell acollir\u00e0 la 10a prova puntuable dintre del Circuit Catal\u00e0 de Marxa N\u00f2rdica de la FEEC,\u00a0la \u201cMarxa N\u00f2rdica pels voltants de Taradell\u201c, organitzada pel Centre Excursionista Taradell. [...]","og_url":"https:\/\/cetaradell.cat\/ce\/marxa-nordica-pels-voltants-de-taradell\/","og_site_name":"Centre Excursionista Taradell","article_publisher":"https:\/\/www.facebook.com\/CETaradell\/","article_published_time":"2022-05-31T21:59:09+00:00","og_image":[{"width":1600,"height":1200,"url":"https:\/\/cetaradell.cat\/ce\/wp-content\/uploads\/2019-05-26-Marxa_Nordica.jpeg","type":"image\/jpeg"}],"author":"CET","twitter_card":"summary_large_image","twitter_misc":{"Escrit per":"CET","Temps estimat de lectura":"1 minut"},"schema":{"@context":"https:\/\/schema.org","@graph":[{"@type":"Article","@id":"https:\/\/cetaradell.cat\/ce\/marxa-nordica-pels-voltants-de-taradell\/#article","isPartOf":{"@id":"https:\/\/cetaradell.cat\/ce\/marxa-nordica-pels-voltants-de-taradell\/"},"author":{"name":"CET","@id":"https:\/\/cetaradell.cat\/ce\/#\/schema\/person\/92a59f585073071c7be6649e84b22f78"},"headline":"Marxa N\u00f2rdica pels voltants de Taradell","datePublished":"2022-05-31T21:59:09+00:00","mainEntityOfPage":{"@id":"https:\/\/cetaradell.cat\/ce\/marxa-nordica-pels-voltants-de-taradell\/"},"wordCount":126,"image":{"@id":"https:\/\/cetaradell.cat\/ce\/marxa-nordica-pels-voltants-de-taradell\/#primaryimage"},"thumbnailUrl":"https:\/\/cetaradell.cat\/ce\/wp-content\/uploads\/2019-05-26-Marxa_Nordica.jpeg","articleSection":["Activitats","Muntanya"],"inLanguage":"ca"},{"@type":"WebPage","@id":"https:\/\/cetaradell.cat\/ce\/marxa-nordica-pels-voltants-de-taradell\/","url":"https:\/\/cetaradell.cat\/ce\/marxa-nordica-pels-voltants-de-taradell\/","name":"Marxa N\u00f2rdica pels voltants de Taradell - Centre Excursionista Taradell","isPartOf":{"@id":"https:\/\/cetaradell.cat\/ce\/#website"},"primaryImageOfPage":{"@id":"https:\/\/cetaradell.cat\/ce\/marxa-nordica-pels-voltants-de-taradell\/#primaryimage"},"image":{"@id":"https:\/\/cetaradell.cat\/ce\/marxa-nordica-pels-voltants-de-taradell\/#primaryimage"},"thumbnailUrl":"https:\/\/cetaradell.cat\/ce\/wp-content\/uploads\/2019-05-26-Marxa_Nordica.jpeg","datePublished":"2022-05-31T21:59:09+00:00","author":{"@id":"https:\/\/cetaradell.cat\/ce\/#\/schema\/person\/92a59f585073071c7be6649e84b22f78"},"breadcrumb":{"@id":"https:\/\/cetaradell.cat\/ce\/marxa-nordica-pels-voltants-de-taradell\/#breadcrumb"},"inLanguage":"ca","potentialAction":[{"@type":"ReadAction","target":["https:\/\/cetaradell.cat\/ce\/marxa-nordica-pels-voltants-de-taradell\/"]}]},{"@type":"ImageObject","inLanguage":"ca","@id":"https:\/\/cetaradell.cat\/ce\/marxa-nordica-pels-voltants-de-taradell\/#primaryimage","url":"https:\/\/cetaradell.cat\/ce\/wp-content\/uploads\/2019-05-26-Marxa_Nordica.jpeg","contentUrl":"https:\/\/cetaradell.cat\/ce\/wp-content\/uploads\/2019-05-26-Marxa_Nordica.jpeg","width":1600,"height":1200},{"@type":"BreadcrumbList","@id":"https:\/\/cetaradell.cat\/ce\/marxa-nordica-pels-voltants-de-taradell\/#breadcrumb","itemListElement":[{"@type":"ListItem","position":1,"name":"Inici","item":"https:\/\/cetaradell.cat\/ce\/"},{"@type":"ListItem","position":2,"name":"Marxa N\u00f2rdica pels voltants de Taradell"}]},{"@type":"WebSite","@id":"https:\/\/cetaradell.cat\/ce\/#website","url":"https:\/\/cetaradell.cat\/ce\/","name":"Centre Excursionista Taradell","description":"","potentialAction":[{"@type":"SearchAction","target":{"@type":"EntryPoint","urlTemplate":"https:\/\/cetaradell.cat\/ce\/?s={search_term_string}"},"query-input":{"@type":"PropertyValueSpecification","valueRequired":true,"valueName":"search_term_string"}}],"inLanguage":"ca"},{"@type":"Person","@id":"https:\/\/cetaradell.cat\/ce\/#\/schema\/person\/92a59f585073071c7be6649e84b22f78","name":"CET","image":{"@type":"ImageObject","inLanguage":"ca","@id":"https:\/\/secure.gravatar.com\/avatar\/d6fbe010d42056feccc0f613ed07277a5118442805079269f12dabdc42e1a727?s=96&d=mm&r=g","url":"https:\/\/secure.gravatar.com\/avatar\/d6fbe010d42056feccc0f613ed07277a5118442805079269f12dabdc42e1a727?s=96&d=mm&r=g","contentUrl":"https:\/\/secure.gravatar.com\/avatar\/d6fbe010d42056feccc0f613ed07277a5118442805079269f12dabdc42e1a727?s=96&d=mm&r=g","caption":"CET"},"url":"https:\/\/cetaradell.cat\/ce\/author\/root\/"}]}},"_links":{"self":[{"href":"https:\/\/cetaradell.cat\/ce\/wp-json\/wp\/v2\/posts\/9125","targetHints":{"allow":["GET"]}}],"collection":[{"href":"https:\/\/cetaradell.cat\/ce\/wp-json\/wp\/v2\/posts"}],"about":[{"href":"https:\/\/cetaradell.cat\/ce\/wp-json\/wp\/v2\/types\/post"}],"author":[{"embeddable":true,"href":"https:\/\/cetaradell.cat\/ce\/wp-json\/wp\/v2\/users\/1"}],"replies":[{"embeddable":true,"href":"https:\/\/cetaradell.cat\/ce\/wp-json\/wp\/v2\/comments?post=9125"}],"version-history":[{"count":0,"href":"https:\/\/cetaradell.cat\/ce\/wp-json\/wp\/v2\/posts\/9125\/revisions"}],"wp:featuredmedia":[{"embeddable":true,"href":"https:\/\/cetaradell.cat\/ce\/wp-json\/wp\/v2\/media\/9129"}],"wp:attachment":[{"href":"https:\/\/cetaradell.cat\/ce\/wp-json\/wp\/v2\/media?parent=9125"}],"wp:term":[{"taxonomy":"category","embeddable":true,"href":"https:\/\/cetaradell.cat\/ce\/wp-json\/wp\/v2\/categories?post=9125"},{"taxonomy":"post_tag","embeddable":true,"href":"https:\/\/cetaradell.cat\/ce\/wp-json\/wp\/v2\/tags?post=9125"}],"curies":[{"name":"wp","href":"https:\/\/api.w.org\/{rel}","templated":true}]}}