{"id":9191,"date":"2022-08-20T18:00:54","date_gmt":"2022-08-20T17:00:54","guid":{"rendered":"https:\/\/cetaradell.cat\/ce\/?p=9191"},"modified":"2022-08-20T23:08:22","modified_gmt":"2022-08-20T22:08:22","slug":"sortides-de-senders-setembre-2022","status":"publish","type":"post","link":"https:\/\/cetaradell.cat\/ce\/sortides-de-senders-setembre-2022\/","title":{"rendered":"Sortides de Senders \u2013 Setembre 2022"},"content":{"rendered":"<p><strong>Penyes Altes\u00a0 de Moixer\u00f3 &#8211; 13 km<br \/>\n<\/strong><\/p>\n<p><em><strong>Alt. M\u00e0x. 2.268 m.\u00a0 &#8211; Alt m\u00edn. 991 m.<br \/>\n<\/strong><\/em><\/p>\n<p><strong><a href=\"https:\/\/cetaradell.cat\/ce\/sortida-de-senders-al-roca-corbatera\/2022-06-19-senders\/\" target=\"_blank\" rel=\"attachment noopener wp-att-8953\"><img decoding=\"async\" class=\"alignleft wp-image-9144 size-medium\" src=\"https:\/\/cetaradell.cat\/ce\/wp-content\/uploads\/2022-06-19-Senders-300x135.jpg\" alt=\"\" width=\"300\" height=\"135\" srcset=\"https:\/\/cetaradell.cat\/ce\/wp-content\/uploads\/2022-06-19-Senders-200x90.jpg 200w, https:\/\/cetaradell.cat\/ce\/wp-content\/uploads\/2022-06-19-Senders-300x135.jpg 300w, https:\/\/cetaradell.cat\/ce\/wp-content\/uploads\/2022-06-19-Senders-400x180.jpg 400w, https:\/\/cetaradell.cat\/ce\/wp-content\/uploads\/2022-06-19-Senders-500x225.jpg 500w, https:\/\/cetaradell.cat\/ce\/wp-content\/uploads\/2022-06-19-Senders-600x270.jpg 600w, https:\/\/cetaradell.cat\/ce\/wp-content\/uploads\/2022-06-19-Senders-700x315.jpg 700w, https:\/\/cetaradell.cat\/ce\/wp-content\/uploads\/2022-06-19-Senders-768x346.jpg 768w, https:\/\/cetaradell.cat\/ce\/wp-content\/uploads\/2022-06-19-Senders-800x360.jpg 800w, https:\/\/cetaradell.cat\/ce\/wp-content\/uploads\/2022-06-19-Senders-1024x461.jpg 1024w, https:\/\/cetaradell.cat\/ce\/wp-content\/uploads\/2022-06-19-Senders-1200x540.jpg 1200w, https:\/\/cetaradell.cat\/ce\/wp-content\/uploads\/2022-06-19-Senders-1536x692.jpg 1536w\" sizes=\"(max-width: 300px) 100vw, 300px\" \/><\/a><\/strong>Les Penyes Altes del Moixer\u00f3 les farem per l\u2019anomenada canal de la Serp, des de Gr\u00e9ixer. Se l\u2019anomena canal de la Serp perqu\u00e8 el recorregut s\u2019assembla al d\u2019una serp, ja que va fen lla\u00e7ades curtes i llargues, per anar salvant el fort desnivell d\u2019aquest pas, encaixonat entre unes parets de pedra i la cinglera amb molts faigs i boixos. Comen\u00e7arem seguint el GR-107, \u00e9s el cam\u00ed dels Bons Homes, fins al coll de Raset, aqu\u00ed seguirem el GR-150-1. El cim de les Penyes Altes (2.268m.) \u00e9s ample, roc\u00f3s, i t\u00e9 una excel\u00b7lent vista de 360\u00ba. Des d\u2019aqu\u00ed dominarem la Cerdanya i part del Pirineu Oriental. Tamb\u00e9 tindrem bones vistes sobre la Gallina Pelada, el Pedraforca, i el Parc Natural del Cad\u00ed-Moixer\u00f3.<\/p>\n<p><strong>DIA: <\/strong>Diumenge, 4 de setembre de 2022<\/p>\n<p><strong>SORTIDA DE TARADELL: <\/strong>6.45 h de l&#8217;Espai 1 d&#8217;Octubre (La Carpa)<\/p>\n<p><strong>SORTIDA DE VIC: <\/strong>7.00h de davant l&#8217;Hotel Can Pamplona<\/p>\n<p><strong>NOTA: <\/strong>Cal portar cal\u00e7at adequat preferiblement bota de canya alta, roba d\u2019abric, paravent, gorra, guants, protecci\u00f3 solar, bastons de trekking, aigua, esmorzar, i dinar.<\/p>\n<p><strong>INSCRIPCIONS: <\/strong>Fins el divendres 2 de setembre al CET<\/p>\n<p><strong>DESPLA\u00c7AMENTS: <\/strong>autob\u00fas, preu 20 euros (Places limitades)<\/p>\n<p><strong>NOTES<\/strong>: En tot moment es respectaran totes les mesures de seguretat COVID-19, vigents el dia de la sortida. \u00c9s imprescindible estar federat.<\/p>\n","protected":false},"excerpt":{"rendered":"<p>Penyes Altes\u00a0 de Moixer\u00f3 &#8211; 13 km Alt. M\u00e0x. 2.268 m.\u00a0 &#8211; Alt m\u00edn. 991 m. Les Penyes Altes del Moixer\u00f3 les farem per l\u2019anomenada canal de la Serp, des de Gr\u00e9ixer. Se l\u2019anomena canal de la Serp perqu\u00e8 el recorregut s\u2019assembla al d\u2019una serp, ja que va fen lla\u00e7ades  [&#8230;]<\/p>\n","protected":false},"author":1,"featured_media":9144,"comment_status":"closed","ping_status":"closed","sticky":false,"template":"","format":"standard","meta":{"footnotes":""},"categories":[4,11],"tags":[],"class_list":["post-9191","post","type-post","status-publish","format-standard","has-post-thumbnail","hentry","category-activitats","category-senders"],"yoast_head":"<!-- This site is optimized with the Yoast SEO plugin v27.4 - https:\/\/yoast.com\/product\/yoast-seo-wordpress\/ -->\n<title>Sortides de Senders \u2013 Setembre 2022 - Centre Excursionista Taradell<\/title>\n<meta name=\"robots\" content=\"index, follow, max-snippet:-1, max-image-preview:large, max-video-preview:-1\" \/>\n<link rel=\"canonical\" href=\"https:\/\/cetaradell.cat\/ce\/sortides-de-senders-setembre-2022\/\" \/>\n<meta property=\"og:locale\" content=\"ca_ES\" \/>\n<meta property=\"og:type\" content=\"article\" \/>\n<meta property=\"og:title\" content=\"Sortides de Senders \u2013 Setembre 2022 - Centre Excursionista Taradell\" \/>\n<meta property=\"og:description\" content=\"Penyes Altes\u00a0 de Moixer\u00f3 &#8211; 13 km Alt. M\u00e0x. 2.268 m.\u00a0 &#8211; Alt m\u00edn. 991 m. Les Penyes Altes del Moixer\u00f3 les farem per l\u2019anomenada canal de la Serp, des de Gr\u00e9ixer. Se l\u2019anomena canal de la Serp perqu\u00e8 el recorregut s\u2019assembla al d\u2019una serp, ja que va fen lla\u00e7ades [...]\" \/>\n<meta property=\"og:url\" content=\"https:\/\/cetaradell.cat\/ce\/sortides-de-senders-setembre-2022\/\" \/>\n<meta property=\"og:site_name\" content=\"Centre Excursionista Taradell\" \/>\n<meta property=\"article:publisher\" content=\"https:\/\/www.facebook.com\/CETaradell\/\" \/>\n<meta property=\"article:published_time\" content=\"2022-08-20T17:00:54+00:00\" \/>\n<meta property=\"article:modified_time\" content=\"2022-08-20T22:08:22+00:00\" \/>\n<meta property=\"og:image\" content=\"https:\/\/cetaradell.cat\/ce\/wp-content\/uploads\/2022-06-19-Senders.jpg\" \/>\n\t<meta property=\"og:image:width\" content=\"2016\" \/>\n\t<meta property=\"og:image:height\" content=\"908\" \/>\n\t<meta property=\"og:image:type\" content=\"image\/jpeg\" \/>\n<meta name=\"author\" content=\"CET\" \/>\n<meta name=\"twitter:card\" content=\"summary_large_image\" \/>\n<meta name=\"twitter:label1\" content=\"Escrit per\" \/>\n\t<meta name=\"twitter:data1\" content=\"CET\" \/>\n\t<meta name=\"twitter:label2\" content=\"Temps estimat de lectura\" \/>\n\t<meta name=\"twitter:data2\" content=\"2 minuts\" \/>\n<script type=\"application\/ld+json\" class=\"yoast-schema-graph\">{\"@context\":\"https:\\\/\\\/schema.org\",\"@graph\":[{\"@type\":\"Article\",\"@id\":\"https:\\\/\\\/cetaradell.cat\\\/ce\\\/sortides-de-senders-setembre-2022\\\/#article\",\"isPartOf\":{\"@id\":\"https:\\\/\\\/cetaradell.cat\\\/ce\\\/sortides-de-senders-setembre-2022\\\/\"},\"author\":{\"name\":\"CET\",\"@id\":\"https:\\\/\\\/cetaradell.cat\\\/ce\\\/#\\\/schema\\\/person\\\/92a59f585073071c7be6649e84b22f78\"},\"headline\":\"Sortides de Senders \u2013 Setembre 2022\",\"datePublished\":\"2022-08-20T17:00:54+00:00\",\"dateModified\":\"2022-08-20T22:08:22+00:00\",\"mainEntityOfPage\":{\"@id\":\"https:\\\/\\\/cetaradell.cat\\\/ce\\\/sortides-de-senders-setembre-2022\\\/\"},\"wordCount\":242,\"image\":{\"@id\":\"https:\\\/\\\/cetaradell.cat\\\/ce\\\/sortides-de-senders-setembre-2022\\\/#primaryimage\"},\"thumbnailUrl\":\"https:\\\/\\\/cetaradell.cat\\\/ce\\\/wp-content\\\/uploads\\\/2022-06-19-Senders.jpg\",\"articleSection\":[\"Activitats\",\"Senders\"],\"inLanguage\":\"ca\"},{\"@type\":\"WebPage\",\"@id\":\"https:\\\/\\\/cetaradell.cat\\\/ce\\\/sortides-de-senders-setembre-2022\\\/\",\"url\":\"https:\\\/\\\/cetaradell.cat\\\/ce\\\/sortides-de-senders-setembre-2022\\\/\",\"name\":\"Sortides de Senders \u2013 Setembre 2022 - Centre Excursionista Taradell\",\"isPartOf\":{\"@id\":\"https:\\\/\\\/cetaradell.cat\\\/ce\\\/#website\"},\"primaryImageOfPage\":{\"@id\":\"https:\\\/\\\/cetaradell.cat\\\/ce\\\/sortides-de-senders-setembre-2022\\\/#primaryimage\"},\"image\":{\"@id\":\"https:\\\/\\\/cetaradell.cat\\\/ce\\\/sortides-de-senders-setembre-2022\\\/#primaryimage\"},\"thumbnailUrl\":\"https:\\\/\\\/cetaradell.cat\\\/ce\\\/wp-content\\\/uploads\\\/2022-06-19-Senders.jpg\",\"datePublished\":\"2022-08-20T17:00:54+00:00\",\"dateModified\":\"2022-08-20T22:08:22+00:00\",\"author\":{\"@id\":\"https:\\\/\\\/cetaradell.cat\\\/ce\\\/#\\\/schema\\\/person\\\/92a59f585073071c7be6649e84b22f78\"},\"breadcrumb\":{\"@id\":\"https:\\\/\\\/cetaradell.cat\\\/ce\\\/sortides-de-senders-setembre-2022\\\/#breadcrumb\"},\"inLanguage\":\"ca\",\"potentialAction\":[{\"@type\":\"ReadAction\",\"target\":[\"https:\\\/\\\/cetaradell.cat\\\/ce\\\/sortides-de-senders-setembre-2022\\\/\"]}]},{\"@type\":\"ImageObject\",\"inLanguage\":\"ca\",\"@id\":\"https:\\\/\\\/cetaradell.cat\\\/ce\\\/sortides-de-senders-setembre-2022\\\/#primaryimage\",\"url\":\"https:\\\/\\\/cetaradell.cat\\\/ce\\\/wp-content\\\/uploads\\\/2022-06-19-Senders.jpg\",\"contentUrl\":\"https:\\\/\\\/cetaradell.cat\\\/ce\\\/wp-content\\\/uploads\\\/2022-06-19-Senders.jpg\",\"width\":2016,\"height\":908},{\"@type\":\"BreadcrumbList\",\"@id\":\"https:\\\/\\\/cetaradell.cat\\\/ce\\\/sortides-de-senders-setembre-2022\\\/#breadcrumb\",\"itemListElement\":[{\"@type\":\"ListItem\",\"position\":1,\"name\":\"Inici\",\"item\":\"https:\\\/\\\/cetaradell.cat\\\/ce\\\/\"},{\"@type\":\"ListItem\",\"position\":2,\"name\":\"Sortides de Senders \u2013 Setembre 2022\"}]},{\"@type\":\"WebSite\",\"@id\":\"https:\\\/\\\/cetaradell.cat\\\/ce\\\/#website\",\"url\":\"https:\\\/\\\/cetaradell.cat\\\/ce\\\/\",\"name\":\"Centre Excursionista Taradell\",\"description\":\"\",\"potentialAction\":[{\"@type\":\"SearchAction\",\"target\":{\"@type\":\"EntryPoint\",\"urlTemplate\":\"https:\\\/\\\/cetaradell.cat\\\/ce\\\/?s={search_term_string}\"},\"query-input\":{\"@type\":\"PropertyValueSpecification\",\"valueRequired\":true,\"valueName\":\"search_term_string\"}}],\"inLanguage\":\"ca\"},{\"@type\":\"Person\",\"@id\":\"https:\\\/\\\/cetaradell.cat\\\/ce\\\/#\\\/schema\\\/person\\\/92a59f585073071c7be6649e84b22f78\",\"name\":\"CET\",\"image\":{\"@type\":\"ImageObject\",\"inLanguage\":\"ca\",\"@id\":\"https:\\\/\\\/secure.gravatar.com\\\/avatar\\\/d6fbe010d42056feccc0f613ed07277a5118442805079269f12dabdc42e1a727?s=96&d=mm&r=g\",\"url\":\"https:\\\/\\\/secure.gravatar.com\\\/avatar\\\/d6fbe010d42056feccc0f613ed07277a5118442805079269f12dabdc42e1a727?s=96&d=mm&r=g\",\"contentUrl\":\"https:\\\/\\\/secure.gravatar.com\\\/avatar\\\/d6fbe010d42056feccc0f613ed07277a5118442805079269f12dabdc42e1a727?s=96&d=mm&r=g\",\"caption\":\"CET\"},\"url\":\"https:\\\/\\\/cetaradell.cat\\\/ce\\\/author\\\/root\\\/\"}]}<\/script>\n<!-- \/ Yoast SEO plugin. -->","yoast_head_json":{"title":"Sortides de Senders \u2013 Setembre 2022 - Centre Excursionista Taradell","robots":{"index":"index","follow":"follow","max-snippet":"max-snippet:-1","max-image-preview":"max-image-preview:large","max-video-preview":"max-video-preview:-1"},"canonical":"https:\/\/cetaradell.cat\/ce\/sortides-de-senders-setembre-2022\/","og_locale":"ca_ES","og_type":"article","og_title":"Sortides de Senders \u2013 Setembre 2022 - Centre Excursionista Taradell","og_description":"Penyes Altes\u00a0 de Moixer\u00f3 &#8211; 13 km Alt. M\u00e0x. 2.268 m.\u00a0 &#8211; Alt m\u00edn. 991 m. Les Penyes Altes del Moixer\u00f3 les farem per l\u2019anomenada canal de la Serp, des de Gr\u00e9ixer. Se l\u2019anomena canal de la Serp perqu\u00e8 el recorregut s\u2019assembla al d\u2019una serp, ja que va fen lla\u00e7ades [...]","og_url":"https:\/\/cetaradell.cat\/ce\/sortides-de-senders-setembre-2022\/","og_site_name":"Centre Excursionista Taradell","article_publisher":"https:\/\/www.facebook.com\/CETaradell\/","article_published_time":"2022-08-20T17:00:54+00:00","article_modified_time":"2022-08-20T22:08:22+00:00","og_image":[{"width":2016,"height":908,"url":"https:\/\/cetaradell.cat\/ce\/wp-content\/uploads\/2022-06-19-Senders.jpg","type":"image\/jpeg"}],"author":"CET","twitter_card":"summary_large_image","twitter_misc":{"Escrit per":"CET","Temps estimat de lectura":"2 minuts"},"schema":{"@context":"https:\/\/schema.org","@graph":[{"@type":"Article","@id":"https:\/\/cetaradell.cat\/ce\/sortides-de-senders-setembre-2022\/#article","isPartOf":{"@id":"https:\/\/cetaradell.cat\/ce\/sortides-de-senders-setembre-2022\/"},"author":{"name":"CET","@id":"https:\/\/cetaradell.cat\/ce\/#\/schema\/person\/92a59f585073071c7be6649e84b22f78"},"headline":"Sortides de Senders \u2013 Setembre 2022","datePublished":"2022-08-20T17:00:54+00:00","dateModified":"2022-08-20T22:08:22+00:00","mainEntityOfPage":{"@id":"https:\/\/cetaradell.cat\/ce\/sortides-de-senders-setembre-2022\/"},"wordCount":242,"image":{"@id":"https:\/\/cetaradell.cat\/ce\/sortides-de-senders-setembre-2022\/#primaryimage"},"thumbnailUrl":"https:\/\/cetaradell.cat\/ce\/wp-content\/uploads\/2022-06-19-Senders.jpg","articleSection":["Activitats","Senders"],"inLanguage":"ca"},{"@type":"WebPage","@id":"https:\/\/cetaradell.cat\/ce\/sortides-de-senders-setembre-2022\/","url":"https:\/\/cetaradell.cat\/ce\/sortides-de-senders-setembre-2022\/","name":"Sortides de Senders \u2013 Setembre 2022 - Centre Excursionista Taradell","isPartOf":{"@id":"https:\/\/cetaradell.cat\/ce\/#website"},"primaryImageOfPage":{"@id":"https:\/\/cetaradell.cat\/ce\/sortides-de-senders-setembre-2022\/#primaryimage"},"image":{"@id":"https:\/\/cetaradell.cat\/ce\/sortides-de-senders-setembre-2022\/#primaryimage"},"thumbnailUrl":"https:\/\/cetaradell.cat\/ce\/wp-content\/uploads\/2022-06-19-Senders.jpg","datePublished":"2022-08-20T17:00:54+00:00","dateModified":"2022-08-20T22:08:22+00:00","author":{"@id":"https:\/\/cetaradell.cat\/ce\/#\/schema\/person\/92a59f585073071c7be6649e84b22f78"},"breadcrumb":{"@id":"https:\/\/cetaradell.cat\/ce\/sortides-de-senders-setembre-2022\/#breadcrumb"},"inLanguage":"ca","potentialAction":[{"@type":"ReadAction","target":["https:\/\/cetaradell.cat\/ce\/sortides-de-senders-setembre-2022\/"]}]},{"@type":"ImageObject","inLanguage":"ca","@id":"https:\/\/cetaradell.cat\/ce\/sortides-de-senders-setembre-2022\/#primaryimage","url":"https:\/\/cetaradell.cat\/ce\/wp-content\/uploads\/2022-06-19-Senders.jpg","contentUrl":"https:\/\/cetaradell.cat\/ce\/wp-content\/uploads\/2022-06-19-Senders.jpg","width":2016,"height":908},{"@type":"BreadcrumbList","@id":"https:\/\/cetaradell.cat\/ce\/sortides-de-senders-setembre-2022\/#breadcrumb","itemListElement":[{"@type":"ListItem","position":1,"name":"Inici","item":"https:\/\/cetaradell.cat\/ce\/"},{"@type":"ListItem","position":2,"name":"Sortides de Senders \u2013 Setembre 2022"}]},{"@type":"WebSite","@id":"https:\/\/cetaradell.cat\/ce\/#website","url":"https:\/\/cetaradell.cat\/ce\/","name":"Centre Excursionista Taradell","description":"","potentialAction":[{"@type":"SearchAction","target":{"@type":"EntryPoint","urlTemplate":"https:\/\/cetaradell.cat\/ce\/?s={search_term_string}"},"query-input":{"@type":"PropertyValueSpecification","valueRequired":true,"valueName":"search_term_string"}}],"inLanguage":"ca"},{"@type":"Person","@id":"https:\/\/cetaradell.cat\/ce\/#\/schema\/person\/92a59f585073071c7be6649e84b22f78","name":"CET","image":{"@type":"ImageObject","inLanguage":"ca","@id":"https:\/\/secure.gravatar.com\/avatar\/d6fbe010d42056feccc0f613ed07277a5118442805079269f12dabdc42e1a727?s=96&d=mm&r=g","url":"https:\/\/secure.gravatar.com\/avatar\/d6fbe010d42056feccc0f613ed07277a5118442805079269f12dabdc42e1a727?s=96&d=mm&r=g","contentUrl":"https:\/\/secure.gravatar.com\/avatar\/d6fbe010d42056feccc0f613ed07277a5118442805079269f12dabdc42e1a727?s=96&d=mm&r=g","caption":"CET"},"url":"https:\/\/cetaradell.cat\/ce\/author\/root\/"}]}},"_links":{"self":[{"href":"https:\/\/cetaradell.cat\/ce\/wp-json\/wp\/v2\/posts\/9191","targetHints":{"allow":["GET"]}}],"collection":[{"href":"https:\/\/cetaradell.cat\/ce\/wp-json\/wp\/v2\/posts"}],"about":[{"href":"https:\/\/cetaradell.cat\/ce\/wp-json\/wp\/v2\/types\/post"}],"author":[{"embeddable":true,"href":"https:\/\/cetaradell.cat\/ce\/wp-json\/wp\/v2\/users\/1"}],"replies":[{"embeddable":true,"href":"https:\/\/cetaradell.cat\/ce\/wp-json\/wp\/v2\/comments?post=9191"}],"version-history":[{"count":0,"href":"https:\/\/cetaradell.cat\/ce\/wp-json\/wp\/v2\/posts\/9191\/revisions"}],"wp:featuredmedia":[{"embeddable":true,"href":"https:\/\/cetaradell.cat\/ce\/wp-json\/wp\/v2\/media\/9144"}],"wp:attachment":[{"href":"https:\/\/cetaradell.cat\/ce\/wp-json\/wp\/v2\/media?parent=9191"}],"wp:term":[{"taxonomy":"category","embeddable":true,"href":"https:\/\/cetaradell.cat\/ce\/wp-json\/wp\/v2\/categories?post=9191"},{"taxonomy":"post_tag","embeddable":true,"href":"https:\/\/cetaradell.cat\/ce\/wp-json\/wp\/v2\/tags?post=9191"}],"curies":[{"name":"wp","href":"https:\/\/api.w.org\/{rel}","templated":true}]}}