{"id":9244,"date":"2022-11-19T18:05:09","date_gmt":"2022-11-19T17:05:09","guid":{"rendered":"https:\/\/cetaradell.cat\/ce\/?p=9244"},"modified":"2022-11-22T23:04:03","modified_gmt":"2022-11-22T22:04:03","slug":"42a-caminada-rupit-taradell-seguiment","status":"publish","type":"post","link":"https:\/\/cetaradell.cat\/ce\/42a-caminada-rupit-taradell-seguiment\/","title":{"rendered":"42a Caminada Rupit-Taradell &#8211; Seguiment"},"content":{"rendered":"<p><a href=\"https:\/\/cetaradell.cat\/ce\/41a-caminada-rupit-taradell-seguiment\/rt-2022\/\" target=\"_blank\" rel=\"attachment noopener wp-att-9241\"><img decoding=\"async\" class=\"alignleft wp-image-9241 size-medium\" src=\"https:\/\/cetaradell.cat\/ce\/wp-content\/uploads\/RT-2022-300x225.jpg\" alt=\"\" width=\"300\" height=\"225\" srcset=\"https:\/\/cetaradell.cat\/ce\/wp-content\/uploads\/RT-2022-200x150.jpg 200w, https:\/\/cetaradell.cat\/ce\/wp-content\/uploads\/RT-2022-300x225.jpg 300w, https:\/\/cetaradell.cat\/ce\/wp-content\/uploads\/RT-2022-400x300.jpg 400w, https:\/\/cetaradell.cat\/ce\/wp-content\/uploads\/RT-2022-500x375.jpg 500w, https:\/\/cetaradell.cat\/ce\/wp-content\/uploads\/RT-2022-600x450.jpg 600w, https:\/\/cetaradell.cat\/ce\/wp-content\/uploads\/RT-2022-700x525.jpg 700w, https:\/\/cetaradell.cat\/ce\/wp-content\/uploads\/RT-2022-768x576.jpg 768w, https:\/\/cetaradell.cat\/ce\/wp-content\/uploads\/RT-2022-800x600.jpg 800w, https:\/\/cetaradell.cat\/ce\/wp-content\/uploads\/RT-2022.jpg 960w\" sizes=\"(max-width: 300px) 100vw, 300px\" \/><\/a>Els temps de pas dels participants estar\u00e0 disponibles a la web de control de la caminada on cada participant podr\u00e0 consultar el seu temps d&#8217;arribada i de pas per Sant Juli\u00e0 de Vilatorta.<\/p>\n<p><strong><em><a href=\"http:\/\/vola-publish.com\/topcrono\/race\/taradell-42a-caminada-rupit-taradell_24230.html\" target=\"_blank\" rel=\"noopener\">Enlla\u00e7 a la web de control de la caminada (\u2192)<\/a> <\/em><\/strong><\/p>\n<p><a href=\"http:\/\/www.tmtiming.com\/classificacions\/classificacio.php?llistat=rupittaradell2022\" target=\"_blank\" rel=\"noopener\"><strong><em>Enlla\u00e7 per descarregar el diploma de record (\u2192)<\/em><\/strong><\/a><\/p>\n<p>El control de la caminada, en aquesta edici\u00f3, es dur\u00e0 a terme mitjan\u00e7ant un xip al dorsal que permet controlar el pas dels participants pels punt de control en temps real. Aix\u00ed, a la sortida de Rupit, a l&#8217;avituallament de Sant Juli\u00e0 de Vilatorta i al d&#8217;arribada al CET, es registrar\u00e0 el temps de pas dels participants.41a Caminada Rupit-Taradell &#8211; Seguiment<\/p>\n","protected":false},"excerpt":{"rendered":"<p>Els temps de pas dels participants estar\u00e0 disponibles a la web de control de la caminada on cada participant podr\u00e0 consultar el seu temps d&#8217;arribada i de pas per Sant Juli\u00e0 de Vilatorta. Enlla\u00e7 a la web de control de la caminada (\u2192) Enlla\u00e7 per descarregar el diploma de record  [&#8230;]<\/p>\n","protected":false},"author":1,"featured_media":9241,"comment_status":"closed","ping_status":"closed","sticky":false,"template":"","format":"standard","meta":{"footnotes":""},"categories":[7,3,35],"tags":[],"class_list":["post-9244","post","type-post","status-publish","format-standard","has-post-thumbnail","hentry","category-muntanya","category-noticies","category-rupit-taradell"],"yoast_head":"<!-- This site is optimized with the Yoast SEO plugin v27.4 - https:\/\/yoast.com\/product\/yoast-seo-wordpress\/ -->\n<title>42a Caminada Rupit-Taradell - Seguiment - Centre Excursionista Taradell<\/title>\n<meta name=\"robots\" content=\"index, follow, max-snippet:-1, max-image-preview:large, max-video-preview:-1\" \/>\n<link rel=\"canonical\" href=\"https:\/\/cetaradell.cat\/ce\/42a-caminada-rupit-taradell-seguiment\/\" \/>\n<meta property=\"og:locale\" content=\"ca_ES\" \/>\n<meta property=\"og:type\" content=\"article\" \/>\n<meta property=\"og:title\" content=\"42a Caminada Rupit-Taradell - Seguiment - Centre Excursionista Taradell\" \/>\n<meta property=\"og:description\" content=\"Els temps de pas dels participants estar\u00e0 disponibles a la web de control de la caminada on cada participant podr\u00e0 consultar el seu temps d&#8217;arribada i de pas per Sant Juli\u00e0 de Vilatorta. Enlla\u00e7 a la web de control de la caminada (\u2192) Enlla\u00e7 per descarregar el diploma de record [...]\" \/>\n<meta property=\"og:url\" content=\"https:\/\/cetaradell.cat\/ce\/42a-caminada-rupit-taradell-seguiment\/\" \/>\n<meta property=\"og:site_name\" content=\"Centre Excursionista Taradell\" \/>\n<meta property=\"article:publisher\" content=\"https:\/\/www.facebook.com\/CETaradell\/\" \/>\n<meta property=\"article:published_time\" content=\"2022-11-19T17:05:09+00:00\" \/>\n<meta property=\"article:modified_time\" content=\"2022-11-22T22:04:03+00:00\" \/>\n<meta property=\"og:image\" content=\"https:\/\/cetaradell.cat\/ce\/wp-content\/uploads\/RT-2022.jpg\" \/>\n\t<meta property=\"og:image:width\" content=\"960\" \/>\n\t<meta property=\"og:image:height\" content=\"720\" \/>\n\t<meta property=\"og:image:type\" content=\"image\/jpeg\" \/>\n<meta name=\"author\" content=\"CET\" \/>\n<meta name=\"twitter:card\" content=\"summary_large_image\" \/>\n<meta name=\"twitter:label1\" content=\"Escrit per\" \/>\n\t<meta name=\"twitter:data1\" content=\"CET\" \/>\n\t<meta name=\"twitter:label2\" content=\"Temps estimat de lectura\" \/>\n\t<meta name=\"twitter:data2\" content=\"1 minut\" \/>\n<script type=\"application\/ld+json\" class=\"yoast-schema-graph\">{\"@context\":\"https:\\\/\\\/schema.org\",\"@graph\":[{\"@type\":\"Article\",\"@id\":\"https:\\\/\\\/cetaradell.cat\\\/ce\\\/42a-caminada-rupit-taradell-seguiment\\\/#article\",\"isPartOf\":{\"@id\":\"https:\\\/\\\/cetaradell.cat\\\/ce\\\/42a-caminada-rupit-taradell-seguiment\\\/\"},\"author\":{\"name\":\"CET\",\"@id\":\"https:\\\/\\\/cetaradell.cat\\\/ce\\\/#\\\/schema\\\/person\\\/92a59f585073071c7be6649e84b22f78\"},\"headline\":\"42a Caminada Rupit-Taradell &#8211; Seguiment\",\"datePublished\":\"2022-11-19T17:05:09+00:00\",\"dateModified\":\"2022-11-22T22:04:03+00:00\",\"mainEntityOfPage\":{\"@id\":\"https:\\\/\\\/cetaradell.cat\\\/ce\\\/42a-caminada-rupit-taradell-seguiment\\\/\"},\"wordCount\":120,\"image\":{\"@id\":\"https:\\\/\\\/cetaradell.cat\\\/ce\\\/42a-caminada-rupit-taradell-seguiment\\\/#primaryimage\"},\"thumbnailUrl\":\"https:\\\/\\\/cetaradell.cat\\\/ce\\\/wp-content\\\/uploads\\\/RT-2022.jpg\",\"articleSection\":[\"Muntanya\",\"Not\u00edcies\",\"Rupit - Taradell\"],\"inLanguage\":\"ca\"},{\"@type\":\"WebPage\",\"@id\":\"https:\\\/\\\/cetaradell.cat\\\/ce\\\/42a-caminada-rupit-taradell-seguiment\\\/\",\"url\":\"https:\\\/\\\/cetaradell.cat\\\/ce\\\/42a-caminada-rupit-taradell-seguiment\\\/\",\"name\":\"42a Caminada Rupit-Taradell - Seguiment - Centre Excursionista Taradell\",\"isPartOf\":{\"@id\":\"https:\\\/\\\/cetaradell.cat\\\/ce\\\/#website\"},\"primaryImageOfPage\":{\"@id\":\"https:\\\/\\\/cetaradell.cat\\\/ce\\\/42a-caminada-rupit-taradell-seguiment\\\/#primaryimage\"},\"image\":{\"@id\":\"https:\\\/\\\/cetaradell.cat\\\/ce\\\/42a-caminada-rupit-taradell-seguiment\\\/#primaryimage\"},\"thumbnailUrl\":\"https:\\\/\\\/cetaradell.cat\\\/ce\\\/wp-content\\\/uploads\\\/RT-2022.jpg\",\"datePublished\":\"2022-11-19T17:05:09+00:00\",\"dateModified\":\"2022-11-22T22:04:03+00:00\",\"author\":{\"@id\":\"https:\\\/\\\/cetaradell.cat\\\/ce\\\/#\\\/schema\\\/person\\\/92a59f585073071c7be6649e84b22f78\"},\"breadcrumb\":{\"@id\":\"https:\\\/\\\/cetaradell.cat\\\/ce\\\/42a-caminada-rupit-taradell-seguiment\\\/#breadcrumb\"},\"inLanguage\":\"ca\",\"potentialAction\":[{\"@type\":\"ReadAction\",\"target\":[\"https:\\\/\\\/cetaradell.cat\\\/ce\\\/42a-caminada-rupit-taradell-seguiment\\\/\"]}]},{\"@type\":\"ImageObject\",\"inLanguage\":\"ca\",\"@id\":\"https:\\\/\\\/cetaradell.cat\\\/ce\\\/42a-caminada-rupit-taradell-seguiment\\\/#primaryimage\",\"url\":\"https:\\\/\\\/cetaradell.cat\\\/ce\\\/wp-content\\\/uploads\\\/RT-2022.jpg\",\"contentUrl\":\"https:\\\/\\\/cetaradell.cat\\\/ce\\\/wp-content\\\/uploads\\\/RT-2022.jpg\",\"width\":960,\"height\":720},{\"@type\":\"BreadcrumbList\",\"@id\":\"https:\\\/\\\/cetaradell.cat\\\/ce\\\/42a-caminada-rupit-taradell-seguiment\\\/#breadcrumb\",\"itemListElement\":[{\"@type\":\"ListItem\",\"position\":1,\"name\":\"Inici\",\"item\":\"https:\\\/\\\/cetaradell.cat\\\/ce\\\/\"},{\"@type\":\"ListItem\",\"position\":2,\"name\":\"42a Caminada Rupit-Taradell &#8211; Seguiment\"}]},{\"@type\":\"WebSite\",\"@id\":\"https:\\\/\\\/cetaradell.cat\\\/ce\\\/#website\",\"url\":\"https:\\\/\\\/cetaradell.cat\\\/ce\\\/\",\"name\":\"Centre Excursionista Taradell\",\"description\":\"\",\"potentialAction\":[{\"@type\":\"SearchAction\",\"target\":{\"@type\":\"EntryPoint\",\"urlTemplate\":\"https:\\\/\\\/cetaradell.cat\\\/ce\\\/?s={search_term_string}\"},\"query-input\":{\"@type\":\"PropertyValueSpecification\",\"valueRequired\":true,\"valueName\":\"search_term_string\"}}],\"inLanguage\":\"ca\"},{\"@type\":\"Person\",\"@id\":\"https:\\\/\\\/cetaradell.cat\\\/ce\\\/#\\\/schema\\\/person\\\/92a59f585073071c7be6649e84b22f78\",\"name\":\"CET\",\"image\":{\"@type\":\"ImageObject\",\"inLanguage\":\"ca\",\"@id\":\"https:\\\/\\\/secure.gravatar.com\\\/avatar\\\/d6fbe010d42056feccc0f613ed07277a5118442805079269f12dabdc42e1a727?s=96&d=mm&r=g\",\"url\":\"https:\\\/\\\/secure.gravatar.com\\\/avatar\\\/d6fbe010d42056feccc0f613ed07277a5118442805079269f12dabdc42e1a727?s=96&d=mm&r=g\",\"contentUrl\":\"https:\\\/\\\/secure.gravatar.com\\\/avatar\\\/d6fbe010d42056feccc0f613ed07277a5118442805079269f12dabdc42e1a727?s=96&d=mm&r=g\",\"caption\":\"CET\"},\"url\":\"https:\\\/\\\/cetaradell.cat\\\/ce\\\/author\\\/root\\\/\"}]}<\/script>\n<!-- \/ Yoast SEO plugin. -->","yoast_head_json":{"title":"42a Caminada Rupit-Taradell - Seguiment - Centre Excursionista Taradell","robots":{"index":"index","follow":"follow","max-snippet":"max-snippet:-1","max-image-preview":"max-image-preview:large","max-video-preview":"max-video-preview:-1"},"canonical":"https:\/\/cetaradell.cat\/ce\/42a-caminada-rupit-taradell-seguiment\/","og_locale":"ca_ES","og_type":"article","og_title":"42a Caminada Rupit-Taradell - Seguiment - Centre Excursionista Taradell","og_description":"Els temps de pas dels participants estar\u00e0 disponibles a la web de control de la caminada on cada participant podr\u00e0 consultar el seu temps d&#8217;arribada i de pas per Sant Juli\u00e0 de Vilatorta. Enlla\u00e7 a la web de control de la caminada (\u2192) Enlla\u00e7 per descarregar el diploma de record [...]","og_url":"https:\/\/cetaradell.cat\/ce\/42a-caminada-rupit-taradell-seguiment\/","og_site_name":"Centre Excursionista Taradell","article_publisher":"https:\/\/www.facebook.com\/CETaradell\/","article_published_time":"2022-11-19T17:05:09+00:00","article_modified_time":"2022-11-22T22:04:03+00:00","og_image":[{"width":960,"height":720,"url":"https:\/\/cetaradell.cat\/ce\/wp-content\/uploads\/RT-2022.jpg","type":"image\/jpeg"}],"author":"CET","twitter_card":"summary_large_image","twitter_misc":{"Escrit per":"CET","Temps estimat de lectura":"1 minut"},"schema":{"@context":"https:\/\/schema.org","@graph":[{"@type":"Article","@id":"https:\/\/cetaradell.cat\/ce\/42a-caminada-rupit-taradell-seguiment\/#article","isPartOf":{"@id":"https:\/\/cetaradell.cat\/ce\/42a-caminada-rupit-taradell-seguiment\/"},"author":{"name":"CET","@id":"https:\/\/cetaradell.cat\/ce\/#\/schema\/person\/92a59f585073071c7be6649e84b22f78"},"headline":"42a Caminada Rupit-Taradell &#8211; Seguiment","datePublished":"2022-11-19T17:05:09+00:00","dateModified":"2022-11-22T22:04:03+00:00","mainEntityOfPage":{"@id":"https:\/\/cetaradell.cat\/ce\/42a-caminada-rupit-taradell-seguiment\/"},"wordCount":120,"image":{"@id":"https:\/\/cetaradell.cat\/ce\/42a-caminada-rupit-taradell-seguiment\/#primaryimage"},"thumbnailUrl":"https:\/\/cetaradell.cat\/ce\/wp-content\/uploads\/RT-2022.jpg","articleSection":["Muntanya","Not\u00edcies","Rupit - Taradell"],"inLanguage":"ca"},{"@type":"WebPage","@id":"https:\/\/cetaradell.cat\/ce\/42a-caminada-rupit-taradell-seguiment\/","url":"https:\/\/cetaradell.cat\/ce\/42a-caminada-rupit-taradell-seguiment\/","name":"42a Caminada Rupit-Taradell - Seguiment - Centre Excursionista Taradell","isPartOf":{"@id":"https:\/\/cetaradell.cat\/ce\/#website"},"primaryImageOfPage":{"@id":"https:\/\/cetaradell.cat\/ce\/42a-caminada-rupit-taradell-seguiment\/#primaryimage"},"image":{"@id":"https:\/\/cetaradell.cat\/ce\/42a-caminada-rupit-taradell-seguiment\/#primaryimage"},"thumbnailUrl":"https:\/\/cetaradell.cat\/ce\/wp-content\/uploads\/RT-2022.jpg","datePublished":"2022-11-19T17:05:09+00:00","dateModified":"2022-11-22T22:04:03+00:00","author":{"@id":"https:\/\/cetaradell.cat\/ce\/#\/schema\/person\/92a59f585073071c7be6649e84b22f78"},"breadcrumb":{"@id":"https:\/\/cetaradell.cat\/ce\/42a-caminada-rupit-taradell-seguiment\/#breadcrumb"},"inLanguage":"ca","potentialAction":[{"@type":"ReadAction","target":["https:\/\/cetaradell.cat\/ce\/42a-caminada-rupit-taradell-seguiment\/"]}]},{"@type":"ImageObject","inLanguage":"ca","@id":"https:\/\/cetaradell.cat\/ce\/42a-caminada-rupit-taradell-seguiment\/#primaryimage","url":"https:\/\/cetaradell.cat\/ce\/wp-content\/uploads\/RT-2022.jpg","contentUrl":"https:\/\/cetaradell.cat\/ce\/wp-content\/uploads\/RT-2022.jpg","width":960,"height":720},{"@type":"BreadcrumbList","@id":"https:\/\/cetaradell.cat\/ce\/42a-caminada-rupit-taradell-seguiment\/#breadcrumb","itemListElement":[{"@type":"ListItem","position":1,"name":"Inici","item":"https:\/\/cetaradell.cat\/ce\/"},{"@type":"ListItem","position":2,"name":"42a Caminada Rupit-Taradell &#8211; Seguiment"}]},{"@type":"WebSite","@id":"https:\/\/cetaradell.cat\/ce\/#website","url":"https:\/\/cetaradell.cat\/ce\/","name":"Centre Excursionista Taradell","description":"","potentialAction":[{"@type":"SearchAction","target":{"@type":"EntryPoint","urlTemplate":"https:\/\/cetaradell.cat\/ce\/?s={search_term_string}"},"query-input":{"@type":"PropertyValueSpecification","valueRequired":true,"valueName":"search_term_string"}}],"inLanguage":"ca"},{"@type":"Person","@id":"https:\/\/cetaradell.cat\/ce\/#\/schema\/person\/92a59f585073071c7be6649e84b22f78","name":"CET","image":{"@type":"ImageObject","inLanguage":"ca","@id":"https:\/\/secure.gravatar.com\/avatar\/d6fbe010d42056feccc0f613ed07277a5118442805079269f12dabdc42e1a727?s=96&d=mm&r=g","url":"https:\/\/secure.gravatar.com\/avatar\/d6fbe010d42056feccc0f613ed07277a5118442805079269f12dabdc42e1a727?s=96&d=mm&r=g","contentUrl":"https:\/\/secure.gravatar.com\/avatar\/d6fbe010d42056feccc0f613ed07277a5118442805079269f12dabdc42e1a727?s=96&d=mm&r=g","caption":"CET"},"url":"https:\/\/cetaradell.cat\/ce\/author\/root\/"}]}},"_links":{"self":[{"href":"https:\/\/cetaradell.cat\/ce\/wp-json\/wp\/v2\/posts\/9244","targetHints":{"allow":["GET"]}}],"collection":[{"href":"https:\/\/cetaradell.cat\/ce\/wp-json\/wp\/v2\/posts"}],"about":[{"href":"https:\/\/cetaradell.cat\/ce\/wp-json\/wp\/v2\/types\/post"}],"author":[{"embeddable":true,"href":"https:\/\/cetaradell.cat\/ce\/wp-json\/wp\/v2\/users\/1"}],"replies":[{"embeddable":true,"href":"https:\/\/cetaradell.cat\/ce\/wp-json\/wp\/v2\/comments?post=9244"}],"version-history":[{"count":0,"href":"https:\/\/cetaradell.cat\/ce\/wp-json\/wp\/v2\/posts\/9244\/revisions"}],"wp:featuredmedia":[{"embeddable":true,"href":"https:\/\/cetaradell.cat\/ce\/wp-json\/wp\/v2\/media\/9241"}],"wp:attachment":[{"href":"https:\/\/cetaradell.cat\/ce\/wp-json\/wp\/v2\/media?parent=9244"}],"wp:term":[{"taxonomy":"category","embeddable":true,"href":"https:\/\/cetaradell.cat\/ce\/wp-json\/wp\/v2\/categories?post=9244"},{"taxonomy":"post_tag","embeddable":true,"href":"https:\/\/cetaradell.cat\/ce\/wp-json\/wp\/v2\/tags?post=9244"}],"curies":[{"name":"wp","href":"https:\/\/api.w.org\/{rel}","templated":true}]}}