{"id":9373,"date":"2023-05-30T22:07:56","date_gmt":"2023-05-30T21:07:56","guid":{"rendered":"https:\/\/cetaradell.cat\/ce\/?p=9373"},"modified":"2023-05-30T22:07:57","modified_gmt":"2023-05-30T21:07:57","slug":"pujarem-al-matagalls-amb-la-sandra","status":"publish","type":"post","link":"https:\/\/cetaradell.cat\/ce\/pujarem-al-matagalls-amb-la-sandra\/","title":{"rendered":"Pujarem al Matagalls amb la Sandra"},"content":{"rendered":"<p><a href=\"https:\/\/cetaradell.cat\/ce\/pujarem-al-matagalls-amb-la-sandra\/2023-06-11-matagalls_sandra\/\" target=\"_blank\" rel=\"attachment noopener wp-att-9374\"><img decoding=\"async\" class=\"alignleft wp-image-9374 size-medium\" src=\"https:\/\/cetaradell.cat\/ce\/wp-content\/uploads\/2023-06-11-Matagalls_Sandra-240x300.jpg\" alt=\"\" width=\"240\" height=\"300\" srcset=\"https:\/\/cetaradell.cat\/ce\/wp-content\/uploads\/2023-06-11-Matagalls_Sandra-200x250.jpg 200w, https:\/\/cetaradell.cat\/ce\/wp-content\/uploads\/2023-06-11-Matagalls_Sandra-240x300.jpg 240w, https:\/\/cetaradell.cat\/ce\/wp-content\/uploads\/2023-06-11-Matagalls_Sandra-400x500.jpg 400w, https:\/\/cetaradell.cat\/ce\/wp-content\/uploads\/2023-06-11-Matagalls_Sandra-500x625.jpg 500w, https:\/\/cetaradell.cat\/ce\/wp-content\/uploads\/2023-06-11-Matagalls_Sandra-600x750.jpg 600w, https:\/\/cetaradell.cat\/ce\/wp-content\/uploads\/2023-06-11-Matagalls_Sandra-700x875.jpg 700w, https:\/\/cetaradell.cat\/ce\/wp-content\/uploads\/2023-06-11-Matagalls_Sandra.jpg 724w\" sizes=\"(max-width: 240px) 100vw, 240px\" \/><\/a><strong>Data:<\/strong> diumenge, 11 de juny de 2023<br \/>\n<strong>Hora de sortida:<\/strong> trobada a 2\/4 de 8 del mat\u00ed de l&#8217;Espai 1 d&#8217;Octubre, per compartir coxes.<br \/>\n<strong>Hora de trobada a Collformic: <\/strong>els voluntaris han de ser a Collformic a 2\/4 de 8 del mat\u00ed per tal de fer una petita formaci\u00f3 sobre les nocions b\u00e0siques de funcionament de la Cadira Jo\u00eblette.<br \/>\nEls acompanyants cal que siguin a Collformic a les 8 del mat\u00ed.<br \/>\n<strong>Inscripcions: <\/strong>al local social del CET, de dimecres a divendres de les 19 a les 21 h, de forma presencial o trucant al 93 880 04 78.<br \/>\n<strong>Nota:<\/strong> cal anar ben cal\u00e7at, portar aigua, esmorzar i l&#8217;avituallament necessari. En cas de tenir necessitats especials, us agrairem, que ho\u00a0 comuniqueu amb antelaci\u00f3.<\/p>\n","protected":false},"excerpt":{"rendered":"<p>Data: diumenge, 11 de juny de 2023 Hora de sortida: trobada a 2\/4 de 8 del mat\u00ed de l&#8217;Espai 1 d&#8217;Octubre, per compartir coxes. Hora de trobada a Collformic: els voluntaris han de ser a Collformic a 2\/4 de 8 del mat\u00ed per tal de fer una petita formaci\u00f3 sobre  [&#8230;]<\/p>\n","protected":false},"author":1,"featured_media":9374,"comment_status":"closed","ping_status":"closed","sticky":false,"template":"","format":"standard","meta":{"footnotes":""},"categories":[4],"tags":[],"class_list":["post-9373","post","type-post","status-publish","format-standard","has-post-thumbnail","hentry","category-activitats"],"yoast_head":"<!-- This site is optimized with the Yoast SEO plugin v27.4 - https:\/\/yoast.com\/product\/yoast-seo-wordpress\/ -->\n<title>Pujarem al Matagalls amb la Sandra - Centre Excursionista Taradell<\/title>\n<meta name=\"robots\" content=\"index, follow, max-snippet:-1, max-image-preview:large, max-video-preview:-1\" \/>\n<link rel=\"canonical\" href=\"https:\/\/cetaradell.cat\/ce\/pujarem-al-matagalls-amb-la-sandra\/\" \/>\n<meta property=\"og:locale\" content=\"ca_ES\" \/>\n<meta property=\"og:type\" content=\"article\" \/>\n<meta property=\"og:title\" content=\"Pujarem al Matagalls amb la Sandra - Centre Excursionista Taradell\" \/>\n<meta property=\"og:description\" content=\"Data: diumenge, 11 de juny de 2023 Hora de sortida: trobada a 2\/4 de 8 del mat\u00ed de l&#8217;Espai 1 d&#8217;Octubre, per compartir coxes. Hora de trobada a Collformic: els voluntaris han de ser a Collformic a 2\/4 de 8 del mat\u00ed per tal de fer una petita formaci\u00f3 sobre [...]\" \/>\n<meta property=\"og:url\" content=\"https:\/\/cetaradell.cat\/ce\/pujarem-al-matagalls-amb-la-sandra\/\" \/>\n<meta property=\"og:site_name\" content=\"Centre Excursionista Taradell\" \/>\n<meta property=\"article:publisher\" content=\"https:\/\/www.facebook.com\/CETaradell\/\" \/>\n<meta property=\"article:published_time\" content=\"2023-05-30T21:07:56+00:00\" \/>\n<meta property=\"article:modified_time\" content=\"2023-05-30T21:07:57+00:00\" \/>\n<meta property=\"og:image\" content=\"https:\/\/cetaradell.cat\/ce\/wp-content\/uploads\/2023-06-11-Matagalls_Sandra.jpg\" \/>\n\t<meta property=\"og:image:width\" content=\"724\" \/>\n\t<meta property=\"og:image:height\" content=\"905\" \/>\n\t<meta property=\"og:image:type\" content=\"image\/jpeg\" \/>\n<meta name=\"author\" content=\"CET\" \/>\n<meta name=\"twitter:card\" content=\"summary_large_image\" \/>\n<meta name=\"twitter:label1\" content=\"Escrit per\" \/>\n\t<meta name=\"twitter:data1\" content=\"CET\" \/>\n\t<meta name=\"twitter:label2\" content=\"Temps estimat de lectura\" \/>\n\t<meta name=\"twitter:data2\" content=\"1 minut\" \/>\n<script type=\"application\/ld+json\" class=\"yoast-schema-graph\">{\"@context\":\"https:\\\/\\\/schema.org\",\"@graph\":[{\"@type\":\"Article\",\"@id\":\"https:\\\/\\\/cetaradell.cat\\\/ce\\\/pujarem-al-matagalls-amb-la-sandra\\\/#article\",\"isPartOf\":{\"@id\":\"https:\\\/\\\/cetaradell.cat\\\/ce\\\/pujarem-al-matagalls-amb-la-sandra\\\/\"},\"author\":{\"name\":\"CET\",\"@id\":\"https:\\\/\\\/cetaradell.cat\\\/ce\\\/#\\\/schema\\\/person\\\/92a59f585073071c7be6649e84b22f78\"},\"headline\":\"Pujarem al Matagalls amb la Sandra\",\"datePublished\":\"2023-05-30T21:07:56+00:00\",\"dateModified\":\"2023-05-30T21:07:57+00:00\",\"mainEntityOfPage\":{\"@id\":\"https:\\\/\\\/cetaradell.cat\\\/ce\\\/pujarem-al-matagalls-amb-la-sandra\\\/\"},\"wordCount\":120,\"image\":{\"@id\":\"https:\\\/\\\/cetaradell.cat\\\/ce\\\/pujarem-al-matagalls-amb-la-sandra\\\/#primaryimage\"},\"thumbnailUrl\":\"https:\\\/\\\/cetaradell.cat\\\/ce\\\/wp-content\\\/uploads\\\/2023-06-11-Matagalls_Sandra.jpg\",\"articleSection\":[\"Activitats\"],\"inLanguage\":\"ca\"},{\"@type\":\"WebPage\",\"@id\":\"https:\\\/\\\/cetaradell.cat\\\/ce\\\/pujarem-al-matagalls-amb-la-sandra\\\/\",\"url\":\"https:\\\/\\\/cetaradell.cat\\\/ce\\\/pujarem-al-matagalls-amb-la-sandra\\\/\",\"name\":\"Pujarem al Matagalls amb la Sandra - Centre Excursionista Taradell\",\"isPartOf\":{\"@id\":\"https:\\\/\\\/cetaradell.cat\\\/ce\\\/#website\"},\"primaryImageOfPage\":{\"@id\":\"https:\\\/\\\/cetaradell.cat\\\/ce\\\/pujarem-al-matagalls-amb-la-sandra\\\/#primaryimage\"},\"image\":{\"@id\":\"https:\\\/\\\/cetaradell.cat\\\/ce\\\/pujarem-al-matagalls-amb-la-sandra\\\/#primaryimage\"},\"thumbnailUrl\":\"https:\\\/\\\/cetaradell.cat\\\/ce\\\/wp-content\\\/uploads\\\/2023-06-11-Matagalls_Sandra.jpg\",\"datePublished\":\"2023-05-30T21:07:56+00:00\",\"dateModified\":\"2023-05-30T21:07:57+00:00\",\"author\":{\"@id\":\"https:\\\/\\\/cetaradell.cat\\\/ce\\\/#\\\/schema\\\/person\\\/92a59f585073071c7be6649e84b22f78\"},\"breadcrumb\":{\"@id\":\"https:\\\/\\\/cetaradell.cat\\\/ce\\\/pujarem-al-matagalls-amb-la-sandra\\\/#breadcrumb\"},\"inLanguage\":\"ca\",\"potentialAction\":[{\"@type\":\"ReadAction\",\"target\":[\"https:\\\/\\\/cetaradell.cat\\\/ce\\\/pujarem-al-matagalls-amb-la-sandra\\\/\"]}]},{\"@type\":\"ImageObject\",\"inLanguage\":\"ca\",\"@id\":\"https:\\\/\\\/cetaradell.cat\\\/ce\\\/pujarem-al-matagalls-amb-la-sandra\\\/#primaryimage\",\"url\":\"https:\\\/\\\/cetaradell.cat\\\/ce\\\/wp-content\\\/uploads\\\/2023-06-11-Matagalls_Sandra.jpg\",\"contentUrl\":\"https:\\\/\\\/cetaradell.cat\\\/ce\\\/wp-content\\\/uploads\\\/2023-06-11-Matagalls_Sandra.jpg\",\"width\":724,\"height\":905},{\"@type\":\"BreadcrumbList\",\"@id\":\"https:\\\/\\\/cetaradell.cat\\\/ce\\\/pujarem-al-matagalls-amb-la-sandra\\\/#breadcrumb\",\"itemListElement\":[{\"@type\":\"ListItem\",\"position\":1,\"name\":\"Inici\",\"item\":\"https:\\\/\\\/cetaradell.cat\\\/ce\\\/\"},{\"@type\":\"ListItem\",\"position\":2,\"name\":\"Pujarem al Matagalls amb la Sandra\"}]},{\"@type\":\"WebSite\",\"@id\":\"https:\\\/\\\/cetaradell.cat\\\/ce\\\/#website\",\"url\":\"https:\\\/\\\/cetaradell.cat\\\/ce\\\/\",\"name\":\"Centre Excursionista Taradell\",\"description\":\"\",\"potentialAction\":[{\"@type\":\"SearchAction\",\"target\":{\"@type\":\"EntryPoint\",\"urlTemplate\":\"https:\\\/\\\/cetaradell.cat\\\/ce\\\/?s={search_term_string}\"},\"query-input\":{\"@type\":\"PropertyValueSpecification\",\"valueRequired\":true,\"valueName\":\"search_term_string\"}}],\"inLanguage\":\"ca\"},{\"@type\":\"Person\",\"@id\":\"https:\\\/\\\/cetaradell.cat\\\/ce\\\/#\\\/schema\\\/person\\\/92a59f585073071c7be6649e84b22f78\",\"name\":\"CET\",\"image\":{\"@type\":\"ImageObject\",\"inLanguage\":\"ca\",\"@id\":\"https:\\\/\\\/secure.gravatar.com\\\/avatar\\\/d6fbe010d42056feccc0f613ed07277a5118442805079269f12dabdc42e1a727?s=96&d=mm&r=g\",\"url\":\"https:\\\/\\\/secure.gravatar.com\\\/avatar\\\/d6fbe010d42056feccc0f613ed07277a5118442805079269f12dabdc42e1a727?s=96&d=mm&r=g\",\"contentUrl\":\"https:\\\/\\\/secure.gravatar.com\\\/avatar\\\/d6fbe010d42056feccc0f613ed07277a5118442805079269f12dabdc42e1a727?s=96&d=mm&r=g\",\"caption\":\"CET\"},\"url\":\"https:\\\/\\\/cetaradell.cat\\\/ce\\\/author\\\/root\\\/\"}]}<\/script>\n<!-- \/ Yoast SEO plugin. -->","yoast_head_json":{"title":"Pujarem al Matagalls amb la Sandra - Centre Excursionista Taradell","robots":{"index":"index","follow":"follow","max-snippet":"max-snippet:-1","max-image-preview":"max-image-preview:large","max-video-preview":"max-video-preview:-1"},"canonical":"https:\/\/cetaradell.cat\/ce\/pujarem-al-matagalls-amb-la-sandra\/","og_locale":"ca_ES","og_type":"article","og_title":"Pujarem al Matagalls amb la Sandra - Centre Excursionista Taradell","og_description":"Data: diumenge, 11 de juny de 2023 Hora de sortida: trobada a 2\/4 de 8 del mat\u00ed de l&#8217;Espai 1 d&#8217;Octubre, per compartir coxes. Hora de trobada a Collformic: els voluntaris han de ser a Collformic a 2\/4 de 8 del mat\u00ed per tal de fer una petita formaci\u00f3 sobre [...]","og_url":"https:\/\/cetaradell.cat\/ce\/pujarem-al-matagalls-amb-la-sandra\/","og_site_name":"Centre Excursionista Taradell","article_publisher":"https:\/\/www.facebook.com\/CETaradell\/","article_published_time":"2023-05-30T21:07:56+00:00","article_modified_time":"2023-05-30T21:07:57+00:00","og_image":[{"width":724,"height":905,"url":"https:\/\/cetaradell.cat\/ce\/wp-content\/uploads\/2023-06-11-Matagalls_Sandra.jpg","type":"image\/jpeg"}],"author":"CET","twitter_card":"summary_large_image","twitter_misc":{"Escrit per":"CET","Temps estimat de lectura":"1 minut"},"schema":{"@context":"https:\/\/schema.org","@graph":[{"@type":"Article","@id":"https:\/\/cetaradell.cat\/ce\/pujarem-al-matagalls-amb-la-sandra\/#article","isPartOf":{"@id":"https:\/\/cetaradell.cat\/ce\/pujarem-al-matagalls-amb-la-sandra\/"},"author":{"name":"CET","@id":"https:\/\/cetaradell.cat\/ce\/#\/schema\/person\/92a59f585073071c7be6649e84b22f78"},"headline":"Pujarem al Matagalls amb la Sandra","datePublished":"2023-05-30T21:07:56+00:00","dateModified":"2023-05-30T21:07:57+00:00","mainEntityOfPage":{"@id":"https:\/\/cetaradell.cat\/ce\/pujarem-al-matagalls-amb-la-sandra\/"},"wordCount":120,"image":{"@id":"https:\/\/cetaradell.cat\/ce\/pujarem-al-matagalls-amb-la-sandra\/#primaryimage"},"thumbnailUrl":"https:\/\/cetaradell.cat\/ce\/wp-content\/uploads\/2023-06-11-Matagalls_Sandra.jpg","articleSection":["Activitats"],"inLanguage":"ca"},{"@type":"WebPage","@id":"https:\/\/cetaradell.cat\/ce\/pujarem-al-matagalls-amb-la-sandra\/","url":"https:\/\/cetaradell.cat\/ce\/pujarem-al-matagalls-amb-la-sandra\/","name":"Pujarem al Matagalls amb la Sandra - Centre Excursionista Taradell","isPartOf":{"@id":"https:\/\/cetaradell.cat\/ce\/#website"},"primaryImageOfPage":{"@id":"https:\/\/cetaradell.cat\/ce\/pujarem-al-matagalls-amb-la-sandra\/#primaryimage"},"image":{"@id":"https:\/\/cetaradell.cat\/ce\/pujarem-al-matagalls-amb-la-sandra\/#primaryimage"},"thumbnailUrl":"https:\/\/cetaradell.cat\/ce\/wp-content\/uploads\/2023-06-11-Matagalls_Sandra.jpg","datePublished":"2023-05-30T21:07:56+00:00","dateModified":"2023-05-30T21:07:57+00:00","author":{"@id":"https:\/\/cetaradell.cat\/ce\/#\/schema\/person\/92a59f585073071c7be6649e84b22f78"},"breadcrumb":{"@id":"https:\/\/cetaradell.cat\/ce\/pujarem-al-matagalls-amb-la-sandra\/#breadcrumb"},"inLanguage":"ca","potentialAction":[{"@type":"ReadAction","target":["https:\/\/cetaradell.cat\/ce\/pujarem-al-matagalls-amb-la-sandra\/"]}]},{"@type":"ImageObject","inLanguage":"ca","@id":"https:\/\/cetaradell.cat\/ce\/pujarem-al-matagalls-amb-la-sandra\/#primaryimage","url":"https:\/\/cetaradell.cat\/ce\/wp-content\/uploads\/2023-06-11-Matagalls_Sandra.jpg","contentUrl":"https:\/\/cetaradell.cat\/ce\/wp-content\/uploads\/2023-06-11-Matagalls_Sandra.jpg","width":724,"height":905},{"@type":"BreadcrumbList","@id":"https:\/\/cetaradell.cat\/ce\/pujarem-al-matagalls-amb-la-sandra\/#breadcrumb","itemListElement":[{"@type":"ListItem","position":1,"name":"Inici","item":"https:\/\/cetaradell.cat\/ce\/"},{"@type":"ListItem","position":2,"name":"Pujarem al Matagalls amb la Sandra"}]},{"@type":"WebSite","@id":"https:\/\/cetaradell.cat\/ce\/#website","url":"https:\/\/cetaradell.cat\/ce\/","name":"Centre Excursionista Taradell","description":"","potentialAction":[{"@type":"SearchAction","target":{"@type":"EntryPoint","urlTemplate":"https:\/\/cetaradell.cat\/ce\/?s={search_term_string}"},"query-input":{"@type":"PropertyValueSpecification","valueRequired":true,"valueName":"search_term_string"}}],"inLanguage":"ca"},{"@type":"Person","@id":"https:\/\/cetaradell.cat\/ce\/#\/schema\/person\/92a59f585073071c7be6649e84b22f78","name":"CET","image":{"@type":"ImageObject","inLanguage":"ca","@id":"https:\/\/secure.gravatar.com\/avatar\/d6fbe010d42056feccc0f613ed07277a5118442805079269f12dabdc42e1a727?s=96&d=mm&r=g","url":"https:\/\/secure.gravatar.com\/avatar\/d6fbe010d42056feccc0f613ed07277a5118442805079269f12dabdc42e1a727?s=96&d=mm&r=g","contentUrl":"https:\/\/secure.gravatar.com\/avatar\/d6fbe010d42056feccc0f613ed07277a5118442805079269f12dabdc42e1a727?s=96&d=mm&r=g","caption":"CET"},"url":"https:\/\/cetaradell.cat\/ce\/author\/root\/"}]}},"_links":{"self":[{"href":"https:\/\/cetaradell.cat\/ce\/wp-json\/wp\/v2\/posts\/9373","targetHints":{"allow":["GET"]}}],"collection":[{"href":"https:\/\/cetaradell.cat\/ce\/wp-json\/wp\/v2\/posts"}],"about":[{"href":"https:\/\/cetaradell.cat\/ce\/wp-json\/wp\/v2\/types\/post"}],"author":[{"embeddable":true,"href":"https:\/\/cetaradell.cat\/ce\/wp-json\/wp\/v2\/users\/1"}],"replies":[{"embeddable":true,"href":"https:\/\/cetaradell.cat\/ce\/wp-json\/wp\/v2\/comments?post=9373"}],"version-history":[{"count":0,"href":"https:\/\/cetaradell.cat\/ce\/wp-json\/wp\/v2\/posts\/9373\/revisions"}],"wp:featuredmedia":[{"embeddable":true,"href":"https:\/\/cetaradell.cat\/ce\/wp-json\/wp\/v2\/media\/9374"}],"wp:attachment":[{"href":"https:\/\/cetaradell.cat\/ce\/wp-json\/wp\/v2\/media?parent=9373"}],"wp:term":[{"taxonomy":"category","embeddable":true,"href":"https:\/\/cetaradell.cat\/ce\/wp-json\/wp\/v2\/categories?post=9373"},{"taxonomy":"post_tag","embeddable":true,"href":"https:\/\/cetaradell.cat\/ce\/wp-json\/wp\/v2\/tags?post=9373"}],"curies":[{"name":"wp","href":"https:\/\/api.w.org\/{rel}","templated":true}]}}