{"id":9379,"date":"2023-07-30T22:40:11","date_gmt":"2023-07-30T21:40:11","guid":{"rendered":"https:\/\/cetaradell.cat\/ce\/?p=9379"},"modified":"2023-08-29T19:47:44","modified_gmt":"2023-08-29T18:47:44","slug":"sortides-de-senders-setembre-2023","status":"publish","type":"post","link":"https:\/\/cetaradell.cat\/ce\/sortides-de-senders-setembre-2023\/","title":{"rendered":"Sortides de Senders \u2013 Setembre 2023"},"content":{"rendered":"<p><strong>La Garrotxa Empordanesa ( Puig de la Gavarra\u00a0 100 Cims )<\/strong><br \/>\n<strong><em>Ascen. Total 412<\/em><\/strong><strong><em> m. &#8211; Desn. Total 640 m. &#8211; 11.44 km<br \/>\n<\/em><\/strong><\/p>\n<p><strong><a href=\"https:\/\/cetaradell.cat\/ce\/?attachment_id=9383\" target=\"_blank\" rel=\"attachment noopener wp-att-9320\"><img decoding=\"async\" class=\"alignleft wp-image-9383 size-medium\" src=\"https:\/\/cetaradell.cat\/ce\/wp-content\/uploads\/Pic-Negre-dEnvalira_25-300x200.jpg\" alt=\"\" width=\"300\" height=\"200\" srcset=\"https:\/\/cetaradell.cat\/ce\/wp-content\/uploads\/Pic-Negre-dEnvalira_25-200x133.jpg 200w, https:\/\/cetaradell.cat\/ce\/wp-content\/uploads\/Pic-Negre-dEnvalira_25-300x200.jpg 300w, https:\/\/cetaradell.cat\/ce\/wp-content\/uploads\/Pic-Negre-dEnvalira_25-400x266.jpg 400w, https:\/\/cetaradell.cat\/ce\/wp-content\/uploads\/Pic-Negre-dEnvalira_25-500x333.jpg 500w, https:\/\/cetaradell.cat\/ce\/wp-content\/uploads\/Pic-Negre-dEnvalira_25-600x399.jpg 600w, https:\/\/cetaradell.cat\/ce\/wp-content\/uploads\/Pic-Negre-dEnvalira_25-700x466.jpg 700w, https:\/\/cetaradell.cat\/ce\/wp-content\/uploads\/Pic-Negre-dEnvalira_25-768x511.jpg 768w, https:\/\/cetaradell.cat\/ce\/wp-content\/uploads\/Pic-Negre-dEnvalira_25-800x532.jpg 800w, https:\/\/cetaradell.cat\/ce\/wp-content\/uploads\/Pic-Negre-dEnvalira_25.jpg 885w\" sizes=\"(max-width: 300px) 100vw, 300px\" \/><\/a>DIA: <\/strong>Diumenge, 3 de setembre de 2023<\/p>\n<p><strong>SORTIDA DE TARADELL: <\/strong>6.45 h de l&#8217;Espai 1 d&#8217;Octubre (La Carpa)<\/p>\n<p><strong>SORTIDA DE VIC: <\/strong>7.00h de davant l&#8217;Hotel Can Pamplona<\/p>\n<p><strong>NOTA: <\/strong>Cal portar cal\u00e7at adequat preferiblement bota de canya alta, roba d\u2019abric, paravent, gorra, guants, protecci\u00f3 solar, bastons de trekking, aigua, esmorzar i dinar.<\/p>\n<p><strong>INSCRIPCIONS:\u00a0<\/strong>el CET estar\u00e0 tancat per vacances del 29 de juliol al 27 d&#8217;agost i per aquest motiu agrair\u00edem a tothom que vulgui venir a la sortida, que s\u2019apunti com m\u00e9s aviat millor, ja que aix\u00ed ens facilitareu la contractaci\u00f3 de l\u2019autocar. Inscripcions obertes fins al dia 31 d&#8217;agost.<\/p>\n<p><strong>PREU INSCRIPCI\u00d3: <\/strong>Autob\u00fas = 20 euros (Places limitades)<\/p>\n<p><strong>NOTES<\/strong>: \u00c9s imprescindible estar federat.<\/p>\n<p>La serra de Bac Grillera pertany al municipi de Ma\u00e7anet de Cabrenys, a l\u2019Alt Empord\u00e0. Est\u00e0 ubicada a la cap\u00e7alera de la vall de la Muga. \u00c9s un terreny amb grans cingleres i ufanoses fondalades. El cim est\u00e0 coronat per un v\u00e8rtex geod\u00e8sic. Les vistes en un dia clar son espectaculars. Podrem veure el mass\u00eds del Canig\u00f3 i la serra de les Salines, la serra de l\u2019Albera, el cap de Creus i la badia de Roses, el Mont i el Bassegoda, l\u2019Alta Garrotxa i el Vallespir.<\/p>\n<p>Tamb\u00e9 podrem veure el poble de Ma\u00e7anet de Cabrenys i el poble franc\u00e8s de Costoja.<\/p>\n<p><strong>\u00a0Recorregut: <\/strong>Sortida de Coll dels Horts, Puig de la Gavarra 1.056m (100 Cims de la FEEC), Restes Castell de Bac Grillera, Ermita Mare de D\u00e9u del Fau, Ermita Sant Miquel de Fonfreda, Esgl\u00e9sia Sant Pere dels Vilars, La Farga i Ma\u00e7anet de Cabrenys (final de sortida)<\/p>\n<table>\n<tbody>\n<tr>\n<td style=\"background-color: #dcf2f2;\"><span lang=\"CA\">A la foto els participants a la <\/span>sortida corresponent al Pic Negre d&#8217;Envalira (09\/07\/2023)<\/p>\n<p><strong>Sortida de Senders del juny<br \/>\n<\/strong><\/p>\n<p><a href=\"https:\/\/cetaradell.cat\/ce\/sortides-de-senders-setembre-2023\/20230604_091131_cami_exili_25\/\" target=\"_blank\" rel=\"attachment noopener wp-att-9381\"><img decoding=\"async\" class=\"alignleft wp-image-9381 size-medium\" src=\"https:\/\/cetaradell.cat\/ce\/wp-content\/uploads\/20230604_091131_cami_exili_25-300x225.jpg\" alt=\"\" width=\"300\" height=\"225\" srcset=\"https:\/\/cetaradell.cat\/ce\/wp-content\/uploads\/20230604_091131_cami_exili_25-200x150.jpg 200w, https:\/\/cetaradell.cat\/ce\/wp-content\/uploads\/20230604_091131_cami_exili_25-300x225.jpg 300w, https:\/\/cetaradell.cat\/ce\/wp-content\/uploads\/20230604_091131_cami_exili_25-400x300.jpg 400w, https:\/\/cetaradell.cat\/ce\/wp-content\/uploads\/20230604_091131_cami_exili_25-500x375.jpg 500w, https:\/\/cetaradell.cat\/ce\/wp-content\/uploads\/20230604_091131_cami_exili_25-600x450.jpg 600w, https:\/\/cetaradell.cat\/ce\/wp-content\/uploads\/20230604_091131_cami_exili_25-700x525.jpg 700w, https:\/\/cetaradell.cat\/ce\/wp-content\/uploads\/20230604_091131_cami_exili_25-768x576.jpg 768w, https:\/\/cetaradell.cat\/ce\/wp-content\/uploads\/20230604_091131_cami_exili_25-800x600.jpg 800w, https:\/\/cetaradell.cat\/ce\/wp-content\/uploads\/20230604_091131_cami_exili_25-1024x768.jpg 1024w, https:\/\/cetaradell.cat\/ce\/wp-content\/uploads\/20230604_091131_cami_exili_25.jpg 1123w\" sizes=\"(max-width: 300px) 100vw, 300px\" \/><\/a>El passat 4 de juny es va fer la sortida de senders pel Cam\u00ed de l&#8217;Exili, i al veure que era una sortida molt interessant, ens va acompanyar un guia de muntanya, expert en el tema de l&#8217;exili i el cam\u00ed de la retirada. La sortida estava prevista fer-la de Moll\u00f3 fins a La Presta seguint el cam\u00ed de l&#8217;exili, per\u00f2 degut a las males previsions del temps, es va escur\u00e7ar i es va fer des d&#8217;Espinavell.<\/p>\n<p>Un cop arribats a l&#8217;autocar ens vam despla\u00e7ar fins a Camprodon, on vam dinar i vam fer una visita al museu de l&#8217;exili amb el mateix guia, que ens va fer una explicaci\u00f3 molt completa de tot el museu.<\/p>\n<p><strong>Sortida de Senders 8 i 9 de juliol a Andorra<\/strong><\/p>\n<div id=\"attachment_9382\" style=\"width: 310px\" class=\"wp-caption alignleft\"><a href=\"https:\/\/cetaradell.cat\/ce\/sortides-de-senders-setembre-2023\/pic-dels-pessons_25\/\" target=\"_blank\" rel=\"attachment noopener wp-att-9382\"><img decoding=\"async\" aria-describedby=\"caption-attachment-9382\" class=\"wp-image-9382 size-medium\" src=\"https:\/\/cetaradell.cat\/ce\/wp-content\/uploads\/Pic-dels-Pessons_25-300x225.jpg\" alt=\"\" width=\"300\" height=\"225\" srcset=\"https:\/\/cetaradell.cat\/ce\/wp-content\/uploads\/Pic-dels-Pessons_25-200x150.jpg 200w, https:\/\/cetaradell.cat\/ce\/wp-content\/uploads\/Pic-dels-Pessons_25-300x225.jpg 300w, https:\/\/cetaradell.cat\/ce\/wp-content\/uploads\/Pic-dels-Pessons_25-400x300.jpg 400w, https:\/\/cetaradell.cat\/ce\/wp-content\/uploads\/Pic-dels-Pessons_25-500x375.jpg 500w, https:\/\/cetaradell.cat\/ce\/wp-content\/uploads\/Pic-dels-Pessons_25-600x450.jpg 600w, https:\/\/cetaradell.cat\/ce\/wp-content\/uploads\/Pic-dels-Pessons_25-700x525.jpg 700w, https:\/\/cetaradell.cat\/ce\/wp-content\/uploads\/Pic-dels-Pessons_25-768x576.jpg 768w, https:\/\/cetaradell.cat\/ce\/wp-content\/uploads\/Pic-dels-Pessons_25-800x600.jpg 800w, https:\/\/cetaradell.cat\/ce\/wp-content\/uploads\/Pic-dels-Pessons_25.jpg 1008w\" sizes=\"(max-width: 300px) 100vw, 300px\" \/><\/a><p id=\"caption-attachment-9382\" class=\"wp-caption-text\"><em>Pic dels Pessons<\/em><\/p><\/div>\n<p>El dissabte 8 de juliol vam fer el Pic dels Pessons (100 cims de la FEEC) i Estanys Circ dels Pessons des de Grau Roig, ruta de 12,12 km amb un desnivell de 792m.<\/p>\n<p>Un cop acabada l&#8217;excursi\u00f3 ens vam despla\u00e7ar fins al Pas de La Casa on varem pernoctar.<\/p>\n<p>El diumenge 9 de juliol des del mateix Pas de la casa vam fer el Pic Negre d&#8217;Envalira (100 cims de la FEEC), amb un recorregut de 7,85 km i un desnivell de 727 m. De baixada v\u00e0rem poder refrescar-nos i dinar a l&#8217;estany de les Abelletes.<\/p>\n<p>Cal dir que ens va fer un temps molt bo, i vam gaudir de dos dies excepcionals amb vistes de tot el Pirineu.<\/td>\n<\/tr>\n<\/tbody>\n<\/table>\n","protected":false},"excerpt":{"rendered":"<p>La Garrotxa Empordanesa ( Puig de la Gavarra\u00a0 100 Cims ) Ascen. Total 412 m. &#8211; Desn. Total 640 m. &#8211; 11.44 km DIA: Diumenge, 3 de setembre de 2023 SORTIDA DE TARADELL: 6.45 h de l&#8217;Espai 1 d&#8217;Octubre (La Carpa) SORTIDA DE VIC: 7.00h de davant l&#8217;Hotel Can Pamplona  [&#8230;]<\/p>\n","protected":false},"author":1,"featured_media":9383,"comment_status":"closed","ping_status":"closed","sticky":false,"template":"","format":"standard","meta":{"footnotes":""},"categories":[12,4,11],"tags":[],"class_list":["post-9379","post","type-post","status-publish","format-standard","has-post-thumbnail","hentry","category-100-cims","category-activitats","category-senders"],"yoast_head":"<!-- This site is optimized with the Yoast SEO plugin v27.4 - https:\/\/yoast.com\/product\/yoast-seo-wordpress\/ -->\n<title>Sortides de Senders \u2013 Setembre 2023 - Centre Excursionista Taradell<\/title>\n<meta name=\"robots\" content=\"index, follow, max-snippet:-1, max-image-preview:large, max-video-preview:-1\" \/>\n<link rel=\"canonical\" href=\"https:\/\/cetaradell.cat\/ce\/sortides-de-senders-setembre-2023\/\" \/>\n<meta property=\"og:locale\" content=\"ca_ES\" \/>\n<meta property=\"og:type\" content=\"article\" \/>\n<meta property=\"og:title\" content=\"Sortides de Senders \u2013 Setembre 2023 - Centre Excursionista Taradell\" \/>\n<meta property=\"og:description\" content=\"La Garrotxa Empordanesa ( Puig de la Gavarra\u00a0 100 Cims ) Ascen. Total 412 m. &#8211; Desn. Total 640 m. &#8211; 11.44 km DIA: Diumenge, 3 de setembre de 2023 SORTIDA DE TARADELL: 6.45 h de l&#8217;Espai 1 d&#8217;Octubre (La Carpa) SORTIDA DE VIC: 7.00h de davant l&#8217;Hotel Can Pamplona [...]\" \/>\n<meta property=\"og:url\" content=\"https:\/\/cetaradell.cat\/ce\/sortides-de-senders-setembre-2023\/\" \/>\n<meta property=\"og:site_name\" content=\"Centre Excursionista Taradell\" \/>\n<meta property=\"article:publisher\" content=\"https:\/\/www.facebook.com\/CETaradell\/\" \/>\n<meta property=\"article:published_time\" content=\"2023-07-30T21:40:11+00:00\" \/>\n<meta property=\"article:modified_time\" content=\"2023-08-29T18:47:44+00:00\" \/>\n<meta property=\"og:image\" content=\"https:\/\/cetaradell.cat\/ce\/wp-content\/uploads\/Pic-Negre-dEnvalira_25.jpg\" \/>\n\t<meta property=\"og:image:width\" content=\"885\" \/>\n\t<meta property=\"og:image:height\" content=\"589\" \/>\n\t<meta property=\"og:image:type\" content=\"image\/jpeg\" \/>\n<meta name=\"author\" content=\"CET\" \/>\n<meta name=\"twitter:card\" content=\"summary_large_image\" \/>\n<meta name=\"twitter:label1\" content=\"Escrit per\" \/>\n\t<meta name=\"twitter:data1\" content=\"CET\" \/>\n\t<meta name=\"twitter:label2\" content=\"Temps estimat de lectura\" \/>\n\t<meta name=\"twitter:data2\" content=\"4 minuts\" \/>\n<script type=\"application\/ld+json\" class=\"yoast-schema-graph\">{\"@context\":\"https:\\\/\\\/schema.org\",\"@graph\":[{\"@type\":\"Article\",\"@id\":\"https:\\\/\\\/cetaradell.cat\\\/ce\\\/sortides-de-senders-setembre-2023\\\/#article\",\"isPartOf\":{\"@id\":\"https:\\\/\\\/cetaradell.cat\\\/ce\\\/sortides-de-senders-setembre-2023\\\/\"},\"author\":{\"name\":\"CET\",\"@id\":\"https:\\\/\\\/cetaradell.cat\\\/ce\\\/#\\\/schema\\\/person\\\/92a59f585073071c7be6649e84b22f78\"},\"headline\":\"Sortides de Senders \u2013 Setembre 2023\",\"datePublished\":\"2023-07-30T21:40:11+00:00\",\"dateModified\":\"2023-08-29T18:47:44+00:00\",\"mainEntityOfPage\":{\"@id\":\"https:\\\/\\\/cetaradell.cat\\\/ce\\\/sortides-de-senders-setembre-2023\\\/\"},\"wordCount\":574,\"image\":{\"@id\":\"https:\\\/\\\/cetaradell.cat\\\/ce\\\/sortides-de-senders-setembre-2023\\\/#primaryimage\"},\"thumbnailUrl\":\"https:\\\/\\\/cetaradell.cat\\\/ce\\\/wp-content\\\/uploads\\\/Pic-Negre-dEnvalira_25.jpg\",\"articleSection\":[\"100 Cims\",\"Activitats\",\"Senders\"],\"inLanguage\":\"ca\"},{\"@type\":\"WebPage\",\"@id\":\"https:\\\/\\\/cetaradell.cat\\\/ce\\\/sortides-de-senders-setembre-2023\\\/\",\"url\":\"https:\\\/\\\/cetaradell.cat\\\/ce\\\/sortides-de-senders-setembre-2023\\\/\",\"name\":\"Sortides de Senders \u2013 Setembre 2023 - Centre Excursionista Taradell\",\"isPartOf\":{\"@id\":\"https:\\\/\\\/cetaradell.cat\\\/ce\\\/#website\"},\"primaryImageOfPage\":{\"@id\":\"https:\\\/\\\/cetaradell.cat\\\/ce\\\/sortides-de-senders-setembre-2023\\\/#primaryimage\"},\"image\":{\"@id\":\"https:\\\/\\\/cetaradell.cat\\\/ce\\\/sortides-de-senders-setembre-2023\\\/#primaryimage\"},\"thumbnailUrl\":\"https:\\\/\\\/cetaradell.cat\\\/ce\\\/wp-content\\\/uploads\\\/Pic-Negre-dEnvalira_25.jpg\",\"datePublished\":\"2023-07-30T21:40:11+00:00\",\"dateModified\":\"2023-08-29T18:47:44+00:00\",\"author\":{\"@id\":\"https:\\\/\\\/cetaradell.cat\\\/ce\\\/#\\\/schema\\\/person\\\/92a59f585073071c7be6649e84b22f78\"},\"breadcrumb\":{\"@id\":\"https:\\\/\\\/cetaradell.cat\\\/ce\\\/sortides-de-senders-setembre-2023\\\/#breadcrumb\"},\"inLanguage\":\"ca\",\"potentialAction\":[{\"@type\":\"ReadAction\",\"target\":[\"https:\\\/\\\/cetaradell.cat\\\/ce\\\/sortides-de-senders-setembre-2023\\\/\"]}]},{\"@type\":\"ImageObject\",\"inLanguage\":\"ca\",\"@id\":\"https:\\\/\\\/cetaradell.cat\\\/ce\\\/sortides-de-senders-setembre-2023\\\/#primaryimage\",\"url\":\"https:\\\/\\\/cetaradell.cat\\\/ce\\\/wp-content\\\/uploads\\\/Pic-Negre-dEnvalira_25.jpg\",\"contentUrl\":\"https:\\\/\\\/cetaradell.cat\\\/ce\\\/wp-content\\\/uploads\\\/Pic-Negre-dEnvalira_25.jpg\",\"width\":885,\"height\":589},{\"@type\":\"BreadcrumbList\",\"@id\":\"https:\\\/\\\/cetaradell.cat\\\/ce\\\/sortides-de-senders-setembre-2023\\\/#breadcrumb\",\"itemListElement\":[{\"@type\":\"ListItem\",\"position\":1,\"name\":\"Inici\",\"item\":\"https:\\\/\\\/cetaradell.cat\\\/ce\\\/\"},{\"@type\":\"ListItem\",\"position\":2,\"name\":\"Sortides de Senders \u2013 Setembre 2023\"}]},{\"@type\":\"WebSite\",\"@id\":\"https:\\\/\\\/cetaradell.cat\\\/ce\\\/#website\",\"url\":\"https:\\\/\\\/cetaradell.cat\\\/ce\\\/\",\"name\":\"Centre Excursionista Taradell\",\"description\":\"\",\"potentialAction\":[{\"@type\":\"SearchAction\",\"target\":{\"@type\":\"EntryPoint\",\"urlTemplate\":\"https:\\\/\\\/cetaradell.cat\\\/ce\\\/?s={search_term_string}\"},\"query-input\":{\"@type\":\"PropertyValueSpecification\",\"valueRequired\":true,\"valueName\":\"search_term_string\"}}],\"inLanguage\":\"ca\"},{\"@type\":\"Person\",\"@id\":\"https:\\\/\\\/cetaradell.cat\\\/ce\\\/#\\\/schema\\\/person\\\/92a59f585073071c7be6649e84b22f78\",\"name\":\"CET\",\"image\":{\"@type\":\"ImageObject\",\"inLanguage\":\"ca\",\"@id\":\"https:\\\/\\\/secure.gravatar.com\\\/avatar\\\/d6fbe010d42056feccc0f613ed07277a5118442805079269f12dabdc42e1a727?s=96&d=mm&r=g\",\"url\":\"https:\\\/\\\/secure.gravatar.com\\\/avatar\\\/d6fbe010d42056feccc0f613ed07277a5118442805079269f12dabdc42e1a727?s=96&d=mm&r=g\",\"contentUrl\":\"https:\\\/\\\/secure.gravatar.com\\\/avatar\\\/d6fbe010d42056feccc0f613ed07277a5118442805079269f12dabdc42e1a727?s=96&d=mm&r=g\",\"caption\":\"CET\"},\"url\":\"https:\\\/\\\/cetaradell.cat\\\/ce\\\/author\\\/root\\\/\"}]}<\/script>\n<!-- \/ Yoast SEO plugin. -->","yoast_head_json":{"title":"Sortides de Senders \u2013 Setembre 2023 - Centre Excursionista Taradell","robots":{"index":"index","follow":"follow","max-snippet":"max-snippet:-1","max-image-preview":"max-image-preview:large","max-video-preview":"max-video-preview:-1"},"canonical":"https:\/\/cetaradell.cat\/ce\/sortides-de-senders-setembre-2023\/","og_locale":"ca_ES","og_type":"article","og_title":"Sortides de Senders \u2013 Setembre 2023 - Centre Excursionista Taradell","og_description":"La Garrotxa Empordanesa ( Puig de la Gavarra\u00a0 100 Cims ) Ascen. Total 412 m. &#8211; Desn. Total 640 m. &#8211; 11.44 km DIA: Diumenge, 3 de setembre de 2023 SORTIDA DE TARADELL: 6.45 h de l&#8217;Espai 1 d&#8217;Octubre (La Carpa) SORTIDA DE VIC: 7.00h de davant l&#8217;Hotel Can Pamplona [...]","og_url":"https:\/\/cetaradell.cat\/ce\/sortides-de-senders-setembre-2023\/","og_site_name":"Centre Excursionista Taradell","article_publisher":"https:\/\/www.facebook.com\/CETaradell\/","article_published_time":"2023-07-30T21:40:11+00:00","article_modified_time":"2023-08-29T18:47:44+00:00","og_image":[{"width":885,"height":589,"url":"https:\/\/cetaradell.cat\/ce\/wp-content\/uploads\/Pic-Negre-dEnvalira_25.jpg","type":"image\/jpeg"}],"author":"CET","twitter_card":"summary_large_image","twitter_misc":{"Escrit per":"CET","Temps estimat de lectura":"4 minuts"},"schema":{"@context":"https:\/\/schema.org","@graph":[{"@type":"Article","@id":"https:\/\/cetaradell.cat\/ce\/sortides-de-senders-setembre-2023\/#article","isPartOf":{"@id":"https:\/\/cetaradell.cat\/ce\/sortides-de-senders-setembre-2023\/"},"author":{"name":"CET","@id":"https:\/\/cetaradell.cat\/ce\/#\/schema\/person\/92a59f585073071c7be6649e84b22f78"},"headline":"Sortides de Senders \u2013 Setembre 2023","datePublished":"2023-07-30T21:40:11+00:00","dateModified":"2023-08-29T18:47:44+00:00","mainEntityOfPage":{"@id":"https:\/\/cetaradell.cat\/ce\/sortides-de-senders-setembre-2023\/"},"wordCount":574,"image":{"@id":"https:\/\/cetaradell.cat\/ce\/sortides-de-senders-setembre-2023\/#primaryimage"},"thumbnailUrl":"https:\/\/cetaradell.cat\/ce\/wp-content\/uploads\/Pic-Negre-dEnvalira_25.jpg","articleSection":["100 Cims","Activitats","Senders"],"inLanguage":"ca"},{"@type":"WebPage","@id":"https:\/\/cetaradell.cat\/ce\/sortides-de-senders-setembre-2023\/","url":"https:\/\/cetaradell.cat\/ce\/sortides-de-senders-setembre-2023\/","name":"Sortides de Senders \u2013 Setembre 2023 - Centre Excursionista Taradell","isPartOf":{"@id":"https:\/\/cetaradell.cat\/ce\/#website"},"primaryImageOfPage":{"@id":"https:\/\/cetaradell.cat\/ce\/sortides-de-senders-setembre-2023\/#primaryimage"},"image":{"@id":"https:\/\/cetaradell.cat\/ce\/sortides-de-senders-setembre-2023\/#primaryimage"},"thumbnailUrl":"https:\/\/cetaradell.cat\/ce\/wp-content\/uploads\/Pic-Negre-dEnvalira_25.jpg","datePublished":"2023-07-30T21:40:11+00:00","dateModified":"2023-08-29T18:47:44+00:00","author":{"@id":"https:\/\/cetaradell.cat\/ce\/#\/schema\/person\/92a59f585073071c7be6649e84b22f78"},"breadcrumb":{"@id":"https:\/\/cetaradell.cat\/ce\/sortides-de-senders-setembre-2023\/#breadcrumb"},"inLanguage":"ca","potentialAction":[{"@type":"ReadAction","target":["https:\/\/cetaradell.cat\/ce\/sortides-de-senders-setembre-2023\/"]}]},{"@type":"ImageObject","inLanguage":"ca","@id":"https:\/\/cetaradell.cat\/ce\/sortides-de-senders-setembre-2023\/#primaryimage","url":"https:\/\/cetaradell.cat\/ce\/wp-content\/uploads\/Pic-Negre-dEnvalira_25.jpg","contentUrl":"https:\/\/cetaradell.cat\/ce\/wp-content\/uploads\/Pic-Negre-dEnvalira_25.jpg","width":885,"height":589},{"@type":"BreadcrumbList","@id":"https:\/\/cetaradell.cat\/ce\/sortides-de-senders-setembre-2023\/#breadcrumb","itemListElement":[{"@type":"ListItem","position":1,"name":"Inici","item":"https:\/\/cetaradell.cat\/ce\/"},{"@type":"ListItem","position":2,"name":"Sortides de Senders \u2013 Setembre 2023"}]},{"@type":"WebSite","@id":"https:\/\/cetaradell.cat\/ce\/#website","url":"https:\/\/cetaradell.cat\/ce\/","name":"Centre Excursionista Taradell","description":"","potentialAction":[{"@type":"SearchAction","target":{"@type":"EntryPoint","urlTemplate":"https:\/\/cetaradell.cat\/ce\/?s={search_term_string}"},"query-input":{"@type":"PropertyValueSpecification","valueRequired":true,"valueName":"search_term_string"}}],"inLanguage":"ca"},{"@type":"Person","@id":"https:\/\/cetaradell.cat\/ce\/#\/schema\/person\/92a59f585073071c7be6649e84b22f78","name":"CET","image":{"@type":"ImageObject","inLanguage":"ca","@id":"https:\/\/secure.gravatar.com\/avatar\/d6fbe010d42056feccc0f613ed07277a5118442805079269f12dabdc42e1a727?s=96&d=mm&r=g","url":"https:\/\/secure.gravatar.com\/avatar\/d6fbe010d42056feccc0f613ed07277a5118442805079269f12dabdc42e1a727?s=96&d=mm&r=g","contentUrl":"https:\/\/secure.gravatar.com\/avatar\/d6fbe010d42056feccc0f613ed07277a5118442805079269f12dabdc42e1a727?s=96&d=mm&r=g","caption":"CET"},"url":"https:\/\/cetaradell.cat\/ce\/author\/root\/"}]}},"_links":{"self":[{"href":"https:\/\/cetaradell.cat\/ce\/wp-json\/wp\/v2\/posts\/9379","targetHints":{"allow":["GET"]}}],"collection":[{"href":"https:\/\/cetaradell.cat\/ce\/wp-json\/wp\/v2\/posts"}],"about":[{"href":"https:\/\/cetaradell.cat\/ce\/wp-json\/wp\/v2\/types\/post"}],"author":[{"embeddable":true,"href":"https:\/\/cetaradell.cat\/ce\/wp-json\/wp\/v2\/users\/1"}],"replies":[{"embeddable":true,"href":"https:\/\/cetaradell.cat\/ce\/wp-json\/wp\/v2\/comments?post=9379"}],"version-history":[{"count":0,"href":"https:\/\/cetaradell.cat\/ce\/wp-json\/wp\/v2\/posts\/9379\/revisions"}],"wp:featuredmedia":[{"embeddable":true,"href":"https:\/\/cetaradell.cat\/ce\/wp-json\/wp\/v2\/media\/9383"}],"wp:attachment":[{"href":"https:\/\/cetaradell.cat\/ce\/wp-json\/wp\/v2\/media?parent=9379"}],"wp:term":[{"taxonomy":"category","embeddable":true,"href":"https:\/\/cetaradell.cat\/ce\/wp-json\/wp\/v2\/categories?post=9379"},{"taxonomy":"post_tag","embeddable":true,"href":"https:\/\/cetaradell.cat\/ce\/wp-json\/wp\/v2\/tags?post=9379"}],"curies":[{"name":"wp","href":"https:\/\/api.w.org\/{rel}","templated":true}]}}