{"id":9413,"date":"2023-09-22T22:23:39","date_gmt":"2023-09-22T21:23:39","guid":{"rendered":"https:\/\/cetaradell.cat\/ce\/?p=9413"},"modified":"2023-09-22T22:23:39","modified_gmt":"2023-09-22T21:23:39","slug":"sortides-de-senders-octubre-2023","status":"publish","type":"post","link":"https:\/\/cetaradell.cat\/ce\/sortides-de-senders-octubre-2023\/","title":{"rendered":"Sortides de Senders \u2013 Octubre 2023"},"content":{"rendered":"<p><strong>Setcases, Puig de les Agudes (100 cims) Setcases 14,65 km<\/strong><br \/>\n<strong><em>Ascen. Total 896<\/em><\/strong><strong><em> m. &#8211; Desn. Total 896 m. &#8211; Alt. M\u00e0x. 1.976 m.<br \/>\n<\/em><\/strong><\/p>\n<p><strong><a href=\"https:\/\/cetaradell.cat\/ce\/?attachment_id=9415\" target=\"_blank\" rel=\"attachment noopener wp-att-9320\"><img decoding=\"async\" class=\"alignleft wp-image-9415 size-medium\" src=\"https:\/\/cetaradell.cat\/ce\/wp-content\/uploads\/2023-09-03-Senders-1-300x225.jpg\" alt=\"\" width=\"300\" height=\"225\" srcset=\"https:\/\/cetaradell.cat\/ce\/wp-content\/uploads\/2023-09-03-Senders-1-200x150.jpg 200w, https:\/\/cetaradell.cat\/ce\/wp-content\/uploads\/2023-09-03-Senders-1-300x225.jpg 300w, https:\/\/cetaradell.cat\/ce\/wp-content\/uploads\/2023-09-03-Senders-1-400x300.jpg 400w, https:\/\/cetaradell.cat\/ce\/wp-content\/uploads\/2023-09-03-Senders-1-500x375.jpg 500w, https:\/\/cetaradell.cat\/ce\/wp-content\/uploads\/2023-09-03-Senders-1-600x450.jpg 600w, https:\/\/cetaradell.cat\/ce\/wp-content\/uploads\/2023-09-03-Senders-1-700x525.jpg 700w, https:\/\/cetaradell.cat\/ce\/wp-content\/uploads\/2023-09-03-Senders-1-768x576.jpg 768w, https:\/\/cetaradell.cat\/ce\/wp-content\/uploads\/2023-09-03-Senders-1-800x600.jpg 800w, https:\/\/cetaradell.cat\/ce\/wp-content\/uploads\/2023-09-03-Senders-1.jpg 1008w\" sizes=\"(max-width: 300px) 100vw, 300px\" \/><\/a>DIA: <\/strong>Diumenge, 1 d&#8217;octubre de 2023<\/p>\n<p><strong>SORTIDA DE TARADELL: <\/strong>6.45 h de l&#8217;Espai 1 d&#8217;Octubre (La Carpa)<\/p>\n<p><strong>SORTIDA DE VIC: <\/strong>7.00h de davant l&#8217;Hotel Can Pamplona<\/p>\n<p><strong>NOTA: <\/strong>Cal portar cal\u00e7at adequat preferiblement bota de canya alta, roba d\u2019abric, paravent, gorra, guants, protecci\u00f3 solar, bastons de trekking, aigua, esmorzar i dinar.<\/p>\n<p><strong>INSCRIPCIONS: <\/strong>Inscripcions obertes fins al dia 28 de setembre.<\/p>\n<p><strong>PREU INSCRIPCI\u00d3: <\/strong>Autob\u00fas = 20 euros (Places limitades)<\/p>\n<p><strong>NOTES<\/strong>: \u00c9s imprescindible estar federat.<\/p>\n<p><strong>RECORREGUT: <\/strong>Ruta espectacular perqu\u00e8 des del Cim del Puig de les Agudes hi ha unes vistes excepcionals de tota la part oriental del Pirineu, la plana empordanesa i de l&#8217;olla de Vallter amb els seus cims tan emblem\u00e0tics com el Pic de la Dona, Bastiments i els Grans de Fajol, aix\u00ed com el Pastuira, les Borregues, el Fontlletera, el Tres Pics, el Balandrau i una infinitat de paisatge que no es pot descriure amb aquestes quatre ratlles.<\/p>\n<table>\n<tbody>\n<tr>\n<td><span lang=\"CA\">A la foto els participants a la <\/span>sortida al <strong>Puig de la Gavarra<\/strong> (03\/09\/2023)<\/p>\n<p><span lang=\"CA\">El diumenge 3 de setembre es va fer la sortida de senders del setembre. Aquest cop es va anar fins a Ma\u00e7anet de Cabrenys per fer el Puig de la Gavarra i l&#8217;ermita de Mare de D\u00e9u del Fau. Tot i el pron\u00f2stic de mal temps a principis de setmana, els 18 caminadors que hi van anar van gaudir d&#8217;un dia espl\u00e8ndid.\u00a0<\/span><\/td>\n<\/tr>\n<\/tbody>\n<\/table>\n","protected":false},"excerpt":{"rendered":"<p>Setcases, Puig de les Agudes (100 cims) Setcases 14,65 km Ascen. Total 896 m. &#8211; Desn. Total 896 m. &#8211; Alt. M\u00e0x. 1.976 m. DIA: Diumenge, 1 d&#8217;octubre de 2023 SORTIDA DE TARADELL: 6.45 h de l&#8217;Espai 1 d&#8217;Octubre (La Carpa) SORTIDA DE VIC: 7.00h de davant l&#8217;Hotel Can Pamplona  [&#8230;]<\/p>\n","protected":false},"author":1,"featured_media":9415,"comment_status":"closed","ping_status":"closed","sticky":false,"template":"","format":"standard","meta":{"footnotes":""},"categories":[12,4,11],"tags":[],"class_list":["post-9413","post","type-post","status-publish","format-standard","has-post-thumbnail","hentry","category-100-cims","category-activitats","category-senders"],"yoast_head":"<!-- This site is optimized with the Yoast SEO plugin v27.4 - https:\/\/yoast.com\/product\/yoast-seo-wordpress\/ -->\n<title>Sortides de Senders \u2013 Octubre 2023 - Centre Excursionista Taradell<\/title>\n<meta name=\"robots\" content=\"index, follow, max-snippet:-1, max-image-preview:large, max-video-preview:-1\" \/>\n<link rel=\"canonical\" href=\"https:\/\/cetaradell.cat\/ce\/sortides-de-senders-octubre-2023\/\" \/>\n<meta property=\"og:locale\" content=\"ca_ES\" \/>\n<meta property=\"og:type\" content=\"article\" \/>\n<meta property=\"og:title\" content=\"Sortides de Senders \u2013 Octubre 2023 - Centre Excursionista Taradell\" \/>\n<meta property=\"og:description\" content=\"Setcases, Puig de les Agudes (100 cims) Setcases 14,65 km Ascen. Total 896 m. &#8211; Desn. Total 896 m. &#8211; Alt. M\u00e0x. 1.976 m. DIA: Diumenge, 1 d&#8217;octubre de 2023 SORTIDA DE TARADELL: 6.45 h de l&#8217;Espai 1 d&#8217;Octubre (La Carpa) SORTIDA DE VIC: 7.00h de davant l&#8217;Hotel Can Pamplona [...]\" \/>\n<meta property=\"og:url\" content=\"https:\/\/cetaradell.cat\/ce\/sortides-de-senders-octubre-2023\/\" \/>\n<meta property=\"og:site_name\" content=\"Centre Excursionista Taradell\" \/>\n<meta property=\"article:publisher\" content=\"https:\/\/www.facebook.com\/CETaradell\/\" \/>\n<meta property=\"article:published_time\" content=\"2023-09-22T21:23:39+00:00\" \/>\n<meta property=\"og:image\" content=\"https:\/\/cetaradell.cat\/ce\/wp-content\/uploads\/2023-09-03-Senders-1.jpg\" \/>\n\t<meta property=\"og:image:width\" content=\"1008\" \/>\n\t<meta property=\"og:image:height\" content=\"756\" \/>\n\t<meta property=\"og:image:type\" content=\"image\/jpeg\" \/>\n<meta name=\"author\" content=\"CET\" \/>\n<meta name=\"twitter:card\" content=\"summary_large_image\" \/>\n<meta name=\"twitter:label1\" content=\"Escrit per\" \/>\n\t<meta name=\"twitter:data1\" content=\"CET\" \/>\n\t<meta name=\"twitter:label2\" content=\"Temps estimat de lectura\" \/>\n\t<meta name=\"twitter:data2\" content=\"2 minuts\" \/>\n<script type=\"application\/ld+json\" class=\"yoast-schema-graph\">{\"@context\":\"https:\\\/\\\/schema.org\",\"@graph\":[{\"@type\":\"Article\",\"@id\":\"https:\\\/\\\/cetaradell.cat\\\/ce\\\/sortides-de-senders-octubre-2023\\\/#article\",\"isPartOf\":{\"@id\":\"https:\\\/\\\/cetaradell.cat\\\/ce\\\/sortides-de-senders-octubre-2023\\\/\"},\"author\":{\"name\":\"CET\",\"@id\":\"https:\\\/\\\/cetaradell.cat\\\/ce\\\/#\\\/schema\\\/person\\\/92a59f585073071c7be6649e84b22f78\"},\"headline\":\"Sortides de Senders \u2013 Octubre 2023\",\"datePublished\":\"2023-09-22T21:23:39+00:00\",\"mainEntityOfPage\":{\"@id\":\"https:\\\/\\\/cetaradell.cat\\\/ce\\\/sortides-de-senders-octubre-2023\\\/\"},\"wordCount\":254,\"image\":{\"@id\":\"https:\\\/\\\/cetaradell.cat\\\/ce\\\/sortides-de-senders-octubre-2023\\\/#primaryimage\"},\"thumbnailUrl\":\"https:\\\/\\\/cetaradell.cat\\\/ce\\\/wp-content\\\/uploads\\\/2023-09-03-Senders-1.jpg\",\"articleSection\":[\"100 Cims\",\"Activitats\",\"Senders\"],\"inLanguage\":\"ca\"},{\"@type\":\"WebPage\",\"@id\":\"https:\\\/\\\/cetaradell.cat\\\/ce\\\/sortides-de-senders-octubre-2023\\\/\",\"url\":\"https:\\\/\\\/cetaradell.cat\\\/ce\\\/sortides-de-senders-octubre-2023\\\/\",\"name\":\"Sortides de Senders \u2013 Octubre 2023 - Centre Excursionista Taradell\",\"isPartOf\":{\"@id\":\"https:\\\/\\\/cetaradell.cat\\\/ce\\\/#website\"},\"primaryImageOfPage\":{\"@id\":\"https:\\\/\\\/cetaradell.cat\\\/ce\\\/sortides-de-senders-octubre-2023\\\/#primaryimage\"},\"image\":{\"@id\":\"https:\\\/\\\/cetaradell.cat\\\/ce\\\/sortides-de-senders-octubre-2023\\\/#primaryimage\"},\"thumbnailUrl\":\"https:\\\/\\\/cetaradell.cat\\\/ce\\\/wp-content\\\/uploads\\\/2023-09-03-Senders-1.jpg\",\"datePublished\":\"2023-09-22T21:23:39+00:00\",\"author\":{\"@id\":\"https:\\\/\\\/cetaradell.cat\\\/ce\\\/#\\\/schema\\\/person\\\/92a59f585073071c7be6649e84b22f78\"},\"breadcrumb\":{\"@id\":\"https:\\\/\\\/cetaradell.cat\\\/ce\\\/sortides-de-senders-octubre-2023\\\/#breadcrumb\"},\"inLanguage\":\"ca\",\"potentialAction\":[{\"@type\":\"ReadAction\",\"target\":[\"https:\\\/\\\/cetaradell.cat\\\/ce\\\/sortides-de-senders-octubre-2023\\\/\"]}]},{\"@type\":\"ImageObject\",\"inLanguage\":\"ca\",\"@id\":\"https:\\\/\\\/cetaradell.cat\\\/ce\\\/sortides-de-senders-octubre-2023\\\/#primaryimage\",\"url\":\"https:\\\/\\\/cetaradell.cat\\\/ce\\\/wp-content\\\/uploads\\\/2023-09-03-Senders-1.jpg\",\"contentUrl\":\"https:\\\/\\\/cetaradell.cat\\\/ce\\\/wp-content\\\/uploads\\\/2023-09-03-Senders-1.jpg\",\"width\":1008,\"height\":756},{\"@type\":\"BreadcrumbList\",\"@id\":\"https:\\\/\\\/cetaradell.cat\\\/ce\\\/sortides-de-senders-octubre-2023\\\/#breadcrumb\",\"itemListElement\":[{\"@type\":\"ListItem\",\"position\":1,\"name\":\"Inici\",\"item\":\"https:\\\/\\\/cetaradell.cat\\\/ce\\\/\"},{\"@type\":\"ListItem\",\"position\":2,\"name\":\"Sortides de Senders \u2013 Octubre 2023\"}]},{\"@type\":\"WebSite\",\"@id\":\"https:\\\/\\\/cetaradell.cat\\\/ce\\\/#website\",\"url\":\"https:\\\/\\\/cetaradell.cat\\\/ce\\\/\",\"name\":\"Centre Excursionista Taradell\",\"description\":\"\",\"potentialAction\":[{\"@type\":\"SearchAction\",\"target\":{\"@type\":\"EntryPoint\",\"urlTemplate\":\"https:\\\/\\\/cetaradell.cat\\\/ce\\\/?s={search_term_string}\"},\"query-input\":{\"@type\":\"PropertyValueSpecification\",\"valueRequired\":true,\"valueName\":\"search_term_string\"}}],\"inLanguage\":\"ca\"},{\"@type\":\"Person\",\"@id\":\"https:\\\/\\\/cetaradell.cat\\\/ce\\\/#\\\/schema\\\/person\\\/92a59f585073071c7be6649e84b22f78\",\"name\":\"CET\",\"image\":{\"@type\":\"ImageObject\",\"inLanguage\":\"ca\",\"@id\":\"https:\\\/\\\/secure.gravatar.com\\\/avatar\\\/d6fbe010d42056feccc0f613ed07277a5118442805079269f12dabdc42e1a727?s=96&d=mm&r=g\",\"url\":\"https:\\\/\\\/secure.gravatar.com\\\/avatar\\\/d6fbe010d42056feccc0f613ed07277a5118442805079269f12dabdc42e1a727?s=96&d=mm&r=g\",\"contentUrl\":\"https:\\\/\\\/secure.gravatar.com\\\/avatar\\\/d6fbe010d42056feccc0f613ed07277a5118442805079269f12dabdc42e1a727?s=96&d=mm&r=g\",\"caption\":\"CET\"},\"url\":\"https:\\\/\\\/cetaradell.cat\\\/ce\\\/author\\\/root\\\/\"}]}<\/script>\n<!-- \/ Yoast SEO plugin. -->","yoast_head_json":{"title":"Sortides de Senders \u2013 Octubre 2023 - Centre Excursionista Taradell","robots":{"index":"index","follow":"follow","max-snippet":"max-snippet:-1","max-image-preview":"max-image-preview:large","max-video-preview":"max-video-preview:-1"},"canonical":"https:\/\/cetaradell.cat\/ce\/sortides-de-senders-octubre-2023\/","og_locale":"ca_ES","og_type":"article","og_title":"Sortides de Senders \u2013 Octubre 2023 - Centre Excursionista Taradell","og_description":"Setcases, Puig de les Agudes (100 cims) Setcases 14,65 km Ascen. Total 896 m. &#8211; Desn. Total 896 m. &#8211; Alt. M\u00e0x. 1.976 m. DIA: Diumenge, 1 d&#8217;octubre de 2023 SORTIDA DE TARADELL: 6.45 h de l&#8217;Espai 1 d&#8217;Octubre (La Carpa) SORTIDA DE VIC: 7.00h de davant l&#8217;Hotel Can Pamplona [...]","og_url":"https:\/\/cetaradell.cat\/ce\/sortides-de-senders-octubre-2023\/","og_site_name":"Centre Excursionista Taradell","article_publisher":"https:\/\/www.facebook.com\/CETaradell\/","article_published_time":"2023-09-22T21:23:39+00:00","og_image":[{"width":1008,"height":756,"url":"https:\/\/cetaradell.cat\/ce\/wp-content\/uploads\/2023-09-03-Senders-1.jpg","type":"image\/jpeg"}],"author":"CET","twitter_card":"summary_large_image","twitter_misc":{"Escrit per":"CET","Temps estimat de lectura":"2 minuts"},"schema":{"@context":"https:\/\/schema.org","@graph":[{"@type":"Article","@id":"https:\/\/cetaradell.cat\/ce\/sortides-de-senders-octubre-2023\/#article","isPartOf":{"@id":"https:\/\/cetaradell.cat\/ce\/sortides-de-senders-octubre-2023\/"},"author":{"name":"CET","@id":"https:\/\/cetaradell.cat\/ce\/#\/schema\/person\/92a59f585073071c7be6649e84b22f78"},"headline":"Sortides de Senders \u2013 Octubre 2023","datePublished":"2023-09-22T21:23:39+00:00","mainEntityOfPage":{"@id":"https:\/\/cetaradell.cat\/ce\/sortides-de-senders-octubre-2023\/"},"wordCount":254,"image":{"@id":"https:\/\/cetaradell.cat\/ce\/sortides-de-senders-octubre-2023\/#primaryimage"},"thumbnailUrl":"https:\/\/cetaradell.cat\/ce\/wp-content\/uploads\/2023-09-03-Senders-1.jpg","articleSection":["100 Cims","Activitats","Senders"],"inLanguage":"ca"},{"@type":"WebPage","@id":"https:\/\/cetaradell.cat\/ce\/sortides-de-senders-octubre-2023\/","url":"https:\/\/cetaradell.cat\/ce\/sortides-de-senders-octubre-2023\/","name":"Sortides de Senders \u2013 Octubre 2023 - Centre Excursionista Taradell","isPartOf":{"@id":"https:\/\/cetaradell.cat\/ce\/#website"},"primaryImageOfPage":{"@id":"https:\/\/cetaradell.cat\/ce\/sortides-de-senders-octubre-2023\/#primaryimage"},"image":{"@id":"https:\/\/cetaradell.cat\/ce\/sortides-de-senders-octubre-2023\/#primaryimage"},"thumbnailUrl":"https:\/\/cetaradell.cat\/ce\/wp-content\/uploads\/2023-09-03-Senders-1.jpg","datePublished":"2023-09-22T21:23:39+00:00","author":{"@id":"https:\/\/cetaradell.cat\/ce\/#\/schema\/person\/92a59f585073071c7be6649e84b22f78"},"breadcrumb":{"@id":"https:\/\/cetaradell.cat\/ce\/sortides-de-senders-octubre-2023\/#breadcrumb"},"inLanguage":"ca","potentialAction":[{"@type":"ReadAction","target":["https:\/\/cetaradell.cat\/ce\/sortides-de-senders-octubre-2023\/"]}]},{"@type":"ImageObject","inLanguage":"ca","@id":"https:\/\/cetaradell.cat\/ce\/sortides-de-senders-octubre-2023\/#primaryimage","url":"https:\/\/cetaradell.cat\/ce\/wp-content\/uploads\/2023-09-03-Senders-1.jpg","contentUrl":"https:\/\/cetaradell.cat\/ce\/wp-content\/uploads\/2023-09-03-Senders-1.jpg","width":1008,"height":756},{"@type":"BreadcrumbList","@id":"https:\/\/cetaradell.cat\/ce\/sortides-de-senders-octubre-2023\/#breadcrumb","itemListElement":[{"@type":"ListItem","position":1,"name":"Inici","item":"https:\/\/cetaradell.cat\/ce\/"},{"@type":"ListItem","position":2,"name":"Sortides de Senders \u2013 Octubre 2023"}]},{"@type":"WebSite","@id":"https:\/\/cetaradell.cat\/ce\/#website","url":"https:\/\/cetaradell.cat\/ce\/","name":"Centre Excursionista Taradell","description":"","potentialAction":[{"@type":"SearchAction","target":{"@type":"EntryPoint","urlTemplate":"https:\/\/cetaradell.cat\/ce\/?s={search_term_string}"},"query-input":{"@type":"PropertyValueSpecification","valueRequired":true,"valueName":"search_term_string"}}],"inLanguage":"ca"},{"@type":"Person","@id":"https:\/\/cetaradell.cat\/ce\/#\/schema\/person\/92a59f585073071c7be6649e84b22f78","name":"CET","image":{"@type":"ImageObject","inLanguage":"ca","@id":"https:\/\/secure.gravatar.com\/avatar\/d6fbe010d42056feccc0f613ed07277a5118442805079269f12dabdc42e1a727?s=96&d=mm&r=g","url":"https:\/\/secure.gravatar.com\/avatar\/d6fbe010d42056feccc0f613ed07277a5118442805079269f12dabdc42e1a727?s=96&d=mm&r=g","contentUrl":"https:\/\/secure.gravatar.com\/avatar\/d6fbe010d42056feccc0f613ed07277a5118442805079269f12dabdc42e1a727?s=96&d=mm&r=g","caption":"CET"},"url":"https:\/\/cetaradell.cat\/ce\/author\/root\/"}]}},"_links":{"self":[{"href":"https:\/\/cetaradell.cat\/ce\/wp-json\/wp\/v2\/posts\/9413","targetHints":{"allow":["GET"]}}],"collection":[{"href":"https:\/\/cetaradell.cat\/ce\/wp-json\/wp\/v2\/posts"}],"about":[{"href":"https:\/\/cetaradell.cat\/ce\/wp-json\/wp\/v2\/types\/post"}],"author":[{"embeddable":true,"href":"https:\/\/cetaradell.cat\/ce\/wp-json\/wp\/v2\/users\/1"}],"replies":[{"embeddable":true,"href":"https:\/\/cetaradell.cat\/ce\/wp-json\/wp\/v2\/comments?post=9413"}],"version-history":[{"count":0,"href":"https:\/\/cetaradell.cat\/ce\/wp-json\/wp\/v2\/posts\/9413\/revisions"}],"wp:featuredmedia":[{"embeddable":true,"href":"https:\/\/cetaradell.cat\/ce\/wp-json\/wp\/v2\/media\/9415"}],"wp:attachment":[{"href":"https:\/\/cetaradell.cat\/ce\/wp-json\/wp\/v2\/media?parent=9413"}],"wp:term":[{"taxonomy":"category","embeddable":true,"href":"https:\/\/cetaradell.cat\/ce\/wp-json\/wp\/v2\/categories?post=9413"},{"taxonomy":"post_tag","embeddable":true,"href":"https:\/\/cetaradell.cat\/ce\/wp-json\/wp\/v2\/tags?post=9413"}],"curies":[{"name":"wp","href":"https:\/\/api.w.org\/{rel}","templated":true}]}}