{"id":9419,"date":"2023-10-15T18:02:39","date_gmt":"2023-10-15T17:02:39","guid":{"rendered":"https:\/\/cetaradell.cat\/ce\/?p=9419"},"modified":"2023-10-15T18:08:16","modified_gmt":"2023-10-15T17:08:16","slug":"sortides-de-senders-novembre-2023","status":"publish","type":"post","link":"https:\/\/cetaradell.cat\/ce\/sortides-de-senders-novembre-2023\/","title":{"rendered":"Sortides de Senders \u2013 Novembre 2023"},"content":{"rendered":"<p><strong>Montserrat 10 km<\/strong><br \/>\n<strong><em>Ascen. Total 411<\/em><\/strong><strong><em> m. &#8211; Desn. Total 411 m.<br \/>\n<\/em><\/strong><\/p>\n<p><strong><a href=\"https:\/\/cetaradell.cat\/ce\/?attachment_id=9420\" target=\"_blank\" rel=\"attachment noopener wp-att-9320\"><img decoding=\"async\" class=\"alignleft wp-image-9420 size-medium\" src=\"https:\/\/cetaradell.cat\/ce\/wp-content\/uploads\/2023-10-01-Puig-de-les-Agudes-300x225.jpg\" alt=\"\" width=\"300\" height=\"225\" srcset=\"https:\/\/cetaradell.cat\/ce\/wp-content\/uploads\/2023-10-01-Puig-de-les-Agudes-200x150.jpg 200w, https:\/\/cetaradell.cat\/ce\/wp-content\/uploads\/2023-10-01-Puig-de-les-Agudes-300x225.jpg 300w, https:\/\/cetaradell.cat\/ce\/wp-content\/uploads\/2023-10-01-Puig-de-les-Agudes-400x300.jpg 400w, https:\/\/cetaradell.cat\/ce\/wp-content\/uploads\/2023-10-01-Puig-de-les-Agudes-500x375.jpg 500w, https:\/\/cetaradell.cat\/ce\/wp-content\/uploads\/2023-10-01-Puig-de-les-Agudes-600x450.jpg 600w, https:\/\/cetaradell.cat\/ce\/wp-content\/uploads\/2023-10-01-Puig-de-les-Agudes-700x525.jpg 700w, https:\/\/cetaradell.cat\/ce\/wp-content\/uploads\/2023-10-01-Puig-de-les-Agudes-768x576.jpg 768w, https:\/\/cetaradell.cat\/ce\/wp-content\/uploads\/2023-10-01-Puig-de-les-Agudes-800x600.jpg 800w, https:\/\/cetaradell.cat\/ce\/wp-content\/uploads\/2023-10-01-Puig-de-les-Agudes-1024x768.jpg 1024w, https:\/\/cetaradell.cat\/ce\/wp-content\/uploads\/2023-10-01-Puig-de-les-Agudes-1200x900.jpg 1200w, https:\/\/cetaradell.cat\/ce\/wp-content\/uploads\/2023-10-01-Puig-de-les-Agudes-1536x1152.jpg 1536w\" sizes=\"(max-width: 300px) 100vw, 300px\" \/><\/a>DIA: <\/strong>Diumenge, 5 de novembre de 2023<\/p>\n<p><strong>SORTIDA DE TARADELL: <\/strong>6.45 h de l&#8217;Espai 1 d&#8217;Octubre (La Carpa)<\/p>\n<p><strong>SORTIDA DE VIC: <\/strong>7.00h de davant l&#8217;Hotel Can Pamplona<\/p>\n<p><strong>NOTA: <\/strong>Cal portar cal\u00e7at adequat preferiblement bota de canya alta, roba d\u2019abric, paravent, gorra, guants, protecci\u00f3 solar, bastons de trekking, aigua, esmorzar<\/p>\n<p><strong>INSCRIPCIONS: <\/strong>Inscripcions obertes fins al dia 27 d&#8217;octubre.<\/p>\n<p><strong>PREU INSCRIPCI\u00d3:\u00a0<\/strong>Al ser l\u2019\u00faltima sortida d\u2019enguany, anirem a dinar al restaurant (la cuina d\u2019en Tikus) de Castellgal\u00ed. El preu d\u2019aquesta sortida ser\u00e0 de 46 euros (20 bus + 26 dinar &#8211; Places limitades)<\/p>\n<p><strong>NOTES<\/strong>: \u00c9s imprescindible estar federat.<\/p>\n<p><strong>RECORREGUT:\u00a0<\/strong>Comen\u00e7arem pel cam\u00ed dels Degotalls, i seguirem cap a: el Monestir, les escala dels Pobres, el pas dels Francesos, la pla\u00e7a de Santa Anna, l&#8217;ermita de Sant Benet, el mirador dels ermitans Sant Dim\u00e0s i de Santa Creu, el pla de la Trinitat, l&#8217;ermita de Sant Salvador, el coll de la canal Plana, el cam\u00ed de l\u2019Arrel, i Santa Cec\u00edlia, final de la sortida.<\/p>\n<table>\n<tbody>\n<tr>\n<td style=\"width: 821px; background-color: #dcf2f2;\"><span lang=\"CA\"><span lang=\"CA\"><br \/>\nA la foto els participants a la sortida al <strong>Puig de les Agudes<\/strong> (01\/10\/2023)<\/span><\/span>El diumenge 1 d&#8217;octubre es va fer la sortida de Senders. Aquest cop vam fer una sortida circular de 14 km. Vam sortir de Setcases per anar fins al Puig de les Agudes (100 cims de la FEEC) i un cop fet el cim vam emprendre el cam\u00ed de tornada, altre cop cap a Setcases.<\/p>\n<p>Vam tenir un dia assolellat i vam poder gaudir d&#8217;unes bones vistes del Pirineu, i alguns encara van poder collir algun bolet.<\/td>\n<\/tr>\n<\/tbody>\n<\/table>\n","protected":false},"excerpt":{"rendered":"<p>Montserrat 10 km Ascen. Total 411 m. &#8211; Desn. Total 411 m. DIA: Diumenge, 5 de novembre de 2023 SORTIDA DE TARADELL: 6.45 h de l&#8217;Espai 1 d&#8217;Octubre (La Carpa) SORTIDA DE VIC: 7.00h de davant l&#8217;Hotel Can Pamplona NOTA: Cal portar cal\u00e7at adequat preferiblement bota de canya alta, roba  [&#8230;]<\/p>\n","protected":false},"author":1,"featured_media":9420,"comment_status":"closed","ping_status":"closed","sticky":false,"template":"","format":"standard","meta":{"footnotes":""},"categories":[4,11],"tags":[],"class_list":["post-9419","post","type-post","status-publish","format-standard","has-post-thumbnail","hentry","category-activitats","category-senders"],"yoast_head":"<!-- This site is optimized with the Yoast SEO plugin v27.4 - https:\/\/yoast.com\/product\/yoast-seo-wordpress\/ -->\n<title>Sortides de Senders \u2013 Novembre 2023 - Centre Excursionista Taradell<\/title>\n<meta name=\"robots\" content=\"index, follow, max-snippet:-1, max-image-preview:large, max-video-preview:-1\" \/>\n<link rel=\"canonical\" href=\"https:\/\/cetaradell.cat\/ce\/sortides-de-senders-novembre-2023\/\" \/>\n<meta property=\"og:locale\" content=\"ca_ES\" \/>\n<meta property=\"og:type\" content=\"article\" \/>\n<meta property=\"og:title\" content=\"Sortides de Senders \u2013 Novembre 2023 - Centre Excursionista Taradell\" \/>\n<meta property=\"og:description\" content=\"Montserrat 10 km Ascen. Total 411 m. &#8211; Desn. Total 411 m. DIA: Diumenge, 5 de novembre de 2023 SORTIDA DE TARADELL: 6.45 h de l&#8217;Espai 1 d&#8217;Octubre (La Carpa) SORTIDA DE VIC: 7.00h de davant l&#8217;Hotel Can Pamplona NOTA: Cal portar cal\u00e7at adequat preferiblement bota de canya alta, roba [...]\" \/>\n<meta property=\"og:url\" content=\"https:\/\/cetaradell.cat\/ce\/sortides-de-senders-novembre-2023\/\" \/>\n<meta property=\"og:site_name\" content=\"Centre Excursionista Taradell\" \/>\n<meta property=\"article:publisher\" content=\"https:\/\/www.facebook.com\/CETaradell\/\" \/>\n<meta property=\"article:published_time\" content=\"2023-10-15T17:02:39+00:00\" \/>\n<meta property=\"article:modified_time\" content=\"2023-10-15T17:08:16+00:00\" \/>\n<meta property=\"og:image\" content=\"https:\/\/cetaradell.cat\/ce\/wp-content\/uploads\/2023-10-01-Puig-de-les-Agudes.jpg\" \/>\n\t<meta property=\"og:image:width\" content=\"2016\" \/>\n\t<meta property=\"og:image:height\" content=\"1512\" \/>\n\t<meta property=\"og:image:type\" content=\"image\/jpeg\" \/>\n<meta name=\"author\" content=\"CET\" \/>\n<meta name=\"twitter:card\" content=\"summary_large_image\" \/>\n<meta name=\"twitter:label1\" content=\"Escrit per\" \/>\n\t<meta name=\"twitter:data1\" content=\"CET\" \/>\n\t<meta name=\"twitter:label2\" content=\"Temps estimat de lectura\" \/>\n\t<meta name=\"twitter:data2\" content=\"2 minuts\" \/>\n<script type=\"application\/ld+json\" class=\"yoast-schema-graph\">{\"@context\":\"https:\\\/\\\/schema.org\",\"@graph\":[{\"@type\":\"Article\",\"@id\":\"https:\\\/\\\/cetaradell.cat\\\/ce\\\/sortides-de-senders-novembre-2023\\\/#article\",\"isPartOf\":{\"@id\":\"https:\\\/\\\/cetaradell.cat\\\/ce\\\/sortides-de-senders-novembre-2023\\\/\"},\"author\":{\"name\":\"CET\",\"@id\":\"https:\\\/\\\/cetaradell.cat\\\/ce\\\/#\\\/schema\\\/person\\\/92a59f585073071c7be6649e84b22f78\"},\"headline\":\"Sortides de Senders \u2013 Novembre 2023\",\"datePublished\":\"2023-10-15T17:02:39+00:00\",\"dateModified\":\"2023-10-15T17:08:16+00:00\",\"mainEntityOfPage\":{\"@id\":\"https:\\\/\\\/cetaradell.cat\\\/ce\\\/sortides-de-senders-novembre-2023\\\/\"},\"wordCount\":271,\"image\":{\"@id\":\"https:\\\/\\\/cetaradell.cat\\\/ce\\\/sortides-de-senders-novembre-2023\\\/#primaryimage\"},\"thumbnailUrl\":\"https:\\\/\\\/cetaradell.cat\\\/ce\\\/wp-content\\\/uploads\\\/2023-10-01-Puig-de-les-Agudes.jpg\",\"articleSection\":[\"Activitats\",\"Senders\"],\"inLanguage\":\"ca\"},{\"@type\":\"WebPage\",\"@id\":\"https:\\\/\\\/cetaradell.cat\\\/ce\\\/sortides-de-senders-novembre-2023\\\/\",\"url\":\"https:\\\/\\\/cetaradell.cat\\\/ce\\\/sortides-de-senders-novembre-2023\\\/\",\"name\":\"Sortides de Senders \u2013 Novembre 2023 - Centre Excursionista Taradell\",\"isPartOf\":{\"@id\":\"https:\\\/\\\/cetaradell.cat\\\/ce\\\/#website\"},\"primaryImageOfPage\":{\"@id\":\"https:\\\/\\\/cetaradell.cat\\\/ce\\\/sortides-de-senders-novembre-2023\\\/#primaryimage\"},\"image\":{\"@id\":\"https:\\\/\\\/cetaradell.cat\\\/ce\\\/sortides-de-senders-novembre-2023\\\/#primaryimage\"},\"thumbnailUrl\":\"https:\\\/\\\/cetaradell.cat\\\/ce\\\/wp-content\\\/uploads\\\/2023-10-01-Puig-de-les-Agudes.jpg\",\"datePublished\":\"2023-10-15T17:02:39+00:00\",\"dateModified\":\"2023-10-15T17:08:16+00:00\",\"author\":{\"@id\":\"https:\\\/\\\/cetaradell.cat\\\/ce\\\/#\\\/schema\\\/person\\\/92a59f585073071c7be6649e84b22f78\"},\"breadcrumb\":{\"@id\":\"https:\\\/\\\/cetaradell.cat\\\/ce\\\/sortides-de-senders-novembre-2023\\\/#breadcrumb\"},\"inLanguage\":\"ca\",\"potentialAction\":[{\"@type\":\"ReadAction\",\"target\":[\"https:\\\/\\\/cetaradell.cat\\\/ce\\\/sortides-de-senders-novembre-2023\\\/\"]}]},{\"@type\":\"ImageObject\",\"inLanguage\":\"ca\",\"@id\":\"https:\\\/\\\/cetaradell.cat\\\/ce\\\/sortides-de-senders-novembre-2023\\\/#primaryimage\",\"url\":\"https:\\\/\\\/cetaradell.cat\\\/ce\\\/wp-content\\\/uploads\\\/2023-10-01-Puig-de-les-Agudes.jpg\",\"contentUrl\":\"https:\\\/\\\/cetaradell.cat\\\/ce\\\/wp-content\\\/uploads\\\/2023-10-01-Puig-de-les-Agudes.jpg\",\"width\":2016,\"height\":1512},{\"@type\":\"BreadcrumbList\",\"@id\":\"https:\\\/\\\/cetaradell.cat\\\/ce\\\/sortides-de-senders-novembre-2023\\\/#breadcrumb\",\"itemListElement\":[{\"@type\":\"ListItem\",\"position\":1,\"name\":\"Inici\",\"item\":\"https:\\\/\\\/cetaradell.cat\\\/ce\\\/\"},{\"@type\":\"ListItem\",\"position\":2,\"name\":\"Sortides de Senders \u2013 Novembre 2023\"}]},{\"@type\":\"WebSite\",\"@id\":\"https:\\\/\\\/cetaradell.cat\\\/ce\\\/#website\",\"url\":\"https:\\\/\\\/cetaradell.cat\\\/ce\\\/\",\"name\":\"Centre Excursionista Taradell\",\"description\":\"\",\"potentialAction\":[{\"@type\":\"SearchAction\",\"target\":{\"@type\":\"EntryPoint\",\"urlTemplate\":\"https:\\\/\\\/cetaradell.cat\\\/ce\\\/?s={search_term_string}\"},\"query-input\":{\"@type\":\"PropertyValueSpecification\",\"valueRequired\":true,\"valueName\":\"search_term_string\"}}],\"inLanguage\":\"ca\"},{\"@type\":\"Person\",\"@id\":\"https:\\\/\\\/cetaradell.cat\\\/ce\\\/#\\\/schema\\\/person\\\/92a59f585073071c7be6649e84b22f78\",\"name\":\"CET\",\"image\":{\"@type\":\"ImageObject\",\"inLanguage\":\"ca\",\"@id\":\"https:\\\/\\\/secure.gravatar.com\\\/avatar\\\/d6fbe010d42056feccc0f613ed07277a5118442805079269f12dabdc42e1a727?s=96&d=mm&r=g\",\"url\":\"https:\\\/\\\/secure.gravatar.com\\\/avatar\\\/d6fbe010d42056feccc0f613ed07277a5118442805079269f12dabdc42e1a727?s=96&d=mm&r=g\",\"contentUrl\":\"https:\\\/\\\/secure.gravatar.com\\\/avatar\\\/d6fbe010d42056feccc0f613ed07277a5118442805079269f12dabdc42e1a727?s=96&d=mm&r=g\",\"caption\":\"CET\"},\"url\":\"https:\\\/\\\/cetaradell.cat\\\/ce\\\/author\\\/root\\\/\"}]}<\/script>\n<!-- \/ Yoast SEO plugin. -->","yoast_head_json":{"title":"Sortides de Senders \u2013 Novembre 2023 - Centre Excursionista Taradell","robots":{"index":"index","follow":"follow","max-snippet":"max-snippet:-1","max-image-preview":"max-image-preview:large","max-video-preview":"max-video-preview:-1"},"canonical":"https:\/\/cetaradell.cat\/ce\/sortides-de-senders-novembre-2023\/","og_locale":"ca_ES","og_type":"article","og_title":"Sortides de Senders \u2013 Novembre 2023 - Centre Excursionista Taradell","og_description":"Montserrat 10 km Ascen. Total 411 m. &#8211; Desn. Total 411 m. DIA: Diumenge, 5 de novembre de 2023 SORTIDA DE TARADELL: 6.45 h de l&#8217;Espai 1 d&#8217;Octubre (La Carpa) SORTIDA DE VIC: 7.00h de davant l&#8217;Hotel Can Pamplona NOTA: Cal portar cal\u00e7at adequat preferiblement bota de canya alta, roba [...]","og_url":"https:\/\/cetaradell.cat\/ce\/sortides-de-senders-novembre-2023\/","og_site_name":"Centre Excursionista Taradell","article_publisher":"https:\/\/www.facebook.com\/CETaradell\/","article_published_time":"2023-10-15T17:02:39+00:00","article_modified_time":"2023-10-15T17:08:16+00:00","og_image":[{"width":2016,"height":1512,"url":"https:\/\/cetaradell.cat\/ce\/wp-content\/uploads\/2023-10-01-Puig-de-les-Agudes.jpg","type":"image\/jpeg"}],"author":"CET","twitter_card":"summary_large_image","twitter_misc":{"Escrit per":"CET","Temps estimat de lectura":"2 minuts"},"schema":{"@context":"https:\/\/schema.org","@graph":[{"@type":"Article","@id":"https:\/\/cetaradell.cat\/ce\/sortides-de-senders-novembre-2023\/#article","isPartOf":{"@id":"https:\/\/cetaradell.cat\/ce\/sortides-de-senders-novembre-2023\/"},"author":{"name":"CET","@id":"https:\/\/cetaradell.cat\/ce\/#\/schema\/person\/92a59f585073071c7be6649e84b22f78"},"headline":"Sortides de Senders \u2013 Novembre 2023","datePublished":"2023-10-15T17:02:39+00:00","dateModified":"2023-10-15T17:08:16+00:00","mainEntityOfPage":{"@id":"https:\/\/cetaradell.cat\/ce\/sortides-de-senders-novembre-2023\/"},"wordCount":271,"image":{"@id":"https:\/\/cetaradell.cat\/ce\/sortides-de-senders-novembre-2023\/#primaryimage"},"thumbnailUrl":"https:\/\/cetaradell.cat\/ce\/wp-content\/uploads\/2023-10-01-Puig-de-les-Agudes.jpg","articleSection":["Activitats","Senders"],"inLanguage":"ca"},{"@type":"WebPage","@id":"https:\/\/cetaradell.cat\/ce\/sortides-de-senders-novembre-2023\/","url":"https:\/\/cetaradell.cat\/ce\/sortides-de-senders-novembre-2023\/","name":"Sortides de Senders \u2013 Novembre 2023 - Centre Excursionista Taradell","isPartOf":{"@id":"https:\/\/cetaradell.cat\/ce\/#website"},"primaryImageOfPage":{"@id":"https:\/\/cetaradell.cat\/ce\/sortides-de-senders-novembre-2023\/#primaryimage"},"image":{"@id":"https:\/\/cetaradell.cat\/ce\/sortides-de-senders-novembre-2023\/#primaryimage"},"thumbnailUrl":"https:\/\/cetaradell.cat\/ce\/wp-content\/uploads\/2023-10-01-Puig-de-les-Agudes.jpg","datePublished":"2023-10-15T17:02:39+00:00","dateModified":"2023-10-15T17:08:16+00:00","author":{"@id":"https:\/\/cetaradell.cat\/ce\/#\/schema\/person\/92a59f585073071c7be6649e84b22f78"},"breadcrumb":{"@id":"https:\/\/cetaradell.cat\/ce\/sortides-de-senders-novembre-2023\/#breadcrumb"},"inLanguage":"ca","potentialAction":[{"@type":"ReadAction","target":["https:\/\/cetaradell.cat\/ce\/sortides-de-senders-novembre-2023\/"]}]},{"@type":"ImageObject","inLanguage":"ca","@id":"https:\/\/cetaradell.cat\/ce\/sortides-de-senders-novembre-2023\/#primaryimage","url":"https:\/\/cetaradell.cat\/ce\/wp-content\/uploads\/2023-10-01-Puig-de-les-Agudes.jpg","contentUrl":"https:\/\/cetaradell.cat\/ce\/wp-content\/uploads\/2023-10-01-Puig-de-les-Agudes.jpg","width":2016,"height":1512},{"@type":"BreadcrumbList","@id":"https:\/\/cetaradell.cat\/ce\/sortides-de-senders-novembre-2023\/#breadcrumb","itemListElement":[{"@type":"ListItem","position":1,"name":"Inici","item":"https:\/\/cetaradell.cat\/ce\/"},{"@type":"ListItem","position":2,"name":"Sortides de Senders \u2013 Novembre 2023"}]},{"@type":"WebSite","@id":"https:\/\/cetaradell.cat\/ce\/#website","url":"https:\/\/cetaradell.cat\/ce\/","name":"Centre Excursionista Taradell","description":"","potentialAction":[{"@type":"SearchAction","target":{"@type":"EntryPoint","urlTemplate":"https:\/\/cetaradell.cat\/ce\/?s={search_term_string}"},"query-input":{"@type":"PropertyValueSpecification","valueRequired":true,"valueName":"search_term_string"}}],"inLanguage":"ca"},{"@type":"Person","@id":"https:\/\/cetaradell.cat\/ce\/#\/schema\/person\/92a59f585073071c7be6649e84b22f78","name":"CET","image":{"@type":"ImageObject","inLanguage":"ca","@id":"https:\/\/secure.gravatar.com\/avatar\/d6fbe010d42056feccc0f613ed07277a5118442805079269f12dabdc42e1a727?s=96&d=mm&r=g","url":"https:\/\/secure.gravatar.com\/avatar\/d6fbe010d42056feccc0f613ed07277a5118442805079269f12dabdc42e1a727?s=96&d=mm&r=g","contentUrl":"https:\/\/secure.gravatar.com\/avatar\/d6fbe010d42056feccc0f613ed07277a5118442805079269f12dabdc42e1a727?s=96&d=mm&r=g","caption":"CET"},"url":"https:\/\/cetaradell.cat\/ce\/author\/root\/"}]}},"_links":{"self":[{"href":"https:\/\/cetaradell.cat\/ce\/wp-json\/wp\/v2\/posts\/9419","targetHints":{"allow":["GET"]}}],"collection":[{"href":"https:\/\/cetaradell.cat\/ce\/wp-json\/wp\/v2\/posts"}],"about":[{"href":"https:\/\/cetaradell.cat\/ce\/wp-json\/wp\/v2\/types\/post"}],"author":[{"embeddable":true,"href":"https:\/\/cetaradell.cat\/ce\/wp-json\/wp\/v2\/users\/1"}],"replies":[{"embeddable":true,"href":"https:\/\/cetaradell.cat\/ce\/wp-json\/wp\/v2\/comments?post=9419"}],"version-history":[{"count":0,"href":"https:\/\/cetaradell.cat\/ce\/wp-json\/wp\/v2\/posts\/9419\/revisions"}],"wp:featuredmedia":[{"embeddable":true,"href":"https:\/\/cetaradell.cat\/ce\/wp-json\/wp\/v2\/media\/9420"}],"wp:attachment":[{"href":"https:\/\/cetaradell.cat\/ce\/wp-json\/wp\/v2\/media?parent=9419"}],"wp:term":[{"taxonomy":"category","embeddable":true,"href":"https:\/\/cetaradell.cat\/ce\/wp-json\/wp\/v2\/categories?post=9419"},{"taxonomy":"post_tag","embeddable":true,"href":"https:\/\/cetaradell.cat\/ce\/wp-json\/wp\/v2\/tags?post=9419"}],"curies":[{"name":"wp","href":"https:\/\/api.w.org\/{rel}","templated":true}]}}