{"id":9452,"date":"2023-12-17T21:22:08","date_gmt":"2023-12-17T20:22:08","guid":{"rendered":"https:\/\/cetaradell.cat\/ce\/?p=9452"},"modified":"2023-12-17T21:27:39","modified_gmt":"2023-12-17T20:27:39","slug":"cavada-a-matagalls-2023","status":"publish","type":"post","link":"https:\/\/cetaradell.cat\/ce\/cavada-a-matagalls-2023\/","title":{"rendered":"Cavada a Matagalls &#8211; 2023"},"content":{"rendered":"<p><a href=\"https:\/\/cetaradell.cat\/ce\/cavada-a-matagalls-2022\/matagalls\/\" target=\"_blank\" rel=\"attachment noopener wp-att-9279\"><img decoding=\"async\" class=\"alignleft wp-image-9279 size-medium\" src=\"https:\/\/cetaradell.cat\/ce\/wp-content\/uploads\/Matagalls-150x300.jpg\" alt=\"\" width=\"150\" height=\"300\" srcset=\"https:\/\/cetaradell.cat\/ce\/wp-content\/uploads\/Matagalls-150x300.jpg 150w, https:\/\/cetaradell.cat\/ce\/wp-content\/uploads\/Matagalls-200x400.jpg 200w, https:\/\/cetaradell.cat\/ce\/wp-content\/uploads\/Matagalls-400x799.jpg 400w, https:\/\/cetaradell.cat\/ce\/wp-content\/uploads\/Matagalls-500x999.jpg 500w, https:\/\/cetaradell.cat\/ce\/wp-content\/uploads\/Matagalls-512x1024.jpg 512w, https:\/\/cetaradell.cat\/ce\/wp-content\/uploads\/Matagalls-600x1199.jpg 600w, https:\/\/cetaradell.cat\/ce\/wp-content\/uploads\/Matagalls.jpg 651w\" sizes=\"(max-width: 150px) 100vw, 150px\" \/><\/a>Ha arribat el desembre que \u00e9s un mes de moltes tradicions i com sempre no hi pot faltar la tradicional <strong>Cavada a Matagalls.<\/strong><\/p>\n<p>Com \u00e9s tradici\u00f3, cal que la <strong>copa<\/strong> per veure el cava sigui <strong>de vidre<\/strong>.<\/p>\n<h4 class=\"fusion-responsive-typography-calculated\" data-fontsize=\"20\" data-lineheight=\"22px\"><strong>Dades t\u00e8cniques de la cavada<\/strong><\/h4>\n<p><strong>Dia:<\/strong> dilluns, 25 de desembre de 2023<br \/>\n<strong>Hora de sortida:<\/strong> a 2\/4 de 10 del vespre del local social del CET<br \/>\n<strong>Transport:<\/strong> cotxes particulars<\/p>\n<p>&nbsp;<\/p>\n<p>&nbsp;<\/p>\n<p><strong>Normes importants:<\/strong><\/p>\n<p>\u2013 Portar cava (autoconsum) i copa de vidre.<br \/>\n\u2013 Portar alguna cosa per menjar, tamb\u00e9 per autoconsum.<br \/>\n\u2013 Anar degudament abrigats (segurament far\u00e0 fred\u2026som a l\u2019hivern ) i portar un llum frontal o una llanterna.<br \/>\n\u2013 Ganes de cantar nadales, explicar acudits i passar-s\u2019ho b\u00e9.<br \/>\n\u2013 Tothom ha de ser responsable d\u2019ell mateix. Els menors han d\u2019anar acompanyats dels pares o familiars.<\/p>\n","protected":false},"excerpt":{"rendered":"<p>Ha arribat el desembre que \u00e9s un mes de moltes tradicions i com sempre no hi pot faltar la tradicional Cavada a Matagalls. Com \u00e9s tradici\u00f3, cal que la copa per veure el cava sigui de vidre. Dades t\u00e8cniques de la cavada Dia: dilluns, 25 de desembre de 2023 Hora  [&#8230;]<\/p>\n","protected":false},"author":1,"featured_media":9279,"comment_status":"closed","ping_status":"closed","sticky":false,"template":"","format":"standard","meta":{"footnotes":""},"categories":[4,7],"tags":[],"class_list":["post-9452","post","type-post","status-publish","format-standard","has-post-thumbnail","hentry","category-activitats","category-muntanya"],"yoast_head":"<!-- This site is optimized with the Yoast SEO plugin v27.4 - https:\/\/yoast.com\/product\/yoast-seo-wordpress\/ -->\n<title>Cavada a Matagalls - 2023 - Centre Excursionista Taradell<\/title>\n<meta name=\"robots\" content=\"index, follow, max-snippet:-1, max-image-preview:large, max-video-preview:-1\" \/>\n<link rel=\"canonical\" href=\"https:\/\/cetaradell.cat\/ce\/cavada-a-matagalls-2023\/\" \/>\n<meta property=\"og:locale\" content=\"ca_ES\" \/>\n<meta property=\"og:type\" content=\"article\" \/>\n<meta property=\"og:title\" content=\"Cavada a Matagalls - 2023 - Centre Excursionista Taradell\" \/>\n<meta property=\"og:description\" content=\"Ha arribat el desembre que \u00e9s un mes de moltes tradicions i com sempre no hi pot faltar la tradicional Cavada a Matagalls. Com \u00e9s tradici\u00f3, cal que la copa per veure el cava sigui de vidre. Dades t\u00e8cniques de la cavada Dia: dilluns, 25 de desembre de 2023 Hora [...]\" \/>\n<meta property=\"og:url\" content=\"https:\/\/cetaradell.cat\/ce\/cavada-a-matagalls-2023\/\" \/>\n<meta property=\"og:site_name\" content=\"Centre Excursionista Taradell\" \/>\n<meta property=\"article:publisher\" content=\"https:\/\/www.facebook.com\/CETaradell\/\" \/>\n<meta property=\"article:published_time\" content=\"2023-12-17T20:22:08+00:00\" \/>\n<meta property=\"article:modified_time\" content=\"2023-12-17T20:27:39+00:00\" \/>\n<meta property=\"og:image\" content=\"https:\/\/cetaradell.cat\/ce\/wp-content\/uploads\/Matagalls.jpg\" \/>\n\t<meta property=\"og:image:width\" content=\"651\" \/>\n\t<meta property=\"og:image:height\" content=\"1301\" \/>\n\t<meta property=\"og:image:type\" content=\"image\/jpeg\" \/>\n<meta name=\"author\" content=\"CET\" \/>\n<meta name=\"twitter:card\" content=\"summary_large_image\" \/>\n<meta name=\"twitter:label1\" content=\"Escrit per\" \/>\n\t<meta name=\"twitter:data1\" content=\"CET\" \/>\n\t<meta name=\"twitter:label2\" content=\"Temps estimat de lectura\" \/>\n\t<meta name=\"twitter:data2\" content=\"2 minuts\" \/>\n<script type=\"application\/ld+json\" class=\"yoast-schema-graph\">{\"@context\":\"https:\\\/\\\/schema.org\",\"@graph\":[{\"@type\":\"Article\",\"@id\":\"https:\\\/\\\/cetaradell.cat\\\/ce\\\/cavada-a-matagalls-2023\\\/#article\",\"isPartOf\":{\"@id\":\"https:\\\/\\\/cetaradell.cat\\\/ce\\\/cavada-a-matagalls-2023\\\/\"},\"author\":{\"name\":\"CET\",\"@id\":\"https:\\\/\\\/cetaradell.cat\\\/ce\\\/#\\\/schema\\\/person\\\/92a59f585073071c7be6649e84b22f78\"},\"headline\":\"Cavada a Matagalls &#8211; 2023\",\"datePublished\":\"2023-12-17T20:22:08+00:00\",\"dateModified\":\"2023-12-17T20:27:39+00:00\",\"mainEntityOfPage\":{\"@id\":\"https:\\\/\\\/cetaradell.cat\\\/ce\\\/cavada-a-matagalls-2023\\\/\"},\"wordCount\":132,\"image\":{\"@id\":\"https:\\\/\\\/cetaradell.cat\\\/ce\\\/cavada-a-matagalls-2023\\\/#primaryimage\"},\"thumbnailUrl\":\"https:\\\/\\\/cetaradell.cat\\\/ce\\\/wp-content\\\/uploads\\\/Matagalls.jpg\",\"articleSection\":[\"Activitats\",\"Muntanya\"],\"inLanguage\":\"ca\"},{\"@type\":\"WebPage\",\"@id\":\"https:\\\/\\\/cetaradell.cat\\\/ce\\\/cavada-a-matagalls-2023\\\/\",\"url\":\"https:\\\/\\\/cetaradell.cat\\\/ce\\\/cavada-a-matagalls-2023\\\/\",\"name\":\"Cavada a Matagalls - 2023 - Centre Excursionista Taradell\",\"isPartOf\":{\"@id\":\"https:\\\/\\\/cetaradell.cat\\\/ce\\\/#website\"},\"primaryImageOfPage\":{\"@id\":\"https:\\\/\\\/cetaradell.cat\\\/ce\\\/cavada-a-matagalls-2023\\\/#primaryimage\"},\"image\":{\"@id\":\"https:\\\/\\\/cetaradell.cat\\\/ce\\\/cavada-a-matagalls-2023\\\/#primaryimage\"},\"thumbnailUrl\":\"https:\\\/\\\/cetaradell.cat\\\/ce\\\/wp-content\\\/uploads\\\/Matagalls.jpg\",\"datePublished\":\"2023-12-17T20:22:08+00:00\",\"dateModified\":\"2023-12-17T20:27:39+00:00\",\"author\":{\"@id\":\"https:\\\/\\\/cetaradell.cat\\\/ce\\\/#\\\/schema\\\/person\\\/92a59f585073071c7be6649e84b22f78\"},\"breadcrumb\":{\"@id\":\"https:\\\/\\\/cetaradell.cat\\\/ce\\\/cavada-a-matagalls-2023\\\/#breadcrumb\"},\"inLanguage\":\"ca\",\"potentialAction\":[{\"@type\":\"ReadAction\",\"target\":[\"https:\\\/\\\/cetaradell.cat\\\/ce\\\/cavada-a-matagalls-2023\\\/\"]}]},{\"@type\":\"ImageObject\",\"inLanguage\":\"ca\",\"@id\":\"https:\\\/\\\/cetaradell.cat\\\/ce\\\/cavada-a-matagalls-2023\\\/#primaryimage\",\"url\":\"https:\\\/\\\/cetaradell.cat\\\/ce\\\/wp-content\\\/uploads\\\/Matagalls.jpg\",\"contentUrl\":\"https:\\\/\\\/cetaradell.cat\\\/ce\\\/wp-content\\\/uploads\\\/Matagalls.jpg\",\"width\":651,\"height\":1301},{\"@type\":\"BreadcrumbList\",\"@id\":\"https:\\\/\\\/cetaradell.cat\\\/ce\\\/cavada-a-matagalls-2023\\\/#breadcrumb\",\"itemListElement\":[{\"@type\":\"ListItem\",\"position\":1,\"name\":\"Inici\",\"item\":\"https:\\\/\\\/cetaradell.cat\\\/ce\\\/\"},{\"@type\":\"ListItem\",\"position\":2,\"name\":\"Cavada a Matagalls &#8211; 2023\"}]},{\"@type\":\"WebSite\",\"@id\":\"https:\\\/\\\/cetaradell.cat\\\/ce\\\/#website\",\"url\":\"https:\\\/\\\/cetaradell.cat\\\/ce\\\/\",\"name\":\"Centre Excursionista Taradell\",\"description\":\"\",\"potentialAction\":[{\"@type\":\"SearchAction\",\"target\":{\"@type\":\"EntryPoint\",\"urlTemplate\":\"https:\\\/\\\/cetaradell.cat\\\/ce\\\/?s={search_term_string}\"},\"query-input\":{\"@type\":\"PropertyValueSpecification\",\"valueRequired\":true,\"valueName\":\"search_term_string\"}}],\"inLanguage\":\"ca\"},{\"@type\":\"Person\",\"@id\":\"https:\\\/\\\/cetaradell.cat\\\/ce\\\/#\\\/schema\\\/person\\\/92a59f585073071c7be6649e84b22f78\",\"name\":\"CET\",\"image\":{\"@type\":\"ImageObject\",\"inLanguage\":\"ca\",\"@id\":\"https:\\\/\\\/secure.gravatar.com\\\/avatar\\\/d6fbe010d42056feccc0f613ed07277a5118442805079269f12dabdc42e1a727?s=96&d=mm&r=g\",\"url\":\"https:\\\/\\\/secure.gravatar.com\\\/avatar\\\/d6fbe010d42056feccc0f613ed07277a5118442805079269f12dabdc42e1a727?s=96&d=mm&r=g\",\"contentUrl\":\"https:\\\/\\\/secure.gravatar.com\\\/avatar\\\/d6fbe010d42056feccc0f613ed07277a5118442805079269f12dabdc42e1a727?s=96&d=mm&r=g\",\"caption\":\"CET\"},\"url\":\"https:\\\/\\\/cetaradell.cat\\\/ce\\\/author\\\/root\\\/\"}]}<\/script>\n<!-- \/ Yoast SEO plugin. -->","yoast_head_json":{"title":"Cavada a Matagalls - 2023 - Centre Excursionista Taradell","robots":{"index":"index","follow":"follow","max-snippet":"max-snippet:-1","max-image-preview":"max-image-preview:large","max-video-preview":"max-video-preview:-1"},"canonical":"https:\/\/cetaradell.cat\/ce\/cavada-a-matagalls-2023\/","og_locale":"ca_ES","og_type":"article","og_title":"Cavada a Matagalls - 2023 - Centre Excursionista Taradell","og_description":"Ha arribat el desembre que \u00e9s un mes de moltes tradicions i com sempre no hi pot faltar la tradicional Cavada a Matagalls. Com \u00e9s tradici\u00f3, cal que la copa per veure el cava sigui de vidre. Dades t\u00e8cniques de la cavada Dia: dilluns, 25 de desembre de 2023 Hora [...]","og_url":"https:\/\/cetaradell.cat\/ce\/cavada-a-matagalls-2023\/","og_site_name":"Centre Excursionista Taradell","article_publisher":"https:\/\/www.facebook.com\/CETaradell\/","article_published_time":"2023-12-17T20:22:08+00:00","article_modified_time":"2023-12-17T20:27:39+00:00","og_image":[{"width":651,"height":1301,"url":"https:\/\/cetaradell.cat\/ce\/wp-content\/uploads\/Matagalls.jpg","type":"image\/jpeg"}],"author":"CET","twitter_card":"summary_large_image","twitter_misc":{"Escrit per":"CET","Temps estimat de lectura":"2 minuts"},"schema":{"@context":"https:\/\/schema.org","@graph":[{"@type":"Article","@id":"https:\/\/cetaradell.cat\/ce\/cavada-a-matagalls-2023\/#article","isPartOf":{"@id":"https:\/\/cetaradell.cat\/ce\/cavada-a-matagalls-2023\/"},"author":{"name":"CET","@id":"https:\/\/cetaradell.cat\/ce\/#\/schema\/person\/92a59f585073071c7be6649e84b22f78"},"headline":"Cavada a Matagalls &#8211; 2023","datePublished":"2023-12-17T20:22:08+00:00","dateModified":"2023-12-17T20:27:39+00:00","mainEntityOfPage":{"@id":"https:\/\/cetaradell.cat\/ce\/cavada-a-matagalls-2023\/"},"wordCount":132,"image":{"@id":"https:\/\/cetaradell.cat\/ce\/cavada-a-matagalls-2023\/#primaryimage"},"thumbnailUrl":"https:\/\/cetaradell.cat\/ce\/wp-content\/uploads\/Matagalls.jpg","articleSection":["Activitats","Muntanya"],"inLanguage":"ca"},{"@type":"WebPage","@id":"https:\/\/cetaradell.cat\/ce\/cavada-a-matagalls-2023\/","url":"https:\/\/cetaradell.cat\/ce\/cavada-a-matagalls-2023\/","name":"Cavada a Matagalls - 2023 - Centre Excursionista Taradell","isPartOf":{"@id":"https:\/\/cetaradell.cat\/ce\/#website"},"primaryImageOfPage":{"@id":"https:\/\/cetaradell.cat\/ce\/cavada-a-matagalls-2023\/#primaryimage"},"image":{"@id":"https:\/\/cetaradell.cat\/ce\/cavada-a-matagalls-2023\/#primaryimage"},"thumbnailUrl":"https:\/\/cetaradell.cat\/ce\/wp-content\/uploads\/Matagalls.jpg","datePublished":"2023-12-17T20:22:08+00:00","dateModified":"2023-12-17T20:27:39+00:00","author":{"@id":"https:\/\/cetaradell.cat\/ce\/#\/schema\/person\/92a59f585073071c7be6649e84b22f78"},"breadcrumb":{"@id":"https:\/\/cetaradell.cat\/ce\/cavada-a-matagalls-2023\/#breadcrumb"},"inLanguage":"ca","potentialAction":[{"@type":"ReadAction","target":["https:\/\/cetaradell.cat\/ce\/cavada-a-matagalls-2023\/"]}]},{"@type":"ImageObject","inLanguage":"ca","@id":"https:\/\/cetaradell.cat\/ce\/cavada-a-matagalls-2023\/#primaryimage","url":"https:\/\/cetaradell.cat\/ce\/wp-content\/uploads\/Matagalls.jpg","contentUrl":"https:\/\/cetaradell.cat\/ce\/wp-content\/uploads\/Matagalls.jpg","width":651,"height":1301},{"@type":"BreadcrumbList","@id":"https:\/\/cetaradell.cat\/ce\/cavada-a-matagalls-2023\/#breadcrumb","itemListElement":[{"@type":"ListItem","position":1,"name":"Inici","item":"https:\/\/cetaradell.cat\/ce\/"},{"@type":"ListItem","position":2,"name":"Cavada a Matagalls &#8211; 2023"}]},{"@type":"WebSite","@id":"https:\/\/cetaradell.cat\/ce\/#website","url":"https:\/\/cetaradell.cat\/ce\/","name":"Centre Excursionista Taradell","description":"","potentialAction":[{"@type":"SearchAction","target":{"@type":"EntryPoint","urlTemplate":"https:\/\/cetaradell.cat\/ce\/?s={search_term_string}"},"query-input":{"@type":"PropertyValueSpecification","valueRequired":true,"valueName":"search_term_string"}}],"inLanguage":"ca"},{"@type":"Person","@id":"https:\/\/cetaradell.cat\/ce\/#\/schema\/person\/92a59f585073071c7be6649e84b22f78","name":"CET","image":{"@type":"ImageObject","inLanguage":"ca","@id":"https:\/\/secure.gravatar.com\/avatar\/d6fbe010d42056feccc0f613ed07277a5118442805079269f12dabdc42e1a727?s=96&d=mm&r=g","url":"https:\/\/secure.gravatar.com\/avatar\/d6fbe010d42056feccc0f613ed07277a5118442805079269f12dabdc42e1a727?s=96&d=mm&r=g","contentUrl":"https:\/\/secure.gravatar.com\/avatar\/d6fbe010d42056feccc0f613ed07277a5118442805079269f12dabdc42e1a727?s=96&d=mm&r=g","caption":"CET"},"url":"https:\/\/cetaradell.cat\/ce\/author\/root\/"}]}},"_links":{"self":[{"href":"https:\/\/cetaradell.cat\/ce\/wp-json\/wp\/v2\/posts\/9452","targetHints":{"allow":["GET"]}}],"collection":[{"href":"https:\/\/cetaradell.cat\/ce\/wp-json\/wp\/v2\/posts"}],"about":[{"href":"https:\/\/cetaradell.cat\/ce\/wp-json\/wp\/v2\/types\/post"}],"author":[{"embeddable":true,"href":"https:\/\/cetaradell.cat\/ce\/wp-json\/wp\/v2\/users\/1"}],"replies":[{"embeddable":true,"href":"https:\/\/cetaradell.cat\/ce\/wp-json\/wp\/v2\/comments?post=9452"}],"version-history":[{"count":0,"href":"https:\/\/cetaradell.cat\/ce\/wp-json\/wp\/v2\/posts\/9452\/revisions"}],"wp:featuredmedia":[{"embeddable":true,"href":"https:\/\/cetaradell.cat\/ce\/wp-json\/wp\/v2\/media\/9279"}],"wp:attachment":[{"href":"https:\/\/cetaradell.cat\/ce\/wp-json\/wp\/v2\/media?parent=9452"}],"wp:term":[{"taxonomy":"category","embeddable":true,"href":"https:\/\/cetaradell.cat\/ce\/wp-json\/wp\/v2\/categories?post=9452"},{"taxonomy":"post_tag","embeddable":true,"href":"https:\/\/cetaradell.cat\/ce\/wp-json\/wp\/v2\/tags?post=9452"}],"curies":[{"name":"wp","href":"https:\/\/api.w.org\/{rel}","templated":true}]}}