{"id":9456,"date":"2023-12-21T23:22:12","date_gmt":"2023-12-21T22:22:12","guid":{"rendered":"https:\/\/cetaradell.cat\/ce\/?p=9456"},"modified":"2023-12-27T23:13:11","modified_gmt":"2023-12-27T22:13:11","slug":"14a-cursa-de-sant-silvestre-2023","status":"publish","type":"post","link":"https:\/\/cetaradell.cat\/ce\/14a-cursa-de-sant-silvestre-2023\/","title":{"rendered":"14a Cursa de Sant Silvestre \u2013 2023"},"content":{"rendered":"<p><strong><a href=\"https:\/\/cetaradell.cat\/ce\/14a-cursa-de-sant-silvestre-2023\/2023-14_sant_silvestre-2\/\" target=\"_blank\" rel=\"attachment noopener wp-att-9457\"><img decoding=\"async\" class=\"alignleft wp-image-9460 size-medium\" src=\"https:\/\/cetaradell.cat\/ce\/wp-content\/uploads\/2023-14_Sant_Silvestre-200x300.jpeg\" alt=\"\" width=\"200\" height=\"300\" srcset=\"https:\/\/cetaradell.cat\/ce\/wp-content\/uploads\/2023-14_Sant_Silvestre-200x300.jpeg 200w, https:\/\/cetaradell.cat\/ce\/wp-content\/uploads\/2023-14_Sant_Silvestre-400x600.jpeg 400w, https:\/\/cetaradell.cat\/ce\/wp-content\/uploads\/2023-14_Sant_Silvestre-500x750.jpeg 500w, https:\/\/cetaradell.cat\/ce\/wp-content\/uploads\/2023-14_Sant_Silvestre-600x900.jpeg 600w, https:\/\/cetaradell.cat\/ce\/wp-content\/uploads\/2023-14_Sant_Silvestre-683x1024.jpeg 683w, https:\/\/cetaradell.cat\/ce\/wp-content\/uploads\/2023-14_Sant_Silvestre-700x1050.jpeg 700w, https:\/\/cetaradell.cat\/ce\/wp-content\/uploads\/2023-14_Sant_Silvestre-768x1152.jpeg 768w, https:\/\/cetaradell.cat\/ce\/wp-content\/uploads\/2023-14_Sant_Silvestre.jpeg 800w\" sizes=\"(max-width: 200px) 100vw, 200px\" \/><\/a>Dia: <\/strong>diumenge, 31 de desembre de 2023<\/p>\n<p><strong>Lloc de sortida:<\/strong> pla\u00e7a de les Eres, de Taradell<strong><br \/>\n<\/strong><\/p>\n<p><strong>Inscripcions:<\/strong> el mateix dia de la cursa a la mateixa pla\u00e7a de les Eres, a partir de les 3 de la tarda.<\/p>\n<p><strong>Menors:<\/strong> Edat m\u00ednima de participaci\u00f3: 12 anys. Els pares o tutors hauran d\u2019omplir l\u2019autoritzaci\u00f3 que trobaran a la taula d\u2019inscripcions i que si volen guanyar temps podran <strong><em><a href=\"https:\/\/cetaradell.cat\/ce\/wp-content\/uploads\/Sant_silvestre-menors.pdf\" target=\"_blank\" rel=\"noopener noreferrer\">descarregar-se aqu\u00ed (\u2192)<\/a><\/em><\/strong> i portar degudament omplerta al fer la inscripci\u00f3.<\/p>\n<p><strong>Preu de les inscripcions: 4<\/strong> euros, federats FEEC \u2013 6 euros, no federats FEEC (inclou asseguran\u00e7a de la cursa)<\/p>\n<p><strong>Hora de sortida:<\/strong> a les 4 de la tarda, a la pla\u00e7a de les Eres, de Taradell.<\/p>\n<p><strong>Recorregut:<\/strong> 8 km aproximadament \u2013 <strong>Temps m\u00e0xim:<\/strong> 1 hora 45 minuts (Tancament de la cursa: 3\/4 de 6 de la tarda). <strong>Temps m\u00e0xim de pas per la Collada:<\/strong> les 5 de la tarda.<\/p>\n<p><strong>Itinerari:<\/strong> pla\u00e7a de les Eres, el Vapor, travessar la carretera de Viladrau, la Codina, la Rompuda, s\u2019enlla\u00e7a amb el PR-C42 fins a l\u2019Enclusa (punt m\u00e9s alt de Taradell); el descens es far\u00e0 per la Collada, Mansa, Can Mascarell, la Tomba i l\u2019arribada a la pla\u00e7a de les Eres, on hi haur\u00e0 coca i begudes per a tots els participants.<\/p>\n<p>Us podeu descarregar el <strong><a href=\"https:\/\/ca.wikiloc.com\/rutes-cursa-de-muntanya\/sant-silvestre-taradell-156662434\" target=\"_blank\" rel=\"noopener\">TRACK\u00a0 DEL\u00a0 RECORREGUT en aquest enlla\u00e7 (\u2192)<\/a><\/strong><\/p>\n<p><strong>Normes:<\/strong> cal que tots els participants aneu<strong> disfressats<\/strong>; porteu ben guarnit el cap o qualsevol altra part visible del cos, amb objectes com perruca, bigoti, barret, etc.<\/p>\n<p><strong>Premis:<\/strong> \u00e9s una cursa no competitiva, no compta el temps, per\u00f2 es premiaran els guarniment o disfresses m\u00e9s originals.<\/p>\n","protected":false},"excerpt":{"rendered":"<p>Dia: diumenge, 31 de desembre de 2023 Lloc de sortida: pla\u00e7a de les Eres, de Taradell Inscripcions: el mateix dia de la cursa a la mateixa pla\u00e7a de les Eres, a partir de les 3 de la tarda. Menors: Edat m\u00ednima de participaci\u00f3: 12 anys. Els pares o tutors hauran  [&#8230;]<\/p>\n","protected":false},"author":1,"featured_media":9460,"comment_status":"closed","ping_status":"closed","sticky":false,"template":"","format":"standard","meta":{"footnotes":""},"categories":[4,8],"tags":[],"class_list":["post-9456","post","type-post","status-publish","format-standard","has-post-thumbnail","hentry","category-activitats","category-curses"],"yoast_head":"<!-- This site is optimized with the Yoast SEO plugin v27.4 - https:\/\/yoast.com\/product\/yoast-seo-wordpress\/ -->\n<title>14a Cursa de Sant Silvestre \u2013 2023 - Centre Excursionista Taradell<\/title>\n<meta name=\"robots\" content=\"index, follow, max-snippet:-1, max-image-preview:large, max-video-preview:-1\" \/>\n<link rel=\"canonical\" href=\"https:\/\/cetaradell.cat\/ce\/14a-cursa-de-sant-silvestre-2023\/\" \/>\n<meta property=\"og:locale\" content=\"ca_ES\" \/>\n<meta property=\"og:type\" content=\"article\" \/>\n<meta property=\"og:title\" content=\"14a Cursa de Sant Silvestre \u2013 2023 - Centre Excursionista Taradell\" \/>\n<meta property=\"og:description\" content=\"Dia: diumenge, 31 de desembre de 2023 Lloc de sortida: pla\u00e7a de les Eres, de Taradell Inscripcions: el mateix dia de la cursa a la mateixa pla\u00e7a de les Eres, a partir de les 3 de la tarda. Menors: Edat m\u00ednima de participaci\u00f3: 12 anys. Els pares o tutors hauran [...]\" \/>\n<meta property=\"og:url\" content=\"https:\/\/cetaradell.cat\/ce\/14a-cursa-de-sant-silvestre-2023\/\" \/>\n<meta property=\"og:site_name\" content=\"Centre Excursionista Taradell\" \/>\n<meta property=\"article:publisher\" content=\"https:\/\/www.facebook.com\/CETaradell\/\" \/>\n<meta property=\"article:published_time\" content=\"2023-12-21T22:22:12+00:00\" \/>\n<meta property=\"article:modified_time\" content=\"2023-12-27T22:13:11+00:00\" \/>\n<meta property=\"og:image\" content=\"https:\/\/cetaradell.cat\/ce\/wp-content\/uploads\/2023-14_Sant_Silvestre.jpeg\" \/>\n\t<meta property=\"og:image:width\" content=\"800\" \/>\n\t<meta property=\"og:image:height\" content=\"1200\" \/>\n\t<meta property=\"og:image:type\" content=\"image\/jpeg\" \/>\n<meta name=\"author\" content=\"CET\" \/>\n<meta name=\"twitter:card\" content=\"summary_large_image\" \/>\n<meta name=\"twitter:label1\" content=\"Escrit per\" \/>\n\t<meta name=\"twitter:data1\" content=\"CET\" \/>\n\t<meta name=\"twitter:label2\" content=\"Temps estimat de lectura\" \/>\n\t<meta name=\"twitter:data2\" content=\"2 minuts\" \/>\n<script type=\"application\/ld+json\" class=\"yoast-schema-graph\">{\"@context\":\"https:\\\/\\\/schema.org\",\"@graph\":[{\"@type\":\"Article\",\"@id\":\"https:\\\/\\\/cetaradell.cat\\\/ce\\\/14a-cursa-de-sant-silvestre-2023\\\/#article\",\"isPartOf\":{\"@id\":\"https:\\\/\\\/cetaradell.cat\\\/ce\\\/14a-cursa-de-sant-silvestre-2023\\\/\"},\"author\":{\"name\":\"CET\",\"@id\":\"https:\\\/\\\/cetaradell.cat\\\/ce\\\/#\\\/schema\\\/person\\\/92a59f585073071c7be6649e84b22f78\"},\"headline\":\"14a Cursa de Sant Silvestre \u2013 2023\",\"datePublished\":\"2023-12-21T22:22:12+00:00\",\"dateModified\":\"2023-12-27T22:13:11+00:00\",\"mainEntityOfPage\":{\"@id\":\"https:\\\/\\\/cetaradell.cat\\\/ce\\\/14a-cursa-de-sant-silvestre-2023\\\/\"},\"wordCount\":267,\"image\":{\"@id\":\"https:\\\/\\\/cetaradell.cat\\\/ce\\\/14a-cursa-de-sant-silvestre-2023\\\/#primaryimage\"},\"thumbnailUrl\":\"https:\\\/\\\/cetaradell.cat\\\/ce\\\/wp-content\\\/uploads\\\/2023-14_Sant_Silvestre.jpeg\",\"articleSection\":[\"Activitats\",\"Curses\"],\"inLanguage\":\"ca\"},{\"@type\":\"WebPage\",\"@id\":\"https:\\\/\\\/cetaradell.cat\\\/ce\\\/14a-cursa-de-sant-silvestre-2023\\\/\",\"url\":\"https:\\\/\\\/cetaradell.cat\\\/ce\\\/14a-cursa-de-sant-silvestre-2023\\\/\",\"name\":\"14a Cursa de Sant Silvestre \u2013 2023 - Centre Excursionista Taradell\",\"isPartOf\":{\"@id\":\"https:\\\/\\\/cetaradell.cat\\\/ce\\\/#website\"},\"primaryImageOfPage\":{\"@id\":\"https:\\\/\\\/cetaradell.cat\\\/ce\\\/14a-cursa-de-sant-silvestre-2023\\\/#primaryimage\"},\"image\":{\"@id\":\"https:\\\/\\\/cetaradell.cat\\\/ce\\\/14a-cursa-de-sant-silvestre-2023\\\/#primaryimage\"},\"thumbnailUrl\":\"https:\\\/\\\/cetaradell.cat\\\/ce\\\/wp-content\\\/uploads\\\/2023-14_Sant_Silvestre.jpeg\",\"datePublished\":\"2023-12-21T22:22:12+00:00\",\"dateModified\":\"2023-12-27T22:13:11+00:00\",\"author\":{\"@id\":\"https:\\\/\\\/cetaradell.cat\\\/ce\\\/#\\\/schema\\\/person\\\/92a59f585073071c7be6649e84b22f78\"},\"breadcrumb\":{\"@id\":\"https:\\\/\\\/cetaradell.cat\\\/ce\\\/14a-cursa-de-sant-silvestre-2023\\\/#breadcrumb\"},\"inLanguage\":\"ca\",\"potentialAction\":[{\"@type\":\"ReadAction\",\"target\":[\"https:\\\/\\\/cetaradell.cat\\\/ce\\\/14a-cursa-de-sant-silvestre-2023\\\/\"]}]},{\"@type\":\"ImageObject\",\"inLanguage\":\"ca\",\"@id\":\"https:\\\/\\\/cetaradell.cat\\\/ce\\\/14a-cursa-de-sant-silvestre-2023\\\/#primaryimage\",\"url\":\"https:\\\/\\\/cetaradell.cat\\\/ce\\\/wp-content\\\/uploads\\\/2023-14_Sant_Silvestre.jpeg\",\"contentUrl\":\"https:\\\/\\\/cetaradell.cat\\\/ce\\\/wp-content\\\/uploads\\\/2023-14_Sant_Silvestre.jpeg\",\"width\":800,\"height\":1200},{\"@type\":\"BreadcrumbList\",\"@id\":\"https:\\\/\\\/cetaradell.cat\\\/ce\\\/14a-cursa-de-sant-silvestre-2023\\\/#breadcrumb\",\"itemListElement\":[{\"@type\":\"ListItem\",\"position\":1,\"name\":\"Inici\",\"item\":\"https:\\\/\\\/cetaradell.cat\\\/ce\\\/\"},{\"@type\":\"ListItem\",\"position\":2,\"name\":\"14a Cursa de Sant Silvestre \u2013 2023\"}]},{\"@type\":\"WebSite\",\"@id\":\"https:\\\/\\\/cetaradell.cat\\\/ce\\\/#website\",\"url\":\"https:\\\/\\\/cetaradell.cat\\\/ce\\\/\",\"name\":\"Centre Excursionista Taradell\",\"description\":\"\",\"potentialAction\":[{\"@type\":\"SearchAction\",\"target\":{\"@type\":\"EntryPoint\",\"urlTemplate\":\"https:\\\/\\\/cetaradell.cat\\\/ce\\\/?s={search_term_string}\"},\"query-input\":{\"@type\":\"PropertyValueSpecification\",\"valueRequired\":true,\"valueName\":\"search_term_string\"}}],\"inLanguage\":\"ca\"},{\"@type\":\"Person\",\"@id\":\"https:\\\/\\\/cetaradell.cat\\\/ce\\\/#\\\/schema\\\/person\\\/92a59f585073071c7be6649e84b22f78\",\"name\":\"CET\",\"image\":{\"@type\":\"ImageObject\",\"inLanguage\":\"ca\",\"@id\":\"https:\\\/\\\/secure.gravatar.com\\\/avatar\\\/d6fbe010d42056feccc0f613ed07277a5118442805079269f12dabdc42e1a727?s=96&d=mm&r=g\",\"url\":\"https:\\\/\\\/secure.gravatar.com\\\/avatar\\\/d6fbe010d42056feccc0f613ed07277a5118442805079269f12dabdc42e1a727?s=96&d=mm&r=g\",\"contentUrl\":\"https:\\\/\\\/secure.gravatar.com\\\/avatar\\\/d6fbe010d42056feccc0f613ed07277a5118442805079269f12dabdc42e1a727?s=96&d=mm&r=g\",\"caption\":\"CET\"},\"url\":\"https:\\\/\\\/cetaradell.cat\\\/ce\\\/author\\\/root\\\/\"}]}<\/script>\n<!-- \/ Yoast SEO plugin. -->","yoast_head_json":{"title":"14a Cursa de Sant Silvestre \u2013 2023 - Centre Excursionista Taradell","robots":{"index":"index","follow":"follow","max-snippet":"max-snippet:-1","max-image-preview":"max-image-preview:large","max-video-preview":"max-video-preview:-1"},"canonical":"https:\/\/cetaradell.cat\/ce\/14a-cursa-de-sant-silvestre-2023\/","og_locale":"ca_ES","og_type":"article","og_title":"14a Cursa de Sant Silvestre \u2013 2023 - Centre Excursionista Taradell","og_description":"Dia: diumenge, 31 de desembre de 2023 Lloc de sortida: pla\u00e7a de les Eres, de Taradell Inscripcions: el mateix dia de la cursa a la mateixa pla\u00e7a de les Eres, a partir de les 3 de la tarda. Menors: Edat m\u00ednima de participaci\u00f3: 12 anys. Els pares o tutors hauran [...]","og_url":"https:\/\/cetaradell.cat\/ce\/14a-cursa-de-sant-silvestre-2023\/","og_site_name":"Centre Excursionista Taradell","article_publisher":"https:\/\/www.facebook.com\/CETaradell\/","article_published_time":"2023-12-21T22:22:12+00:00","article_modified_time":"2023-12-27T22:13:11+00:00","og_image":[{"width":800,"height":1200,"url":"https:\/\/cetaradell.cat\/ce\/wp-content\/uploads\/2023-14_Sant_Silvestre.jpeg","type":"image\/jpeg"}],"author":"CET","twitter_card":"summary_large_image","twitter_misc":{"Escrit per":"CET","Temps estimat de lectura":"2 minuts"},"schema":{"@context":"https:\/\/schema.org","@graph":[{"@type":"Article","@id":"https:\/\/cetaradell.cat\/ce\/14a-cursa-de-sant-silvestre-2023\/#article","isPartOf":{"@id":"https:\/\/cetaradell.cat\/ce\/14a-cursa-de-sant-silvestre-2023\/"},"author":{"name":"CET","@id":"https:\/\/cetaradell.cat\/ce\/#\/schema\/person\/92a59f585073071c7be6649e84b22f78"},"headline":"14a Cursa de Sant Silvestre \u2013 2023","datePublished":"2023-12-21T22:22:12+00:00","dateModified":"2023-12-27T22:13:11+00:00","mainEntityOfPage":{"@id":"https:\/\/cetaradell.cat\/ce\/14a-cursa-de-sant-silvestre-2023\/"},"wordCount":267,"image":{"@id":"https:\/\/cetaradell.cat\/ce\/14a-cursa-de-sant-silvestre-2023\/#primaryimage"},"thumbnailUrl":"https:\/\/cetaradell.cat\/ce\/wp-content\/uploads\/2023-14_Sant_Silvestre.jpeg","articleSection":["Activitats","Curses"],"inLanguage":"ca"},{"@type":"WebPage","@id":"https:\/\/cetaradell.cat\/ce\/14a-cursa-de-sant-silvestre-2023\/","url":"https:\/\/cetaradell.cat\/ce\/14a-cursa-de-sant-silvestre-2023\/","name":"14a Cursa de Sant Silvestre \u2013 2023 - Centre Excursionista Taradell","isPartOf":{"@id":"https:\/\/cetaradell.cat\/ce\/#website"},"primaryImageOfPage":{"@id":"https:\/\/cetaradell.cat\/ce\/14a-cursa-de-sant-silvestre-2023\/#primaryimage"},"image":{"@id":"https:\/\/cetaradell.cat\/ce\/14a-cursa-de-sant-silvestre-2023\/#primaryimage"},"thumbnailUrl":"https:\/\/cetaradell.cat\/ce\/wp-content\/uploads\/2023-14_Sant_Silvestre.jpeg","datePublished":"2023-12-21T22:22:12+00:00","dateModified":"2023-12-27T22:13:11+00:00","author":{"@id":"https:\/\/cetaradell.cat\/ce\/#\/schema\/person\/92a59f585073071c7be6649e84b22f78"},"breadcrumb":{"@id":"https:\/\/cetaradell.cat\/ce\/14a-cursa-de-sant-silvestre-2023\/#breadcrumb"},"inLanguage":"ca","potentialAction":[{"@type":"ReadAction","target":["https:\/\/cetaradell.cat\/ce\/14a-cursa-de-sant-silvestre-2023\/"]}]},{"@type":"ImageObject","inLanguage":"ca","@id":"https:\/\/cetaradell.cat\/ce\/14a-cursa-de-sant-silvestre-2023\/#primaryimage","url":"https:\/\/cetaradell.cat\/ce\/wp-content\/uploads\/2023-14_Sant_Silvestre.jpeg","contentUrl":"https:\/\/cetaradell.cat\/ce\/wp-content\/uploads\/2023-14_Sant_Silvestre.jpeg","width":800,"height":1200},{"@type":"BreadcrumbList","@id":"https:\/\/cetaradell.cat\/ce\/14a-cursa-de-sant-silvestre-2023\/#breadcrumb","itemListElement":[{"@type":"ListItem","position":1,"name":"Inici","item":"https:\/\/cetaradell.cat\/ce\/"},{"@type":"ListItem","position":2,"name":"14a Cursa de Sant Silvestre \u2013 2023"}]},{"@type":"WebSite","@id":"https:\/\/cetaradell.cat\/ce\/#website","url":"https:\/\/cetaradell.cat\/ce\/","name":"Centre Excursionista Taradell","description":"","potentialAction":[{"@type":"SearchAction","target":{"@type":"EntryPoint","urlTemplate":"https:\/\/cetaradell.cat\/ce\/?s={search_term_string}"},"query-input":{"@type":"PropertyValueSpecification","valueRequired":true,"valueName":"search_term_string"}}],"inLanguage":"ca"},{"@type":"Person","@id":"https:\/\/cetaradell.cat\/ce\/#\/schema\/person\/92a59f585073071c7be6649e84b22f78","name":"CET","image":{"@type":"ImageObject","inLanguage":"ca","@id":"https:\/\/secure.gravatar.com\/avatar\/d6fbe010d42056feccc0f613ed07277a5118442805079269f12dabdc42e1a727?s=96&d=mm&r=g","url":"https:\/\/secure.gravatar.com\/avatar\/d6fbe010d42056feccc0f613ed07277a5118442805079269f12dabdc42e1a727?s=96&d=mm&r=g","contentUrl":"https:\/\/secure.gravatar.com\/avatar\/d6fbe010d42056feccc0f613ed07277a5118442805079269f12dabdc42e1a727?s=96&d=mm&r=g","caption":"CET"},"url":"https:\/\/cetaradell.cat\/ce\/author\/root\/"}]}},"_links":{"self":[{"href":"https:\/\/cetaradell.cat\/ce\/wp-json\/wp\/v2\/posts\/9456","targetHints":{"allow":["GET"]}}],"collection":[{"href":"https:\/\/cetaradell.cat\/ce\/wp-json\/wp\/v2\/posts"}],"about":[{"href":"https:\/\/cetaradell.cat\/ce\/wp-json\/wp\/v2\/types\/post"}],"author":[{"embeddable":true,"href":"https:\/\/cetaradell.cat\/ce\/wp-json\/wp\/v2\/users\/1"}],"replies":[{"embeddable":true,"href":"https:\/\/cetaradell.cat\/ce\/wp-json\/wp\/v2\/comments?post=9456"}],"version-history":[{"count":0,"href":"https:\/\/cetaradell.cat\/ce\/wp-json\/wp\/v2\/posts\/9456\/revisions"}],"wp:featuredmedia":[{"embeddable":true,"href":"https:\/\/cetaradell.cat\/ce\/wp-json\/wp\/v2\/media\/9460"}],"wp:attachment":[{"href":"https:\/\/cetaradell.cat\/ce\/wp-json\/wp\/v2\/media?parent=9456"}],"wp:term":[{"taxonomy":"category","embeddable":true,"href":"https:\/\/cetaradell.cat\/ce\/wp-json\/wp\/v2\/categories?post=9456"},{"taxonomy":"post_tag","embeddable":true,"href":"https:\/\/cetaradell.cat\/ce\/wp-json\/wp\/v2\/tags?post=9456"}],"curies":[{"name":"wp","href":"https:\/\/api.w.org\/{rel}","templated":true}]}}