{"id":9485,"date":"2024-01-20T11:49:20","date_gmt":"2024-01-20T10:49:20","guid":{"rendered":"https:\/\/cetaradell.cat\/ce\/?p=9485"},"modified":"2024-01-20T11:49:20","modified_gmt":"2024-01-20T10:49:20","slug":"sortides-de-senders-febrer-2024","status":"publish","type":"post","link":"https:\/\/cetaradell.cat\/ce\/sortides-de-senders-febrer-2024\/","title":{"rendered":"Sortides de Senders \u2013 Febrer 2024"},"content":{"rendered":"<p><strong>Cadaqu\u00e9s \/ Roses (Cam\u00ed de Ronda)\u00a0\u00a0 16,0 km<\/strong><br \/>\n<strong><em>Ascen. Total 617<\/em><\/strong><strong><em> m. &#8211; Desn. Total 617 m. &#8211; Alt. m\u00e0x. 222 m. &#8211; Alt. m\u00edn. 0 m.<br \/>\n<\/em><\/strong><\/p>\n<p><strong><a href=\"https:\/\/cetaradell.cat\/ce\/?attachment_id=9486\" target=\"_blank\" rel=\"attachment noopener wp-att-9320\"><img decoding=\"async\" class=\"alignleft wp-image-9486 size-medium\" src=\"https:\/\/cetaradell.cat\/ce\/wp-content\/uploads\/20240114-Senders-300x188.jpg\" alt=\"\" width=\"300\" height=\"188\" srcset=\"https:\/\/cetaradell.cat\/ce\/wp-content\/uploads\/20240114-Senders-200x125.jpg 200w, https:\/\/cetaradell.cat\/ce\/wp-content\/uploads\/20240114-Senders-300x188.jpg 300w, https:\/\/cetaradell.cat\/ce\/wp-content\/uploads\/20240114-Senders-320x202.jpg 320w, https:\/\/cetaradell.cat\/ce\/wp-content\/uploads\/20240114-Senders-400x251.jpg 400w, https:\/\/cetaradell.cat\/ce\/wp-content\/uploads\/20240114-Senders-500x313.jpg 500w, https:\/\/cetaradell.cat\/ce\/wp-content\/uploads\/20240114-Senders-600x376.jpg 600w, https:\/\/cetaradell.cat\/ce\/wp-content\/uploads\/20240114-Senders-700x438.jpg 700w, https:\/\/cetaradell.cat\/ce\/wp-content\/uploads\/20240114-Senders-768x481.jpg 768w, https:\/\/cetaradell.cat\/ce\/wp-content\/uploads\/20240114-Senders-800x501.jpg 800w, https:\/\/cetaradell.cat\/ce\/wp-content\/uploads\/20240114-Senders-1024x641.jpg 1024w, https:\/\/cetaradell.cat\/ce\/wp-content\/uploads\/20240114-Senders-1200x752.jpg 1200w, https:\/\/cetaradell.cat\/ce\/wp-content\/uploads\/20240114-Senders-1536x962.jpg 1536w\" sizes=\"(max-width: 300px) 100vw, 300px\" \/><\/a>DIA: <\/strong>Diumenge, 4 de febrer de 2024<\/p>\n<p><strong>SORTIDA DE TARADELL: <\/strong>6.45 h de l&#8217;Espai 1 d&#8217;Octubre (La Carpa)<\/p>\n<p><strong>SORTIDA DE VIC: <\/strong>7.00h de davant l&#8217;Hotel Can Pamplona<\/p>\n<p><strong>NOTA: <\/strong>Cal portar cal\u00e7at adequat preferiblement bota de canya alta, roba d\u2019abric, paravent, gorra, guants, protecci\u00f3 solar, bastons de trekking, aigua, esmorzar i dinar.<\/p>\n<p><strong>INSCRIPCIONS: <\/strong>Inscripcions obertes fins al dia 10 de gener.<\/p>\n<p><strong>PREU INSCRIPCI\u00d3: <\/strong>Autob\u00fas = 23 euros (Places limitades)<\/p>\n<p><strong>NOTES<\/strong>: \u00c9s imprescindible estar federat.<\/p>\n<p><strong>RECORREGUT:<\/strong> De Cadaqu\u00e9s fins a Roses, seguint el GR-92 pel cam\u00ed de ronda que voreja tota la costa i que sol ser una mica trencacames, no per el seu desnivell, sin\u00f3 per les constants pujades i baixades que es trobem al llarg de tot el cam\u00ed. Per contrapartida podrem gaudir d\u2019espectaculars vistes aix\u00ed com de varies platges i cales. La sortida s\u2019acaba a la platja de l\u2019Almadrava.<strong><br \/>\n<\/strong><\/p>\n<table>\n<tbody>\n<tr>\n<td style=\"width: 821px; background-color: #dcf2f2;\"><span lang=\"CA\"><span lang=\"CA\"><strong>Foto de la sortida de senders del gener:<\/strong><br \/>\n<\/span><\/span><span lang=\"CA\">El diumenge 14 de gener es va fer la primera sortida de senders d\u2019enguany. Es va anar de Llan\u00e7\u00e0 fins a Cadaqu\u00e9s seguint el GR-92. Abans d&#8217;arribar a Cadaqu\u00e9s ens vam desviar una mica del GR per fer el Puig dels Bufadors de 432m i que est\u00e0 dins del repte dels 100 cims de la FEEC.\u00a0 \u00a0<\/span><\/td>\n<\/tr>\n<\/tbody>\n<\/table>\n","protected":false},"excerpt":{"rendered":"<p>Cadaqu\u00e9s \/ Roses (Cam\u00ed de Ronda)\u00a0\u00a0 16,0 km Ascen. Total 617 m. &#8211; Desn. Total 617 m. &#8211; Alt. m\u00e0x. 222 m. &#8211; Alt. m\u00edn. 0 m. DIA: Diumenge, 4 de febrer de 2024 SORTIDA DE TARADELL: 6.45 h de l&#8217;Espai 1 d&#8217;Octubre (La Carpa) SORTIDA DE VIC: 7.00h de  [&#8230;]<\/p>\n","protected":false},"author":1,"featured_media":9486,"comment_status":"closed","ping_status":"closed","sticky":false,"template":"","format":"standard","meta":{"footnotes":""},"categories":[4,11],"tags":[],"class_list":["post-9485","post","type-post","status-publish","format-standard","has-post-thumbnail","hentry","category-activitats","category-senders"],"yoast_head":"<!-- This site is optimized with the Yoast SEO plugin v27.4 - https:\/\/yoast.com\/product\/yoast-seo-wordpress\/ -->\n<title>Sortides de Senders \u2013 Febrer 2024 - Centre Excursionista Taradell<\/title>\n<meta name=\"robots\" content=\"index, follow, max-snippet:-1, max-image-preview:large, max-video-preview:-1\" \/>\n<link rel=\"canonical\" href=\"https:\/\/cetaradell.cat\/ce\/sortides-de-senders-febrer-2024\/\" \/>\n<meta property=\"og:locale\" content=\"ca_ES\" \/>\n<meta property=\"og:type\" content=\"article\" \/>\n<meta property=\"og:title\" content=\"Sortides de Senders \u2013 Febrer 2024 - Centre Excursionista Taradell\" \/>\n<meta property=\"og:description\" content=\"Cadaqu\u00e9s \/ Roses (Cam\u00ed de Ronda)\u00a0\u00a0 16,0 km Ascen. Total 617 m. &#8211; Desn. Total 617 m. &#8211; Alt. m\u00e0x. 222 m. &#8211; Alt. m\u00edn. 0 m. DIA: Diumenge, 4 de febrer de 2024 SORTIDA DE TARADELL: 6.45 h de l&#8217;Espai 1 d&#8217;Octubre (La Carpa) SORTIDA DE VIC: 7.00h de [...]\" \/>\n<meta property=\"og:url\" content=\"https:\/\/cetaradell.cat\/ce\/sortides-de-senders-febrer-2024\/\" \/>\n<meta property=\"og:site_name\" content=\"Centre Excursionista Taradell\" \/>\n<meta property=\"article:publisher\" content=\"https:\/\/www.facebook.com\/CETaradell\/\" \/>\n<meta property=\"article:published_time\" content=\"2024-01-20T10:49:20+00:00\" \/>\n<meta property=\"og:image\" content=\"https:\/\/cetaradell.cat\/ce\/wp-content\/uploads\/20240114-Senders.jpg\" \/>\n\t<meta property=\"og:image:width\" content=\"1959\" \/>\n\t<meta property=\"og:image:height\" content=\"1227\" \/>\n\t<meta property=\"og:image:type\" content=\"image\/jpeg\" \/>\n<meta name=\"author\" content=\"CET\" \/>\n<meta name=\"twitter:card\" content=\"summary_large_image\" \/>\n<meta name=\"twitter:label1\" content=\"Escrit per\" \/>\n\t<meta name=\"twitter:data1\" content=\"CET\" \/>\n\t<meta name=\"twitter:label2\" content=\"Temps estimat de lectura\" \/>\n\t<meta name=\"twitter:data2\" content=\"2 minuts\" \/>\n<script type=\"application\/ld+json\" class=\"yoast-schema-graph\">{\"@context\":\"https:\\\/\\\/schema.org\",\"@graph\":[{\"@type\":\"Article\",\"@id\":\"https:\\\/\\\/cetaradell.cat\\\/ce\\\/sortides-de-senders-febrer-2024\\\/#article\",\"isPartOf\":{\"@id\":\"https:\\\/\\\/cetaradell.cat\\\/ce\\\/sortides-de-senders-febrer-2024\\\/\"},\"author\":{\"name\":\"CET\",\"@id\":\"https:\\\/\\\/cetaradell.cat\\\/ce\\\/#\\\/schema\\\/person\\\/92a59f585073071c7be6649e84b22f78\"},\"headline\":\"Sortides de Senders \u2013 Febrer 2024\",\"datePublished\":\"2024-01-20T10:49:20+00:00\",\"mainEntityOfPage\":{\"@id\":\"https:\\\/\\\/cetaradell.cat\\\/ce\\\/sortides-de-senders-febrer-2024\\\/\"},\"wordCount\":237,\"image\":{\"@id\":\"https:\\\/\\\/cetaradell.cat\\\/ce\\\/sortides-de-senders-febrer-2024\\\/#primaryimage\"},\"thumbnailUrl\":\"https:\\\/\\\/cetaradell.cat\\\/ce\\\/wp-content\\\/uploads\\\/20240114-Senders.jpg\",\"articleSection\":[\"Activitats\",\"Senders\"],\"inLanguage\":\"ca\"},{\"@type\":\"WebPage\",\"@id\":\"https:\\\/\\\/cetaradell.cat\\\/ce\\\/sortides-de-senders-febrer-2024\\\/\",\"url\":\"https:\\\/\\\/cetaradell.cat\\\/ce\\\/sortides-de-senders-febrer-2024\\\/\",\"name\":\"Sortides de Senders \u2013 Febrer 2024 - Centre Excursionista Taradell\",\"isPartOf\":{\"@id\":\"https:\\\/\\\/cetaradell.cat\\\/ce\\\/#website\"},\"primaryImageOfPage\":{\"@id\":\"https:\\\/\\\/cetaradell.cat\\\/ce\\\/sortides-de-senders-febrer-2024\\\/#primaryimage\"},\"image\":{\"@id\":\"https:\\\/\\\/cetaradell.cat\\\/ce\\\/sortides-de-senders-febrer-2024\\\/#primaryimage\"},\"thumbnailUrl\":\"https:\\\/\\\/cetaradell.cat\\\/ce\\\/wp-content\\\/uploads\\\/20240114-Senders.jpg\",\"datePublished\":\"2024-01-20T10:49:20+00:00\",\"author\":{\"@id\":\"https:\\\/\\\/cetaradell.cat\\\/ce\\\/#\\\/schema\\\/person\\\/92a59f585073071c7be6649e84b22f78\"},\"breadcrumb\":{\"@id\":\"https:\\\/\\\/cetaradell.cat\\\/ce\\\/sortides-de-senders-febrer-2024\\\/#breadcrumb\"},\"inLanguage\":\"ca\",\"potentialAction\":[{\"@type\":\"ReadAction\",\"target\":[\"https:\\\/\\\/cetaradell.cat\\\/ce\\\/sortides-de-senders-febrer-2024\\\/\"]}]},{\"@type\":\"ImageObject\",\"inLanguage\":\"ca\",\"@id\":\"https:\\\/\\\/cetaradell.cat\\\/ce\\\/sortides-de-senders-febrer-2024\\\/#primaryimage\",\"url\":\"https:\\\/\\\/cetaradell.cat\\\/ce\\\/wp-content\\\/uploads\\\/20240114-Senders.jpg\",\"contentUrl\":\"https:\\\/\\\/cetaradell.cat\\\/ce\\\/wp-content\\\/uploads\\\/20240114-Senders.jpg\",\"width\":1959,\"height\":1227},{\"@type\":\"BreadcrumbList\",\"@id\":\"https:\\\/\\\/cetaradell.cat\\\/ce\\\/sortides-de-senders-febrer-2024\\\/#breadcrumb\",\"itemListElement\":[{\"@type\":\"ListItem\",\"position\":1,\"name\":\"Inici\",\"item\":\"https:\\\/\\\/cetaradell.cat\\\/ce\\\/\"},{\"@type\":\"ListItem\",\"position\":2,\"name\":\"Sortides de Senders \u2013 Febrer 2024\"}]},{\"@type\":\"WebSite\",\"@id\":\"https:\\\/\\\/cetaradell.cat\\\/ce\\\/#website\",\"url\":\"https:\\\/\\\/cetaradell.cat\\\/ce\\\/\",\"name\":\"Centre Excursionista Taradell\",\"description\":\"\",\"potentialAction\":[{\"@type\":\"SearchAction\",\"target\":{\"@type\":\"EntryPoint\",\"urlTemplate\":\"https:\\\/\\\/cetaradell.cat\\\/ce\\\/?s={search_term_string}\"},\"query-input\":{\"@type\":\"PropertyValueSpecification\",\"valueRequired\":true,\"valueName\":\"search_term_string\"}}],\"inLanguage\":\"ca\"},{\"@type\":\"Person\",\"@id\":\"https:\\\/\\\/cetaradell.cat\\\/ce\\\/#\\\/schema\\\/person\\\/92a59f585073071c7be6649e84b22f78\",\"name\":\"CET\",\"image\":{\"@type\":\"ImageObject\",\"inLanguage\":\"ca\",\"@id\":\"https:\\\/\\\/secure.gravatar.com\\\/avatar\\\/d6fbe010d42056feccc0f613ed07277a5118442805079269f12dabdc42e1a727?s=96&d=mm&r=g\",\"url\":\"https:\\\/\\\/secure.gravatar.com\\\/avatar\\\/d6fbe010d42056feccc0f613ed07277a5118442805079269f12dabdc42e1a727?s=96&d=mm&r=g\",\"contentUrl\":\"https:\\\/\\\/secure.gravatar.com\\\/avatar\\\/d6fbe010d42056feccc0f613ed07277a5118442805079269f12dabdc42e1a727?s=96&d=mm&r=g\",\"caption\":\"CET\"},\"url\":\"https:\\\/\\\/cetaradell.cat\\\/ce\\\/author\\\/root\\\/\"}]}<\/script>\n<!-- \/ Yoast SEO plugin. -->","yoast_head_json":{"title":"Sortides de Senders \u2013 Febrer 2024 - Centre Excursionista Taradell","robots":{"index":"index","follow":"follow","max-snippet":"max-snippet:-1","max-image-preview":"max-image-preview:large","max-video-preview":"max-video-preview:-1"},"canonical":"https:\/\/cetaradell.cat\/ce\/sortides-de-senders-febrer-2024\/","og_locale":"ca_ES","og_type":"article","og_title":"Sortides de Senders \u2013 Febrer 2024 - Centre Excursionista Taradell","og_description":"Cadaqu\u00e9s \/ Roses (Cam\u00ed de Ronda)\u00a0\u00a0 16,0 km Ascen. Total 617 m. &#8211; Desn. Total 617 m. &#8211; Alt. m\u00e0x. 222 m. &#8211; Alt. m\u00edn. 0 m. DIA: Diumenge, 4 de febrer de 2024 SORTIDA DE TARADELL: 6.45 h de l&#8217;Espai 1 d&#8217;Octubre (La Carpa) SORTIDA DE VIC: 7.00h de [...]","og_url":"https:\/\/cetaradell.cat\/ce\/sortides-de-senders-febrer-2024\/","og_site_name":"Centre Excursionista Taradell","article_publisher":"https:\/\/www.facebook.com\/CETaradell\/","article_published_time":"2024-01-20T10:49:20+00:00","og_image":[{"width":1959,"height":1227,"url":"https:\/\/cetaradell.cat\/ce\/wp-content\/uploads\/20240114-Senders.jpg","type":"image\/jpeg"}],"author":"CET","twitter_card":"summary_large_image","twitter_misc":{"Escrit per":"CET","Temps estimat de lectura":"2 minuts"},"schema":{"@context":"https:\/\/schema.org","@graph":[{"@type":"Article","@id":"https:\/\/cetaradell.cat\/ce\/sortides-de-senders-febrer-2024\/#article","isPartOf":{"@id":"https:\/\/cetaradell.cat\/ce\/sortides-de-senders-febrer-2024\/"},"author":{"name":"CET","@id":"https:\/\/cetaradell.cat\/ce\/#\/schema\/person\/92a59f585073071c7be6649e84b22f78"},"headline":"Sortides de Senders \u2013 Febrer 2024","datePublished":"2024-01-20T10:49:20+00:00","mainEntityOfPage":{"@id":"https:\/\/cetaradell.cat\/ce\/sortides-de-senders-febrer-2024\/"},"wordCount":237,"image":{"@id":"https:\/\/cetaradell.cat\/ce\/sortides-de-senders-febrer-2024\/#primaryimage"},"thumbnailUrl":"https:\/\/cetaradell.cat\/ce\/wp-content\/uploads\/20240114-Senders.jpg","articleSection":["Activitats","Senders"],"inLanguage":"ca"},{"@type":"WebPage","@id":"https:\/\/cetaradell.cat\/ce\/sortides-de-senders-febrer-2024\/","url":"https:\/\/cetaradell.cat\/ce\/sortides-de-senders-febrer-2024\/","name":"Sortides de Senders \u2013 Febrer 2024 - Centre Excursionista Taradell","isPartOf":{"@id":"https:\/\/cetaradell.cat\/ce\/#website"},"primaryImageOfPage":{"@id":"https:\/\/cetaradell.cat\/ce\/sortides-de-senders-febrer-2024\/#primaryimage"},"image":{"@id":"https:\/\/cetaradell.cat\/ce\/sortides-de-senders-febrer-2024\/#primaryimage"},"thumbnailUrl":"https:\/\/cetaradell.cat\/ce\/wp-content\/uploads\/20240114-Senders.jpg","datePublished":"2024-01-20T10:49:20+00:00","author":{"@id":"https:\/\/cetaradell.cat\/ce\/#\/schema\/person\/92a59f585073071c7be6649e84b22f78"},"breadcrumb":{"@id":"https:\/\/cetaradell.cat\/ce\/sortides-de-senders-febrer-2024\/#breadcrumb"},"inLanguage":"ca","potentialAction":[{"@type":"ReadAction","target":["https:\/\/cetaradell.cat\/ce\/sortides-de-senders-febrer-2024\/"]}]},{"@type":"ImageObject","inLanguage":"ca","@id":"https:\/\/cetaradell.cat\/ce\/sortides-de-senders-febrer-2024\/#primaryimage","url":"https:\/\/cetaradell.cat\/ce\/wp-content\/uploads\/20240114-Senders.jpg","contentUrl":"https:\/\/cetaradell.cat\/ce\/wp-content\/uploads\/20240114-Senders.jpg","width":1959,"height":1227},{"@type":"BreadcrumbList","@id":"https:\/\/cetaradell.cat\/ce\/sortides-de-senders-febrer-2024\/#breadcrumb","itemListElement":[{"@type":"ListItem","position":1,"name":"Inici","item":"https:\/\/cetaradell.cat\/ce\/"},{"@type":"ListItem","position":2,"name":"Sortides de Senders \u2013 Febrer 2024"}]},{"@type":"WebSite","@id":"https:\/\/cetaradell.cat\/ce\/#website","url":"https:\/\/cetaradell.cat\/ce\/","name":"Centre Excursionista Taradell","description":"","potentialAction":[{"@type":"SearchAction","target":{"@type":"EntryPoint","urlTemplate":"https:\/\/cetaradell.cat\/ce\/?s={search_term_string}"},"query-input":{"@type":"PropertyValueSpecification","valueRequired":true,"valueName":"search_term_string"}}],"inLanguage":"ca"},{"@type":"Person","@id":"https:\/\/cetaradell.cat\/ce\/#\/schema\/person\/92a59f585073071c7be6649e84b22f78","name":"CET","image":{"@type":"ImageObject","inLanguage":"ca","@id":"https:\/\/secure.gravatar.com\/avatar\/d6fbe010d42056feccc0f613ed07277a5118442805079269f12dabdc42e1a727?s=96&d=mm&r=g","url":"https:\/\/secure.gravatar.com\/avatar\/d6fbe010d42056feccc0f613ed07277a5118442805079269f12dabdc42e1a727?s=96&d=mm&r=g","contentUrl":"https:\/\/secure.gravatar.com\/avatar\/d6fbe010d42056feccc0f613ed07277a5118442805079269f12dabdc42e1a727?s=96&d=mm&r=g","caption":"CET"},"url":"https:\/\/cetaradell.cat\/ce\/author\/root\/"}]}},"_links":{"self":[{"href":"https:\/\/cetaradell.cat\/ce\/wp-json\/wp\/v2\/posts\/9485","targetHints":{"allow":["GET"]}}],"collection":[{"href":"https:\/\/cetaradell.cat\/ce\/wp-json\/wp\/v2\/posts"}],"about":[{"href":"https:\/\/cetaradell.cat\/ce\/wp-json\/wp\/v2\/types\/post"}],"author":[{"embeddable":true,"href":"https:\/\/cetaradell.cat\/ce\/wp-json\/wp\/v2\/users\/1"}],"replies":[{"embeddable":true,"href":"https:\/\/cetaradell.cat\/ce\/wp-json\/wp\/v2\/comments?post=9485"}],"version-history":[{"count":0,"href":"https:\/\/cetaradell.cat\/ce\/wp-json\/wp\/v2\/posts\/9485\/revisions"}],"wp:featuredmedia":[{"embeddable":true,"href":"https:\/\/cetaradell.cat\/ce\/wp-json\/wp\/v2\/media\/9486"}],"wp:attachment":[{"href":"https:\/\/cetaradell.cat\/ce\/wp-json\/wp\/v2\/media?parent=9485"}],"wp:term":[{"taxonomy":"category","embeddable":true,"href":"https:\/\/cetaradell.cat\/ce\/wp-json\/wp\/v2\/categories?post=9485"},{"taxonomy":"post_tag","embeddable":true,"href":"https:\/\/cetaradell.cat\/ce\/wp-json\/wp\/v2\/tags?post=9485"}],"curies":[{"name":"wp","href":"https:\/\/api.w.org\/{rel}","templated":true}]}}