{"id":9518,"date":"2024-04-29T19:41:23","date_gmt":"2024-04-29T18:41:23","guid":{"rendered":"https:\/\/cetaradell.cat\/ce\/?p=9518"},"modified":"2024-05-18T13:38:26","modified_gmt":"2024-05-18T12:38:26","slug":"sortides-de-senders-maig-2024","status":"publish","type":"post","link":"https:\/\/cetaradell.cat\/ce\/sortides-de-senders-maig-2024\/","title":{"rendered":"Sortides de Senders \u2013 Maig 2024"},"content":{"rendered":"<p><strong>100 Cims Montclar\u00a0 ( Solius \/ Santuari Sant Grau d\u2019Ardenya ) 11,50 km<\/strong><br \/>\n<strong><em>Ascen. Total 321<\/em><\/strong><strong><em> m. &#8211; Desn. Total 208 m.<br \/>\n<\/em><\/strong><\/p>\n<p><strong><a href=\"https:\/\/cetaradell.cat\/ce\/?attachment_id=9519\" target=\"_blank\" rel=\"attachment noopener wp-att-9320\"><img decoding=\"async\" class=\"alignleft wp-image-9519 size-medium\" src=\"https:\/\/cetaradell.cat\/ce\/wp-content\/uploads\/2024-04-Senders-20240407_094051-300x225.jpg\" alt=\"\" width=\"300\" height=\"225\" srcset=\"https:\/\/cetaradell.cat\/ce\/wp-content\/uploads\/2024-04-Senders-20240407_094051-200x150.jpg 200w, https:\/\/cetaradell.cat\/ce\/wp-content\/uploads\/2024-04-Senders-20240407_094051-300x225.jpg 300w, https:\/\/cetaradell.cat\/ce\/wp-content\/uploads\/2024-04-Senders-20240407_094051-400x300.jpg 400w, https:\/\/cetaradell.cat\/ce\/wp-content\/uploads\/2024-04-Senders-20240407_094051-500x375.jpg 500w, https:\/\/cetaradell.cat\/ce\/wp-content\/uploads\/2024-04-Senders-20240407_094051-600x450.jpg 600w, https:\/\/cetaradell.cat\/ce\/wp-content\/uploads\/2024-04-Senders-20240407_094051-700x525.jpg 700w, https:\/\/cetaradell.cat\/ce\/wp-content\/uploads\/2024-04-Senders-20240407_094051-768x576.jpg 768w, https:\/\/cetaradell.cat\/ce\/wp-content\/uploads\/2024-04-Senders-20240407_094051-800x600.jpg 800w, https:\/\/cetaradell.cat\/ce\/wp-content\/uploads\/2024-04-Senders-20240407_094051-1024x768.jpg 1024w, https:\/\/cetaradell.cat\/ce\/wp-content\/uploads\/2024-04-Senders-20240407_094051.jpg 1152w\" sizes=\"(max-width: 300px) 100vw, 300px\" \/><\/a>DIA: <\/strong>Diumenge, 12 de maig de 2024<\/p>\n<p><strong>SORTIDA DE TARADELL: <\/strong>6.45 h de l&#8217;Espai 1 d&#8217;Octubre (La Carpa)<\/p>\n<p><strong>SORTIDA DE VIC: <\/strong>7.00 h de davant l&#8217;Hotel Can Pamplona<\/p>\n<p><strong>NOTA: <\/strong>Cal portar cal\u00e7at adequat preferiblement bota de canya alta, roba d\u2019abric, paravent, gorra, guants, protecci\u00f3 solar, bastons de trekking, aigua, esmorzar i dinar.<\/p>\n<p><strong>INSCRIPCIONS: <\/strong>Inscripcions obertes fins al dia 8 de maig.<\/p>\n<p><strong>PREU INSCRIPCI\u00d3: <\/strong>Autob\u00fas = 23 euros (Places limitades)<\/p>\n<p><strong>NOTES<\/strong>: \u00c9s imprescindible estar federat.<\/p>\n<p><strong>RECORREGUT:\u00a0<\/strong>Aquesta ruta comen\u00e7a a Santa Maria de Solius i acaba al Santuari de Sant Grau d\u2019Ardenya, seguint sempre senders de petit recorregut, de pujada fins al Montclar seguirem el PR-C 102, i de baixada fins a Sant Grau d\u2019Ardenya el PR-C 101.<\/p>\n<p><strong>\u00a0<\/strong><\/p>\n<table>\n<tbody>\n<tr>\n<td><span lang=\"CA\"><strong>Foto de la sortida de senders de l&#8217;abril:<\/strong><br \/>\n<\/span><span lang=\"CA\">El diumenge dia <\/span>7 d&#8217;abril amb la secci\u00f3 de senders del CET vam anar a Castellnou dels Aspres, a Fran\u00e7a, on vam poder fer dos cims dels 100 cims, el primer dels quals va ser Sant Mart\u00ed de la Roca i el segon el Roc de Mallorca. Un cop acabada l&#8217;excursi\u00f3 vam dinar al mateix poble i vam poder visitar-lo.El poble de Castellnou amb el seu castell \u00e9s considerat un dels m\u00e9s bells de la Catalunya Nord i pertany a l&#8217;associaci\u00f3 \u201cEls pobles m\u00e9s bonics de Fran\u00e7a&#8221;.<\/td>\n<\/tr>\n<\/tbody>\n<\/table>\n<p><span lang=\"CA\">\u00a0<\/span><\/p>\n<p class=\"x_no-margin\">\n","protected":false},"excerpt":{"rendered":"<p>100 Cims Montclar\u00a0 ( Solius \/ Santuari Sant Grau d\u2019Ardenya ) 11,50 km Ascen. Total 321 m. &#8211; Desn. Total 208 m. DIA: Diumenge, 12 de maig de 2024 SORTIDA DE TARADELL: 6.45 h de l&#8217;Espai 1 d&#8217;Octubre (La Carpa) SORTIDA DE VIC: 7.00 h de davant l&#8217;Hotel Can Pamplona  [&#8230;]<\/p>\n","protected":false},"author":1,"featured_media":9519,"comment_status":"closed","ping_status":"closed","sticky":false,"template":"","format":"standard","meta":{"footnotes":""},"categories":[4,11],"tags":[],"class_list":["post-9518","post","type-post","status-publish","format-standard","has-post-thumbnail","hentry","category-activitats","category-senders"],"yoast_head":"<!-- This site is optimized with the Yoast SEO plugin v27.4 - https:\/\/yoast.com\/product\/yoast-seo-wordpress\/ -->\n<title>Sortides de Senders \u2013 Maig 2024 - Centre Excursionista Taradell<\/title>\n<meta name=\"robots\" content=\"index, follow, max-snippet:-1, max-image-preview:large, max-video-preview:-1\" \/>\n<link rel=\"canonical\" href=\"https:\/\/cetaradell.cat\/ce\/sortides-de-senders-maig-2024\/\" \/>\n<meta property=\"og:locale\" content=\"ca_ES\" \/>\n<meta property=\"og:type\" content=\"article\" \/>\n<meta property=\"og:title\" content=\"Sortides de Senders \u2013 Maig 2024 - Centre Excursionista Taradell\" \/>\n<meta property=\"og:description\" content=\"100 Cims Montclar\u00a0 ( Solius \/ Santuari Sant Grau d\u2019Ardenya ) 11,50 km Ascen. Total 321 m. &#8211; Desn. Total 208 m. DIA: Diumenge, 12 de maig de 2024 SORTIDA DE TARADELL: 6.45 h de l&#8217;Espai 1 d&#8217;Octubre (La Carpa) SORTIDA DE VIC: 7.00 h de davant l&#8217;Hotel Can Pamplona [...]\" \/>\n<meta property=\"og:url\" content=\"https:\/\/cetaradell.cat\/ce\/sortides-de-senders-maig-2024\/\" \/>\n<meta property=\"og:site_name\" content=\"Centre Excursionista Taradell\" \/>\n<meta property=\"article:publisher\" content=\"https:\/\/www.facebook.com\/CETaradell\/\" \/>\n<meta property=\"article:published_time\" content=\"2024-04-29T18:41:23+00:00\" \/>\n<meta property=\"article:modified_time\" content=\"2024-05-18T12:38:26+00:00\" \/>\n<meta property=\"og:image\" content=\"https:\/\/cetaradell.cat\/ce\/wp-content\/uploads\/2024-04-Senders-20240407_094051.jpg\" \/>\n\t<meta property=\"og:image:width\" content=\"1152\" \/>\n\t<meta property=\"og:image:height\" content=\"864\" \/>\n\t<meta property=\"og:image:type\" content=\"image\/jpeg\" \/>\n<meta name=\"author\" content=\"CET\" \/>\n<meta name=\"twitter:card\" content=\"summary_large_image\" \/>\n<meta name=\"twitter:label1\" content=\"Escrit per\" \/>\n\t<meta name=\"twitter:data1\" content=\"CET\" \/>\n\t<meta name=\"twitter:label2\" content=\"Temps estimat de lectura\" \/>\n\t<meta name=\"twitter:data2\" content=\"2 minuts\" \/>\n<script type=\"application\/ld+json\" class=\"yoast-schema-graph\">{\"@context\":\"https:\\\/\\\/schema.org\",\"@graph\":[{\"@type\":\"Article\",\"@id\":\"https:\\\/\\\/cetaradell.cat\\\/ce\\\/sortides-de-senders-maig-2024\\\/#article\",\"isPartOf\":{\"@id\":\"https:\\\/\\\/cetaradell.cat\\\/ce\\\/sortides-de-senders-maig-2024\\\/\"},\"author\":{\"name\":\"CET\",\"@id\":\"https:\\\/\\\/cetaradell.cat\\\/ce\\\/#\\\/schema\\\/person\\\/92a59f585073071c7be6649e84b22f78\"},\"headline\":\"Sortides de Senders \u2013 Maig 2024\",\"datePublished\":\"2024-04-29T18:41:23+00:00\",\"dateModified\":\"2024-05-18T12:38:26+00:00\",\"mainEntityOfPage\":{\"@id\":\"https:\\\/\\\/cetaradell.cat\\\/ce\\\/sortides-de-senders-maig-2024\\\/\"},\"wordCount\":238,\"image\":{\"@id\":\"https:\\\/\\\/cetaradell.cat\\\/ce\\\/sortides-de-senders-maig-2024\\\/#primaryimage\"},\"thumbnailUrl\":\"https:\\\/\\\/cetaradell.cat\\\/ce\\\/wp-content\\\/uploads\\\/2024-04-Senders-20240407_094051.jpg\",\"articleSection\":[\"Activitats\",\"Senders\"],\"inLanguage\":\"ca\"},{\"@type\":\"WebPage\",\"@id\":\"https:\\\/\\\/cetaradell.cat\\\/ce\\\/sortides-de-senders-maig-2024\\\/\",\"url\":\"https:\\\/\\\/cetaradell.cat\\\/ce\\\/sortides-de-senders-maig-2024\\\/\",\"name\":\"Sortides de Senders \u2013 Maig 2024 - Centre Excursionista Taradell\",\"isPartOf\":{\"@id\":\"https:\\\/\\\/cetaradell.cat\\\/ce\\\/#website\"},\"primaryImageOfPage\":{\"@id\":\"https:\\\/\\\/cetaradell.cat\\\/ce\\\/sortides-de-senders-maig-2024\\\/#primaryimage\"},\"image\":{\"@id\":\"https:\\\/\\\/cetaradell.cat\\\/ce\\\/sortides-de-senders-maig-2024\\\/#primaryimage\"},\"thumbnailUrl\":\"https:\\\/\\\/cetaradell.cat\\\/ce\\\/wp-content\\\/uploads\\\/2024-04-Senders-20240407_094051.jpg\",\"datePublished\":\"2024-04-29T18:41:23+00:00\",\"dateModified\":\"2024-05-18T12:38:26+00:00\",\"author\":{\"@id\":\"https:\\\/\\\/cetaradell.cat\\\/ce\\\/#\\\/schema\\\/person\\\/92a59f585073071c7be6649e84b22f78\"},\"breadcrumb\":{\"@id\":\"https:\\\/\\\/cetaradell.cat\\\/ce\\\/sortides-de-senders-maig-2024\\\/#breadcrumb\"},\"inLanguage\":\"ca\",\"potentialAction\":[{\"@type\":\"ReadAction\",\"target\":[\"https:\\\/\\\/cetaradell.cat\\\/ce\\\/sortides-de-senders-maig-2024\\\/\"]}]},{\"@type\":\"ImageObject\",\"inLanguage\":\"ca\",\"@id\":\"https:\\\/\\\/cetaradell.cat\\\/ce\\\/sortides-de-senders-maig-2024\\\/#primaryimage\",\"url\":\"https:\\\/\\\/cetaradell.cat\\\/ce\\\/wp-content\\\/uploads\\\/2024-04-Senders-20240407_094051.jpg\",\"contentUrl\":\"https:\\\/\\\/cetaradell.cat\\\/ce\\\/wp-content\\\/uploads\\\/2024-04-Senders-20240407_094051.jpg\",\"width\":1152,\"height\":864},{\"@type\":\"BreadcrumbList\",\"@id\":\"https:\\\/\\\/cetaradell.cat\\\/ce\\\/sortides-de-senders-maig-2024\\\/#breadcrumb\",\"itemListElement\":[{\"@type\":\"ListItem\",\"position\":1,\"name\":\"Inici\",\"item\":\"https:\\\/\\\/cetaradell.cat\\\/ce\\\/\"},{\"@type\":\"ListItem\",\"position\":2,\"name\":\"Sortides de Senders \u2013 Maig 2024\"}]},{\"@type\":\"WebSite\",\"@id\":\"https:\\\/\\\/cetaradell.cat\\\/ce\\\/#website\",\"url\":\"https:\\\/\\\/cetaradell.cat\\\/ce\\\/\",\"name\":\"Centre Excursionista Taradell\",\"description\":\"\",\"potentialAction\":[{\"@type\":\"SearchAction\",\"target\":{\"@type\":\"EntryPoint\",\"urlTemplate\":\"https:\\\/\\\/cetaradell.cat\\\/ce\\\/?s={search_term_string}\"},\"query-input\":{\"@type\":\"PropertyValueSpecification\",\"valueRequired\":true,\"valueName\":\"search_term_string\"}}],\"inLanguage\":\"ca\"},{\"@type\":\"Person\",\"@id\":\"https:\\\/\\\/cetaradell.cat\\\/ce\\\/#\\\/schema\\\/person\\\/92a59f585073071c7be6649e84b22f78\",\"name\":\"CET\",\"image\":{\"@type\":\"ImageObject\",\"inLanguage\":\"ca\",\"@id\":\"https:\\\/\\\/secure.gravatar.com\\\/avatar\\\/d6fbe010d42056feccc0f613ed07277a5118442805079269f12dabdc42e1a727?s=96&d=mm&r=g\",\"url\":\"https:\\\/\\\/secure.gravatar.com\\\/avatar\\\/d6fbe010d42056feccc0f613ed07277a5118442805079269f12dabdc42e1a727?s=96&d=mm&r=g\",\"contentUrl\":\"https:\\\/\\\/secure.gravatar.com\\\/avatar\\\/d6fbe010d42056feccc0f613ed07277a5118442805079269f12dabdc42e1a727?s=96&d=mm&r=g\",\"caption\":\"CET\"},\"url\":\"https:\\\/\\\/cetaradell.cat\\\/ce\\\/author\\\/root\\\/\"}]}<\/script>\n<!-- \/ Yoast SEO plugin. -->","yoast_head_json":{"title":"Sortides de Senders \u2013 Maig 2024 - Centre Excursionista Taradell","robots":{"index":"index","follow":"follow","max-snippet":"max-snippet:-1","max-image-preview":"max-image-preview:large","max-video-preview":"max-video-preview:-1"},"canonical":"https:\/\/cetaradell.cat\/ce\/sortides-de-senders-maig-2024\/","og_locale":"ca_ES","og_type":"article","og_title":"Sortides de Senders \u2013 Maig 2024 - Centre Excursionista Taradell","og_description":"100 Cims Montclar\u00a0 ( Solius \/ Santuari Sant Grau d\u2019Ardenya ) 11,50 km Ascen. Total 321 m. &#8211; Desn. Total 208 m. DIA: Diumenge, 12 de maig de 2024 SORTIDA DE TARADELL: 6.45 h de l&#8217;Espai 1 d&#8217;Octubre (La Carpa) SORTIDA DE VIC: 7.00 h de davant l&#8217;Hotel Can Pamplona [...]","og_url":"https:\/\/cetaradell.cat\/ce\/sortides-de-senders-maig-2024\/","og_site_name":"Centre Excursionista Taradell","article_publisher":"https:\/\/www.facebook.com\/CETaradell\/","article_published_time":"2024-04-29T18:41:23+00:00","article_modified_time":"2024-05-18T12:38:26+00:00","og_image":[{"width":1152,"height":864,"url":"https:\/\/cetaradell.cat\/ce\/wp-content\/uploads\/2024-04-Senders-20240407_094051.jpg","type":"image\/jpeg"}],"author":"CET","twitter_card":"summary_large_image","twitter_misc":{"Escrit per":"CET","Temps estimat de lectura":"2 minuts"},"schema":{"@context":"https:\/\/schema.org","@graph":[{"@type":"Article","@id":"https:\/\/cetaradell.cat\/ce\/sortides-de-senders-maig-2024\/#article","isPartOf":{"@id":"https:\/\/cetaradell.cat\/ce\/sortides-de-senders-maig-2024\/"},"author":{"name":"CET","@id":"https:\/\/cetaradell.cat\/ce\/#\/schema\/person\/92a59f585073071c7be6649e84b22f78"},"headline":"Sortides de Senders \u2013 Maig 2024","datePublished":"2024-04-29T18:41:23+00:00","dateModified":"2024-05-18T12:38:26+00:00","mainEntityOfPage":{"@id":"https:\/\/cetaradell.cat\/ce\/sortides-de-senders-maig-2024\/"},"wordCount":238,"image":{"@id":"https:\/\/cetaradell.cat\/ce\/sortides-de-senders-maig-2024\/#primaryimage"},"thumbnailUrl":"https:\/\/cetaradell.cat\/ce\/wp-content\/uploads\/2024-04-Senders-20240407_094051.jpg","articleSection":["Activitats","Senders"],"inLanguage":"ca"},{"@type":"WebPage","@id":"https:\/\/cetaradell.cat\/ce\/sortides-de-senders-maig-2024\/","url":"https:\/\/cetaradell.cat\/ce\/sortides-de-senders-maig-2024\/","name":"Sortides de Senders \u2013 Maig 2024 - Centre Excursionista Taradell","isPartOf":{"@id":"https:\/\/cetaradell.cat\/ce\/#website"},"primaryImageOfPage":{"@id":"https:\/\/cetaradell.cat\/ce\/sortides-de-senders-maig-2024\/#primaryimage"},"image":{"@id":"https:\/\/cetaradell.cat\/ce\/sortides-de-senders-maig-2024\/#primaryimage"},"thumbnailUrl":"https:\/\/cetaradell.cat\/ce\/wp-content\/uploads\/2024-04-Senders-20240407_094051.jpg","datePublished":"2024-04-29T18:41:23+00:00","dateModified":"2024-05-18T12:38:26+00:00","author":{"@id":"https:\/\/cetaradell.cat\/ce\/#\/schema\/person\/92a59f585073071c7be6649e84b22f78"},"breadcrumb":{"@id":"https:\/\/cetaradell.cat\/ce\/sortides-de-senders-maig-2024\/#breadcrumb"},"inLanguage":"ca","potentialAction":[{"@type":"ReadAction","target":["https:\/\/cetaradell.cat\/ce\/sortides-de-senders-maig-2024\/"]}]},{"@type":"ImageObject","inLanguage":"ca","@id":"https:\/\/cetaradell.cat\/ce\/sortides-de-senders-maig-2024\/#primaryimage","url":"https:\/\/cetaradell.cat\/ce\/wp-content\/uploads\/2024-04-Senders-20240407_094051.jpg","contentUrl":"https:\/\/cetaradell.cat\/ce\/wp-content\/uploads\/2024-04-Senders-20240407_094051.jpg","width":1152,"height":864},{"@type":"BreadcrumbList","@id":"https:\/\/cetaradell.cat\/ce\/sortides-de-senders-maig-2024\/#breadcrumb","itemListElement":[{"@type":"ListItem","position":1,"name":"Inici","item":"https:\/\/cetaradell.cat\/ce\/"},{"@type":"ListItem","position":2,"name":"Sortides de Senders \u2013 Maig 2024"}]},{"@type":"WebSite","@id":"https:\/\/cetaradell.cat\/ce\/#website","url":"https:\/\/cetaradell.cat\/ce\/","name":"Centre Excursionista Taradell","description":"","potentialAction":[{"@type":"SearchAction","target":{"@type":"EntryPoint","urlTemplate":"https:\/\/cetaradell.cat\/ce\/?s={search_term_string}"},"query-input":{"@type":"PropertyValueSpecification","valueRequired":true,"valueName":"search_term_string"}}],"inLanguage":"ca"},{"@type":"Person","@id":"https:\/\/cetaradell.cat\/ce\/#\/schema\/person\/92a59f585073071c7be6649e84b22f78","name":"CET","image":{"@type":"ImageObject","inLanguage":"ca","@id":"https:\/\/secure.gravatar.com\/avatar\/d6fbe010d42056feccc0f613ed07277a5118442805079269f12dabdc42e1a727?s=96&d=mm&r=g","url":"https:\/\/secure.gravatar.com\/avatar\/d6fbe010d42056feccc0f613ed07277a5118442805079269f12dabdc42e1a727?s=96&d=mm&r=g","contentUrl":"https:\/\/secure.gravatar.com\/avatar\/d6fbe010d42056feccc0f613ed07277a5118442805079269f12dabdc42e1a727?s=96&d=mm&r=g","caption":"CET"},"url":"https:\/\/cetaradell.cat\/ce\/author\/root\/"}]}},"_links":{"self":[{"href":"https:\/\/cetaradell.cat\/ce\/wp-json\/wp\/v2\/posts\/9518","targetHints":{"allow":["GET"]}}],"collection":[{"href":"https:\/\/cetaradell.cat\/ce\/wp-json\/wp\/v2\/posts"}],"about":[{"href":"https:\/\/cetaradell.cat\/ce\/wp-json\/wp\/v2\/types\/post"}],"author":[{"embeddable":true,"href":"https:\/\/cetaradell.cat\/ce\/wp-json\/wp\/v2\/users\/1"}],"replies":[{"embeddable":true,"href":"https:\/\/cetaradell.cat\/ce\/wp-json\/wp\/v2\/comments?post=9518"}],"version-history":[{"count":0,"href":"https:\/\/cetaradell.cat\/ce\/wp-json\/wp\/v2\/posts\/9518\/revisions"}],"wp:featuredmedia":[{"embeddable":true,"href":"https:\/\/cetaradell.cat\/ce\/wp-json\/wp\/v2\/media\/9519"}],"wp:attachment":[{"href":"https:\/\/cetaradell.cat\/ce\/wp-json\/wp\/v2\/media?parent=9518"}],"wp:term":[{"taxonomy":"category","embeddable":true,"href":"https:\/\/cetaradell.cat\/ce\/wp-json\/wp\/v2\/categories?post=9518"},{"taxonomy":"post_tag","embeddable":true,"href":"https:\/\/cetaradell.cat\/ce\/wp-json\/wp\/v2\/tags?post=9518"}],"curies":[{"name":"wp","href":"https:\/\/api.w.org\/{rel}","templated":true}]}}