{"id":9532,"date":"2024-05-01T17:49:44","date_gmt":"2024-05-01T16:49:44","guid":{"rendered":"https:\/\/cetaradell.cat\/ce\/?p=9532"},"modified":"2024-05-01T17:51:41","modified_gmt":"2024-05-01T16:51:41","slug":"tempestes-i-llamps","status":"publish","type":"post","link":"https:\/\/cetaradell.cat\/ce\/tempestes-i-llamps\/","title":{"rendered":"Tempestes i llamps"},"content":{"rendered":"<p><iframe title=\"YouTube video player\" src=\"https:\/\/www.youtube.com\/embed\/RoFswtk37Uc?si=_pme_zuyW6MFl64h\" width=\"560\" height=\"315\" frameborder=\"0\" allowfullscreen=\"allowfullscreen\"><\/iframe><\/p>\n<p>La <strong>Federaci\u00f3 d\u2019Entitats Excursionistes de Catalunya<\/strong> a trav\u00e9s de <strong>l\u2019\u00c0rea de Seguretat i Salut<\/strong>, organitza un seminari web a c\u00e0rrec del ponent <strong>Pere Esteban<\/strong>, t\u00e8cnic del Servei Meteorol\u00f2gic de Catalunya i responsable de MeteoMuntanya.cat.<\/p>\n<p><strong>Jeroni Garcia<\/strong>, membre del Comit\u00e8 de Seguretat de la FEEC ser\u00e0 l\u2019encarregat de presentar i moderar la confer\u00e8ncia.<\/p>\n<p>La FEEC vol divulgar la informaci\u00f3 a trav\u00e9s d\u2019una xerrada d\u2019un temps m\u00e0xim de 50 minuts, amb la finalitat de potenciar la sempre necess\u00e0ria seguretat en la pr\u00e0ctica d\u2019activitats f\u00edsica a la natura.<\/p>\n<p>El Seminari web, que porta el t\u00edtol \u201c<strong>Tempestes i llamps<\/strong>\u201d se celebrar\u00e0 el <strong>16 de maig de 2024<\/strong>\u00a0a les 19.30 hores. Es veur\u00e0 a trav\u00e9s del canal Youtube de la FEEC<\/p>\n<p>Al final de la xerrada hi haur\u00e0 un torn de preguntes en el qual els oients podran fer preguntes al ponent.<\/p>\n<p>L\u2019esdeveniment no requereix inscripci\u00f3 pr\u00e8via i \u00e9s gratu\u00eft.<\/p>\n","protected":false},"excerpt":{"rendered":"<p>La Federaci\u00f3 d\u2019Entitats Excursionistes de Catalunya a trav\u00e9s de l\u2019\u00c0rea de Seguretat i Salut, organitza un seminari web a c\u00e0rrec del ponent Pere Esteban, t\u00e8cnic del Servei Meteorol\u00f2gic de Catalunya i responsable de MeteoMuntanya.cat. Jeroni Garcia, membre del Comit\u00e8 de Seguretat de la FEEC ser\u00e0 l\u2019encarregat de presentar i moderar  [&#8230;]<\/p>\n","protected":false},"author":1,"featured_media":9533,"comment_status":"closed","ping_status":"closed","sticky":false,"template":"","format":"standard","meta":{"footnotes":""},"categories":[7,3],"tags":[],"class_list":["post-9532","post","type-post","status-publish","format-standard","has-post-thumbnail","hentry","category-muntanya","category-noticies"],"yoast_head":"<!-- This site is optimized with the Yoast SEO plugin v27.4 - https:\/\/yoast.com\/product\/yoast-seo-wordpress\/ -->\n<title>Tempestes i llamps - Centre Excursionista Taradell<\/title>\n<meta name=\"robots\" content=\"index, follow, max-snippet:-1, max-image-preview:large, max-video-preview:-1\" \/>\n<link rel=\"canonical\" href=\"https:\/\/cetaradell.cat\/ce\/tempestes-i-llamps\/\" \/>\n<meta property=\"og:locale\" content=\"ca_ES\" \/>\n<meta property=\"og:type\" content=\"article\" \/>\n<meta property=\"og:title\" content=\"Tempestes i llamps - Centre Excursionista Taradell\" \/>\n<meta property=\"og:description\" content=\"La Federaci\u00f3 d\u2019Entitats Excursionistes de Catalunya a trav\u00e9s de l\u2019\u00c0rea de Seguretat i Salut, organitza un seminari web a c\u00e0rrec del ponent Pere Esteban, t\u00e8cnic del Servei Meteorol\u00f2gic de Catalunya i responsable de MeteoMuntanya.cat. Jeroni Garcia, membre del Comit\u00e8 de Seguretat de la FEEC ser\u00e0 l\u2019encarregat de presentar i moderar [...]\" \/>\n<meta property=\"og:url\" content=\"https:\/\/cetaradell.cat\/ce\/tempestes-i-llamps\/\" \/>\n<meta property=\"og:site_name\" content=\"Centre Excursionista Taradell\" \/>\n<meta property=\"article:publisher\" content=\"https:\/\/www.facebook.com\/CETaradell\/\" \/>\n<meta property=\"article:published_time\" content=\"2024-05-01T16:49:44+00:00\" \/>\n<meta property=\"article:modified_time\" content=\"2024-05-01T16:51:41+00:00\" \/>\n<meta property=\"og:image\" content=\"https:\/\/cetaradell.cat\/ce\/wp-content\/uploads\/r_llamp_oscarvandervelde_1-1.jpg\" \/>\n\t<meta property=\"og:image:width\" content=\"800\" \/>\n\t<meta property=\"og:image:height\" content=\"534\" \/>\n\t<meta property=\"og:image:type\" content=\"image\/jpeg\" \/>\n<meta name=\"author\" content=\"CET\" \/>\n<meta name=\"twitter:card\" content=\"summary_large_image\" \/>\n<meta name=\"twitter:label1\" content=\"Escrit per\" \/>\n\t<meta name=\"twitter:data1\" content=\"CET\" \/>\n\t<meta name=\"twitter:label2\" content=\"Temps estimat de lectura\" \/>\n\t<meta name=\"twitter:data2\" content=\"1 minut\" \/>\n<script type=\"application\/ld+json\" class=\"yoast-schema-graph\">{\"@context\":\"https:\\\/\\\/schema.org\",\"@graph\":[{\"@type\":\"Article\",\"@id\":\"https:\\\/\\\/cetaradell.cat\\\/ce\\\/tempestes-i-llamps\\\/#article\",\"isPartOf\":{\"@id\":\"https:\\\/\\\/cetaradell.cat\\\/ce\\\/tempestes-i-llamps\\\/\"},\"author\":{\"name\":\"CET\",\"@id\":\"https:\\\/\\\/cetaradell.cat\\\/ce\\\/#\\\/schema\\\/person\\\/92a59f585073071c7be6649e84b22f78\"},\"headline\":\"Tempestes i llamps\",\"datePublished\":\"2024-05-01T16:49:44+00:00\",\"dateModified\":\"2024-05-01T16:51:41+00:00\",\"mainEntityOfPage\":{\"@id\":\"https:\\\/\\\/cetaradell.cat\\\/ce\\\/tempestes-i-llamps\\\/\"},\"wordCount\":167,\"image\":{\"@id\":\"https:\\\/\\\/cetaradell.cat\\\/ce\\\/tempestes-i-llamps\\\/#primaryimage\"},\"thumbnailUrl\":\"https:\\\/\\\/cetaradell.cat\\\/ce\\\/wp-content\\\/uploads\\\/r_llamp_oscarvandervelde_1-1.jpg\",\"articleSection\":[\"Muntanya\",\"Not\u00edcies\"],\"inLanguage\":\"ca\"},{\"@type\":\"WebPage\",\"@id\":\"https:\\\/\\\/cetaradell.cat\\\/ce\\\/tempestes-i-llamps\\\/\",\"url\":\"https:\\\/\\\/cetaradell.cat\\\/ce\\\/tempestes-i-llamps\\\/\",\"name\":\"Tempestes i llamps - Centre Excursionista Taradell\",\"isPartOf\":{\"@id\":\"https:\\\/\\\/cetaradell.cat\\\/ce\\\/#website\"},\"primaryImageOfPage\":{\"@id\":\"https:\\\/\\\/cetaradell.cat\\\/ce\\\/tempestes-i-llamps\\\/#primaryimage\"},\"image\":{\"@id\":\"https:\\\/\\\/cetaradell.cat\\\/ce\\\/tempestes-i-llamps\\\/#primaryimage\"},\"thumbnailUrl\":\"https:\\\/\\\/cetaradell.cat\\\/ce\\\/wp-content\\\/uploads\\\/r_llamp_oscarvandervelde_1-1.jpg\",\"datePublished\":\"2024-05-01T16:49:44+00:00\",\"dateModified\":\"2024-05-01T16:51:41+00:00\",\"author\":{\"@id\":\"https:\\\/\\\/cetaradell.cat\\\/ce\\\/#\\\/schema\\\/person\\\/92a59f585073071c7be6649e84b22f78\"},\"breadcrumb\":{\"@id\":\"https:\\\/\\\/cetaradell.cat\\\/ce\\\/tempestes-i-llamps\\\/#breadcrumb\"},\"inLanguage\":\"ca\",\"potentialAction\":[{\"@type\":\"ReadAction\",\"target\":[\"https:\\\/\\\/cetaradell.cat\\\/ce\\\/tempestes-i-llamps\\\/\"]}]},{\"@type\":\"ImageObject\",\"inLanguage\":\"ca\",\"@id\":\"https:\\\/\\\/cetaradell.cat\\\/ce\\\/tempestes-i-llamps\\\/#primaryimage\",\"url\":\"https:\\\/\\\/cetaradell.cat\\\/ce\\\/wp-content\\\/uploads\\\/r_llamp_oscarvandervelde_1-1.jpg\",\"contentUrl\":\"https:\\\/\\\/cetaradell.cat\\\/ce\\\/wp-content\\\/uploads\\\/r_llamp_oscarvandervelde_1-1.jpg\",\"width\":800,\"height\":534},{\"@type\":\"BreadcrumbList\",\"@id\":\"https:\\\/\\\/cetaradell.cat\\\/ce\\\/tempestes-i-llamps\\\/#breadcrumb\",\"itemListElement\":[{\"@type\":\"ListItem\",\"position\":1,\"name\":\"Inici\",\"item\":\"https:\\\/\\\/cetaradell.cat\\\/ce\\\/\"},{\"@type\":\"ListItem\",\"position\":2,\"name\":\"Tempestes i llamps\"}]},{\"@type\":\"WebSite\",\"@id\":\"https:\\\/\\\/cetaradell.cat\\\/ce\\\/#website\",\"url\":\"https:\\\/\\\/cetaradell.cat\\\/ce\\\/\",\"name\":\"Centre Excursionista Taradell\",\"description\":\"\",\"potentialAction\":[{\"@type\":\"SearchAction\",\"target\":{\"@type\":\"EntryPoint\",\"urlTemplate\":\"https:\\\/\\\/cetaradell.cat\\\/ce\\\/?s={search_term_string}\"},\"query-input\":{\"@type\":\"PropertyValueSpecification\",\"valueRequired\":true,\"valueName\":\"search_term_string\"}}],\"inLanguage\":\"ca\"},{\"@type\":\"Person\",\"@id\":\"https:\\\/\\\/cetaradell.cat\\\/ce\\\/#\\\/schema\\\/person\\\/92a59f585073071c7be6649e84b22f78\",\"name\":\"CET\",\"image\":{\"@type\":\"ImageObject\",\"inLanguage\":\"ca\",\"@id\":\"https:\\\/\\\/secure.gravatar.com\\\/avatar\\\/d6fbe010d42056feccc0f613ed07277a5118442805079269f12dabdc42e1a727?s=96&d=mm&r=g\",\"url\":\"https:\\\/\\\/secure.gravatar.com\\\/avatar\\\/d6fbe010d42056feccc0f613ed07277a5118442805079269f12dabdc42e1a727?s=96&d=mm&r=g\",\"contentUrl\":\"https:\\\/\\\/secure.gravatar.com\\\/avatar\\\/d6fbe010d42056feccc0f613ed07277a5118442805079269f12dabdc42e1a727?s=96&d=mm&r=g\",\"caption\":\"CET\"},\"url\":\"https:\\\/\\\/cetaradell.cat\\\/ce\\\/author\\\/root\\\/\"}]}<\/script>\n<!-- \/ Yoast SEO plugin. -->","yoast_head_json":{"title":"Tempestes i llamps - Centre Excursionista Taradell","robots":{"index":"index","follow":"follow","max-snippet":"max-snippet:-1","max-image-preview":"max-image-preview:large","max-video-preview":"max-video-preview:-1"},"canonical":"https:\/\/cetaradell.cat\/ce\/tempestes-i-llamps\/","og_locale":"ca_ES","og_type":"article","og_title":"Tempestes i llamps - Centre Excursionista Taradell","og_description":"La Federaci\u00f3 d\u2019Entitats Excursionistes de Catalunya a trav\u00e9s de l\u2019\u00c0rea de Seguretat i Salut, organitza un seminari web a c\u00e0rrec del ponent Pere Esteban, t\u00e8cnic del Servei Meteorol\u00f2gic de Catalunya i responsable de MeteoMuntanya.cat. Jeroni Garcia, membre del Comit\u00e8 de Seguretat de la FEEC ser\u00e0 l\u2019encarregat de presentar i moderar [...]","og_url":"https:\/\/cetaradell.cat\/ce\/tempestes-i-llamps\/","og_site_name":"Centre Excursionista Taradell","article_publisher":"https:\/\/www.facebook.com\/CETaradell\/","article_published_time":"2024-05-01T16:49:44+00:00","article_modified_time":"2024-05-01T16:51:41+00:00","og_image":[{"width":800,"height":534,"url":"https:\/\/cetaradell.cat\/ce\/wp-content\/uploads\/r_llamp_oscarvandervelde_1-1.jpg","type":"image\/jpeg"}],"author":"CET","twitter_card":"summary_large_image","twitter_misc":{"Escrit per":"CET","Temps estimat de lectura":"1 minut"},"schema":{"@context":"https:\/\/schema.org","@graph":[{"@type":"Article","@id":"https:\/\/cetaradell.cat\/ce\/tempestes-i-llamps\/#article","isPartOf":{"@id":"https:\/\/cetaradell.cat\/ce\/tempestes-i-llamps\/"},"author":{"name":"CET","@id":"https:\/\/cetaradell.cat\/ce\/#\/schema\/person\/92a59f585073071c7be6649e84b22f78"},"headline":"Tempestes i llamps","datePublished":"2024-05-01T16:49:44+00:00","dateModified":"2024-05-01T16:51:41+00:00","mainEntityOfPage":{"@id":"https:\/\/cetaradell.cat\/ce\/tempestes-i-llamps\/"},"wordCount":167,"image":{"@id":"https:\/\/cetaradell.cat\/ce\/tempestes-i-llamps\/#primaryimage"},"thumbnailUrl":"https:\/\/cetaradell.cat\/ce\/wp-content\/uploads\/r_llamp_oscarvandervelde_1-1.jpg","articleSection":["Muntanya","Not\u00edcies"],"inLanguage":"ca"},{"@type":"WebPage","@id":"https:\/\/cetaradell.cat\/ce\/tempestes-i-llamps\/","url":"https:\/\/cetaradell.cat\/ce\/tempestes-i-llamps\/","name":"Tempestes i llamps - Centre Excursionista Taradell","isPartOf":{"@id":"https:\/\/cetaradell.cat\/ce\/#website"},"primaryImageOfPage":{"@id":"https:\/\/cetaradell.cat\/ce\/tempestes-i-llamps\/#primaryimage"},"image":{"@id":"https:\/\/cetaradell.cat\/ce\/tempestes-i-llamps\/#primaryimage"},"thumbnailUrl":"https:\/\/cetaradell.cat\/ce\/wp-content\/uploads\/r_llamp_oscarvandervelde_1-1.jpg","datePublished":"2024-05-01T16:49:44+00:00","dateModified":"2024-05-01T16:51:41+00:00","author":{"@id":"https:\/\/cetaradell.cat\/ce\/#\/schema\/person\/92a59f585073071c7be6649e84b22f78"},"breadcrumb":{"@id":"https:\/\/cetaradell.cat\/ce\/tempestes-i-llamps\/#breadcrumb"},"inLanguage":"ca","potentialAction":[{"@type":"ReadAction","target":["https:\/\/cetaradell.cat\/ce\/tempestes-i-llamps\/"]}]},{"@type":"ImageObject","inLanguage":"ca","@id":"https:\/\/cetaradell.cat\/ce\/tempestes-i-llamps\/#primaryimage","url":"https:\/\/cetaradell.cat\/ce\/wp-content\/uploads\/r_llamp_oscarvandervelde_1-1.jpg","contentUrl":"https:\/\/cetaradell.cat\/ce\/wp-content\/uploads\/r_llamp_oscarvandervelde_1-1.jpg","width":800,"height":534},{"@type":"BreadcrumbList","@id":"https:\/\/cetaradell.cat\/ce\/tempestes-i-llamps\/#breadcrumb","itemListElement":[{"@type":"ListItem","position":1,"name":"Inici","item":"https:\/\/cetaradell.cat\/ce\/"},{"@type":"ListItem","position":2,"name":"Tempestes i llamps"}]},{"@type":"WebSite","@id":"https:\/\/cetaradell.cat\/ce\/#website","url":"https:\/\/cetaradell.cat\/ce\/","name":"Centre Excursionista Taradell","description":"","potentialAction":[{"@type":"SearchAction","target":{"@type":"EntryPoint","urlTemplate":"https:\/\/cetaradell.cat\/ce\/?s={search_term_string}"},"query-input":{"@type":"PropertyValueSpecification","valueRequired":true,"valueName":"search_term_string"}}],"inLanguage":"ca"},{"@type":"Person","@id":"https:\/\/cetaradell.cat\/ce\/#\/schema\/person\/92a59f585073071c7be6649e84b22f78","name":"CET","image":{"@type":"ImageObject","inLanguage":"ca","@id":"https:\/\/secure.gravatar.com\/avatar\/d6fbe010d42056feccc0f613ed07277a5118442805079269f12dabdc42e1a727?s=96&d=mm&r=g","url":"https:\/\/secure.gravatar.com\/avatar\/d6fbe010d42056feccc0f613ed07277a5118442805079269f12dabdc42e1a727?s=96&d=mm&r=g","contentUrl":"https:\/\/secure.gravatar.com\/avatar\/d6fbe010d42056feccc0f613ed07277a5118442805079269f12dabdc42e1a727?s=96&d=mm&r=g","caption":"CET"},"url":"https:\/\/cetaradell.cat\/ce\/author\/root\/"}]}},"_links":{"self":[{"href":"https:\/\/cetaradell.cat\/ce\/wp-json\/wp\/v2\/posts\/9532","targetHints":{"allow":["GET"]}}],"collection":[{"href":"https:\/\/cetaradell.cat\/ce\/wp-json\/wp\/v2\/posts"}],"about":[{"href":"https:\/\/cetaradell.cat\/ce\/wp-json\/wp\/v2\/types\/post"}],"author":[{"embeddable":true,"href":"https:\/\/cetaradell.cat\/ce\/wp-json\/wp\/v2\/users\/1"}],"replies":[{"embeddable":true,"href":"https:\/\/cetaradell.cat\/ce\/wp-json\/wp\/v2\/comments?post=9532"}],"version-history":[{"count":0,"href":"https:\/\/cetaradell.cat\/ce\/wp-json\/wp\/v2\/posts\/9532\/revisions"}],"wp:featuredmedia":[{"embeddable":true,"href":"https:\/\/cetaradell.cat\/ce\/wp-json\/wp\/v2\/media\/9533"}],"wp:attachment":[{"href":"https:\/\/cetaradell.cat\/ce\/wp-json\/wp\/v2\/media?parent=9532"}],"wp:term":[{"taxonomy":"category","embeddable":true,"href":"https:\/\/cetaradell.cat\/ce\/wp-json\/wp\/v2\/categories?post=9532"},{"taxonomy":"post_tag","embeddable":true,"href":"https:\/\/cetaradell.cat\/ce\/wp-json\/wp\/v2\/tags?post=9532"}],"curies":[{"name":"wp","href":"https:\/\/api.w.org\/{rel}","templated":true}]}}