{"id":9545,"date":"2024-05-18T13:35:44","date_gmt":"2024-05-18T12:35:44","guid":{"rendered":"https:\/\/cetaradell.cat\/ce\/?p=9545"},"modified":"2024-06-18T22:30:23","modified_gmt":"2024-06-18T21:30:23","slug":"sortides-de-senders-juny-2024","status":"publish","type":"post","link":"https:\/\/cetaradell.cat\/ce\/sortides-de-senders-juny-2024\/","title":{"rendered":"Sortides de Senders \u2013 Juny 2024"},"content":{"rendered":"<p><strong>Baga \/ Empedrats \/Refugi Sant Jordi \/ Gr\u00e9ixer &#8211; 10,8 km<\/strong><br \/>\n<strong><em>Ascen. Total 933<\/em><\/strong><strong><em> m. &#8211; Desn. Total 971 m.<br \/>\n<\/em><\/strong><\/p>\n<p><strong><a href=\"https:\/\/cetaradell.cat\/ce\/sortides-de-senders-maig-2024\/20240512_145158-sender-maig\/\" target=\"_blank\" rel=\"attachment noopener wp-att-9320\"><img decoding=\"async\" class=\"alignleft wp-image-9543 size-medium\" src=\"https:\/\/cetaradell.cat\/ce\/wp-content\/uploads\/20240512_145158-Sender-Maig-294x300.jpg\" alt=\"\" width=\"294\" height=\"300\" srcset=\"https:\/\/cetaradell.cat\/ce\/wp-content\/uploads\/20240512_145158-Sender-Maig-66x66.jpg 66w, https:\/\/cetaradell.cat\/ce\/wp-content\/uploads\/20240512_145158-Sender-Maig-200x204.jpg 200w, https:\/\/cetaradell.cat\/ce\/wp-content\/uploads\/20240512_145158-Sender-Maig-294x300.jpg 294w, https:\/\/cetaradell.cat\/ce\/wp-content\/uploads\/20240512_145158-Sender-Maig-400x408.jpg 400w, https:\/\/cetaradell.cat\/ce\/wp-content\/uploads\/20240512_145158-Sender-Maig-500x511.jpg 500w, https:\/\/cetaradell.cat\/ce\/wp-content\/uploads\/20240512_145158-Sender-Maig-600x613.jpg 600w, https:\/\/cetaradell.cat\/ce\/wp-content\/uploads\/20240512_145158-Sender-Maig-700x715.jpg 700w, https:\/\/cetaradell.cat\/ce\/wp-content\/uploads\/20240512_145158-Sender-Maig-768x784.jpg 768w, https:\/\/cetaradell.cat\/ce\/wp-content\/uploads\/20240512_145158-Sender-Maig-800x817.jpg 800w, https:\/\/cetaradell.cat\/ce\/wp-content\/uploads\/20240512_145158-Sender-Maig.jpg 852w\" sizes=\"(max-width: 294px) 100vw, 294px\" \/><\/a>DIA: <\/strong>Diumenge, 2 de juny de 2024<\/p>\n<p><strong>SORTIDA DE TARADELL: <\/strong>6.45 h de l&#8217;Espai 1 d&#8217;Octubre (La Carpa)<\/p>\n<p><strong>SORTIDA DE VIC: <\/strong>7.00 h de davant l&#8217;Hotel Can Pamplona<\/p>\n<p><strong>NOTA: <\/strong>Cal portar cal\u00e7at adequat preferiblement bota de canya alta, roba d\u2019abric, paravent, gorra, guants, protecci\u00f3 solar, bastons de trekking, aigua, esmorzar i dinar.<\/p>\n<p><strong>INSCRIPCIONS: <\/strong>Inscripcions obertes fins al dia 29 de maig.<\/p>\n<p><strong>PREU INSCRIPCI\u00d3: <\/strong>Autob\u00fas = 23 euros (Places limitades)<\/p>\n<p><strong>NOTES<\/strong>: \u00c9s imprescindible estar federat.<\/p>\n<p><strong>RECORREGUT:\u00a0<\/strong>Aquesta ruta surt de Can Cerdanyola a Baga, puja als Empedrats, el bullidor de la llet,\u00a0 fins al \u00a0refugi de Sant Jordi, Coll d\u2019Escriu i a partir d\u2019aqu\u00ed, ja es tot baixada fins a Gr\u00e9ixer. El recorregut es far\u00e0 al rev\u00e9s del que marca el track, ja que si baixa aigua, \u00e9s m\u00e9s atractiu \u00a0fer de pujada els empedrats i el bullidor de la llet, que no fer-ho de baixada.<\/p>\n<p><strong>\u00a0<\/strong><\/p>\n<table>\n<tbody>\n<tr>\n<td><span lang=\"CA\"><strong>Foto de la sortida de senders del maig:<\/strong><br \/>\n<\/span>Diumenge 12 de maig el grup de senders del CET va anar a la serra d&#8217;Ardenya. Es va sortir del Monestir de Santa Maria de Solius en direcci\u00f3 al castell de Solius i es va passar pel coll de Ceps i coll de Montclar abans de pujar al Montclar, de 401 m, que est\u00e0 dins del cat\u00e0leg del 100 cims de la FEEC.Ja de baixada es va passar per les restes de l&#8217;esgl\u00e9sia de Sant Baldiri fins al Santuari de Sant Grau, final del recorregut.<\/td>\n<\/tr>\n<\/tbody>\n<\/table>\n<p><span lang=\"CA\">\u00a0<\/span><\/p>\n","protected":false},"excerpt":{"rendered":"<p>Baga \/ Empedrats \/Refugi Sant Jordi \/ Gr\u00e9ixer &#8211; 10,8 km Ascen. Total 933 m. &#8211; Desn. Total 971 m. DIA: Diumenge, 2 de juny de 2024 SORTIDA DE TARADELL: 6.45 h de l&#8217;Espai 1 d&#8217;Octubre (La Carpa) SORTIDA DE VIC: 7.00 h de davant l&#8217;Hotel Can Pamplona NOTA: Cal  [&#8230;]<\/p>\n","protected":false},"author":1,"featured_media":9543,"comment_status":"closed","ping_status":"closed","sticky":false,"template":"","format":"standard","meta":{"footnotes":""},"categories":[12,4,11],"tags":[],"class_list":["post-9545","post","type-post","status-publish","format-standard","has-post-thumbnail","hentry","category-100-cims","category-activitats","category-senders"],"yoast_head":"<!-- This site is optimized with the Yoast SEO plugin v27.4 - https:\/\/yoast.com\/product\/yoast-seo-wordpress\/ -->\n<title>Sortides de Senders \u2013 Juny 2024 - Centre Excursionista Taradell<\/title>\n<meta name=\"robots\" content=\"index, follow, max-snippet:-1, max-image-preview:large, max-video-preview:-1\" \/>\n<link rel=\"canonical\" href=\"https:\/\/cetaradell.cat\/ce\/sortides-de-senders-juny-2024\/\" \/>\n<meta property=\"og:locale\" content=\"ca_ES\" \/>\n<meta property=\"og:type\" content=\"article\" \/>\n<meta property=\"og:title\" content=\"Sortides de Senders \u2013 Juny 2024 - Centre Excursionista Taradell\" \/>\n<meta property=\"og:description\" content=\"Baga \/ Empedrats \/Refugi Sant Jordi \/ Gr\u00e9ixer &#8211; 10,8 km Ascen. Total 933 m. &#8211; Desn. Total 971 m. DIA: Diumenge, 2 de juny de 2024 SORTIDA DE TARADELL: 6.45 h de l&#8217;Espai 1 d&#8217;Octubre (La Carpa) SORTIDA DE VIC: 7.00 h de davant l&#8217;Hotel Can Pamplona NOTA: Cal [...]\" \/>\n<meta property=\"og:url\" content=\"https:\/\/cetaradell.cat\/ce\/sortides-de-senders-juny-2024\/\" \/>\n<meta property=\"og:site_name\" content=\"Centre Excursionista Taradell\" \/>\n<meta property=\"article:publisher\" content=\"https:\/\/www.facebook.com\/CETaradell\/\" \/>\n<meta property=\"article:published_time\" content=\"2024-05-18T12:35:44+00:00\" \/>\n<meta property=\"article:modified_time\" content=\"2024-06-18T21:30:23+00:00\" \/>\n<meta property=\"og:image\" content=\"https:\/\/cetaradell.cat\/ce\/wp-content\/uploads\/20240512_145158-Sender-Maig.jpg\" \/>\n\t<meta property=\"og:image:width\" content=\"852\" \/>\n\t<meta property=\"og:image:height\" content=\"870\" \/>\n\t<meta property=\"og:image:type\" content=\"image\/jpeg\" \/>\n<meta name=\"author\" content=\"CET\" \/>\n<meta name=\"twitter:card\" content=\"summary_large_image\" \/>\n<meta name=\"twitter:label1\" content=\"Escrit per\" \/>\n\t<meta name=\"twitter:data1\" content=\"CET\" \/>\n\t<meta name=\"twitter:label2\" content=\"Temps estimat de lectura\" \/>\n\t<meta name=\"twitter:data2\" content=\"2 minuts\" \/>\n<script type=\"application\/ld+json\" class=\"yoast-schema-graph\">{\"@context\":\"https:\\\/\\\/schema.org\",\"@graph\":[{\"@type\":\"Article\",\"@id\":\"https:\\\/\\\/cetaradell.cat\\\/ce\\\/sortides-de-senders-juny-2024\\\/#article\",\"isPartOf\":{\"@id\":\"https:\\\/\\\/cetaradell.cat\\\/ce\\\/sortides-de-senders-juny-2024\\\/\"},\"author\":{\"name\":\"CET\",\"@id\":\"https:\\\/\\\/cetaradell.cat\\\/ce\\\/#\\\/schema\\\/person\\\/92a59f585073071c7be6649e84b22f78\"},\"headline\":\"Sortides de Senders \u2013 Juny 2024\",\"datePublished\":\"2024-05-18T12:35:44+00:00\",\"dateModified\":\"2024-06-18T21:30:23+00:00\",\"mainEntityOfPage\":{\"@id\":\"https:\\\/\\\/cetaradell.cat\\\/ce\\\/sortides-de-senders-juny-2024\\\/\"},\"wordCount\":263,\"image\":{\"@id\":\"https:\\\/\\\/cetaradell.cat\\\/ce\\\/sortides-de-senders-juny-2024\\\/#primaryimage\"},\"thumbnailUrl\":\"https:\\\/\\\/cetaradell.cat\\\/ce\\\/wp-content\\\/uploads\\\/20240512_145158-Sender-Maig.jpg\",\"articleSection\":[\"100 Cims\",\"Activitats\",\"Senders\"],\"inLanguage\":\"ca\"},{\"@type\":\"WebPage\",\"@id\":\"https:\\\/\\\/cetaradell.cat\\\/ce\\\/sortides-de-senders-juny-2024\\\/\",\"url\":\"https:\\\/\\\/cetaradell.cat\\\/ce\\\/sortides-de-senders-juny-2024\\\/\",\"name\":\"Sortides de Senders \u2013 Juny 2024 - Centre Excursionista Taradell\",\"isPartOf\":{\"@id\":\"https:\\\/\\\/cetaradell.cat\\\/ce\\\/#website\"},\"primaryImageOfPage\":{\"@id\":\"https:\\\/\\\/cetaradell.cat\\\/ce\\\/sortides-de-senders-juny-2024\\\/#primaryimage\"},\"image\":{\"@id\":\"https:\\\/\\\/cetaradell.cat\\\/ce\\\/sortides-de-senders-juny-2024\\\/#primaryimage\"},\"thumbnailUrl\":\"https:\\\/\\\/cetaradell.cat\\\/ce\\\/wp-content\\\/uploads\\\/20240512_145158-Sender-Maig.jpg\",\"datePublished\":\"2024-05-18T12:35:44+00:00\",\"dateModified\":\"2024-06-18T21:30:23+00:00\",\"author\":{\"@id\":\"https:\\\/\\\/cetaradell.cat\\\/ce\\\/#\\\/schema\\\/person\\\/92a59f585073071c7be6649e84b22f78\"},\"breadcrumb\":{\"@id\":\"https:\\\/\\\/cetaradell.cat\\\/ce\\\/sortides-de-senders-juny-2024\\\/#breadcrumb\"},\"inLanguage\":\"ca\",\"potentialAction\":[{\"@type\":\"ReadAction\",\"target\":[\"https:\\\/\\\/cetaradell.cat\\\/ce\\\/sortides-de-senders-juny-2024\\\/\"]}]},{\"@type\":\"ImageObject\",\"inLanguage\":\"ca\",\"@id\":\"https:\\\/\\\/cetaradell.cat\\\/ce\\\/sortides-de-senders-juny-2024\\\/#primaryimage\",\"url\":\"https:\\\/\\\/cetaradell.cat\\\/ce\\\/wp-content\\\/uploads\\\/20240512_145158-Sender-Maig.jpg\",\"contentUrl\":\"https:\\\/\\\/cetaradell.cat\\\/ce\\\/wp-content\\\/uploads\\\/20240512_145158-Sender-Maig.jpg\",\"width\":852,\"height\":870},{\"@type\":\"BreadcrumbList\",\"@id\":\"https:\\\/\\\/cetaradell.cat\\\/ce\\\/sortides-de-senders-juny-2024\\\/#breadcrumb\",\"itemListElement\":[{\"@type\":\"ListItem\",\"position\":1,\"name\":\"Inici\",\"item\":\"https:\\\/\\\/cetaradell.cat\\\/ce\\\/\"},{\"@type\":\"ListItem\",\"position\":2,\"name\":\"Sortides de Senders \u2013 Juny 2024\"}]},{\"@type\":\"WebSite\",\"@id\":\"https:\\\/\\\/cetaradell.cat\\\/ce\\\/#website\",\"url\":\"https:\\\/\\\/cetaradell.cat\\\/ce\\\/\",\"name\":\"Centre Excursionista Taradell\",\"description\":\"\",\"potentialAction\":[{\"@type\":\"SearchAction\",\"target\":{\"@type\":\"EntryPoint\",\"urlTemplate\":\"https:\\\/\\\/cetaradell.cat\\\/ce\\\/?s={search_term_string}\"},\"query-input\":{\"@type\":\"PropertyValueSpecification\",\"valueRequired\":true,\"valueName\":\"search_term_string\"}}],\"inLanguage\":\"ca\"},{\"@type\":\"Person\",\"@id\":\"https:\\\/\\\/cetaradell.cat\\\/ce\\\/#\\\/schema\\\/person\\\/92a59f585073071c7be6649e84b22f78\",\"name\":\"CET\",\"image\":{\"@type\":\"ImageObject\",\"inLanguage\":\"ca\",\"@id\":\"https:\\\/\\\/secure.gravatar.com\\\/avatar\\\/d6fbe010d42056feccc0f613ed07277a5118442805079269f12dabdc42e1a727?s=96&d=mm&r=g\",\"url\":\"https:\\\/\\\/secure.gravatar.com\\\/avatar\\\/d6fbe010d42056feccc0f613ed07277a5118442805079269f12dabdc42e1a727?s=96&d=mm&r=g\",\"contentUrl\":\"https:\\\/\\\/secure.gravatar.com\\\/avatar\\\/d6fbe010d42056feccc0f613ed07277a5118442805079269f12dabdc42e1a727?s=96&d=mm&r=g\",\"caption\":\"CET\"},\"url\":\"https:\\\/\\\/cetaradell.cat\\\/ce\\\/author\\\/root\\\/\"}]}<\/script>\n<!-- \/ Yoast SEO plugin. -->","yoast_head_json":{"title":"Sortides de Senders \u2013 Juny 2024 - Centre Excursionista Taradell","robots":{"index":"index","follow":"follow","max-snippet":"max-snippet:-1","max-image-preview":"max-image-preview:large","max-video-preview":"max-video-preview:-1"},"canonical":"https:\/\/cetaradell.cat\/ce\/sortides-de-senders-juny-2024\/","og_locale":"ca_ES","og_type":"article","og_title":"Sortides de Senders \u2013 Juny 2024 - Centre Excursionista Taradell","og_description":"Baga \/ Empedrats \/Refugi Sant Jordi \/ Gr\u00e9ixer &#8211; 10,8 km Ascen. Total 933 m. &#8211; Desn. Total 971 m. DIA: Diumenge, 2 de juny de 2024 SORTIDA DE TARADELL: 6.45 h de l&#8217;Espai 1 d&#8217;Octubre (La Carpa) SORTIDA DE VIC: 7.00 h de davant l&#8217;Hotel Can Pamplona NOTA: Cal [...]","og_url":"https:\/\/cetaradell.cat\/ce\/sortides-de-senders-juny-2024\/","og_site_name":"Centre Excursionista Taradell","article_publisher":"https:\/\/www.facebook.com\/CETaradell\/","article_published_time":"2024-05-18T12:35:44+00:00","article_modified_time":"2024-06-18T21:30:23+00:00","og_image":[{"width":852,"height":870,"url":"https:\/\/cetaradell.cat\/ce\/wp-content\/uploads\/20240512_145158-Sender-Maig.jpg","type":"image\/jpeg"}],"author":"CET","twitter_card":"summary_large_image","twitter_misc":{"Escrit per":"CET","Temps estimat de lectura":"2 minuts"},"schema":{"@context":"https:\/\/schema.org","@graph":[{"@type":"Article","@id":"https:\/\/cetaradell.cat\/ce\/sortides-de-senders-juny-2024\/#article","isPartOf":{"@id":"https:\/\/cetaradell.cat\/ce\/sortides-de-senders-juny-2024\/"},"author":{"name":"CET","@id":"https:\/\/cetaradell.cat\/ce\/#\/schema\/person\/92a59f585073071c7be6649e84b22f78"},"headline":"Sortides de Senders \u2013 Juny 2024","datePublished":"2024-05-18T12:35:44+00:00","dateModified":"2024-06-18T21:30:23+00:00","mainEntityOfPage":{"@id":"https:\/\/cetaradell.cat\/ce\/sortides-de-senders-juny-2024\/"},"wordCount":263,"image":{"@id":"https:\/\/cetaradell.cat\/ce\/sortides-de-senders-juny-2024\/#primaryimage"},"thumbnailUrl":"https:\/\/cetaradell.cat\/ce\/wp-content\/uploads\/20240512_145158-Sender-Maig.jpg","articleSection":["100 Cims","Activitats","Senders"],"inLanguage":"ca"},{"@type":"WebPage","@id":"https:\/\/cetaradell.cat\/ce\/sortides-de-senders-juny-2024\/","url":"https:\/\/cetaradell.cat\/ce\/sortides-de-senders-juny-2024\/","name":"Sortides de Senders \u2013 Juny 2024 - Centre Excursionista Taradell","isPartOf":{"@id":"https:\/\/cetaradell.cat\/ce\/#website"},"primaryImageOfPage":{"@id":"https:\/\/cetaradell.cat\/ce\/sortides-de-senders-juny-2024\/#primaryimage"},"image":{"@id":"https:\/\/cetaradell.cat\/ce\/sortides-de-senders-juny-2024\/#primaryimage"},"thumbnailUrl":"https:\/\/cetaradell.cat\/ce\/wp-content\/uploads\/20240512_145158-Sender-Maig.jpg","datePublished":"2024-05-18T12:35:44+00:00","dateModified":"2024-06-18T21:30:23+00:00","author":{"@id":"https:\/\/cetaradell.cat\/ce\/#\/schema\/person\/92a59f585073071c7be6649e84b22f78"},"breadcrumb":{"@id":"https:\/\/cetaradell.cat\/ce\/sortides-de-senders-juny-2024\/#breadcrumb"},"inLanguage":"ca","potentialAction":[{"@type":"ReadAction","target":["https:\/\/cetaradell.cat\/ce\/sortides-de-senders-juny-2024\/"]}]},{"@type":"ImageObject","inLanguage":"ca","@id":"https:\/\/cetaradell.cat\/ce\/sortides-de-senders-juny-2024\/#primaryimage","url":"https:\/\/cetaradell.cat\/ce\/wp-content\/uploads\/20240512_145158-Sender-Maig.jpg","contentUrl":"https:\/\/cetaradell.cat\/ce\/wp-content\/uploads\/20240512_145158-Sender-Maig.jpg","width":852,"height":870},{"@type":"BreadcrumbList","@id":"https:\/\/cetaradell.cat\/ce\/sortides-de-senders-juny-2024\/#breadcrumb","itemListElement":[{"@type":"ListItem","position":1,"name":"Inici","item":"https:\/\/cetaradell.cat\/ce\/"},{"@type":"ListItem","position":2,"name":"Sortides de Senders \u2013 Juny 2024"}]},{"@type":"WebSite","@id":"https:\/\/cetaradell.cat\/ce\/#website","url":"https:\/\/cetaradell.cat\/ce\/","name":"Centre Excursionista Taradell","description":"","potentialAction":[{"@type":"SearchAction","target":{"@type":"EntryPoint","urlTemplate":"https:\/\/cetaradell.cat\/ce\/?s={search_term_string}"},"query-input":{"@type":"PropertyValueSpecification","valueRequired":true,"valueName":"search_term_string"}}],"inLanguage":"ca"},{"@type":"Person","@id":"https:\/\/cetaradell.cat\/ce\/#\/schema\/person\/92a59f585073071c7be6649e84b22f78","name":"CET","image":{"@type":"ImageObject","inLanguage":"ca","@id":"https:\/\/secure.gravatar.com\/avatar\/d6fbe010d42056feccc0f613ed07277a5118442805079269f12dabdc42e1a727?s=96&d=mm&r=g","url":"https:\/\/secure.gravatar.com\/avatar\/d6fbe010d42056feccc0f613ed07277a5118442805079269f12dabdc42e1a727?s=96&d=mm&r=g","contentUrl":"https:\/\/secure.gravatar.com\/avatar\/d6fbe010d42056feccc0f613ed07277a5118442805079269f12dabdc42e1a727?s=96&d=mm&r=g","caption":"CET"},"url":"https:\/\/cetaradell.cat\/ce\/author\/root\/"}]}},"_links":{"self":[{"href":"https:\/\/cetaradell.cat\/ce\/wp-json\/wp\/v2\/posts\/9545","targetHints":{"allow":["GET"]}}],"collection":[{"href":"https:\/\/cetaradell.cat\/ce\/wp-json\/wp\/v2\/posts"}],"about":[{"href":"https:\/\/cetaradell.cat\/ce\/wp-json\/wp\/v2\/types\/post"}],"author":[{"embeddable":true,"href":"https:\/\/cetaradell.cat\/ce\/wp-json\/wp\/v2\/users\/1"}],"replies":[{"embeddable":true,"href":"https:\/\/cetaradell.cat\/ce\/wp-json\/wp\/v2\/comments?post=9545"}],"version-history":[{"count":0,"href":"https:\/\/cetaradell.cat\/ce\/wp-json\/wp\/v2\/posts\/9545\/revisions"}],"wp:featuredmedia":[{"embeddable":true,"href":"https:\/\/cetaradell.cat\/ce\/wp-json\/wp\/v2\/media\/9543"}],"wp:attachment":[{"href":"https:\/\/cetaradell.cat\/ce\/wp-json\/wp\/v2\/media?parent=9545"}],"wp:term":[{"taxonomy":"category","embeddable":true,"href":"https:\/\/cetaradell.cat\/ce\/wp-json\/wp\/v2\/categories?post=9545"},{"taxonomy":"post_tag","embeddable":true,"href":"https:\/\/cetaradell.cat\/ce\/wp-json\/wp\/v2\/tags?post=9545"}],"curies":[{"name":"wp","href":"https:\/\/api.w.org\/{rel}","templated":true}]}}