{"id":9616,"date":"2024-09-19T20:24:23","date_gmt":"2024-09-19T19:24:23","guid":{"rendered":"https:\/\/cetaradell.cat\/ce\/?p=9616"},"modified":"2024-09-19T20:24:24","modified_gmt":"2024-09-19T19:24:24","slug":"sortides-de-senders-octubre-2024","status":"publish","type":"post","link":"https:\/\/cetaradell.cat\/ce\/sortides-de-senders-octubre-2024\/","title":{"rendered":"Sortides de Senders \u2013 Octubre 2024"},"content":{"rendered":"<p><strong>Casilla Salt\u00e8guet\u00a0 \/ Creu de Meians \/ D\u00f2rria &#8211; 14,1 km<\/strong><br \/>\n<strong><em>Ascen. Total 500<\/em><\/strong><strong><em> m. &#8211; Desn. Total 680 m.<br \/>\n<\/em><\/strong><\/p>\n<p><strong><a href=\"https:\/\/cetaradell.cat\/ce\/?attachment_id=9617\" target=\"_blank\" rel=\"attachment noopener wp-att-9320\"><img decoding=\"async\" class=\"alignleft wp-image-9617 size-medium\" src=\"https:\/\/cetaradell.cat\/ce\/wp-content\/uploads\/20240714_110019-Sendres-juliol-296x300.jpg\" alt=\"\" width=\"296\" height=\"300\" srcset=\"https:\/\/cetaradell.cat\/ce\/wp-content\/uploads\/20240714_110019-Sendres-juliol-66x66.jpg 66w, https:\/\/cetaradell.cat\/ce\/wp-content\/uploads\/20240714_110019-Sendres-juliol-100x100.jpg 100w, https:\/\/cetaradell.cat\/ce\/wp-content\/uploads\/20240714_110019-Sendres-juliol-200x203.jpg 200w, https:\/\/cetaradell.cat\/ce\/wp-content\/uploads\/20240714_110019-Sendres-juliol-296x300.jpg 296w, https:\/\/cetaradell.cat\/ce\/wp-content\/uploads\/20240714_110019-Sendres-juliol-400x405.jpg 400w, https:\/\/cetaradell.cat\/ce\/wp-content\/uploads\/20240714_110019-Sendres-juliol-500x506.jpg 500w, https:\/\/cetaradell.cat\/ce\/wp-content\/uploads\/20240714_110019-Sendres-juliol-600x608.jpg 600w, https:\/\/cetaradell.cat\/ce\/wp-content\/uploads\/20240714_110019-Sendres-juliol-700x709.jpg 700w, https:\/\/cetaradell.cat\/ce\/wp-content\/uploads\/20240714_110019-Sendres-juliol.jpg 709w\" sizes=\"(max-width: 296px) 100vw, 296px\" \/><\/a>DIA: <\/strong>Diumenge, 6 d&#8217;octubre de 2024<\/p>\n<p><strong>SORTIDA DE TARADELL: <\/strong>6.45 h de l&#8217;Espai 1 d&#8217;Octubre (La Carpa)<\/p>\n<p><strong>SORTIDA DE VIC: <\/strong>7.00 h de davant l&#8217;Hotel Can Pamplona<\/p>\n<p><strong>NOTA: <\/strong>Cal portar cal\u00e7at adequat preferiblement bota de canya alta, roba d\u2019abric, paravent, gorra, guants, protecci\u00f3 solar, bastons de trekking, aigua, esmorzar i dinar.<\/p>\n<p><strong>INSCRIPCIONS: <\/strong>Inscripcions obertes fins al dia 4 d&#8217;octubre.<\/p>\n<p><strong>PREU INSCRIPCI\u00d3: <\/strong>Autob\u00fas = 23 euros (Places limitades)<\/p>\n<p><strong>NOTES<\/strong>: \u00c9s imprescindible estar federat.<\/p>\n<p><strong>RECORREGUT: <\/strong>A dos quil\u00f2metres de la Collada de Toses en direcci\u00f3 a Puigcerd\u00e0 es troba la Caseta de Salt\u00e8guet, inici de la sortida. El cam\u00ed fins a la Creu de Meians es fa a trav\u00e9s de boscos molt frondosos, i abans d&#8217;arribar a la Creu de Meians trobarem dos b\u00fanquers, en un dels quals hi ha un v\u00e8rtex geod\u00e8sic. Continuarem el cam\u00ed per fer el cim de Coma Morera de 2.209 m i a partir d\u2019aqu\u00ed anirem a buscar el cam\u00ed que ens portar\u00e0 al refugi de D\u00f2rria i tot seguit a la poblaci\u00f3 de D\u00f2rria, final de la sortida.<\/p>\n<p><strong>\u00a0<\/strong><\/p>\n<table>\n<tbody>\n<tr>\n<td><span lang=\"CA\"><strong>Foto de la sortida de senders del juliol:<\/strong><br \/>\n<\/span>El d<span lang=\"CA\">iumenge 14 de juliol es va fer una sortida de senders del CET, aquesta vegada es va anar a fer una sortida circular de 17 km amb sortida i arribada a Vallfogona del Ripoll\u00e8s. Aquesta ruta va incloure dos cims del repte dels\u00a0 100 Cims de la FEEC, com s\u00f3n el Castell de Milany i Santa Magdalena de Cambrils.<\/span><\/p>\n<p><strong>Sortida del setembre:<\/strong><\/p>\n<div dir=\"ltr\">\n<div>Pel setembre es va fer una sortida de dos dies a Andorra:<\/div>\n<div>Dissabte 7 de Setembre: Vam sortir de bon mat\u00ed cap Andorra a fer el Pic de l&#8217;Estany\u00f3 des de la Vall de Sorteny. El dia va ser molt vent\u00f3s i a dalt dels cims hi havia boira. Un cop arribats al coll a punt d&#8217;iniciar la pujada cap al pic, degut a les intenses rafegues de vent que feien impossible aguantar l&#8217;equilibri, vam decidir fer marxa enrere.<\/div>\n<div><a href=\"https:\/\/cetaradell.cat\/ce\/sortides-de-senders-octubre-2024\/20240908_101439-sortida-andorra\/\" target=\"_blank\" rel=\"attachment noopener wp-att-9618\"><img decoding=\"async\" class=\"aligncenter wp-image-9618 size-medium\" src=\"https:\/\/cetaradell.cat\/ce\/wp-content\/uploads\/20240908_101439-Sortida-Andorra-300x205.jpg\" alt=\"\" width=\"300\" height=\"205\" srcset=\"https:\/\/cetaradell.cat\/ce\/wp-content\/uploads\/20240908_101439-Sortida-Andorra-200x137.jpg 200w, https:\/\/cetaradell.cat\/ce\/wp-content\/uploads\/20240908_101439-Sortida-Andorra-300x205.jpg 300w, https:\/\/cetaradell.cat\/ce\/wp-content\/uploads\/20240908_101439-Sortida-Andorra-400x273.jpg 400w, https:\/\/cetaradell.cat\/ce\/wp-content\/uploads\/20240908_101439-Sortida-Andorra-500x342.jpg 500w, https:\/\/cetaradell.cat\/ce\/wp-content\/uploads\/20240908_101439-Sortida-Andorra-600x410.jpg 600w, https:\/\/cetaradell.cat\/ce\/wp-content\/uploads\/20240908_101439-Sortida-Andorra-700x479.jpg 700w, https:\/\/cetaradell.cat\/ce\/wp-content\/uploads\/20240908_101439-Sortida-Andorra-768x525.jpg 768w, https:\/\/cetaradell.cat\/ce\/wp-content\/uploads\/20240908_101439-Sortida-Andorra-800x547.jpg 800w, https:\/\/cetaradell.cat\/ce\/wp-content\/uploads\/20240908_101439-Sortida-Andorra-1024x700.jpg 1024w, https:\/\/cetaradell.cat\/ce\/wp-content\/uploads\/20240908_101439-Sortida-Andorra.jpg 1122w\" sizes=\"(max-width: 300px) 100vw, 300px\" \/><\/a><\/div>\n<div>Diumenge 8 de Setembre: Ens vam llevar molt d&#8217;hora per poder passar la barrera per pujar a Ordino\/Arcal\u00eds, on anem a fer el Pic de Creussans, el Pic de Cabany\u00f3 i el rellotge solar de Tristaina.<\/div>\n<div>Tot i que d&#8217;alt el coll feia una mica de vent, en general va fer bon dia i varem poder gaudir d&#8217;unes vistes excepcionals del Pirineu.<\/div>\n<\/div>\n<\/td>\n<\/tr>\n<\/tbody>\n<\/table>\n<p><span lang=\"CA\">\u00a0<\/span><\/p>\n","protected":false},"excerpt":{"rendered":"<p>Casilla Salt\u00e8guet\u00a0 \/ Creu de Meians \/ D\u00f2rria &#8211; 14,1 km Ascen. Total 500 m. &#8211; Desn. Total 680 m. DIA: Diumenge, 6 d&#8217;octubre de 2024 SORTIDA DE TARADELL: 6.45 h de l&#8217;Espai 1 d&#8217;Octubre (La Carpa) SORTIDA DE VIC: 7.00 h de davant l&#8217;Hotel Can Pamplona NOTA: Cal portar  [&#8230;]<\/p>\n","protected":false},"author":1,"featured_media":9617,"comment_status":"closed","ping_status":"closed","sticky":false,"template":"","format":"standard","meta":{"footnotes":""},"categories":[12,4,11],"tags":[],"class_list":["post-9616","post","type-post","status-publish","format-standard","has-post-thumbnail","hentry","category-100-cims","category-activitats","category-senders"],"yoast_head":"<!-- This site is optimized with the Yoast SEO plugin v27.4 - https:\/\/yoast.com\/product\/yoast-seo-wordpress\/ -->\n<title>Sortides de Senders \u2013 Octubre 2024 - Centre Excursionista Taradell<\/title>\n<meta name=\"robots\" content=\"index, follow, max-snippet:-1, max-image-preview:large, max-video-preview:-1\" \/>\n<link rel=\"canonical\" href=\"https:\/\/cetaradell.cat\/ce\/sortides-de-senders-octubre-2024\/\" \/>\n<meta property=\"og:locale\" content=\"ca_ES\" \/>\n<meta property=\"og:type\" content=\"article\" \/>\n<meta property=\"og:title\" content=\"Sortides de Senders \u2013 Octubre 2024 - Centre Excursionista Taradell\" \/>\n<meta property=\"og:description\" content=\"Casilla Salt\u00e8guet\u00a0 \/ Creu de Meians \/ D\u00f2rria &#8211; 14,1 km Ascen. Total 500 m. &#8211; Desn. Total 680 m. DIA: Diumenge, 6 d&#8217;octubre de 2024 SORTIDA DE TARADELL: 6.45 h de l&#8217;Espai 1 d&#8217;Octubre (La Carpa) SORTIDA DE VIC: 7.00 h de davant l&#8217;Hotel Can Pamplona NOTA: Cal portar [...]\" \/>\n<meta property=\"og:url\" content=\"https:\/\/cetaradell.cat\/ce\/sortides-de-senders-octubre-2024\/\" \/>\n<meta property=\"og:site_name\" content=\"Centre Excursionista Taradell\" \/>\n<meta property=\"article:publisher\" content=\"https:\/\/www.facebook.com\/CETaradell\/\" \/>\n<meta property=\"article:published_time\" content=\"2024-09-19T19:24:23+00:00\" \/>\n<meta property=\"article:modified_time\" content=\"2024-09-19T19:24:24+00:00\" \/>\n<meta property=\"og:image\" content=\"https:\/\/cetaradell.cat\/ce\/wp-content\/uploads\/20240714_110019-Sendres-juliol.jpg\" \/>\n\t<meta property=\"og:image:width\" content=\"709\" \/>\n\t<meta property=\"og:image:height\" content=\"718\" \/>\n\t<meta property=\"og:image:type\" content=\"image\/jpeg\" \/>\n<meta name=\"author\" content=\"CET\" \/>\n<meta name=\"twitter:card\" content=\"summary_large_image\" \/>\n<meta name=\"twitter:label1\" content=\"Escrit per\" \/>\n\t<meta name=\"twitter:data1\" content=\"CET\" \/>\n\t<meta name=\"twitter:label2\" content=\"Temps estimat de lectura\" \/>\n\t<meta name=\"twitter:data2\" content=\"3 minuts\" \/>\n<script type=\"application\/ld+json\" class=\"yoast-schema-graph\">{\"@context\":\"https:\\\/\\\/schema.org\",\"@graph\":[{\"@type\":\"Article\",\"@id\":\"https:\\\/\\\/cetaradell.cat\\\/ce\\\/sortides-de-senders-octubre-2024\\\/#article\",\"isPartOf\":{\"@id\":\"https:\\\/\\\/cetaradell.cat\\\/ce\\\/sortides-de-senders-octubre-2024\\\/\"},\"author\":{\"name\":\"CET\",\"@id\":\"https:\\\/\\\/cetaradell.cat\\\/ce\\\/#\\\/schema\\\/person\\\/92a59f585073071c7be6649e84b22f78\"},\"headline\":\"Sortides de Senders \u2013 Octubre 2024\",\"datePublished\":\"2024-09-19T19:24:23+00:00\",\"dateModified\":\"2024-09-19T19:24:24+00:00\",\"mainEntityOfPage\":{\"@id\":\"https:\\\/\\\/cetaradell.cat\\\/ce\\\/sortides-de-senders-octubre-2024\\\/\"},\"wordCount\":420,\"image\":{\"@id\":\"https:\\\/\\\/cetaradell.cat\\\/ce\\\/sortides-de-senders-octubre-2024\\\/#primaryimage\"},\"thumbnailUrl\":\"https:\\\/\\\/cetaradell.cat\\\/ce\\\/wp-content\\\/uploads\\\/20240714_110019-Sendres-juliol.jpg\",\"articleSection\":[\"100 Cims\",\"Activitats\",\"Senders\"],\"inLanguage\":\"ca\"},{\"@type\":\"WebPage\",\"@id\":\"https:\\\/\\\/cetaradell.cat\\\/ce\\\/sortides-de-senders-octubre-2024\\\/\",\"url\":\"https:\\\/\\\/cetaradell.cat\\\/ce\\\/sortides-de-senders-octubre-2024\\\/\",\"name\":\"Sortides de Senders \u2013 Octubre 2024 - Centre Excursionista Taradell\",\"isPartOf\":{\"@id\":\"https:\\\/\\\/cetaradell.cat\\\/ce\\\/#website\"},\"primaryImageOfPage\":{\"@id\":\"https:\\\/\\\/cetaradell.cat\\\/ce\\\/sortides-de-senders-octubre-2024\\\/#primaryimage\"},\"image\":{\"@id\":\"https:\\\/\\\/cetaradell.cat\\\/ce\\\/sortides-de-senders-octubre-2024\\\/#primaryimage\"},\"thumbnailUrl\":\"https:\\\/\\\/cetaradell.cat\\\/ce\\\/wp-content\\\/uploads\\\/20240714_110019-Sendres-juliol.jpg\",\"datePublished\":\"2024-09-19T19:24:23+00:00\",\"dateModified\":\"2024-09-19T19:24:24+00:00\",\"author\":{\"@id\":\"https:\\\/\\\/cetaradell.cat\\\/ce\\\/#\\\/schema\\\/person\\\/92a59f585073071c7be6649e84b22f78\"},\"breadcrumb\":{\"@id\":\"https:\\\/\\\/cetaradell.cat\\\/ce\\\/sortides-de-senders-octubre-2024\\\/#breadcrumb\"},\"inLanguage\":\"ca\",\"potentialAction\":[{\"@type\":\"ReadAction\",\"target\":[\"https:\\\/\\\/cetaradell.cat\\\/ce\\\/sortides-de-senders-octubre-2024\\\/\"]}]},{\"@type\":\"ImageObject\",\"inLanguage\":\"ca\",\"@id\":\"https:\\\/\\\/cetaradell.cat\\\/ce\\\/sortides-de-senders-octubre-2024\\\/#primaryimage\",\"url\":\"https:\\\/\\\/cetaradell.cat\\\/ce\\\/wp-content\\\/uploads\\\/20240714_110019-Sendres-juliol.jpg\",\"contentUrl\":\"https:\\\/\\\/cetaradell.cat\\\/ce\\\/wp-content\\\/uploads\\\/20240714_110019-Sendres-juliol.jpg\",\"width\":709,\"height\":718},{\"@type\":\"BreadcrumbList\",\"@id\":\"https:\\\/\\\/cetaradell.cat\\\/ce\\\/sortides-de-senders-octubre-2024\\\/#breadcrumb\",\"itemListElement\":[{\"@type\":\"ListItem\",\"position\":1,\"name\":\"Inici\",\"item\":\"https:\\\/\\\/cetaradell.cat\\\/ce\\\/\"},{\"@type\":\"ListItem\",\"position\":2,\"name\":\"Sortides de Senders \u2013 Octubre 2024\"}]},{\"@type\":\"WebSite\",\"@id\":\"https:\\\/\\\/cetaradell.cat\\\/ce\\\/#website\",\"url\":\"https:\\\/\\\/cetaradell.cat\\\/ce\\\/\",\"name\":\"Centre Excursionista Taradell\",\"description\":\"\",\"potentialAction\":[{\"@type\":\"SearchAction\",\"target\":{\"@type\":\"EntryPoint\",\"urlTemplate\":\"https:\\\/\\\/cetaradell.cat\\\/ce\\\/?s={search_term_string}\"},\"query-input\":{\"@type\":\"PropertyValueSpecification\",\"valueRequired\":true,\"valueName\":\"search_term_string\"}}],\"inLanguage\":\"ca\"},{\"@type\":\"Person\",\"@id\":\"https:\\\/\\\/cetaradell.cat\\\/ce\\\/#\\\/schema\\\/person\\\/92a59f585073071c7be6649e84b22f78\",\"name\":\"CET\",\"image\":{\"@type\":\"ImageObject\",\"inLanguage\":\"ca\",\"@id\":\"https:\\\/\\\/secure.gravatar.com\\\/avatar\\\/d6fbe010d42056feccc0f613ed07277a5118442805079269f12dabdc42e1a727?s=96&d=mm&r=g\",\"url\":\"https:\\\/\\\/secure.gravatar.com\\\/avatar\\\/d6fbe010d42056feccc0f613ed07277a5118442805079269f12dabdc42e1a727?s=96&d=mm&r=g\",\"contentUrl\":\"https:\\\/\\\/secure.gravatar.com\\\/avatar\\\/d6fbe010d42056feccc0f613ed07277a5118442805079269f12dabdc42e1a727?s=96&d=mm&r=g\",\"caption\":\"CET\"},\"url\":\"https:\\\/\\\/cetaradell.cat\\\/ce\\\/author\\\/root\\\/\"}]}<\/script>\n<!-- \/ Yoast SEO plugin. -->","yoast_head_json":{"title":"Sortides de Senders \u2013 Octubre 2024 - Centre Excursionista Taradell","robots":{"index":"index","follow":"follow","max-snippet":"max-snippet:-1","max-image-preview":"max-image-preview:large","max-video-preview":"max-video-preview:-1"},"canonical":"https:\/\/cetaradell.cat\/ce\/sortides-de-senders-octubre-2024\/","og_locale":"ca_ES","og_type":"article","og_title":"Sortides de Senders \u2013 Octubre 2024 - Centre Excursionista Taradell","og_description":"Casilla Salt\u00e8guet\u00a0 \/ Creu de Meians \/ D\u00f2rria &#8211; 14,1 km Ascen. Total 500 m. &#8211; Desn. Total 680 m. DIA: Diumenge, 6 d&#8217;octubre de 2024 SORTIDA DE TARADELL: 6.45 h de l&#8217;Espai 1 d&#8217;Octubre (La Carpa) SORTIDA DE VIC: 7.00 h de davant l&#8217;Hotel Can Pamplona NOTA: Cal portar [...]","og_url":"https:\/\/cetaradell.cat\/ce\/sortides-de-senders-octubre-2024\/","og_site_name":"Centre Excursionista Taradell","article_publisher":"https:\/\/www.facebook.com\/CETaradell\/","article_published_time":"2024-09-19T19:24:23+00:00","article_modified_time":"2024-09-19T19:24:24+00:00","og_image":[{"width":709,"height":718,"url":"https:\/\/cetaradell.cat\/ce\/wp-content\/uploads\/20240714_110019-Sendres-juliol.jpg","type":"image\/jpeg"}],"author":"CET","twitter_card":"summary_large_image","twitter_misc":{"Escrit per":"CET","Temps estimat de lectura":"3 minuts"},"schema":{"@context":"https:\/\/schema.org","@graph":[{"@type":"Article","@id":"https:\/\/cetaradell.cat\/ce\/sortides-de-senders-octubre-2024\/#article","isPartOf":{"@id":"https:\/\/cetaradell.cat\/ce\/sortides-de-senders-octubre-2024\/"},"author":{"name":"CET","@id":"https:\/\/cetaradell.cat\/ce\/#\/schema\/person\/92a59f585073071c7be6649e84b22f78"},"headline":"Sortides de Senders \u2013 Octubre 2024","datePublished":"2024-09-19T19:24:23+00:00","dateModified":"2024-09-19T19:24:24+00:00","mainEntityOfPage":{"@id":"https:\/\/cetaradell.cat\/ce\/sortides-de-senders-octubre-2024\/"},"wordCount":420,"image":{"@id":"https:\/\/cetaradell.cat\/ce\/sortides-de-senders-octubre-2024\/#primaryimage"},"thumbnailUrl":"https:\/\/cetaradell.cat\/ce\/wp-content\/uploads\/20240714_110019-Sendres-juliol.jpg","articleSection":["100 Cims","Activitats","Senders"],"inLanguage":"ca"},{"@type":"WebPage","@id":"https:\/\/cetaradell.cat\/ce\/sortides-de-senders-octubre-2024\/","url":"https:\/\/cetaradell.cat\/ce\/sortides-de-senders-octubre-2024\/","name":"Sortides de Senders \u2013 Octubre 2024 - Centre Excursionista Taradell","isPartOf":{"@id":"https:\/\/cetaradell.cat\/ce\/#website"},"primaryImageOfPage":{"@id":"https:\/\/cetaradell.cat\/ce\/sortides-de-senders-octubre-2024\/#primaryimage"},"image":{"@id":"https:\/\/cetaradell.cat\/ce\/sortides-de-senders-octubre-2024\/#primaryimage"},"thumbnailUrl":"https:\/\/cetaradell.cat\/ce\/wp-content\/uploads\/20240714_110019-Sendres-juliol.jpg","datePublished":"2024-09-19T19:24:23+00:00","dateModified":"2024-09-19T19:24:24+00:00","author":{"@id":"https:\/\/cetaradell.cat\/ce\/#\/schema\/person\/92a59f585073071c7be6649e84b22f78"},"breadcrumb":{"@id":"https:\/\/cetaradell.cat\/ce\/sortides-de-senders-octubre-2024\/#breadcrumb"},"inLanguage":"ca","potentialAction":[{"@type":"ReadAction","target":["https:\/\/cetaradell.cat\/ce\/sortides-de-senders-octubre-2024\/"]}]},{"@type":"ImageObject","inLanguage":"ca","@id":"https:\/\/cetaradell.cat\/ce\/sortides-de-senders-octubre-2024\/#primaryimage","url":"https:\/\/cetaradell.cat\/ce\/wp-content\/uploads\/20240714_110019-Sendres-juliol.jpg","contentUrl":"https:\/\/cetaradell.cat\/ce\/wp-content\/uploads\/20240714_110019-Sendres-juliol.jpg","width":709,"height":718},{"@type":"BreadcrumbList","@id":"https:\/\/cetaradell.cat\/ce\/sortides-de-senders-octubre-2024\/#breadcrumb","itemListElement":[{"@type":"ListItem","position":1,"name":"Inici","item":"https:\/\/cetaradell.cat\/ce\/"},{"@type":"ListItem","position":2,"name":"Sortides de Senders \u2013 Octubre 2024"}]},{"@type":"WebSite","@id":"https:\/\/cetaradell.cat\/ce\/#website","url":"https:\/\/cetaradell.cat\/ce\/","name":"Centre Excursionista Taradell","description":"","potentialAction":[{"@type":"SearchAction","target":{"@type":"EntryPoint","urlTemplate":"https:\/\/cetaradell.cat\/ce\/?s={search_term_string}"},"query-input":{"@type":"PropertyValueSpecification","valueRequired":true,"valueName":"search_term_string"}}],"inLanguage":"ca"},{"@type":"Person","@id":"https:\/\/cetaradell.cat\/ce\/#\/schema\/person\/92a59f585073071c7be6649e84b22f78","name":"CET","image":{"@type":"ImageObject","inLanguage":"ca","@id":"https:\/\/secure.gravatar.com\/avatar\/d6fbe010d42056feccc0f613ed07277a5118442805079269f12dabdc42e1a727?s=96&d=mm&r=g","url":"https:\/\/secure.gravatar.com\/avatar\/d6fbe010d42056feccc0f613ed07277a5118442805079269f12dabdc42e1a727?s=96&d=mm&r=g","contentUrl":"https:\/\/secure.gravatar.com\/avatar\/d6fbe010d42056feccc0f613ed07277a5118442805079269f12dabdc42e1a727?s=96&d=mm&r=g","caption":"CET"},"url":"https:\/\/cetaradell.cat\/ce\/author\/root\/"}]}},"_links":{"self":[{"href":"https:\/\/cetaradell.cat\/ce\/wp-json\/wp\/v2\/posts\/9616","targetHints":{"allow":["GET"]}}],"collection":[{"href":"https:\/\/cetaradell.cat\/ce\/wp-json\/wp\/v2\/posts"}],"about":[{"href":"https:\/\/cetaradell.cat\/ce\/wp-json\/wp\/v2\/types\/post"}],"author":[{"embeddable":true,"href":"https:\/\/cetaradell.cat\/ce\/wp-json\/wp\/v2\/users\/1"}],"replies":[{"embeddable":true,"href":"https:\/\/cetaradell.cat\/ce\/wp-json\/wp\/v2\/comments?post=9616"}],"version-history":[{"count":0,"href":"https:\/\/cetaradell.cat\/ce\/wp-json\/wp\/v2\/posts\/9616\/revisions"}],"wp:featuredmedia":[{"embeddable":true,"href":"https:\/\/cetaradell.cat\/ce\/wp-json\/wp\/v2\/media\/9617"}],"wp:attachment":[{"href":"https:\/\/cetaradell.cat\/ce\/wp-json\/wp\/v2\/media?parent=9616"}],"wp:term":[{"taxonomy":"category","embeddable":true,"href":"https:\/\/cetaradell.cat\/ce\/wp-json\/wp\/v2\/categories?post=9616"},{"taxonomy":"post_tag","embeddable":true,"href":"https:\/\/cetaradell.cat\/ce\/wp-json\/wp\/v2\/tags?post=9616"}],"curies":[{"name":"wp","href":"https:\/\/api.w.org\/{rel}","templated":true}]}}