{"id":9623,"date":"2024-09-29T21:47:18","date_gmt":"2024-09-29T20:47:18","guid":{"rendered":"https:\/\/cetaradell.cat\/ce\/?p=9623"},"modified":"2024-11-13T18:59:28","modified_gmt":"2024-11-13T17:59:28","slug":"escalada-amb-seguretat-seminari-web","status":"publish","type":"post","link":"https:\/\/cetaradell.cat\/ce\/escalada-amb-seguretat-seminari-web\/","title":{"rendered":"Escalada amb seguretat &#8211; Seminari WEB"},"content":{"rendered":"<p><a href=\"https:\/\/cetaradell.cat\/ce\/escalada-amb-seguretat-seminari-web\/2024-webinar-escalada_feec\/\" rel=\"attachment wp-att-9624\"><img decoding=\"async\" class=\"alignleft wp-image-9624 size-medium\" src=\"https:\/\/cetaradell.cat\/ce\/wp-content\/uploads\/2024-Webinar-escalada_FEEC-300x251.png\" alt=\"\" width=\"300\" height=\"251\" srcset=\"https:\/\/cetaradell.cat\/ce\/wp-content\/uploads\/2024-Webinar-escalada_FEEC-200x168.png 200w, https:\/\/cetaradell.cat\/ce\/wp-content\/uploads\/2024-Webinar-escalada_FEEC-300x251.png 300w, https:\/\/cetaradell.cat\/ce\/wp-content\/uploads\/2024-Webinar-escalada_FEEC-400x335.png 400w, https:\/\/cetaradell.cat\/ce\/wp-content\/uploads\/2024-Webinar-escalada_FEEC-500x419.png 500w, https:\/\/cetaradell.cat\/ce\/wp-content\/uploads\/2024-Webinar-escalada_FEEC-600x503.png 600w, https:\/\/cetaradell.cat\/ce\/wp-content\/uploads\/2024-Webinar-escalada_FEEC-700x587.png 700w, https:\/\/cetaradell.cat\/ce\/wp-content\/uploads\/2024-Webinar-escalada_FEEC-768x644.png 768w, https:\/\/cetaradell.cat\/ce\/wp-content\/uploads\/2024-Webinar-escalada_FEEC-800x671.png 800w, https:\/\/cetaradell.cat\/ce\/wp-content\/uploads\/2024-Webinar-escalada_FEEC.png 940w\" sizes=\"(max-width: 300px) 100vw, 300px\" \/><\/a>La <strong>Federaci\u00f3 d\u2019Entitats Excursionistes de Catalunya<\/strong> (FEEC), a trav\u00e9s de l\u2019<strong>\u00c0rea de Seguretat i Salut<\/strong>, ha organitzat el <strong>seminari web \u201cEscalada amb seguretat\u201d<\/strong>. Aquest t\u00e9 per objectiu donar recomanacions per a la <strong>prevenci\u00f3 i resoluci\u00f3 de situacions de perill<\/strong> que esdevenen en la pr\u00e0ctica de l\u2019escalada.<\/p>\n<p>El seminari web es podr\u00e0 seguir en directe pel <a href=\"https:\/\/www.youtube.com\/watch?v=4ZvYZxYh8Hc\" target=\"_blank\" rel=\"noopener\"><span style=\"color: #000080; background-color: #ffff00;\"><strong>canal de YouTube de la FEEC<\/strong><\/span><\/a> el pr\u00f2xim <strong>8 d\u2019octubre<\/strong> a les <strong>19.30 h<\/strong>.<\/p>\n<p>El seminari web tindr\u00e0 una durada d\u2019uns 50 minuts. Un cop acabada la pon\u00e8ncia, s\u2019obrir\u00e0 un torn de preguntes.<\/p>\n<p><a href=\"https:\/\/www.feec.cat\/actualitat\/noticies\/la-feec-organitza-un-seminari-web-per-escalar-amb-seguretat\/\" target=\"_blank\" rel=\"noopener\"><span style=\"background-color: #ffff00;\"><strong><span style=\"color: #000080;\">M\u00e9s informaci\u00f3 (\u2192)<\/span><\/strong><\/span><\/a><\/p>\n","protected":false},"excerpt":{"rendered":"<p>La Federaci\u00f3 d\u2019Entitats Excursionistes de Catalunya (FEEC), a trav\u00e9s de l\u2019\u00c0rea de Seguretat i Salut, ha organitzat el seminari web \u201cEscalada amb seguretat\u201d. Aquest t\u00e9 per objectiu donar recomanacions per a la prevenci\u00f3 i resoluci\u00f3 de situacions de perill que esdevenen en la pr\u00e0ctica de l\u2019escalada. El seminari web es  [&#8230;]<\/p>\n","protected":false},"author":1,"featured_media":9624,"comment_status":"closed","ping_status":"closed","sticky":false,"template":"","format":"standard","meta":{"footnotes":""},"categories":[3],"tags":[],"class_list":["post-9623","post","type-post","status-publish","format-standard","has-post-thumbnail","hentry","category-noticies"],"yoast_head":"<!-- This site is optimized with the Yoast SEO plugin v27.4 - https:\/\/yoast.com\/product\/yoast-seo-wordpress\/ -->\n<title>Escalada amb seguretat - Seminari WEB - Centre Excursionista Taradell<\/title>\n<meta name=\"robots\" content=\"index, follow, max-snippet:-1, max-image-preview:large, max-video-preview:-1\" \/>\n<link rel=\"canonical\" href=\"https:\/\/cetaradell.cat\/ce\/escalada-amb-seguretat-seminari-web\/\" \/>\n<meta property=\"og:locale\" content=\"ca_ES\" \/>\n<meta property=\"og:type\" content=\"article\" \/>\n<meta property=\"og:title\" content=\"Escalada amb seguretat - Seminari WEB - Centre Excursionista Taradell\" \/>\n<meta property=\"og:description\" content=\"La Federaci\u00f3 d\u2019Entitats Excursionistes de Catalunya (FEEC), a trav\u00e9s de l\u2019\u00c0rea de Seguretat i Salut, ha organitzat el seminari web \u201cEscalada amb seguretat\u201d. Aquest t\u00e9 per objectiu donar recomanacions per a la prevenci\u00f3 i resoluci\u00f3 de situacions de perill que esdevenen en la pr\u00e0ctica de l\u2019escalada. El seminari web es [...]\" \/>\n<meta property=\"og:url\" content=\"https:\/\/cetaradell.cat\/ce\/escalada-amb-seguretat-seminari-web\/\" \/>\n<meta property=\"og:site_name\" content=\"Centre Excursionista Taradell\" \/>\n<meta property=\"article:publisher\" content=\"https:\/\/www.facebook.com\/CETaradell\/\" \/>\n<meta property=\"article:published_time\" content=\"2024-09-29T20:47:18+00:00\" \/>\n<meta property=\"article:modified_time\" content=\"2024-11-13T17:59:28+00:00\" \/>\n<meta property=\"og:image\" content=\"https:\/\/cetaradell.cat\/ce\/wp-content\/uploads\/2024-Webinar-escalada_FEEC.png\" \/>\n\t<meta property=\"og:image:width\" content=\"940\" \/>\n\t<meta property=\"og:image:height\" content=\"788\" \/>\n\t<meta property=\"og:image:type\" content=\"image\/png\" \/>\n<meta name=\"author\" content=\"CET\" \/>\n<meta name=\"twitter:card\" content=\"summary_large_image\" \/>\n<meta name=\"twitter:label1\" content=\"Escrit per\" \/>\n\t<meta name=\"twitter:data1\" content=\"CET\" \/>\n\t<meta name=\"twitter:label2\" content=\"Temps estimat de lectura\" \/>\n\t<meta name=\"twitter:data2\" content=\"1 minut\" \/>\n<script type=\"application\/ld+json\" class=\"yoast-schema-graph\">{\"@context\":\"https:\\\/\\\/schema.org\",\"@graph\":[{\"@type\":\"Article\",\"@id\":\"https:\\\/\\\/cetaradell.cat\\\/ce\\\/escalada-amb-seguretat-seminari-web\\\/#article\",\"isPartOf\":{\"@id\":\"https:\\\/\\\/cetaradell.cat\\\/ce\\\/escalada-amb-seguretat-seminari-web\\\/\"},\"author\":{\"name\":\"CET\",\"@id\":\"https:\\\/\\\/cetaradell.cat\\\/ce\\\/#\\\/schema\\\/person\\\/92a59f585073071c7be6649e84b22f78\"},\"headline\":\"Escalada amb seguretat &#8211; Seminari WEB\",\"datePublished\":\"2024-09-29T20:47:18+00:00\",\"dateModified\":\"2024-11-13T17:59:28+00:00\",\"mainEntityOfPage\":{\"@id\":\"https:\\\/\\\/cetaradell.cat\\\/ce\\\/escalada-amb-seguretat-seminari-web\\\/\"},\"wordCount\":104,\"image\":{\"@id\":\"https:\\\/\\\/cetaradell.cat\\\/ce\\\/escalada-amb-seguretat-seminari-web\\\/#primaryimage\"},\"thumbnailUrl\":\"https:\\\/\\\/cetaradell.cat\\\/ce\\\/wp-content\\\/uploads\\\/2024-Webinar-escalada_FEEC.png\",\"articleSection\":[\"Not\u00edcies\"],\"inLanguage\":\"ca\"},{\"@type\":\"WebPage\",\"@id\":\"https:\\\/\\\/cetaradell.cat\\\/ce\\\/escalada-amb-seguretat-seminari-web\\\/\",\"url\":\"https:\\\/\\\/cetaradell.cat\\\/ce\\\/escalada-amb-seguretat-seminari-web\\\/\",\"name\":\"Escalada amb seguretat - Seminari WEB - Centre Excursionista Taradell\",\"isPartOf\":{\"@id\":\"https:\\\/\\\/cetaradell.cat\\\/ce\\\/#website\"},\"primaryImageOfPage\":{\"@id\":\"https:\\\/\\\/cetaradell.cat\\\/ce\\\/escalada-amb-seguretat-seminari-web\\\/#primaryimage\"},\"image\":{\"@id\":\"https:\\\/\\\/cetaradell.cat\\\/ce\\\/escalada-amb-seguretat-seminari-web\\\/#primaryimage\"},\"thumbnailUrl\":\"https:\\\/\\\/cetaradell.cat\\\/ce\\\/wp-content\\\/uploads\\\/2024-Webinar-escalada_FEEC.png\",\"datePublished\":\"2024-09-29T20:47:18+00:00\",\"dateModified\":\"2024-11-13T17:59:28+00:00\",\"author\":{\"@id\":\"https:\\\/\\\/cetaradell.cat\\\/ce\\\/#\\\/schema\\\/person\\\/92a59f585073071c7be6649e84b22f78\"},\"breadcrumb\":{\"@id\":\"https:\\\/\\\/cetaradell.cat\\\/ce\\\/escalada-amb-seguretat-seminari-web\\\/#breadcrumb\"},\"inLanguage\":\"ca\",\"potentialAction\":[{\"@type\":\"ReadAction\",\"target\":[\"https:\\\/\\\/cetaradell.cat\\\/ce\\\/escalada-amb-seguretat-seminari-web\\\/\"]}]},{\"@type\":\"ImageObject\",\"inLanguage\":\"ca\",\"@id\":\"https:\\\/\\\/cetaradell.cat\\\/ce\\\/escalada-amb-seguretat-seminari-web\\\/#primaryimage\",\"url\":\"https:\\\/\\\/cetaradell.cat\\\/ce\\\/wp-content\\\/uploads\\\/2024-Webinar-escalada_FEEC.png\",\"contentUrl\":\"https:\\\/\\\/cetaradell.cat\\\/ce\\\/wp-content\\\/uploads\\\/2024-Webinar-escalada_FEEC.png\",\"width\":940,\"height\":788},{\"@type\":\"BreadcrumbList\",\"@id\":\"https:\\\/\\\/cetaradell.cat\\\/ce\\\/escalada-amb-seguretat-seminari-web\\\/#breadcrumb\",\"itemListElement\":[{\"@type\":\"ListItem\",\"position\":1,\"name\":\"Inici\",\"item\":\"https:\\\/\\\/cetaradell.cat\\\/ce\\\/\"},{\"@type\":\"ListItem\",\"position\":2,\"name\":\"Escalada amb seguretat &#8211; Seminari WEB\"}]},{\"@type\":\"WebSite\",\"@id\":\"https:\\\/\\\/cetaradell.cat\\\/ce\\\/#website\",\"url\":\"https:\\\/\\\/cetaradell.cat\\\/ce\\\/\",\"name\":\"Centre Excursionista Taradell\",\"description\":\"\",\"potentialAction\":[{\"@type\":\"SearchAction\",\"target\":{\"@type\":\"EntryPoint\",\"urlTemplate\":\"https:\\\/\\\/cetaradell.cat\\\/ce\\\/?s={search_term_string}\"},\"query-input\":{\"@type\":\"PropertyValueSpecification\",\"valueRequired\":true,\"valueName\":\"search_term_string\"}}],\"inLanguage\":\"ca\"},{\"@type\":\"Person\",\"@id\":\"https:\\\/\\\/cetaradell.cat\\\/ce\\\/#\\\/schema\\\/person\\\/92a59f585073071c7be6649e84b22f78\",\"name\":\"CET\",\"image\":{\"@type\":\"ImageObject\",\"inLanguage\":\"ca\",\"@id\":\"https:\\\/\\\/secure.gravatar.com\\\/avatar\\\/d6fbe010d42056feccc0f613ed07277a5118442805079269f12dabdc42e1a727?s=96&d=mm&r=g\",\"url\":\"https:\\\/\\\/secure.gravatar.com\\\/avatar\\\/d6fbe010d42056feccc0f613ed07277a5118442805079269f12dabdc42e1a727?s=96&d=mm&r=g\",\"contentUrl\":\"https:\\\/\\\/secure.gravatar.com\\\/avatar\\\/d6fbe010d42056feccc0f613ed07277a5118442805079269f12dabdc42e1a727?s=96&d=mm&r=g\",\"caption\":\"CET\"},\"url\":\"https:\\\/\\\/cetaradell.cat\\\/ce\\\/author\\\/root\\\/\"}]}<\/script>\n<!-- \/ Yoast SEO plugin. -->","yoast_head_json":{"title":"Escalada amb seguretat - Seminari WEB - Centre Excursionista Taradell","robots":{"index":"index","follow":"follow","max-snippet":"max-snippet:-1","max-image-preview":"max-image-preview:large","max-video-preview":"max-video-preview:-1"},"canonical":"https:\/\/cetaradell.cat\/ce\/escalada-amb-seguretat-seminari-web\/","og_locale":"ca_ES","og_type":"article","og_title":"Escalada amb seguretat - Seminari WEB - Centre Excursionista Taradell","og_description":"La Federaci\u00f3 d\u2019Entitats Excursionistes de Catalunya (FEEC), a trav\u00e9s de l\u2019\u00c0rea de Seguretat i Salut, ha organitzat el seminari web \u201cEscalada amb seguretat\u201d. Aquest t\u00e9 per objectiu donar recomanacions per a la prevenci\u00f3 i resoluci\u00f3 de situacions de perill que esdevenen en la pr\u00e0ctica de l\u2019escalada. El seminari web es [...]","og_url":"https:\/\/cetaradell.cat\/ce\/escalada-amb-seguretat-seminari-web\/","og_site_name":"Centre Excursionista Taradell","article_publisher":"https:\/\/www.facebook.com\/CETaradell\/","article_published_time":"2024-09-29T20:47:18+00:00","article_modified_time":"2024-11-13T17:59:28+00:00","og_image":[{"width":940,"height":788,"url":"https:\/\/cetaradell.cat\/ce\/wp-content\/uploads\/2024-Webinar-escalada_FEEC.png","type":"image\/png"}],"author":"CET","twitter_card":"summary_large_image","twitter_misc":{"Escrit per":"CET","Temps estimat de lectura":"1 minut"},"schema":{"@context":"https:\/\/schema.org","@graph":[{"@type":"Article","@id":"https:\/\/cetaradell.cat\/ce\/escalada-amb-seguretat-seminari-web\/#article","isPartOf":{"@id":"https:\/\/cetaradell.cat\/ce\/escalada-amb-seguretat-seminari-web\/"},"author":{"name":"CET","@id":"https:\/\/cetaradell.cat\/ce\/#\/schema\/person\/92a59f585073071c7be6649e84b22f78"},"headline":"Escalada amb seguretat &#8211; Seminari WEB","datePublished":"2024-09-29T20:47:18+00:00","dateModified":"2024-11-13T17:59:28+00:00","mainEntityOfPage":{"@id":"https:\/\/cetaradell.cat\/ce\/escalada-amb-seguretat-seminari-web\/"},"wordCount":104,"image":{"@id":"https:\/\/cetaradell.cat\/ce\/escalada-amb-seguretat-seminari-web\/#primaryimage"},"thumbnailUrl":"https:\/\/cetaradell.cat\/ce\/wp-content\/uploads\/2024-Webinar-escalada_FEEC.png","articleSection":["Not\u00edcies"],"inLanguage":"ca"},{"@type":"WebPage","@id":"https:\/\/cetaradell.cat\/ce\/escalada-amb-seguretat-seminari-web\/","url":"https:\/\/cetaradell.cat\/ce\/escalada-amb-seguretat-seminari-web\/","name":"Escalada amb seguretat - Seminari WEB - Centre Excursionista Taradell","isPartOf":{"@id":"https:\/\/cetaradell.cat\/ce\/#website"},"primaryImageOfPage":{"@id":"https:\/\/cetaradell.cat\/ce\/escalada-amb-seguretat-seminari-web\/#primaryimage"},"image":{"@id":"https:\/\/cetaradell.cat\/ce\/escalada-amb-seguretat-seminari-web\/#primaryimage"},"thumbnailUrl":"https:\/\/cetaradell.cat\/ce\/wp-content\/uploads\/2024-Webinar-escalada_FEEC.png","datePublished":"2024-09-29T20:47:18+00:00","dateModified":"2024-11-13T17:59:28+00:00","author":{"@id":"https:\/\/cetaradell.cat\/ce\/#\/schema\/person\/92a59f585073071c7be6649e84b22f78"},"breadcrumb":{"@id":"https:\/\/cetaradell.cat\/ce\/escalada-amb-seguretat-seminari-web\/#breadcrumb"},"inLanguage":"ca","potentialAction":[{"@type":"ReadAction","target":["https:\/\/cetaradell.cat\/ce\/escalada-amb-seguretat-seminari-web\/"]}]},{"@type":"ImageObject","inLanguage":"ca","@id":"https:\/\/cetaradell.cat\/ce\/escalada-amb-seguretat-seminari-web\/#primaryimage","url":"https:\/\/cetaradell.cat\/ce\/wp-content\/uploads\/2024-Webinar-escalada_FEEC.png","contentUrl":"https:\/\/cetaradell.cat\/ce\/wp-content\/uploads\/2024-Webinar-escalada_FEEC.png","width":940,"height":788},{"@type":"BreadcrumbList","@id":"https:\/\/cetaradell.cat\/ce\/escalada-amb-seguretat-seminari-web\/#breadcrumb","itemListElement":[{"@type":"ListItem","position":1,"name":"Inici","item":"https:\/\/cetaradell.cat\/ce\/"},{"@type":"ListItem","position":2,"name":"Escalada amb seguretat &#8211; Seminari WEB"}]},{"@type":"WebSite","@id":"https:\/\/cetaradell.cat\/ce\/#website","url":"https:\/\/cetaradell.cat\/ce\/","name":"Centre Excursionista Taradell","description":"","potentialAction":[{"@type":"SearchAction","target":{"@type":"EntryPoint","urlTemplate":"https:\/\/cetaradell.cat\/ce\/?s={search_term_string}"},"query-input":{"@type":"PropertyValueSpecification","valueRequired":true,"valueName":"search_term_string"}}],"inLanguage":"ca"},{"@type":"Person","@id":"https:\/\/cetaradell.cat\/ce\/#\/schema\/person\/92a59f585073071c7be6649e84b22f78","name":"CET","image":{"@type":"ImageObject","inLanguage":"ca","@id":"https:\/\/secure.gravatar.com\/avatar\/d6fbe010d42056feccc0f613ed07277a5118442805079269f12dabdc42e1a727?s=96&d=mm&r=g","url":"https:\/\/secure.gravatar.com\/avatar\/d6fbe010d42056feccc0f613ed07277a5118442805079269f12dabdc42e1a727?s=96&d=mm&r=g","contentUrl":"https:\/\/secure.gravatar.com\/avatar\/d6fbe010d42056feccc0f613ed07277a5118442805079269f12dabdc42e1a727?s=96&d=mm&r=g","caption":"CET"},"url":"https:\/\/cetaradell.cat\/ce\/author\/root\/"}]}},"_links":{"self":[{"href":"https:\/\/cetaradell.cat\/ce\/wp-json\/wp\/v2\/posts\/9623","targetHints":{"allow":["GET"]}}],"collection":[{"href":"https:\/\/cetaradell.cat\/ce\/wp-json\/wp\/v2\/posts"}],"about":[{"href":"https:\/\/cetaradell.cat\/ce\/wp-json\/wp\/v2\/types\/post"}],"author":[{"embeddable":true,"href":"https:\/\/cetaradell.cat\/ce\/wp-json\/wp\/v2\/users\/1"}],"replies":[{"embeddable":true,"href":"https:\/\/cetaradell.cat\/ce\/wp-json\/wp\/v2\/comments?post=9623"}],"version-history":[{"count":0,"href":"https:\/\/cetaradell.cat\/ce\/wp-json\/wp\/v2\/posts\/9623\/revisions"}],"wp:featuredmedia":[{"embeddable":true,"href":"https:\/\/cetaradell.cat\/ce\/wp-json\/wp\/v2\/media\/9624"}],"wp:attachment":[{"href":"https:\/\/cetaradell.cat\/ce\/wp-json\/wp\/v2\/media?parent=9623"}],"wp:term":[{"taxonomy":"category","embeddable":true,"href":"https:\/\/cetaradell.cat\/ce\/wp-json\/wp\/v2\/categories?post=9623"},{"taxonomy":"post_tag","embeddable":true,"href":"https:\/\/cetaradell.cat\/ce\/wp-json\/wp\/v2\/tags?post=9623"}],"curies":[{"name":"wp","href":"https:\/\/api.w.org\/{rel}","templated":true}]}}