{"id":9763,"date":"2025-03-14T00:07:04","date_gmt":"2025-03-13T23:07:04","guid":{"rendered":"https:\/\/cetaradell.cat\/ce\/?p=9763"},"modified":"2025-03-14T00:07:04","modified_gmt":"2025-03-13T23:07:04","slug":"sortides-de-senders-abril-2025","status":"publish","type":"post","link":"https:\/\/cetaradell.cat\/ce\/sortides-de-senders-abril-2025\/","title":{"rendered":"Sortides de Senders \u2013 Abril 2025"},"content":{"rendered":"<p><strong>La Riba \/ El Pinetell \/ La Riba &#8211; 15,33 km<\/strong><br \/>\n<strong><em>Ascen. Total 524<\/em><\/strong><strong><em> m. &#8211; Desn. Total 524 m.<br \/>\n<\/em><\/strong><\/p>\n<p><strong><a href=\"https:\/\/cetaradell.cat\/ce\/?attachment_id=9764\" target=\"_blank\" rel=\"attachment noopener wp-att-9320\"><img decoding=\"async\" class=\"alignleft wp-image-9764 size-medium\" src=\"https:\/\/cetaradell.cat\/ce\/wp-content\/uploads\/20250302_122150_Senders_2025-253x300.jpg\" alt=\"\" width=\"253\" height=\"300\" srcset=\"https:\/\/cetaradell.cat\/ce\/wp-content\/uploads\/20250302_122150_Senders_2025-200x237.jpg 200w, https:\/\/cetaradell.cat\/ce\/wp-content\/uploads\/20250302_122150_Senders_2025-253x300.jpg 253w, https:\/\/cetaradell.cat\/ce\/wp-content\/uploads\/20250302_122150_Senders_2025-400x474.jpg 400w, https:\/\/cetaradell.cat\/ce\/wp-content\/uploads\/20250302_122150_Senders_2025-500x592.jpg 500w, https:\/\/cetaradell.cat\/ce\/wp-content\/uploads\/20250302_122150_Senders_2025-600x711.jpg 600w, https:\/\/cetaradell.cat\/ce\/wp-content\/uploads\/20250302_122150_Senders_2025.jpg 684w\" sizes=\"(max-width: 253px) 100vw, 253px\" \/><\/a>DIA: <\/strong>Diumenge, 6 d&#8217;abril de 2025<\/p>\n<p><strong>SORTIDA DE TARADELL: <\/strong>6.45 h de l&#8217;Espai 1 d&#8217;Octubre (La Carpa)<\/p>\n<p><strong>SORTIDA DE VIC: <\/strong>7.00 h de davant l&#8217;Hotel Can Pamplona<\/p>\n<p><strong>NOTA: <\/strong>Cal portar cal\u00e7at adequat preferiblement bota de canya alta, roba d\u2019abric, paravent, gorra, guants, protecci\u00f3 solar, bastons de trekking, aigua, esmorzar i dinar.<\/p>\n<p><strong>INSCRIPCIONS: <\/strong>Inscripcions obertes fins al dia 28 de mar\u00e7.<\/p>\n<p><strong>PREU INSCRIPCI\u00d3: <\/strong>Autob\u00fas = 23 euros (Places limitades)<\/p>\n<p><strong>NOTES<\/strong>: \u00c9s imprescindible estar federat.<\/p>\n<p><strong>RECORREGUT:\u00a0<\/strong>Travessa circular, per anar de La Riba al Pinetell. Una ruta for\u00e7a completa en la que gaudireu a parts iguals d\u2019un cam\u00ed recuperat que ressegueix el riu Brugent per passarel\u00b7les i ponts. Un ric patrimoni industrial en forma d\u2019antics molins paperers i fariners, dels que nom\u00e9s podrem veure les ru\u00efnes. Durant la caminada tamb\u00e9 podrem veure diferents tolls del riu Brugent. No podem oblidar el fabul\u00f3s entorn natural pel qual caminarem, envoltats de cingleres, alzinars i boscos de ribera que ens faran gaudir d\u2019una excursi\u00f3 completa.<\/p>\n<p><strong>\u00a0<\/strong><\/p>\n<table>\n<tbody>\n<tr>\n<td><span lang=\"CA\"><strong>Foto de la sortida de senders del febrer:<\/strong><br \/>\n<\/span>Diumenge 2 de mar\u00e7 es va fer la sortida de senders.<br \/>\nLa sortida va comen\u00e7ar a la poblaci\u00f3 de Ordal, i va continuar cap al Puig d&#8217;Agulles &#8220;100 cims de la FEEC&#8221;, Castell de Gelida i caves Torell\u00f3.<br \/>\nDurant la Caminada varem poder veure varies cabanes de pedra seca, cada una restaurada i amb el seu nom.<br \/>\nLa sortida es va acabar a caves Torell\u00f3, a qui hem d&#8217;agrair la rebuda, ja que un cop all\u00e0 ens van obsequiar amb una copa de vi o cava.<br \/>\nEls que varen voler tamb\u00e9 van poder comprar ampolles al celler.<\/td>\n<\/tr>\n<\/tbody>\n<\/table>\n<p><span lang=\"CA\">\u00a0<\/span><\/p>\n","protected":false},"excerpt":{"rendered":"<p>La Riba \/ El Pinetell \/ La Riba &#8211; 15,33 km Ascen. Total 524 m. &#8211; Desn. Total 524 m. DIA: Diumenge, 6 d&#8217;abril de 2025 SORTIDA DE TARADELL: 6.45 h de l&#8217;Espai 1 d&#8217;Octubre (La Carpa) SORTIDA DE VIC: 7.00 h de davant l&#8217;Hotel Can Pamplona NOTA: Cal portar  [&#8230;]<\/p>\n","protected":false},"author":1,"featured_media":9764,"comment_status":"closed","ping_status":"closed","sticky":false,"template":"","format":"standard","meta":{"footnotes":""},"categories":[12,4,11],"tags":[],"class_list":["post-9763","post","type-post","status-publish","format-standard","has-post-thumbnail","hentry","category-100-cims","category-activitats","category-senders"],"yoast_head":"<!-- This site is optimized with the Yoast SEO plugin v27.4 - https:\/\/yoast.com\/product\/yoast-seo-wordpress\/ -->\n<title>Sortides de Senders \u2013 Abril 2025 - Centre Excursionista Taradell<\/title>\n<meta name=\"robots\" content=\"index, follow, max-snippet:-1, max-image-preview:large, max-video-preview:-1\" \/>\n<link rel=\"canonical\" href=\"https:\/\/cetaradell.cat\/ce\/sortides-de-senders-abril-2025\/\" \/>\n<meta property=\"og:locale\" content=\"ca_ES\" \/>\n<meta property=\"og:type\" content=\"article\" \/>\n<meta property=\"og:title\" content=\"Sortides de Senders \u2013 Abril 2025 - Centre Excursionista Taradell\" \/>\n<meta property=\"og:description\" content=\"La Riba \/ El Pinetell \/ La Riba &#8211; 15,33 km Ascen. Total 524 m. &#8211; Desn. Total 524 m. DIA: Diumenge, 6 d&#8217;abril de 2025 SORTIDA DE TARADELL: 6.45 h de l&#8217;Espai 1 d&#8217;Octubre (La Carpa) SORTIDA DE VIC: 7.00 h de davant l&#8217;Hotel Can Pamplona NOTA: Cal portar [...]\" \/>\n<meta property=\"og:url\" content=\"https:\/\/cetaradell.cat\/ce\/sortides-de-senders-abril-2025\/\" \/>\n<meta property=\"og:site_name\" content=\"Centre Excursionista Taradell\" \/>\n<meta property=\"article:publisher\" content=\"https:\/\/www.facebook.com\/CETaradell\/\" \/>\n<meta property=\"article:published_time\" content=\"2025-03-13T23:07:04+00:00\" \/>\n<meta property=\"og:image\" content=\"https:\/\/cetaradell.cat\/ce\/wp-content\/uploads\/20250302_122150_Senders_2025.jpg\" \/>\n\t<meta property=\"og:image:width\" content=\"684\" \/>\n\t<meta property=\"og:image:height\" content=\"810\" \/>\n\t<meta property=\"og:image:type\" content=\"image\/jpeg\" \/>\n<meta name=\"author\" content=\"CET\" \/>\n<meta name=\"twitter:card\" content=\"summary_large_image\" \/>\n<meta name=\"twitter:label1\" content=\"Escrit per\" \/>\n\t<meta name=\"twitter:data1\" content=\"CET\" \/>\n\t<meta name=\"twitter:label2\" content=\"Temps estimat de lectura\" \/>\n\t<meta name=\"twitter:data2\" content=\"2 minuts\" \/>\n<script type=\"application\/ld+json\" class=\"yoast-schema-graph\">{\"@context\":\"https:\\\/\\\/schema.org\",\"@graph\":[{\"@type\":\"Article\",\"@id\":\"https:\\\/\\\/cetaradell.cat\\\/ce\\\/sortides-de-senders-abril-2025\\\/#article\",\"isPartOf\":{\"@id\":\"https:\\\/\\\/cetaradell.cat\\\/ce\\\/sortides-de-senders-abril-2025\\\/\"},\"author\":{\"name\":\"CET\",\"@id\":\"https:\\\/\\\/cetaradell.cat\\\/ce\\\/#\\\/schema\\\/person\\\/92a59f585073071c7be6649e84b22f78\"},\"headline\":\"Sortides de Senders \u2013 Abril 2025\",\"datePublished\":\"2025-03-13T23:07:04+00:00\",\"mainEntityOfPage\":{\"@id\":\"https:\\\/\\\/cetaradell.cat\\\/ce\\\/sortides-de-senders-abril-2025\\\/\"},\"wordCount\":292,\"image\":{\"@id\":\"https:\\\/\\\/cetaradell.cat\\\/ce\\\/sortides-de-senders-abril-2025\\\/#primaryimage\"},\"thumbnailUrl\":\"https:\\\/\\\/cetaradell.cat\\\/ce\\\/wp-content\\\/uploads\\\/20250302_122150_Senders_2025.jpg\",\"articleSection\":[\"100 Cims\",\"Activitats\",\"Senders\"],\"inLanguage\":\"ca\"},{\"@type\":\"WebPage\",\"@id\":\"https:\\\/\\\/cetaradell.cat\\\/ce\\\/sortides-de-senders-abril-2025\\\/\",\"url\":\"https:\\\/\\\/cetaradell.cat\\\/ce\\\/sortides-de-senders-abril-2025\\\/\",\"name\":\"Sortides de Senders \u2013 Abril 2025 - Centre Excursionista Taradell\",\"isPartOf\":{\"@id\":\"https:\\\/\\\/cetaradell.cat\\\/ce\\\/#website\"},\"primaryImageOfPage\":{\"@id\":\"https:\\\/\\\/cetaradell.cat\\\/ce\\\/sortides-de-senders-abril-2025\\\/#primaryimage\"},\"image\":{\"@id\":\"https:\\\/\\\/cetaradell.cat\\\/ce\\\/sortides-de-senders-abril-2025\\\/#primaryimage\"},\"thumbnailUrl\":\"https:\\\/\\\/cetaradell.cat\\\/ce\\\/wp-content\\\/uploads\\\/20250302_122150_Senders_2025.jpg\",\"datePublished\":\"2025-03-13T23:07:04+00:00\",\"author\":{\"@id\":\"https:\\\/\\\/cetaradell.cat\\\/ce\\\/#\\\/schema\\\/person\\\/92a59f585073071c7be6649e84b22f78\"},\"breadcrumb\":{\"@id\":\"https:\\\/\\\/cetaradell.cat\\\/ce\\\/sortides-de-senders-abril-2025\\\/#breadcrumb\"},\"inLanguage\":\"ca\",\"potentialAction\":[{\"@type\":\"ReadAction\",\"target\":[\"https:\\\/\\\/cetaradell.cat\\\/ce\\\/sortides-de-senders-abril-2025\\\/\"]}]},{\"@type\":\"ImageObject\",\"inLanguage\":\"ca\",\"@id\":\"https:\\\/\\\/cetaradell.cat\\\/ce\\\/sortides-de-senders-abril-2025\\\/#primaryimage\",\"url\":\"https:\\\/\\\/cetaradell.cat\\\/ce\\\/wp-content\\\/uploads\\\/20250302_122150_Senders_2025.jpg\",\"contentUrl\":\"https:\\\/\\\/cetaradell.cat\\\/ce\\\/wp-content\\\/uploads\\\/20250302_122150_Senders_2025.jpg\",\"width\":684,\"height\":810},{\"@type\":\"BreadcrumbList\",\"@id\":\"https:\\\/\\\/cetaradell.cat\\\/ce\\\/sortides-de-senders-abril-2025\\\/#breadcrumb\",\"itemListElement\":[{\"@type\":\"ListItem\",\"position\":1,\"name\":\"Inici\",\"item\":\"https:\\\/\\\/cetaradell.cat\\\/ce\\\/\"},{\"@type\":\"ListItem\",\"position\":2,\"name\":\"Sortides de Senders \u2013 Abril 2025\"}]},{\"@type\":\"WebSite\",\"@id\":\"https:\\\/\\\/cetaradell.cat\\\/ce\\\/#website\",\"url\":\"https:\\\/\\\/cetaradell.cat\\\/ce\\\/\",\"name\":\"Centre Excursionista Taradell\",\"description\":\"\",\"potentialAction\":[{\"@type\":\"SearchAction\",\"target\":{\"@type\":\"EntryPoint\",\"urlTemplate\":\"https:\\\/\\\/cetaradell.cat\\\/ce\\\/?s={search_term_string}\"},\"query-input\":{\"@type\":\"PropertyValueSpecification\",\"valueRequired\":true,\"valueName\":\"search_term_string\"}}],\"inLanguage\":\"ca\"},{\"@type\":\"Person\",\"@id\":\"https:\\\/\\\/cetaradell.cat\\\/ce\\\/#\\\/schema\\\/person\\\/92a59f585073071c7be6649e84b22f78\",\"name\":\"CET\",\"image\":{\"@type\":\"ImageObject\",\"inLanguage\":\"ca\",\"@id\":\"https:\\\/\\\/secure.gravatar.com\\\/avatar\\\/d6fbe010d42056feccc0f613ed07277a5118442805079269f12dabdc42e1a727?s=96&d=mm&r=g\",\"url\":\"https:\\\/\\\/secure.gravatar.com\\\/avatar\\\/d6fbe010d42056feccc0f613ed07277a5118442805079269f12dabdc42e1a727?s=96&d=mm&r=g\",\"contentUrl\":\"https:\\\/\\\/secure.gravatar.com\\\/avatar\\\/d6fbe010d42056feccc0f613ed07277a5118442805079269f12dabdc42e1a727?s=96&d=mm&r=g\",\"caption\":\"CET\"},\"url\":\"https:\\\/\\\/cetaradell.cat\\\/ce\\\/author\\\/root\\\/\"}]}<\/script>\n<!-- \/ Yoast SEO plugin. -->","yoast_head_json":{"title":"Sortides de Senders \u2013 Abril 2025 - Centre Excursionista Taradell","robots":{"index":"index","follow":"follow","max-snippet":"max-snippet:-1","max-image-preview":"max-image-preview:large","max-video-preview":"max-video-preview:-1"},"canonical":"https:\/\/cetaradell.cat\/ce\/sortides-de-senders-abril-2025\/","og_locale":"ca_ES","og_type":"article","og_title":"Sortides de Senders \u2013 Abril 2025 - Centre Excursionista Taradell","og_description":"La Riba \/ El Pinetell \/ La Riba &#8211; 15,33 km Ascen. Total 524 m. &#8211; Desn. Total 524 m. DIA: Diumenge, 6 d&#8217;abril de 2025 SORTIDA DE TARADELL: 6.45 h de l&#8217;Espai 1 d&#8217;Octubre (La Carpa) SORTIDA DE VIC: 7.00 h de davant l&#8217;Hotel Can Pamplona NOTA: Cal portar [...]","og_url":"https:\/\/cetaradell.cat\/ce\/sortides-de-senders-abril-2025\/","og_site_name":"Centre Excursionista Taradell","article_publisher":"https:\/\/www.facebook.com\/CETaradell\/","article_published_time":"2025-03-13T23:07:04+00:00","og_image":[{"width":684,"height":810,"url":"https:\/\/cetaradell.cat\/ce\/wp-content\/uploads\/20250302_122150_Senders_2025.jpg","type":"image\/jpeg"}],"author":"CET","twitter_card":"summary_large_image","twitter_misc":{"Escrit per":"CET","Temps estimat de lectura":"2 minuts"},"schema":{"@context":"https:\/\/schema.org","@graph":[{"@type":"Article","@id":"https:\/\/cetaradell.cat\/ce\/sortides-de-senders-abril-2025\/#article","isPartOf":{"@id":"https:\/\/cetaradell.cat\/ce\/sortides-de-senders-abril-2025\/"},"author":{"name":"CET","@id":"https:\/\/cetaradell.cat\/ce\/#\/schema\/person\/92a59f585073071c7be6649e84b22f78"},"headline":"Sortides de Senders \u2013 Abril 2025","datePublished":"2025-03-13T23:07:04+00:00","mainEntityOfPage":{"@id":"https:\/\/cetaradell.cat\/ce\/sortides-de-senders-abril-2025\/"},"wordCount":292,"image":{"@id":"https:\/\/cetaradell.cat\/ce\/sortides-de-senders-abril-2025\/#primaryimage"},"thumbnailUrl":"https:\/\/cetaradell.cat\/ce\/wp-content\/uploads\/20250302_122150_Senders_2025.jpg","articleSection":["100 Cims","Activitats","Senders"],"inLanguage":"ca"},{"@type":"WebPage","@id":"https:\/\/cetaradell.cat\/ce\/sortides-de-senders-abril-2025\/","url":"https:\/\/cetaradell.cat\/ce\/sortides-de-senders-abril-2025\/","name":"Sortides de Senders \u2013 Abril 2025 - Centre Excursionista Taradell","isPartOf":{"@id":"https:\/\/cetaradell.cat\/ce\/#website"},"primaryImageOfPage":{"@id":"https:\/\/cetaradell.cat\/ce\/sortides-de-senders-abril-2025\/#primaryimage"},"image":{"@id":"https:\/\/cetaradell.cat\/ce\/sortides-de-senders-abril-2025\/#primaryimage"},"thumbnailUrl":"https:\/\/cetaradell.cat\/ce\/wp-content\/uploads\/20250302_122150_Senders_2025.jpg","datePublished":"2025-03-13T23:07:04+00:00","author":{"@id":"https:\/\/cetaradell.cat\/ce\/#\/schema\/person\/92a59f585073071c7be6649e84b22f78"},"breadcrumb":{"@id":"https:\/\/cetaradell.cat\/ce\/sortides-de-senders-abril-2025\/#breadcrumb"},"inLanguage":"ca","potentialAction":[{"@type":"ReadAction","target":["https:\/\/cetaradell.cat\/ce\/sortides-de-senders-abril-2025\/"]}]},{"@type":"ImageObject","inLanguage":"ca","@id":"https:\/\/cetaradell.cat\/ce\/sortides-de-senders-abril-2025\/#primaryimage","url":"https:\/\/cetaradell.cat\/ce\/wp-content\/uploads\/20250302_122150_Senders_2025.jpg","contentUrl":"https:\/\/cetaradell.cat\/ce\/wp-content\/uploads\/20250302_122150_Senders_2025.jpg","width":684,"height":810},{"@type":"BreadcrumbList","@id":"https:\/\/cetaradell.cat\/ce\/sortides-de-senders-abril-2025\/#breadcrumb","itemListElement":[{"@type":"ListItem","position":1,"name":"Inici","item":"https:\/\/cetaradell.cat\/ce\/"},{"@type":"ListItem","position":2,"name":"Sortides de Senders \u2013 Abril 2025"}]},{"@type":"WebSite","@id":"https:\/\/cetaradell.cat\/ce\/#website","url":"https:\/\/cetaradell.cat\/ce\/","name":"Centre Excursionista Taradell","description":"","potentialAction":[{"@type":"SearchAction","target":{"@type":"EntryPoint","urlTemplate":"https:\/\/cetaradell.cat\/ce\/?s={search_term_string}"},"query-input":{"@type":"PropertyValueSpecification","valueRequired":true,"valueName":"search_term_string"}}],"inLanguage":"ca"},{"@type":"Person","@id":"https:\/\/cetaradell.cat\/ce\/#\/schema\/person\/92a59f585073071c7be6649e84b22f78","name":"CET","image":{"@type":"ImageObject","inLanguage":"ca","@id":"https:\/\/secure.gravatar.com\/avatar\/d6fbe010d42056feccc0f613ed07277a5118442805079269f12dabdc42e1a727?s=96&d=mm&r=g","url":"https:\/\/secure.gravatar.com\/avatar\/d6fbe010d42056feccc0f613ed07277a5118442805079269f12dabdc42e1a727?s=96&d=mm&r=g","contentUrl":"https:\/\/secure.gravatar.com\/avatar\/d6fbe010d42056feccc0f613ed07277a5118442805079269f12dabdc42e1a727?s=96&d=mm&r=g","caption":"CET"},"url":"https:\/\/cetaradell.cat\/ce\/author\/root\/"}]}},"_links":{"self":[{"href":"https:\/\/cetaradell.cat\/ce\/wp-json\/wp\/v2\/posts\/9763","targetHints":{"allow":["GET"]}}],"collection":[{"href":"https:\/\/cetaradell.cat\/ce\/wp-json\/wp\/v2\/posts"}],"about":[{"href":"https:\/\/cetaradell.cat\/ce\/wp-json\/wp\/v2\/types\/post"}],"author":[{"embeddable":true,"href":"https:\/\/cetaradell.cat\/ce\/wp-json\/wp\/v2\/users\/1"}],"replies":[{"embeddable":true,"href":"https:\/\/cetaradell.cat\/ce\/wp-json\/wp\/v2\/comments?post=9763"}],"version-history":[{"count":0,"href":"https:\/\/cetaradell.cat\/ce\/wp-json\/wp\/v2\/posts\/9763\/revisions"}],"wp:featuredmedia":[{"embeddable":true,"href":"https:\/\/cetaradell.cat\/ce\/wp-json\/wp\/v2\/media\/9764"}],"wp:attachment":[{"href":"https:\/\/cetaradell.cat\/ce\/wp-json\/wp\/v2\/media?parent=9763"}],"wp:term":[{"taxonomy":"category","embeddable":true,"href":"https:\/\/cetaradell.cat\/ce\/wp-json\/wp\/v2\/categories?post=9763"},{"taxonomy":"post_tag","embeddable":true,"href":"https:\/\/cetaradell.cat\/ce\/wp-json\/wp\/v2\/tags?post=9763"}],"curies":[{"name":"wp","href":"https:\/\/api.w.org\/{rel}","templated":true}]}}