{"id":9768,"date":"2025-04-14T16:31:35","date_gmt":"2025-04-14T15:31:35","guid":{"rendered":"https:\/\/cetaradell.cat\/ce\/?p=9768"},"modified":"2025-04-14T16:31:35","modified_gmt":"2025-04-14T15:31:35","slug":"sortides-de-senders-maig-2025","status":"publish","type":"post","link":"https:\/\/cetaradell.cat\/ce\/sortides-de-senders-maig-2025\/","title":{"rendered":"Sortides de Senders \u2013 Maig 2025"},"content":{"rendered":"<p><strong>Gallina Pelada \/ Serrat Voltor &#8211; 15,6 km\u00a0 &#8211; o &#8211;\u00a0 Tossal Llisol\u00a0 (Vallcebre) &#8211; 10,2 km<\/strong><br \/>\n<strong><em>Ascen. Total 844<\/em><\/strong><strong><em> m. &#8211; Desn. Total 844 m. &#8211; &#8211; &#8211; Ascen. Total 379 m. &#8211; Desn. Total 379 m.<\/em><\/strong><\/p>\n<p><strong><a href=\"https:\/\/cetaradell.cat\/ce\/?attachment_id=9769\" target=\"_blank\" rel=\"attachment noopener wp-att-9320\"><img decoding=\"async\" class=\"alignleft wp-image-9769 size-medium\" src=\"https:\/\/cetaradell.cat\/ce\/wp-content\/uploads\/20250406_152143-Senders_2025-225x300.jpg\" alt=\"\" width=\"225\" height=\"300\" srcset=\"https:\/\/cetaradell.cat\/ce\/wp-content\/uploads\/20250406_152143-Senders_2025-200x267.jpg 200w, https:\/\/cetaradell.cat\/ce\/wp-content\/uploads\/20250406_152143-Senders_2025-225x300.jpg 225w, https:\/\/cetaradell.cat\/ce\/wp-content\/uploads\/20250406_152143-Senders_2025-400x533.jpg 400w, https:\/\/cetaradell.cat\/ce\/wp-content\/uploads\/20250406_152143-Senders_2025-500x667.jpg 500w, https:\/\/cetaradell.cat\/ce\/wp-content\/uploads\/20250406_152143-Senders_2025-600x800.jpg 600w, https:\/\/cetaradell.cat\/ce\/wp-content\/uploads\/20250406_152143-Senders_2025-700x933.jpg 700w, https:\/\/cetaradell.cat\/ce\/wp-content\/uploads\/20250406_152143-Senders_2025-768x1024.jpg 768w, https:\/\/cetaradell.cat\/ce\/wp-content\/uploads\/20250406_152143-Senders_2025-800x1067.jpg 800w, https:\/\/cetaradell.cat\/ce\/wp-content\/uploads\/20250406_152143-Senders_2025.jpg 864w\" sizes=\"(max-width: 225px) 100vw, 225px\" \/><\/a><\/strong>Com podreu veure, proposem dues rutes, aix\u00f2 es degut a que en principi hav\u00edem de fer la de la Gallina Pelada, per\u00f2 actualment i ha molta neu, i no sabem com estar\u00e0 a data de la sortida, per aix\u00f2 si no es pogu\u00e9s fer, far\u00edem la circular a Vallcebre tot fent el Tossal Llisol tamb\u00e9 100 cims de la FEEC.<\/p>\n<p><strong>DIA: <\/strong>Diumenge, 4 de maig de 2025<\/p>\n<p><strong>SORTIDA DE TARADELL: <\/strong>6.45 h de l&#8217;Espai 1 d&#8217;Octubre (La Carpa)<\/p>\n<p><strong>SORTIDA DE VIC: <\/strong>7.00 h de davant l&#8217;Hotel Can Pamplona<\/p>\n<p><strong>NOTA: <\/strong>Cal portar cal\u00e7at adequat preferiblement bota de canya alta, roba d\u2019abric, paravent, gorra, guants, protecci\u00f3 solar, bastons de trekking, aigua, esmorzar i dinar.<\/p>\n<p><strong>INSCRIPCIONS: <\/strong>Inscripcions obertes fins al dia 25 d&#8217;abril.<\/p>\n<p><strong>PREU INSCRIPCI\u00d3: <\/strong>Autob\u00fas = 23 euros (Places limitades)<\/p>\n<p><strong>NOTES<\/strong>: \u00c9s imprescindible estar federat.<\/p>\n<p><strong>RECORREGUT: <\/strong><\/p>\n<p><strong>Gallina Pelada \/ Serrat Voltor<\/strong><br \/>\nAquesta sortida ens portar\u00e0 a la Gallina Pelada i Serrat Voltor, tot passant pel refugi Delgado \u00dabeda, constru\u00eft l\u2019any 1964, conegut popularment com a \u201cSerra d\u2019Ensitj\u00e0\u201d, propietat de la FEEC. Des del cim de la Gallina Pelada de 2.321m tindrem\u00a0 una bona panor\u00e0mica, com poden ser vistes del Comabona, el Cad\u00ed, el Pedraforca, o els Rasos de Peguera, entre altres. Ja de baixada anirem a fer el Serrat Voltor de 2.281m.<\/p>\n<p><strong>Tossal Llisol\u00a0 (Vallcebre)<\/strong><br \/>\nRuta circular des de Vallcebre per assolir el cim de Tossal Llisol, dels 100 cims de la FEEC. Durant la sortida passarem per la ermita de Santa Magdalena, i abans d\u2019arribar al Tossal Llisol, passarem per\u00a0 diferents graus com son: Grau de la Mola, Grau del Sastre, Grau de la Canaleta, Grau dels Boits, Grau de les Granotes, tots ells sense cap dificultat ni perill. La ruta es f\u00e0cil de fer.<\/p>\n<table>\n<tbody>\n<tr>\n<td style=\"background-color: #ccffff;\"><span lang=\"CA\"><strong>Foto de la sortida de senders de l&#8217;abril:<\/strong><\/span><\/p>\n<div dir=\"ltr\">\n<p><span lang=\"CA\">Diumenge 6 de d&#8217;abril\u00a0 es va fer la sortida de senders del CET.<\/span><br \/>\n<span lang=\"CA\">Va ser una sortida circular amb sortida i arribada al poble de La Riba a\u00a0 l\u2019Alt Camp. V\u00e0rem gaudir d&#8217;un cam\u00ed recuperat que ressegueix el riu Brugent per passarel\u00b7les i ponts. Durant el cam\u00ed vam poder veure antics molins paperers i fariners, dels quals nom\u00e9s queden las ru\u00efnes.<\/span><\/p>\n<\/div>\n<\/td>\n<\/tr>\n<\/tbody>\n<\/table>\n<p><span lang=\"CA\">\u00a0<\/span><\/p>\n","protected":false},"excerpt":{"rendered":"<p>Gallina Pelada \/ Serrat Voltor &#8211; 15,6 km\u00a0 &#8211; o &#8211;\u00a0 Tossal Llisol\u00a0 (Vallcebre) &#8211; 10,2 km Ascen. Total 844 m. &#8211; Desn. Total 844 m. &#8211; &#8211; &#8211; Ascen. Total 379 m. &#8211; Desn. Total 379 m. Com podreu veure, proposem dues rutes, aix\u00f2 es degut a que en  [&#8230;]<\/p>\n","protected":false},"author":1,"featured_media":9769,"comment_status":"closed","ping_status":"closed","sticky":false,"template":"","format":"standard","meta":{"footnotes":""},"categories":[12,4,11],"tags":[],"class_list":["post-9768","post","type-post","status-publish","format-standard","has-post-thumbnail","hentry","category-100-cims","category-activitats","category-senders"],"yoast_head":"<!-- This site is optimized with the Yoast SEO plugin v27.4 - https:\/\/yoast.com\/product\/yoast-seo-wordpress\/ -->\n<title>Sortides de Senders \u2013 Maig 2025 - Centre Excursionista Taradell<\/title>\n<meta name=\"robots\" content=\"index, follow, max-snippet:-1, max-image-preview:large, max-video-preview:-1\" \/>\n<link rel=\"canonical\" href=\"https:\/\/cetaradell.cat\/ce\/sortides-de-senders-maig-2025\/\" \/>\n<meta property=\"og:locale\" content=\"ca_ES\" \/>\n<meta property=\"og:type\" content=\"article\" \/>\n<meta property=\"og:title\" content=\"Sortides de Senders \u2013 Maig 2025 - Centre Excursionista Taradell\" \/>\n<meta property=\"og:description\" content=\"Gallina Pelada \/ Serrat Voltor &#8211; 15,6 km\u00a0 &#8211; o &#8211;\u00a0 Tossal Llisol\u00a0 (Vallcebre) &#8211; 10,2 km Ascen. Total 844 m. &#8211; Desn. Total 844 m. &#8211; &#8211; &#8211; Ascen. Total 379 m. &#8211; Desn. Total 379 m. Com podreu veure, proposem dues rutes, aix\u00f2 es degut a que en [...]\" \/>\n<meta property=\"og:url\" content=\"https:\/\/cetaradell.cat\/ce\/sortides-de-senders-maig-2025\/\" \/>\n<meta property=\"og:site_name\" content=\"Centre Excursionista Taradell\" \/>\n<meta property=\"article:publisher\" content=\"https:\/\/www.facebook.com\/CETaradell\/\" \/>\n<meta property=\"article:published_time\" content=\"2025-04-14T15:31:35+00:00\" \/>\n<meta property=\"og:image\" content=\"https:\/\/cetaradell.cat\/ce\/wp-content\/uploads\/20250406_152143-Senders_2025.jpg\" \/>\n\t<meta property=\"og:image:width\" content=\"864\" \/>\n\t<meta property=\"og:image:height\" content=\"1152\" \/>\n\t<meta property=\"og:image:type\" content=\"image\/jpeg\" \/>\n<meta name=\"author\" content=\"CET\" \/>\n<meta name=\"twitter:card\" content=\"summary_large_image\" \/>\n<meta name=\"twitter:label1\" content=\"Escrit per\" \/>\n\t<meta name=\"twitter:data1\" content=\"CET\" \/>\n\t<meta name=\"twitter:label2\" content=\"Temps estimat de lectura\" \/>\n\t<meta name=\"twitter:data2\" content=\"3 minuts\" \/>\n<script type=\"application\/ld+json\" class=\"yoast-schema-graph\">{\"@context\":\"https:\\\/\\\/schema.org\",\"@graph\":[{\"@type\":\"Article\",\"@id\":\"https:\\\/\\\/cetaradell.cat\\\/ce\\\/sortides-de-senders-maig-2025\\\/#article\",\"isPartOf\":{\"@id\":\"https:\\\/\\\/cetaradell.cat\\\/ce\\\/sortides-de-senders-maig-2025\\\/\"},\"author\":{\"name\":\"CET\",\"@id\":\"https:\\\/\\\/cetaradell.cat\\\/ce\\\/#\\\/schema\\\/person\\\/92a59f585073071c7be6649e84b22f78\"},\"headline\":\"Sortides de Senders \u2013 Maig 2025\",\"datePublished\":\"2025-04-14T15:31:35+00:00\",\"mainEntityOfPage\":{\"@id\":\"https:\\\/\\\/cetaradell.cat\\\/ce\\\/sortides-de-senders-maig-2025\\\/\"},\"wordCount\":399,\"image\":{\"@id\":\"https:\\\/\\\/cetaradell.cat\\\/ce\\\/sortides-de-senders-maig-2025\\\/#primaryimage\"},\"thumbnailUrl\":\"https:\\\/\\\/cetaradell.cat\\\/ce\\\/wp-content\\\/uploads\\\/20250406_152143-Senders_2025.jpg\",\"articleSection\":[\"100 Cims\",\"Activitats\",\"Senders\"],\"inLanguage\":\"ca\"},{\"@type\":\"WebPage\",\"@id\":\"https:\\\/\\\/cetaradell.cat\\\/ce\\\/sortides-de-senders-maig-2025\\\/\",\"url\":\"https:\\\/\\\/cetaradell.cat\\\/ce\\\/sortides-de-senders-maig-2025\\\/\",\"name\":\"Sortides de Senders \u2013 Maig 2025 - Centre Excursionista Taradell\",\"isPartOf\":{\"@id\":\"https:\\\/\\\/cetaradell.cat\\\/ce\\\/#website\"},\"primaryImageOfPage\":{\"@id\":\"https:\\\/\\\/cetaradell.cat\\\/ce\\\/sortides-de-senders-maig-2025\\\/#primaryimage\"},\"image\":{\"@id\":\"https:\\\/\\\/cetaradell.cat\\\/ce\\\/sortides-de-senders-maig-2025\\\/#primaryimage\"},\"thumbnailUrl\":\"https:\\\/\\\/cetaradell.cat\\\/ce\\\/wp-content\\\/uploads\\\/20250406_152143-Senders_2025.jpg\",\"datePublished\":\"2025-04-14T15:31:35+00:00\",\"author\":{\"@id\":\"https:\\\/\\\/cetaradell.cat\\\/ce\\\/#\\\/schema\\\/person\\\/92a59f585073071c7be6649e84b22f78\"},\"breadcrumb\":{\"@id\":\"https:\\\/\\\/cetaradell.cat\\\/ce\\\/sortides-de-senders-maig-2025\\\/#breadcrumb\"},\"inLanguage\":\"ca\",\"potentialAction\":[{\"@type\":\"ReadAction\",\"target\":[\"https:\\\/\\\/cetaradell.cat\\\/ce\\\/sortides-de-senders-maig-2025\\\/\"]}]},{\"@type\":\"ImageObject\",\"inLanguage\":\"ca\",\"@id\":\"https:\\\/\\\/cetaradell.cat\\\/ce\\\/sortides-de-senders-maig-2025\\\/#primaryimage\",\"url\":\"https:\\\/\\\/cetaradell.cat\\\/ce\\\/wp-content\\\/uploads\\\/20250406_152143-Senders_2025.jpg\",\"contentUrl\":\"https:\\\/\\\/cetaradell.cat\\\/ce\\\/wp-content\\\/uploads\\\/20250406_152143-Senders_2025.jpg\",\"width\":864,\"height\":1152},{\"@type\":\"BreadcrumbList\",\"@id\":\"https:\\\/\\\/cetaradell.cat\\\/ce\\\/sortides-de-senders-maig-2025\\\/#breadcrumb\",\"itemListElement\":[{\"@type\":\"ListItem\",\"position\":1,\"name\":\"Inici\",\"item\":\"https:\\\/\\\/cetaradell.cat\\\/ce\\\/\"},{\"@type\":\"ListItem\",\"position\":2,\"name\":\"Sortides de Senders \u2013 Maig 2025\"}]},{\"@type\":\"WebSite\",\"@id\":\"https:\\\/\\\/cetaradell.cat\\\/ce\\\/#website\",\"url\":\"https:\\\/\\\/cetaradell.cat\\\/ce\\\/\",\"name\":\"Centre Excursionista Taradell\",\"description\":\"\",\"potentialAction\":[{\"@type\":\"SearchAction\",\"target\":{\"@type\":\"EntryPoint\",\"urlTemplate\":\"https:\\\/\\\/cetaradell.cat\\\/ce\\\/?s={search_term_string}\"},\"query-input\":{\"@type\":\"PropertyValueSpecification\",\"valueRequired\":true,\"valueName\":\"search_term_string\"}}],\"inLanguage\":\"ca\"},{\"@type\":\"Person\",\"@id\":\"https:\\\/\\\/cetaradell.cat\\\/ce\\\/#\\\/schema\\\/person\\\/92a59f585073071c7be6649e84b22f78\",\"name\":\"CET\",\"image\":{\"@type\":\"ImageObject\",\"inLanguage\":\"ca\",\"@id\":\"https:\\\/\\\/secure.gravatar.com\\\/avatar\\\/d6fbe010d42056feccc0f613ed07277a5118442805079269f12dabdc42e1a727?s=96&d=mm&r=g\",\"url\":\"https:\\\/\\\/secure.gravatar.com\\\/avatar\\\/d6fbe010d42056feccc0f613ed07277a5118442805079269f12dabdc42e1a727?s=96&d=mm&r=g\",\"contentUrl\":\"https:\\\/\\\/secure.gravatar.com\\\/avatar\\\/d6fbe010d42056feccc0f613ed07277a5118442805079269f12dabdc42e1a727?s=96&d=mm&r=g\",\"caption\":\"CET\"},\"url\":\"https:\\\/\\\/cetaradell.cat\\\/ce\\\/author\\\/root\\\/\"}]}<\/script>\n<!-- \/ Yoast SEO plugin. -->","yoast_head_json":{"title":"Sortides de Senders \u2013 Maig 2025 - Centre Excursionista Taradell","robots":{"index":"index","follow":"follow","max-snippet":"max-snippet:-1","max-image-preview":"max-image-preview:large","max-video-preview":"max-video-preview:-1"},"canonical":"https:\/\/cetaradell.cat\/ce\/sortides-de-senders-maig-2025\/","og_locale":"ca_ES","og_type":"article","og_title":"Sortides de Senders \u2013 Maig 2025 - Centre Excursionista Taradell","og_description":"Gallina Pelada \/ Serrat Voltor &#8211; 15,6 km\u00a0 &#8211; o &#8211;\u00a0 Tossal Llisol\u00a0 (Vallcebre) &#8211; 10,2 km Ascen. Total 844 m. &#8211; Desn. Total 844 m. &#8211; &#8211; &#8211; Ascen. Total 379 m. &#8211; Desn. Total 379 m. Com podreu veure, proposem dues rutes, aix\u00f2 es degut a que en [...]","og_url":"https:\/\/cetaradell.cat\/ce\/sortides-de-senders-maig-2025\/","og_site_name":"Centre Excursionista Taradell","article_publisher":"https:\/\/www.facebook.com\/CETaradell\/","article_published_time":"2025-04-14T15:31:35+00:00","og_image":[{"width":864,"height":1152,"url":"https:\/\/cetaradell.cat\/ce\/wp-content\/uploads\/20250406_152143-Senders_2025.jpg","type":"image\/jpeg"}],"author":"CET","twitter_card":"summary_large_image","twitter_misc":{"Escrit per":"CET","Temps estimat de lectura":"3 minuts"},"schema":{"@context":"https:\/\/schema.org","@graph":[{"@type":"Article","@id":"https:\/\/cetaradell.cat\/ce\/sortides-de-senders-maig-2025\/#article","isPartOf":{"@id":"https:\/\/cetaradell.cat\/ce\/sortides-de-senders-maig-2025\/"},"author":{"name":"CET","@id":"https:\/\/cetaradell.cat\/ce\/#\/schema\/person\/92a59f585073071c7be6649e84b22f78"},"headline":"Sortides de Senders \u2013 Maig 2025","datePublished":"2025-04-14T15:31:35+00:00","mainEntityOfPage":{"@id":"https:\/\/cetaradell.cat\/ce\/sortides-de-senders-maig-2025\/"},"wordCount":399,"image":{"@id":"https:\/\/cetaradell.cat\/ce\/sortides-de-senders-maig-2025\/#primaryimage"},"thumbnailUrl":"https:\/\/cetaradell.cat\/ce\/wp-content\/uploads\/20250406_152143-Senders_2025.jpg","articleSection":["100 Cims","Activitats","Senders"],"inLanguage":"ca"},{"@type":"WebPage","@id":"https:\/\/cetaradell.cat\/ce\/sortides-de-senders-maig-2025\/","url":"https:\/\/cetaradell.cat\/ce\/sortides-de-senders-maig-2025\/","name":"Sortides de Senders \u2013 Maig 2025 - Centre Excursionista Taradell","isPartOf":{"@id":"https:\/\/cetaradell.cat\/ce\/#website"},"primaryImageOfPage":{"@id":"https:\/\/cetaradell.cat\/ce\/sortides-de-senders-maig-2025\/#primaryimage"},"image":{"@id":"https:\/\/cetaradell.cat\/ce\/sortides-de-senders-maig-2025\/#primaryimage"},"thumbnailUrl":"https:\/\/cetaradell.cat\/ce\/wp-content\/uploads\/20250406_152143-Senders_2025.jpg","datePublished":"2025-04-14T15:31:35+00:00","author":{"@id":"https:\/\/cetaradell.cat\/ce\/#\/schema\/person\/92a59f585073071c7be6649e84b22f78"},"breadcrumb":{"@id":"https:\/\/cetaradell.cat\/ce\/sortides-de-senders-maig-2025\/#breadcrumb"},"inLanguage":"ca","potentialAction":[{"@type":"ReadAction","target":["https:\/\/cetaradell.cat\/ce\/sortides-de-senders-maig-2025\/"]}]},{"@type":"ImageObject","inLanguage":"ca","@id":"https:\/\/cetaradell.cat\/ce\/sortides-de-senders-maig-2025\/#primaryimage","url":"https:\/\/cetaradell.cat\/ce\/wp-content\/uploads\/20250406_152143-Senders_2025.jpg","contentUrl":"https:\/\/cetaradell.cat\/ce\/wp-content\/uploads\/20250406_152143-Senders_2025.jpg","width":864,"height":1152},{"@type":"BreadcrumbList","@id":"https:\/\/cetaradell.cat\/ce\/sortides-de-senders-maig-2025\/#breadcrumb","itemListElement":[{"@type":"ListItem","position":1,"name":"Inici","item":"https:\/\/cetaradell.cat\/ce\/"},{"@type":"ListItem","position":2,"name":"Sortides de Senders \u2013 Maig 2025"}]},{"@type":"WebSite","@id":"https:\/\/cetaradell.cat\/ce\/#website","url":"https:\/\/cetaradell.cat\/ce\/","name":"Centre Excursionista Taradell","description":"","potentialAction":[{"@type":"SearchAction","target":{"@type":"EntryPoint","urlTemplate":"https:\/\/cetaradell.cat\/ce\/?s={search_term_string}"},"query-input":{"@type":"PropertyValueSpecification","valueRequired":true,"valueName":"search_term_string"}}],"inLanguage":"ca"},{"@type":"Person","@id":"https:\/\/cetaradell.cat\/ce\/#\/schema\/person\/92a59f585073071c7be6649e84b22f78","name":"CET","image":{"@type":"ImageObject","inLanguage":"ca","@id":"https:\/\/secure.gravatar.com\/avatar\/d6fbe010d42056feccc0f613ed07277a5118442805079269f12dabdc42e1a727?s=96&d=mm&r=g","url":"https:\/\/secure.gravatar.com\/avatar\/d6fbe010d42056feccc0f613ed07277a5118442805079269f12dabdc42e1a727?s=96&d=mm&r=g","contentUrl":"https:\/\/secure.gravatar.com\/avatar\/d6fbe010d42056feccc0f613ed07277a5118442805079269f12dabdc42e1a727?s=96&d=mm&r=g","caption":"CET"},"url":"https:\/\/cetaradell.cat\/ce\/author\/root\/"}]}},"_links":{"self":[{"href":"https:\/\/cetaradell.cat\/ce\/wp-json\/wp\/v2\/posts\/9768","targetHints":{"allow":["GET"]}}],"collection":[{"href":"https:\/\/cetaradell.cat\/ce\/wp-json\/wp\/v2\/posts"}],"about":[{"href":"https:\/\/cetaradell.cat\/ce\/wp-json\/wp\/v2\/types\/post"}],"author":[{"embeddable":true,"href":"https:\/\/cetaradell.cat\/ce\/wp-json\/wp\/v2\/users\/1"}],"replies":[{"embeddable":true,"href":"https:\/\/cetaradell.cat\/ce\/wp-json\/wp\/v2\/comments?post=9768"}],"version-history":[{"count":0,"href":"https:\/\/cetaradell.cat\/ce\/wp-json\/wp\/v2\/posts\/9768\/revisions"}],"wp:featuredmedia":[{"embeddable":true,"href":"https:\/\/cetaradell.cat\/ce\/wp-json\/wp\/v2\/media\/9769"}],"wp:attachment":[{"href":"https:\/\/cetaradell.cat\/ce\/wp-json\/wp\/v2\/media?parent=9768"}],"wp:term":[{"taxonomy":"category","embeddable":true,"href":"https:\/\/cetaradell.cat\/ce\/wp-json\/wp\/v2\/categories?post=9768"},{"taxonomy":"post_tag","embeddable":true,"href":"https:\/\/cetaradell.cat\/ce\/wp-json\/wp\/v2\/tags?post=9768"}],"curies":[{"name":"wp","href":"https:\/\/api.w.org\/{rel}","templated":true}]}}