{"id":9781,"date":"2025-05-10T17:37:16","date_gmt":"2025-05-10T16:37:16","guid":{"rendered":"https:\/\/cetaradell.cat\/ce\/?p=9781"},"modified":"2025-05-10T17:38:15","modified_gmt":"2025-05-10T16:38:15","slug":"sortides-de-senders-juny-2025","status":"publish","type":"post","link":"https:\/\/cetaradell.cat\/ce\/sortides-de-senders-juny-2025\/","title":{"rendered":"Sortides de Senders \u2013 Juny 2025"},"content":{"rendered":"<p><strong>Montserrat &#8211; 8,7 km\u00a0 <\/strong><br \/>\n<strong><em>Ascen. Total 504 m. &#8211; Desn. Total 504 m.<\/em><\/strong><\/p>\n<p><strong><a href=\"https:\/\/cetaradell.cat\/ce\/?attachment_id=9782\" target=\"_blank\" rel=\"attachment noopener wp-att-9320\"><img decoding=\"async\" class=\"alignleft wp-image-9782 size-medium\" src=\"https:\/\/cetaradell.cat\/ce\/wp-content\/uploads\/20250504_112836-Sender-2025-300x225.jpg\" alt=\"\" width=\"300\" height=\"225\" srcset=\"https:\/\/cetaradell.cat\/ce\/wp-content\/uploads\/20250504_112836-Sender-2025-200x150.jpg 200w, https:\/\/cetaradell.cat\/ce\/wp-content\/uploads\/20250504_112836-Sender-2025-300x225.jpg 300w, https:\/\/cetaradell.cat\/ce\/wp-content\/uploads\/20250504_112836-Sender-2025-400x300.jpg 400w, https:\/\/cetaradell.cat\/ce\/wp-content\/uploads\/20250504_112836-Sender-2025-500x375.jpg 500w, https:\/\/cetaradell.cat\/ce\/wp-content\/uploads\/20250504_112836-Sender-2025-600x450.jpg 600w, https:\/\/cetaradell.cat\/ce\/wp-content\/uploads\/20250504_112836-Sender-2025-700x525.jpg 700w, https:\/\/cetaradell.cat\/ce\/wp-content\/uploads\/20250504_112836-Sender-2025-768x576.jpg 768w, https:\/\/cetaradell.cat\/ce\/wp-content\/uploads\/20250504_112836-Sender-2025-800x600.jpg 800w, https:\/\/cetaradell.cat\/ce\/wp-content\/uploads\/20250504_112836-Sender-2025-1024x768.jpg 1024w, https:\/\/cetaradell.cat\/ce\/wp-content\/uploads\/20250504_112836-Sender-2025.jpg 1152w\" sizes=\"(max-width: 300px) 100vw, 300px\" \/><\/a><\/strong><strong>DIA: <\/strong>Diumenge, 1 de juny de 2025<\/p>\n<p><strong>SORTIDA DE TARADELL: <\/strong>6.45 h de l&#8217;Espai 1 d&#8217;Octubre (La Carpa)<\/p>\n<p><strong>SORTIDA DE VIC: <\/strong>7.00 h de davant l&#8217;Hotel Can Pamplona<\/p>\n<p><strong>NOTA: <\/strong>Cal portar cal\u00e7at adequat preferiblement bota de canya alta, roba d\u2019abric, paravent, gorra, guants, protecci\u00f3 solar, bastons de trekking, aigua, esmorzar i dinar.<\/p>\n<p><strong>INSCRIPCIONS: <\/strong>Inscripcions obertes fins al dia 25 d&#8217;abril.<\/p>\n<p><strong>PREU INSCRIPCI\u00d3: <\/strong>Autob\u00fas = 23 euros (Places limitades)<\/p>\n<p><strong>NOTES<\/strong>: \u00c9s imprescindible estar federat.<\/p>\n<p><strong>RECORREGUT: <\/strong><\/p>\n<p>Aquesta ruta \u00e9s circular: sortirem de Can Ma\u00e7ana, refugi Vicen\u00e7 Barb\u00e9, Coll del Porc, La Foradada, Sant Pau Vell i acabarem de nou a Can Ma\u00e7ana.<\/p>\n<p>Veurem Montserrat des d&#8217;un altre vessant, ja que no entrarem a dins del recinte de Montserrat. \u00c9s una volta que permet gaudir de les vistes de les precioses formes que tenen les roques de la zona de les agulles. No es complicada, pel que la pot fer qualsevol persona que estigui acostumada a caminar de manera m\u00e9s o menys habitual i vagi ben cal\u00e7ada.<\/p>\n<p>&nbsp;<\/p>\n<table>\n<tbody>\n<tr>\n<td style=\"background-color: #ccffff;\"><span lang=\"CA\"><strong>Foto de la sortida de senders de maig:<\/strong><\/span><\/p>\n<div dir=\"ltr\">\n<p>El diumenge dia 4 es va fer la sortida de senders corresponent al mes de maig.<br \/>\nAquesta vegada tocava fer una circular a Vallcebre i assolir el Tossal Llisol, incl\u00f2s al repte dels 100 cims de La FEEC.<br \/>\nTot i que les previsions del temps eren bastant dolentes, ens vam arriscar i ens vam mullar molt poc i varem poder gaudir d&#8217;unes vistes espectaculars; per un cant\u00f3 la vall del pant\u00e0 de La Baells, ple a vessar, i per l&#8217;altre cant\u00f3 el Pedraforca.<\/p>\n<\/div>\n<\/td>\n<\/tr>\n<\/tbody>\n<\/table>\n<p><span lang=\"CA\">\u00a0<\/span><\/p>\n","protected":false},"excerpt":{"rendered":"<p>Montserrat &#8211; 8,7 km\u00a0 Ascen. Total 504 m. &#8211; Desn. Total 504 m. DIA: Diumenge, 1 de juny de 2025 SORTIDA DE TARADELL: 6.45 h de l&#8217;Espai 1 d&#8217;Octubre (La Carpa) SORTIDA DE VIC: 7.00 h de davant l&#8217;Hotel Can Pamplona NOTA: Cal portar cal\u00e7at adequat preferiblement bota de canya  [&#8230;]<\/p>\n","protected":false},"author":1,"featured_media":9782,"comment_status":"closed","ping_status":"closed","sticky":false,"template":"","format":"standard","meta":{"footnotes":""},"categories":[12,4,11],"tags":[],"class_list":["post-9781","post","type-post","status-publish","format-standard","has-post-thumbnail","hentry","category-100-cims","category-activitats","category-senders"],"yoast_head":"<!-- This site is optimized with the Yoast SEO plugin v27.4 - https:\/\/yoast.com\/product\/yoast-seo-wordpress\/ -->\n<title>Sortides de Senders \u2013 Juny 2025 - Centre Excursionista Taradell<\/title>\n<meta name=\"robots\" content=\"index, follow, max-snippet:-1, max-image-preview:large, max-video-preview:-1\" \/>\n<link rel=\"canonical\" href=\"https:\/\/cetaradell.cat\/ce\/sortides-de-senders-juny-2025\/\" \/>\n<meta property=\"og:locale\" content=\"ca_ES\" \/>\n<meta property=\"og:type\" content=\"article\" \/>\n<meta property=\"og:title\" content=\"Sortides de Senders \u2013 Juny 2025 - Centre Excursionista Taradell\" \/>\n<meta property=\"og:description\" content=\"Montserrat &#8211; 8,7 km\u00a0 Ascen. Total 504 m. &#8211; Desn. Total 504 m. DIA: Diumenge, 1 de juny de 2025 SORTIDA DE TARADELL: 6.45 h de l&#8217;Espai 1 d&#8217;Octubre (La Carpa) SORTIDA DE VIC: 7.00 h de davant l&#8217;Hotel Can Pamplona NOTA: Cal portar cal\u00e7at adequat preferiblement bota de canya [...]\" \/>\n<meta property=\"og:url\" content=\"https:\/\/cetaradell.cat\/ce\/sortides-de-senders-juny-2025\/\" \/>\n<meta property=\"og:site_name\" content=\"Centre Excursionista Taradell\" \/>\n<meta property=\"article:publisher\" content=\"https:\/\/www.facebook.com\/CETaradell\/\" \/>\n<meta property=\"article:published_time\" content=\"2025-05-10T16:37:16+00:00\" \/>\n<meta property=\"article:modified_time\" content=\"2025-05-10T16:38:15+00:00\" \/>\n<meta property=\"og:image\" content=\"https:\/\/cetaradell.cat\/ce\/wp-content\/uploads\/20250504_112836-Sender-2025.jpg\" \/>\n\t<meta property=\"og:image:width\" content=\"1152\" \/>\n\t<meta property=\"og:image:height\" content=\"864\" \/>\n\t<meta property=\"og:image:type\" content=\"image\/jpeg\" \/>\n<meta name=\"author\" content=\"CET\" \/>\n<meta name=\"twitter:card\" content=\"summary_large_image\" \/>\n<meta name=\"twitter:label1\" content=\"Escrit per\" \/>\n\t<meta name=\"twitter:data1\" content=\"CET\" \/>\n\t<meta name=\"twitter:label2\" content=\"Temps estimat de lectura\" \/>\n\t<meta name=\"twitter:data2\" content=\"2 minuts\" \/>\n<script type=\"application\/ld+json\" class=\"yoast-schema-graph\">{\"@context\":\"https:\\\/\\\/schema.org\",\"@graph\":[{\"@type\":\"Article\",\"@id\":\"https:\\\/\\\/cetaradell.cat\\\/ce\\\/sortides-de-senders-juny-2025\\\/#article\",\"isPartOf\":{\"@id\":\"https:\\\/\\\/cetaradell.cat\\\/ce\\\/sortides-de-senders-juny-2025\\\/\"},\"author\":{\"name\":\"CET\",\"@id\":\"https:\\\/\\\/cetaradell.cat\\\/ce\\\/#\\\/schema\\\/person\\\/92a59f585073071c7be6649e84b22f78\"},\"headline\":\"Sortides de Senders \u2013 Juny 2025\",\"datePublished\":\"2025-05-10T16:37:16+00:00\",\"dateModified\":\"2025-05-10T16:38:15+00:00\",\"mainEntityOfPage\":{\"@id\":\"https:\\\/\\\/cetaradell.cat\\\/ce\\\/sortides-de-senders-juny-2025\\\/\"},\"wordCount\":275,\"image\":{\"@id\":\"https:\\\/\\\/cetaradell.cat\\\/ce\\\/sortides-de-senders-juny-2025\\\/#primaryimage\"},\"thumbnailUrl\":\"https:\\\/\\\/cetaradell.cat\\\/ce\\\/wp-content\\\/uploads\\\/20250504_112836-Sender-2025.jpg\",\"articleSection\":[\"100 Cims\",\"Activitats\",\"Senders\"],\"inLanguage\":\"ca\"},{\"@type\":\"WebPage\",\"@id\":\"https:\\\/\\\/cetaradell.cat\\\/ce\\\/sortides-de-senders-juny-2025\\\/\",\"url\":\"https:\\\/\\\/cetaradell.cat\\\/ce\\\/sortides-de-senders-juny-2025\\\/\",\"name\":\"Sortides de Senders \u2013 Juny 2025 - Centre Excursionista Taradell\",\"isPartOf\":{\"@id\":\"https:\\\/\\\/cetaradell.cat\\\/ce\\\/#website\"},\"primaryImageOfPage\":{\"@id\":\"https:\\\/\\\/cetaradell.cat\\\/ce\\\/sortides-de-senders-juny-2025\\\/#primaryimage\"},\"image\":{\"@id\":\"https:\\\/\\\/cetaradell.cat\\\/ce\\\/sortides-de-senders-juny-2025\\\/#primaryimage\"},\"thumbnailUrl\":\"https:\\\/\\\/cetaradell.cat\\\/ce\\\/wp-content\\\/uploads\\\/20250504_112836-Sender-2025.jpg\",\"datePublished\":\"2025-05-10T16:37:16+00:00\",\"dateModified\":\"2025-05-10T16:38:15+00:00\",\"author\":{\"@id\":\"https:\\\/\\\/cetaradell.cat\\\/ce\\\/#\\\/schema\\\/person\\\/92a59f585073071c7be6649e84b22f78\"},\"breadcrumb\":{\"@id\":\"https:\\\/\\\/cetaradell.cat\\\/ce\\\/sortides-de-senders-juny-2025\\\/#breadcrumb\"},\"inLanguage\":\"ca\",\"potentialAction\":[{\"@type\":\"ReadAction\",\"target\":[\"https:\\\/\\\/cetaradell.cat\\\/ce\\\/sortides-de-senders-juny-2025\\\/\"]}]},{\"@type\":\"ImageObject\",\"inLanguage\":\"ca\",\"@id\":\"https:\\\/\\\/cetaradell.cat\\\/ce\\\/sortides-de-senders-juny-2025\\\/#primaryimage\",\"url\":\"https:\\\/\\\/cetaradell.cat\\\/ce\\\/wp-content\\\/uploads\\\/20250504_112836-Sender-2025.jpg\",\"contentUrl\":\"https:\\\/\\\/cetaradell.cat\\\/ce\\\/wp-content\\\/uploads\\\/20250504_112836-Sender-2025.jpg\",\"width\":1152,\"height\":864},{\"@type\":\"BreadcrumbList\",\"@id\":\"https:\\\/\\\/cetaradell.cat\\\/ce\\\/sortides-de-senders-juny-2025\\\/#breadcrumb\",\"itemListElement\":[{\"@type\":\"ListItem\",\"position\":1,\"name\":\"Inici\",\"item\":\"https:\\\/\\\/cetaradell.cat\\\/ce\\\/\"},{\"@type\":\"ListItem\",\"position\":2,\"name\":\"Sortides de Senders \u2013 Juny 2025\"}]},{\"@type\":\"WebSite\",\"@id\":\"https:\\\/\\\/cetaradell.cat\\\/ce\\\/#website\",\"url\":\"https:\\\/\\\/cetaradell.cat\\\/ce\\\/\",\"name\":\"Centre Excursionista Taradell\",\"description\":\"\",\"potentialAction\":[{\"@type\":\"SearchAction\",\"target\":{\"@type\":\"EntryPoint\",\"urlTemplate\":\"https:\\\/\\\/cetaradell.cat\\\/ce\\\/?s={search_term_string}\"},\"query-input\":{\"@type\":\"PropertyValueSpecification\",\"valueRequired\":true,\"valueName\":\"search_term_string\"}}],\"inLanguage\":\"ca\"},{\"@type\":\"Person\",\"@id\":\"https:\\\/\\\/cetaradell.cat\\\/ce\\\/#\\\/schema\\\/person\\\/92a59f585073071c7be6649e84b22f78\",\"name\":\"CET\",\"image\":{\"@type\":\"ImageObject\",\"inLanguage\":\"ca\",\"@id\":\"https:\\\/\\\/secure.gravatar.com\\\/avatar\\\/d6fbe010d42056feccc0f613ed07277a5118442805079269f12dabdc42e1a727?s=96&d=mm&r=g\",\"url\":\"https:\\\/\\\/secure.gravatar.com\\\/avatar\\\/d6fbe010d42056feccc0f613ed07277a5118442805079269f12dabdc42e1a727?s=96&d=mm&r=g\",\"contentUrl\":\"https:\\\/\\\/secure.gravatar.com\\\/avatar\\\/d6fbe010d42056feccc0f613ed07277a5118442805079269f12dabdc42e1a727?s=96&d=mm&r=g\",\"caption\":\"CET\"},\"url\":\"https:\\\/\\\/cetaradell.cat\\\/ce\\\/author\\\/root\\\/\"}]}<\/script>\n<!-- \/ Yoast SEO plugin. -->","yoast_head_json":{"title":"Sortides de Senders \u2013 Juny 2025 - Centre Excursionista Taradell","robots":{"index":"index","follow":"follow","max-snippet":"max-snippet:-1","max-image-preview":"max-image-preview:large","max-video-preview":"max-video-preview:-1"},"canonical":"https:\/\/cetaradell.cat\/ce\/sortides-de-senders-juny-2025\/","og_locale":"ca_ES","og_type":"article","og_title":"Sortides de Senders \u2013 Juny 2025 - Centre Excursionista Taradell","og_description":"Montserrat &#8211; 8,7 km\u00a0 Ascen. Total 504 m. &#8211; Desn. Total 504 m. DIA: Diumenge, 1 de juny de 2025 SORTIDA DE TARADELL: 6.45 h de l&#8217;Espai 1 d&#8217;Octubre (La Carpa) SORTIDA DE VIC: 7.00 h de davant l&#8217;Hotel Can Pamplona NOTA: Cal portar cal\u00e7at adequat preferiblement bota de canya [...]","og_url":"https:\/\/cetaradell.cat\/ce\/sortides-de-senders-juny-2025\/","og_site_name":"Centre Excursionista Taradell","article_publisher":"https:\/\/www.facebook.com\/CETaradell\/","article_published_time":"2025-05-10T16:37:16+00:00","article_modified_time":"2025-05-10T16:38:15+00:00","og_image":[{"width":1152,"height":864,"url":"https:\/\/cetaradell.cat\/ce\/wp-content\/uploads\/20250504_112836-Sender-2025.jpg","type":"image\/jpeg"}],"author":"CET","twitter_card":"summary_large_image","twitter_misc":{"Escrit per":"CET","Temps estimat de lectura":"2 minuts"},"schema":{"@context":"https:\/\/schema.org","@graph":[{"@type":"Article","@id":"https:\/\/cetaradell.cat\/ce\/sortides-de-senders-juny-2025\/#article","isPartOf":{"@id":"https:\/\/cetaradell.cat\/ce\/sortides-de-senders-juny-2025\/"},"author":{"name":"CET","@id":"https:\/\/cetaradell.cat\/ce\/#\/schema\/person\/92a59f585073071c7be6649e84b22f78"},"headline":"Sortides de Senders \u2013 Juny 2025","datePublished":"2025-05-10T16:37:16+00:00","dateModified":"2025-05-10T16:38:15+00:00","mainEntityOfPage":{"@id":"https:\/\/cetaradell.cat\/ce\/sortides-de-senders-juny-2025\/"},"wordCount":275,"image":{"@id":"https:\/\/cetaradell.cat\/ce\/sortides-de-senders-juny-2025\/#primaryimage"},"thumbnailUrl":"https:\/\/cetaradell.cat\/ce\/wp-content\/uploads\/20250504_112836-Sender-2025.jpg","articleSection":["100 Cims","Activitats","Senders"],"inLanguage":"ca"},{"@type":"WebPage","@id":"https:\/\/cetaradell.cat\/ce\/sortides-de-senders-juny-2025\/","url":"https:\/\/cetaradell.cat\/ce\/sortides-de-senders-juny-2025\/","name":"Sortides de Senders \u2013 Juny 2025 - Centre Excursionista Taradell","isPartOf":{"@id":"https:\/\/cetaradell.cat\/ce\/#website"},"primaryImageOfPage":{"@id":"https:\/\/cetaradell.cat\/ce\/sortides-de-senders-juny-2025\/#primaryimage"},"image":{"@id":"https:\/\/cetaradell.cat\/ce\/sortides-de-senders-juny-2025\/#primaryimage"},"thumbnailUrl":"https:\/\/cetaradell.cat\/ce\/wp-content\/uploads\/20250504_112836-Sender-2025.jpg","datePublished":"2025-05-10T16:37:16+00:00","dateModified":"2025-05-10T16:38:15+00:00","author":{"@id":"https:\/\/cetaradell.cat\/ce\/#\/schema\/person\/92a59f585073071c7be6649e84b22f78"},"breadcrumb":{"@id":"https:\/\/cetaradell.cat\/ce\/sortides-de-senders-juny-2025\/#breadcrumb"},"inLanguage":"ca","potentialAction":[{"@type":"ReadAction","target":["https:\/\/cetaradell.cat\/ce\/sortides-de-senders-juny-2025\/"]}]},{"@type":"ImageObject","inLanguage":"ca","@id":"https:\/\/cetaradell.cat\/ce\/sortides-de-senders-juny-2025\/#primaryimage","url":"https:\/\/cetaradell.cat\/ce\/wp-content\/uploads\/20250504_112836-Sender-2025.jpg","contentUrl":"https:\/\/cetaradell.cat\/ce\/wp-content\/uploads\/20250504_112836-Sender-2025.jpg","width":1152,"height":864},{"@type":"BreadcrumbList","@id":"https:\/\/cetaradell.cat\/ce\/sortides-de-senders-juny-2025\/#breadcrumb","itemListElement":[{"@type":"ListItem","position":1,"name":"Inici","item":"https:\/\/cetaradell.cat\/ce\/"},{"@type":"ListItem","position":2,"name":"Sortides de Senders \u2013 Juny 2025"}]},{"@type":"WebSite","@id":"https:\/\/cetaradell.cat\/ce\/#website","url":"https:\/\/cetaradell.cat\/ce\/","name":"Centre Excursionista Taradell","description":"","potentialAction":[{"@type":"SearchAction","target":{"@type":"EntryPoint","urlTemplate":"https:\/\/cetaradell.cat\/ce\/?s={search_term_string}"},"query-input":{"@type":"PropertyValueSpecification","valueRequired":true,"valueName":"search_term_string"}}],"inLanguage":"ca"},{"@type":"Person","@id":"https:\/\/cetaradell.cat\/ce\/#\/schema\/person\/92a59f585073071c7be6649e84b22f78","name":"CET","image":{"@type":"ImageObject","inLanguage":"ca","@id":"https:\/\/secure.gravatar.com\/avatar\/d6fbe010d42056feccc0f613ed07277a5118442805079269f12dabdc42e1a727?s=96&d=mm&r=g","url":"https:\/\/secure.gravatar.com\/avatar\/d6fbe010d42056feccc0f613ed07277a5118442805079269f12dabdc42e1a727?s=96&d=mm&r=g","contentUrl":"https:\/\/secure.gravatar.com\/avatar\/d6fbe010d42056feccc0f613ed07277a5118442805079269f12dabdc42e1a727?s=96&d=mm&r=g","caption":"CET"},"url":"https:\/\/cetaradell.cat\/ce\/author\/root\/"}]}},"_links":{"self":[{"href":"https:\/\/cetaradell.cat\/ce\/wp-json\/wp\/v2\/posts\/9781","targetHints":{"allow":["GET"]}}],"collection":[{"href":"https:\/\/cetaradell.cat\/ce\/wp-json\/wp\/v2\/posts"}],"about":[{"href":"https:\/\/cetaradell.cat\/ce\/wp-json\/wp\/v2\/types\/post"}],"author":[{"embeddable":true,"href":"https:\/\/cetaradell.cat\/ce\/wp-json\/wp\/v2\/users\/1"}],"replies":[{"embeddable":true,"href":"https:\/\/cetaradell.cat\/ce\/wp-json\/wp\/v2\/comments?post=9781"}],"version-history":[{"count":0,"href":"https:\/\/cetaradell.cat\/ce\/wp-json\/wp\/v2\/posts\/9781\/revisions"}],"wp:featuredmedia":[{"embeddable":true,"href":"https:\/\/cetaradell.cat\/ce\/wp-json\/wp\/v2\/media\/9782"}],"wp:attachment":[{"href":"https:\/\/cetaradell.cat\/ce\/wp-json\/wp\/v2\/media?parent=9781"}],"wp:term":[{"taxonomy":"category","embeddable":true,"href":"https:\/\/cetaradell.cat\/ce\/wp-json\/wp\/v2\/categories?post=9781"},{"taxonomy":"post_tag","embeddable":true,"href":"https:\/\/cetaradell.cat\/ce\/wp-json\/wp\/v2\/tags?post=9781"}],"curies":[{"name":"wp","href":"https:\/\/api.w.org\/{rel}","templated":true}]}}