{"id":9809,"date":"2025-08-14T16:48:13","date_gmt":"2025-08-14T15:48:13","guid":{"rendered":"https:\/\/cetaradell.cat\/ce\/?p=9809"},"modified":"2025-09-19T22:32:07","modified_gmt":"2025-09-19T21:32:07","slug":"sortides-de-senders-setembre-2025","status":"publish","type":"post","link":"https:\/\/cetaradell.cat\/ce\/sortides-de-senders-setembre-2025\/","title":{"rendered":"Sortides de Senders \u2013 Setembre 2025"},"content":{"rendered":"<p><strong>Cantonigr\u00f3s\u00a0 \/ Joanetes &#8211; 15,47 km &#8211; <em>Ascen. Total 477 m. \u2013 Desn. Total 863 m.<\/em><\/strong><\/p>\n<p><strong><a href=\"https:\/\/cetaradell.cat\/ce\/?attachment_id=9811\" target=\"_blank\" rel=\"attachment noopener wp-att-9320\"><img decoding=\"async\" class=\"alignleft wp-image-9811 size-medium\" src=\"https:\/\/cetaradell.cat\/ce\/wp-content\/uploads\/20250713_112622_Senders_2025-300x205.jpg\" alt=\"\" width=\"300\" height=\"205\" srcset=\"https:\/\/cetaradell.cat\/ce\/wp-content\/uploads\/20250713_112622_Senders_2025-200x136.jpg 200w, https:\/\/cetaradell.cat\/ce\/wp-content\/uploads\/20250713_112622_Senders_2025-300x205.jpg 300w, https:\/\/cetaradell.cat\/ce\/wp-content\/uploads\/20250713_112622_Senders_2025-400x273.jpg 400w, https:\/\/cetaradell.cat\/ce\/wp-content\/uploads\/20250713_112622_Senders_2025-500x341.jpg 500w, https:\/\/cetaradell.cat\/ce\/wp-content\/uploads\/20250713_112622_Senders_2025-600x409.jpg 600w, https:\/\/cetaradell.cat\/ce\/wp-content\/uploads\/20250713_112622_Senders_2025-700x477.jpg 700w, https:\/\/cetaradell.cat\/ce\/wp-content\/uploads\/20250713_112622_Senders_2025-768x524.jpg 768w, https:\/\/cetaradell.cat\/ce\/wp-content\/uploads\/20250713_112622_Senders_2025-800x545.jpg 800w, https:\/\/cetaradell.cat\/ce\/wp-content\/uploads\/20250713_112622_Senders_2025.jpg 833w\" sizes=\"(max-width: 300px) 100vw, 300px\" \/><\/a><\/strong><strong>DIA: <\/strong>Diumenge 14 de setembre de 2025<\/p>\n<p><strong>SORTIDA DE TARADELL:<\/strong> 6.45 h de l&#8217;Espai 1 d&#8217;Octubre (La Carpa)<\/p>\n<p><strong>SORTIDA DE VIC: 7<\/strong>.00 h de davant l&#8217;Hotel Can Pamplona<\/p>\n<p><strong>NOTA: <\/strong>Cal portar cal\u00e7at adequat preferiblement bota de canya alta, roba d\u2019abric, paravent, gorra, guants, protecci\u00f3 solar, bastons de trekking, aigua, esmorzar i dinar.<\/p>\n<p><strong>INSCRIPCIONS: <\/strong>Inscripcions obertes fins al <strong><em>dia 5 de setembre<\/em><\/strong>.<\/p>\n<p><strong>PREU INSCRIPCI\u00d3: <\/strong>Autob\u00fas = 23 euros (Places limitades)<\/p>\n<p><strong>NOTES<\/strong>: \u00c9s imprescindible estar federat.<\/p>\n<p><strong>RECORREGUT: <\/strong><\/p>\n<p>Ruta de Cantonigr\u00f2s a Joanetes; una ruta f\u00e0cil de fer i amb molta ombra. Un cop arribats a l&#8217;ermita de Sant Miquel de Castell\u00f3 (forma part de la Serra de Llancers), la panor\u00e0mica \u00e9s espectacular. Podrem admirar la Serralada Transversal, les siluetes de Sta. Magdalena, del Puig dels Llops i del Puigsacalm, aix\u00ed com els pobles que configuren la Vall d\u2019en Bas: Hostalets d\u2019en Bas, Joanetes, el Mallol.<\/p>\n<p>&nbsp;<\/p>\n<table>\n<tbody>\n<tr>\n<td style=\"background-color: #ccffff;\"><span lang=\"CA\"><strong>Foto de la sortida de senders de juliol:<\/strong><\/span><\/p>\n<p><a href=\"https:\/\/cetaradell.cat\/ce\/sortides-de-senders-setembre-2025\/20250713_130730_senders_2025\/\" target=\"_blank\" rel=\"attachment noopener wp-att-9812\"><img decoding=\"async\" class=\"alignleft wp-image-9812 size-medium\" src=\"https:\/\/cetaradell.cat\/ce\/wp-content\/uploads\/20250713_130730_Senders_2025-300x225.jpg\" alt=\"\" width=\"300\" height=\"225\" srcset=\"https:\/\/cetaradell.cat\/ce\/wp-content\/uploads\/20250713_130730_Senders_2025-200x150.jpg 200w, https:\/\/cetaradell.cat\/ce\/wp-content\/uploads\/20250713_130730_Senders_2025-300x225.jpg 300w, https:\/\/cetaradell.cat\/ce\/wp-content\/uploads\/20250713_130730_Senders_2025-400x300.jpg 400w, https:\/\/cetaradell.cat\/ce\/wp-content\/uploads\/20250713_130730_Senders_2025-500x375.jpg 500w, https:\/\/cetaradell.cat\/ce\/wp-content\/uploads\/20250713_130730_Senders_2025-600x450.jpg 600w, https:\/\/cetaradell.cat\/ce\/wp-content\/uploads\/20250713_130730_Senders_2025-700x525.jpg 700w, https:\/\/cetaradell.cat\/ce\/wp-content\/uploads\/20250713_130730_Senders_2025-768x576.jpg 768w, https:\/\/cetaradell.cat\/ce\/wp-content\/uploads\/20250713_130730_Senders_2025-800x600.jpg 800w, https:\/\/cetaradell.cat\/ce\/wp-content\/uploads\/20250713_130730_Senders_2025.jpg 1008w\" sizes=\"(max-width: 300px) 100vw, 300px\" \/><\/a>El cap de setmana del 12\/13 de Juliol, es va fer la sortida de senders a Andorra<\/p>\n<div dir=\"ltr\">\n<div>\n<p>El dissabte no varem poder fer ni l&#8217;Alt de la Capa ni el Pic de Sanfonts, degut a que s&#8217;hi disputava la copa del m\u00f3n de BTT, i la carretera estava tallada. Com a alternativa es va anar a l&#8217;Estany Blau des de la Vall de Sorteny.<\/p>\n<p>La nit de dissabte a diumenge va estar plovent. Ten\u00edem previst de fer el pic de la Font Blanca, per\u00f2 al mat\u00ed hi havia molta boira d\u2019alt dels cims, i aix\u00f2 ens va fer desistir i van fer el cam\u00ed de tornada. Com a alternativa vam fer el Pic de la Creueta i vam acabar el dia a les fonts del Llobregat.<\/p>\n<div class=\"yj6qo\"><\/div>\n<div class=\"adL\"><\/div>\n<\/div>\n<\/div>\n<\/td>\n<\/tr>\n<\/tbody>\n<\/table>\n<p><span lang=\"CA\">\u00a0<\/span><\/p>\n","protected":false},"excerpt":{"rendered":"<p>Cantonigr\u00f3s\u00a0 \/ Joanetes &#8211; 15,47 km &#8211; Ascen. Total 477 m. \u2013 Desn. Total 863 m. DIA: Diumenge 14 de setembre de 2025 SORTIDA DE TARADELL: 6.45 h de l&#8217;Espai 1 d&#8217;Octubre (La Carpa) SORTIDA DE VIC: 7.00 h de davant l&#8217;Hotel Can Pamplona NOTA: Cal portar cal\u00e7at adequat preferiblement  [&#8230;]<\/p>\n","protected":false},"author":1,"featured_media":9811,"comment_status":"closed","ping_status":"closed","sticky":false,"template":"","format":"standard","meta":{"footnotes":""},"categories":[12,4,11],"tags":[],"class_list":["post-9809","post","type-post","status-publish","format-standard","has-post-thumbnail","hentry","category-100-cims","category-activitats","category-senders"],"yoast_head":"<!-- This site is optimized with the Yoast SEO plugin v27.4 - https:\/\/yoast.com\/product\/yoast-seo-wordpress\/ -->\n<title>Sortides de Senders \u2013 Setembre 2025 - Centre Excursionista Taradell<\/title>\n<meta name=\"robots\" content=\"index, follow, max-snippet:-1, max-image-preview:large, max-video-preview:-1\" \/>\n<link rel=\"canonical\" href=\"https:\/\/cetaradell.cat\/ce\/sortides-de-senders-setembre-2025\/\" \/>\n<meta property=\"og:locale\" content=\"ca_ES\" \/>\n<meta property=\"og:type\" content=\"article\" \/>\n<meta property=\"og:title\" content=\"Sortides de Senders \u2013 Setembre 2025 - Centre Excursionista Taradell\" \/>\n<meta property=\"og:description\" content=\"Cantonigr\u00f3s\u00a0 \/ Joanetes &#8211; 15,47 km &#8211; Ascen. Total 477 m. \u2013 Desn. Total 863 m. DIA: Diumenge 14 de setembre de 2025 SORTIDA DE TARADELL: 6.45 h de l&#8217;Espai 1 d&#8217;Octubre (La Carpa) SORTIDA DE VIC: 7.00 h de davant l&#8217;Hotel Can Pamplona NOTA: Cal portar cal\u00e7at adequat preferiblement [...]\" \/>\n<meta property=\"og:url\" content=\"https:\/\/cetaradell.cat\/ce\/sortides-de-senders-setembre-2025\/\" \/>\n<meta property=\"og:site_name\" content=\"Centre Excursionista Taradell\" \/>\n<meta property=\"article:publisher\" content=\"https:\/\/www.facebook.com\/CETaradell\/\" \/>\n<meta property=\"article:published_time\" content=\"2025-08-14T15:48:13+00:00\" \/>\n<meta property=\"article:modified_time\" content=\"2025-09-19T21:32:07+00:00\" \/>\n<meta property=\"og:image\" content=\"https:\/\/cetaradell.cat\/ce\/wp-content\/uploads\/20250713_112622_Senders_2025.jpg\" \/>\n\t<meta property=\"og:image:width\" content=\"833\" \/>\n\t<meta property=\"og:image:height\" content=\"568\" \/>\n\t<meta property=\"og:image:type\" content=\"image\/jpeg\" \/>\n<meta name=\"author\" content=\"CET\" \/>\n<meta name=\"twitter:card\" content=\"summary_large_image\" \/>\n<meta name=\"twitter:label1\" content=\"Escrit per\" \/>\n\t<meta name=\"twitter:data1\" content=\"CET\" \/>\n\t<meta name=\"twitter:label2\" content=\"Temps estimat de lectura\" \/>\n\t<meta name=\"twitter:data2\" content=\"3 minuts\" \/>\n<script type=\"application\/ld+json\" class=\"yoast-schema-graph\">{\"@context\":\"https:\\\/\\\/schema.org\",\"@graph\":[{\"@type\":\"Article\",\"@id\":\"https:\\\/\\\/cetaradell.cat\\\/ce\\\/sortides-de-senders-setembre-2025\\\/#article\",\"isPartOf\":{\"@id\":\"https:\\\/\\\/cetaradell.cat\\\/ce\\\/sortides-de-senders-setembre-2025\\\/\"},\"author\":{\"name\":\"CET\",\"@id\":\"https:\\\/\\\/cetaradell.cat\\\/ce\\\/#\\\/schema\\\/person\\\/92a59f585073071c7be6649e84b22f78\"},\"headline\":\"Sortides de Senders \u2013 Setembre 2025\",\"datePublished\":\"2025-08-14T15:48:13+00:00\",\"dateModified\":\"2025-09-19T21:32:07+00:00\",\"mainEntityOfPage\":{\"@id\":\"https:\\\/\\\/cetaradell.cat\\\/ce\\\/sortides-de-senders-setembre-2025\\\/\"},\"wordCount\":303,\"image\":{\"@id\":\"https:\\\/\\\/cetaradell.cat\\\/ce\\\/sortides-de-senders-setembre-2025\\\/#primaryimage\"},\"thumbnailUrl\":\"https:\\\/\\\/cetaradell.cat\\\/ce\\\/wp-content\\\/uploads\\\/20250713_112622_Senders_2025.jpg\",\"articleSection\":[\"100 Cims\",\"Activitats\",\"Senders\"],\"inLanguage\":\"ca\"},{\"@type\":\"WebPage\",\"@id\":\"https:\\\/\\\/cetaradell.cat\\\/ce\\\/sortides-de-senders-setembre-2025\\\/\",\"url\":\"https:\\\/\\\/cetaradell.cat\\\/ce\\\/sortides-de-senders-setembre-2025\\\/\",\"name\":\"Sortides de Senders \u2013 Setembre 2025 - Centre Excursionista Taradell\",\"isPartOf\":{\"@id\":\"https:\\\/\\\/cetaradell.cat\\\/ce\\\/#website\"},\"primaryImageOfPage\":{\"@id\":\"https:\\\/\\\/cetaradell.cat\\\/ce\\\/sortides-de-senders-setembre-2025\\\/#primaryimage\"},\"image\":{\"@id\":\"https:\\\/\\\/cetaradell.cat\\\/ce\\\/sortides-de-senders-setembre-2025\\\/#primaryimage\"},\"thumbnailUrl\":\"https:\\\/\\\/cetaradell.cat\\\/ce\\\/wp-content\\\/uploads\\\/20250713_112622_Senders_2025.jpg\",\"datePublished\":\"2025-08-14T15:48:13+00:00\",\"dateModified\":\"2025-09-19T21:32:07+00:00\",\"author\":{\"@id\":\"https:\\\/\\\/cetaradell.cat\\\/ce\\\/#\\\/schema\\\/person\\\/92a59f585073071c7be6649e84b22f78\"},\"breadcrumb\":{\"@id\":\"https:\\\/\\\/cetaradell.cat\\\/ce\\\/sortides-de-senders-setembre-2025\\\/#breadcrumb\"},\"inLanguage\":\"ca\",\"potentialAction\":[{\"@type\":\"ReadAction\",\"target\":[\"https:\\\/\\\/cetaradell.cat\\\/ce\\\/sortides-de-senders-setembre-2025\\\/\"]}]},{\"@type\":\"ImageObject\",\"inLanguage\":\"ca\",\"@id\":\"https:\\\/\\\/cetaradell.cat\\\/ce\\\/sortides-de-senders-setembre-2025\\\/#primaryimage\",\"url\":\"https:\\\/\\\/cetaradell.cat\\\/ce\\\/wp-content\\\/uploads\\\/20250713_112622_Senders_2025.jpg\",\"contentUrl\":\"https:\\\/\\\/cetaradell.cat\\\/ce\\\/wp-content\\\/uploads\\\/20250713_112622_Senders_2025.jpg\",\"width\":833,\"height\":568},{\"@type\":\"BreadcrumbList\",\"@id\":\"https:\\\/\\\/cetaradell.cat\\\/ce\\\/sortides-de-senders-setembre-2025\\\/#breadcrumb\",\"itemListElement\":[{\"@type\":\"ListItem\",\"position\":1,\"name\":\"Inici\",\"item\":\"https:\\\/\\\/cetaradell.cat\\\/ce\\\/\"},{\"@type\":\"ListItem\",\"position\":2,\"name\":\"Sortides de Senders \u2013 Setembre 2025\"}]},{\"@type\":\"WebSite\",\"@id\":\"https:\\\/\\\/cetaradell.cat\\\/ce\\\/#website\",\"url\":\"https:\\\/\\\/cetaradell.cat\\\/ce\\\/\",\"name\":\"Centre Excursionista Taradell\",\"description\":\"\",\"potentialAction\":[{\"@type\":\"SearchAction\",\"target\":{\"@type\":\"EntryPoint\",\"urlTemplate\":\"https:\\\/\\\/cetaradell.cat\\\/ce\\\/?s={search_term_string}\"},\"query-input\":{\"@type\":\"PropertyValueSpecification\",\"valueRequired\":true,\"valueName\":\"search_term_string\"}}],\"inLanguage\":\"ca\"},{\"@type\":\"Person\",\"@id\":\"https:\\\/\\\/cetaradell.cat\\\/ce\\\/#\\\/schema\\\/person\\\/92a59f585073071c7be6649e84b22f78\",\"name\":\"CET\",\"image\":{\"@type\":\"ImageObject\",\"inLanguage\":\"ca\",\"@id\":\"https:\\\/\\\/secure.gravatar.com\\\/avatar\\\/d6fbe010d42056feccc0f613ed07277a5118442805079269f12dabdc42e1a727?s=96&d=mm&r=g\",\"url\":\"https:\\\/\\\/secure.gravatar.com\\\/avatar\\\/d6fbe010d42056feccc0f613ed07277a5118442805079269f12dabdc42e1a727?s=96&d=mm&r=g\",\"contentUrl\":\"https:\\\/\\\/secure.gravatar.com\\\/avatar\\\/d6fbe010d42056feccc0f613ed07277a5118442805079269f12dabdc42e1a727?s=96&d=mm&r=g\",\"caption\":\"CET\"},\"url\":\"https:\\\/\\\/cetaradell.cat\\\/ce\\\/author\\\/root\\\/\"}]}<\/script>\n<!-- \/ Yoast SEO plugin. -->","yoast_head_json":{"title":"Sortides de Senders \u2013 Setembre 2025 - Centre Excursionista Taradell","robots":{"index":"index","follow":"follow","max-snippet":"max-snippet:-1","max-image-preview":"max-image-preview:large","max-video-preview":"max-video-preview:-1"},"canonical":"https:\/\/cetaradell.cat\/ce\/sortides-de-senders-setembre-2025\/","og_locale":"ca_ES","og_type":"article","og_title":"Sortides de Senders \u2013 Setembre 2025 - Centre Excursionista Taradell","og_description":"Cantonigr\u00f3s\u00a0 \/ Joanetes &#8211; 15,47 km &#8211; Ascen. Total 477 m. \u2013 Desn. Total 863 m. DIA: Diumenge 14 de setembre de 2025 SORTIDA DE TARADELL: 6.45 h de l&#8217;Espai 1 d&#8217;Octubre (La Carpa) SORTIDA DE VIC: 7.00 h de davant l&#8217;Hotel Can Pamplona NOTA: Cal portar cal\u00e7at adequat preferiblement [...]","og_url":"https:\/\/cetaradell.cat\/ce\/sortides-de-senders-setembre-2025\/","og_site_name":"Centre Excursionista Taradell","article_publisher":"https:\/\/www.facebook.com\/CETaradell\/","article_published_time":"2025-08-14T15:48:13+00:00","article_modified_time":"2025-09-19T21:32:07+00:00","og_image":[{"width":833,"height":568,"url":"https:\/\/cetaradell.cat\/ce\/wp-content\/uploads\/20250713_112622_Senders_2025.jpg","type":"image\/jpeg"}],"author":"CET","twitter_card":"summary_large_image","twitter_misc":{"Escrit per":"CET","Temps estimat de lectura":"3 minuts"},"schema":{"@context":"https:\/\/schema.org","@graph":[{"@type":"Article","@id":"https:\/\/cetaradell.cat\/ce\/sortides-de-senders-setembre-2025\/#article","isPartOf":{"@id":"https:\/\/cetaradell.cat\/ce\/sortides-de-senders-setembre-2025\/"},"author":{"name":"CET","@id":"https:\/\/cetaradell.cat\/ce\/#\/schema\/person\/92a59f585073071c7be6649e84b22f78"},"headline":"Sortides de Senders \u2013 Setembre 2025","datePublished":"2025-08-14T15:48:13+00:00","dateModified":"2025-09-19T21:32:07+00:00","mainEntityOfPage":{"@id":"https:\/\/cetaradell.cat\/ce\/sortides-de-senders-setembre-2025\/"},"wordCount":303,"image":{"@id":"https:\/\/cetaradell.cat\/ce\/sortides-de-senders-setembre-2025\/#primaryimage"},"thumbnailUrl":"https:\/\/cetaradell.cat\/ce\/wp-content\/uploads\/20250713_112622_Senders_2025.jpg","articleSection":["100 Cims","Activitats","Senders"],"inLanguage":"ca"},{"@type":"WebPage","@id":"https:\/\/cetaradell.cat\/ce\/sortides-de-senders-setembre-2025\/","url":"https:\/\/cetaradell.cat\/ce\/sortides-de-senders-setembre-2025\/","name":"Sortides de Senders \u2013 Setembre 2025 - Centre Excursionista Taradell","isPartOf":{"@id":"https:\/\/cetaradell.cat\/ce\/#website"},"primaryImageOfPage":{"@id":"https:\/\/cetaradell.cat\/ce\/sortides-de-senders-setembre-2025\/#primaryimage"},"image":{"@id":"https:\/\/cetaradell.cat\/ce\/sortides-de-senders-setembre-2025\/#primaryimage"},"thumbnailUrl":"https:\/\/cetaradell.cat\/ce\/wp-content\/uploads\/20250713_112622_Senders_2025.jpg","datePublished":"2025-08-14T15:48:13+00:00","dateModified":"2025-09-19T21:32:07+00:00","author":{"@id":"https:\/\/cetaradell.cat\/ce\/#\/schema\/person\/92a59f585073071c7be6649e84b22f78"},"breadcrumb":{"@id":"https:\/\/cetaradell.cat\/ce\/sortides-de-senders-setembre-2025\/#breadcrumb"},"inLanguage":"ca","potentialAction":[{"@type":"ReadAction","target":["https:\/\/cetaradell.cat\/ce\/sortides-de-senders-setembre-2025\/"]}]},{"@type":"ImageObject","inLanguage":"ca","@id":"https:\/\/cetaradell.cat\/ce\/sortides-de-senders-setembre-2025\/#primaryimage","url":"https:\/\/cetaradell.cat\/ce\/wp-content\/uploads\/20250713_112622_Senders_2025.jpg","contentUrl":"https:\/\/cetaradell.cat\/ce\/wp-content\/uploads\/20250713_112622_Senders_2025.jpg","width":833,"height":568},{"@type":"BreadcrumbList","@id":"https:\/\/cetaradell.cat\/ce\/sortides-de-senders-setembre-2025\/#breadcrumb","itemListElement":[{"@type":"ListItem","position":1,"name":"Inici","item":"https:\/\/cetaradell.cat\/ce\/"},{"@type":"ListItem","position":2,"name":"Sortides de Senders \u2013 Setembre 2025"}]},{"@type":"WebSite","@id":"https:\/\/cetaradell.cat\/ce\/#website","url":"https:\/\/cetaradell.cat\/ce\/","name":"Centre Excursionista Taradell","description":"","potentialAction":[{"@type":"SearchAction","target":{"@type":"EntryPoint","urlTemplate":"https:\/\/cetaradell.cat\/ce\/?s={search_term_string}"},"query-input":{"@type":"PropertyValueSpecification","valueRequired":true,"valueName":"search_term_string"}}],"inLanguage":"ca"},{"@type":"Person","@id":"https:\/\/cetaradell.cat\/ce\/#\/schema\/person\/92a59f585073071c7be6649e84b22f78","name":"CET","image":{"@type":"ImageObject","inLanguage":"ca","@id":"https:\/\/secure.gravatar.com\/avatar\/d6fbe010d42056feccc0f613ed07277a5118442805079269f12dabdc42e1a727?s=96&d=mm&r=g","url":"https:\/\/secure.gravatar.com\/avatar\/d6fbe010d42056feccc0f613ed07277a5118442805079269f12dabdc42e1a727?s=96&d=mm&r=g","contentUrl":"https:\/\/secure.gravatar.com\/avatar\/d6fbe010d42056feccc0f613ed07277a5118442805079269f12dabdc42e1a727?s=96&d=mm&r=g","caption":"CET"},"url":"https:\/\/cetaradell.cat\/ce\/author\/root\/"}]}},"_links":{"self":[{"href":"https:\/\/cetaradell.cat\/ce\/wp-json\/wp\/v2\/posts\/9809","targetHints":{"allow":["GET"]}}],"collection":[{"href":"https:\/\/cetaradell.cat\/ce\/wp-json\/wp\/v2\/posts"}],"about":[{"href":"https:\/\/cetaradell.cat\/ce\/wp-json\/wp\/v2\/types\/post"}],"author":[{"embeddable":true,"href":"https:\/\/cetaradell.cat\/ce\/wp-json\/wp\/v2\/users\/1"}],"replies":[{"embeddable":true,"href":"https:\/\/cetaradell.cat\/ce\/wp-json\/wp\/v2\/comments?post=9809"}],"version-history":[{"count":0,"href":"https:\/\/cetaradell.cat\/ce\/wp-json\/wp\/v2\/posts\/9809\/revisions"}],"wp:featuredmedia":[{"embeddable":true,"href":"https:\/\/cetaradell.cat\/ce\/wp-json\/wp\/v2\/media\/9811"}],"wp:attachment":[{"href":"https:\/\/cetaradell.cat\/ce\/wp-json\/wp\/v2\/media?parent=9809"}],"wp:term":[{"taxonomy":"category","embeddable":true,"href":"https:\/\/cetaradell.cat\/ce\/wp-json\/wp\/v2\/categories?post=9809"},{"taxonomy":"post_tag","embeddable":true,"href":"https:\/\/cetaradell.cat\/ce\/wp-json\/wp\/v2\/tags?post=9809"}],"curies":[{"name":"wp","href":"https:\/\/api.w.org\/{rel}","templated":true}]}}