{"id":9817,"date":"2025-08-14T16:56:37","date_gmt":"2025-08-14T15:56:37","guid":{"rendered":"https:\/\/cetaradell.cat\/ce\/?p=9817"},"modified":"2025-08-17T17:10:52","modified_gmt":"2025-08-17T16:10:52","slug":"46a-caminada-de-festa-major-2025","status":"publish","type":"post","link":"https:\/\/cetaradell.cat\/ce\/46a-caminada-de-festa-major-2025\/","title":{"rendered":"46a Caminada de Festa Major &#8211; 2025"},"content":{"rendered":"<p><strong><a href=\"https:\/\/cetaradell.cat\/ce\/?attachment_id=9818\" target=\"_blank\" rel=\"noopener\"><img decoding=\"async\" class=\"alignleft wp-image-9818 size-full\" src=\"https:\/\/cetaradell.cat\/ce\/wp-content\/uploads\/Caminada-fm-2025_50.png\" alt=\"\" width=\"400\" height=\"600\" srcset=\"https:\/\/cetaradell.cat\/ce\/wp-content\/uploads\/Caminada-fm-2025_50-200x300.png 200w, https:\/\/cetaradell.cat\/ce\/wp-content\/uploads\/Caminada-fm-2025_50.png 400w\" sizes=\"(max-width: 400px) 100vw, 400px\" \/><\/a>Dia:<\/strong> diumenge, 24 d\u2019agost de 2025<br \/>\n<strong>Inscripcions:<\/strong> a partir de les 8 del mat\u00ed, al lloc de sortida.<br \/>\n<strong>Hora de sortida:<\/strong> a les 8.30 del mat\u00ed, de la pla\u00e7a de les Eres. Com de tradici\u00f3, es far\u00e0 la sortida conjunta.<br \/>\n<strong>Recorregut:<\/strong> d&#8217;uns 12 quil\u00f2metres pels voltants de Taradell<br \/>\n<strong>Preu:<\/strong> 5 euros<br \/>\n<strong>Nota:<\/strong> en el recorregut hi haur\u00e0 un punt d\u2019avituallament en el qual es donar\u00e0 un petit esmorzar als participants. A l\u2019arribada hi haur\u00e0 un pica-pica i es donar\u00e0 un record als participants.<\/p>\n<p>S\u2019aconsella portar aigua, <strong>bastons de caminar<\/strong> i anar ben cal\u00e7ats. Cal remarcar que enguany la major part del <strong>recorregut \u00e9s per corriols<\/strong>.<\/p>\n<p>A continuaci\u00f3 podeu <strong>consultar el track<\/strong>:<\/p>\n<p>&nbsp;<\/p>\n<p><iframe src=\"https:\/\/es.wikiloc.com\/wikiloc\/embedv2.do?id=227215325&amp;elevation=off&amp;images=off&amp;maptype=H\" width=\"600\" height=\"500\" frameborder=\"0\" scrolling=\"no\"><\/iframe><\/p>\n<div style=\"color: #777; font-size: 11px; line-height: 16px;\">Powered by\u00a0<a style=\"color: #4c8c2b; font-size: 11px; line-height: 16px;\" href=\"https:\/\/es.wikiloc.com\" target=\"_blank\" rel=\"noopener\">Wikiloc<\/a><\/div>\n<p>&nbsp;<\/p>\n","protected":false},"excerpt":{"rendered":"<p>Dia: diumenge, 24 d\u2019agost de 2025 Inscripcions: a partir de les 8 del mat\u00ed, al lloc de sortida. Hora de sortida: a les 8.30 del mat\u00ed, de la pla\u00e7a de les Eres. Com de tradici\u00f3, es far\u00e0 la sortida conjunta. Recorregut: d&#8217;uns 12 quil\u00f2metres pels voltants de Taradell Preu: 5  [&#8230;]<\/p>\n","protected":false},"author":1,"featured_media":9818,"comment_status":"closed","ping_status":"closed","sticky":false,"template":"","format":"standard","meta":{"footnotes":""},"categories":[4,20],"tags":[],"class_list":["post-9817","post","type-post","status-publish","format-standard","has-post-thumbnail","hentry","category-activitats","category-activitats-social"],"yoast_head":"<!-- This site is optimized with the Yoast SEO plugin v27.4 - https:\/\/yoast.com\/product\/yoast-seo-wordpress\/ -->\n<title>46a Caminada de Festa Major - 2025 - Centre Excursionista Taradell<\/title>\n<meta name=\"robots\" content=\"index, follow, max-snippet:-1, max-image-preview:large, max-video-preview:-1\" \/>\n<link rel=\"canonical\" href=\"https:\/\/cetaradell.cat\/ce\/46a-caminada-de-festa-major-2025\/\" \/>\n<meta property=\"og:locale\" content=\"ca_ES\" \/>\n<meta property=\"og:type\" content=\"article\" \/>\n<meta property=\"og:title\" content=\"46a Caminada de Festa Major - 2025 - Centre Excursionista Taradell\" \/>\n<meta property=\"og:description\" content=\"Dia: diumenge, 24 d\u2019agost de 2025 Inscripcions: a partir de les 8 del mat\u00ed, al lloc de sortida. Hora de sortida: a les 8.30 del mat\u00ed, de la pla\u00e7a de les Eres. Com de tradici\u00f3, es far\u00e0 la sortida conjunta. Recorregut: d&#8217;uns 12 quil\u00f2metres pels voltants de Taradell Preu: 5 [...]\" \/>\n<meta property=\"og:url\" content=\"https:\/\/cetaradell.cat\/ce\/46a-caminada-de-festa-major-2025\/\" \/>\n<meta property=\"og:site_name\" content=\"Centre Excursionista Taradell\" \/>\n<meta property=\"article:publisher\" content=\"https:\/\/www.facebook.com\/CETaradell\/\" \/>\n<meta property=\"article:published_time\" content=\"2025-08-14T15:56:37+00:00\" \/>\n<meta property=\"article:modified_time\" content=\"2025-08-17T16:10:52+00:00\" \/>\n<meta property=\"og:image\" content=\"https:\/\/cetaradell.cat\/ce\/wp-content\/uploads\/Caminada-fm-2025_50.png\" \/>\n\t<meta property=\"og:image:width\" content=\"400\" \/>\n\t<meta property=\"og:image:height\" content=\"600\" \/>\n\t<meta property=\"og:image:type\" content=\"image\/png\" \/>\n<meta name=\"author\" content=\"CET\" \/>\n<meta name=\"twitter:card\" content=\"summary_large_image\" \/>\n<meta name=\"twitter:label1\" content=\"Escrit per\" \/>\n\t<meta name=\"twitter:data1\" content=\"CET\" \/>\n\t<meta name=\"twitter:label2\" content=\"Temps estimat de lectura\" \/>\n\t<meta name=\"twitter:data2\" content=\"2 minuts\" \/>\n<script type=\"application\/ld+json\" class=\"yoast-schema-graph\">{\"@context\":\"https:\\\/\\\/schema.org\",\"@graph\":[{\"@type\":\"Article\",\"@id\":\"https:\\\/\\\/cetaradell.cat\\\/ce\\\/46a-caminada-de-festa-major-2025\\\/#article\",\"isPartOf\":{\"@id\":\"https:\\\/\\\/cetaradell.cat\\\/ce\\\/46a-caminada-de-festa-major-2025\\\/\"},\"author\":{\"name\":\"CET\",\"@id\":\"https:\\\/\\\/cetaradell.cat\\\/ce\\\/#\\\/schema\\\/person\\\/92a59f585073071c7be6649e84b22f78\"},\"headline\":\"46a Caminada de Festa Major &#8211; 2025\",\"datePublished\":\"2025-08-14T15:56:37+00:00\",\"dateModified\":\"2025-08-17T16:10:52+00:00\",\"mainEntityOfPage\":{\"@id\":\"https:\\\/\\\/cetaradell.cat\\\/ce\\\/46a-caminada-de-festa-major-2025\\\/\"},\"wordCount\":124,\"image\":{\"@id\":\"https:\\\/\\\/cetaradell.cat\\\/ce\\\/46a-caminada-de-festa-major-2025\\\/#primaryimage\"},\"thumbnailUrl\":\"https:\\\/\\\/cetaradell.cat\\\/ce\\\/wp-content\\\/uploads\\\/Caminada-fm-2025_50.png\",\"articleSection\":[\"Activitats\",\"Activitats socials\"],\"inLanguage\":\"ca\"},{\"@type\":\"WebPage\",\"@id\":\"https:\\\/\\\/cetaradell.cat\\\/ce\\\/46a-caminada-de-festa-major-2025\\\/\",\"url\":\"https:\\\/\\\/cetaradell.cat\\\/ce\\\/46a-caminada-de-festa-major-2025\\\/\",\"name\":\"46a Caminada de Festa Major - 2025 - Centre Excursionista Taradell\",\"isPartOf\":{\"@id\":\"https:\\\/\\\/cetaradell.cat\\\/ce\\\/#website\"},\"primaryImageOfPage\":{\"@id\":\"https:\\\/\\\/cetaradell.cat\\\/ce\\\/46a-caminada-de-festa-major-2025\\\/#primaryimage\"},\"image\":{\"@id\":\"https:\\\/\\\/cetaradell.cat\\\/ce\\\/46a-caminada-de-festa-major-2025\\\/#primaryimage\"},\"thumbnailUrl\":\"https:\\\/\\\/cetaradell.cat\\\/ce\\\/wp-content\\\/uploads\\\/Caminada-fm-2025_50.png\",\"datePublished\":\"2025-08-14T15:56:37+00:00\",\"dateModified\":\"2025-08-17T16:10:52+00:00\",\"author\":{\"@id\":\"https:\\\/\\\/cetaradell.cat\\\/ce\\\/#\\\/schema\\\/person\\\/92a59f585073071c7be6649e84b22f78\"},\"breadcrumb\":{\"@id\":\"https:\\\/\\\/cetaradell.cat\\\/ce\\\/46a-caminada-de-festa-major-2025\\\/#breadcrumb\"},\"inLanguage\":\"ca\",\"potentialAction\":[{\"@type\":\"ReadAction\",\"target\":[\"https:\\\/\\\/cetaradell.cat\\\/ce\\\/46a-caminada-de-festa-major-2025\\\/\"]}]},{\"@type\":\"ImageObject\",\"inLanguage\":\"ca\",\"@id\":\"https:\\\/\\\/cetaradell.cat\\\/ce\\\/46a-caminada-de-festa-major-2025\\\/#primaryimage\",\"url\":\"https:\\\/\\\/cetaradell.cat\\\/ce\\\/wp-content\\\/uploads\\\/Caminada-fm-2025_50.png\",\"contentUrl\":\"https:\\\/\\\/cetaradell.cat\\\/ce\\\/wp-content\\\/uploads\\\/Caminada-fm-2025_50.png\",\"width\":400,\"height\":600},{\"@type\":\"BreadcrumbList\",\"@id\":\"https:\\\/\\\/cetaradell.cat\\\/ce\\\/46a-caminada-de-festa-major-2025\\\/#breadcrumb\",\"itemListElement\":[{\"@type\":\"ListItem\",\"position\":1,\"name\":\"Inici\",\"item\":\"https:\\\/\\\/cetaradell.cat\\\/ce\\\/\"},{\"@type\":\"ListItem\",\"position\":2,\"name\":\"46a Caminada de Festa Major &#8211; 2025\"}]},{\"@type\":\"WebSite\",\"@id\":\"https:\\\/\\\/cetaradell.cat\\\/ce\\\/#website\",\"url\":\"https:\\\/\\\/cetaradell.cat\\\/ce\\\/\",\"name\":\"Centre Excursionista Taradell\",\"description\":\"\",\"potentialAction\":[{\"@type\":\"SearchAction\",\"target\":{\"@type\":\"EntryPoint\",\"urlTemplate\":\"https:\\\/\\\/cetaradell.cat\\\/ce\\\/?s={search_term_string}\"},\"query-input\":{\"@type\":\"PropertyValueSpecification\",\"valueRequired\":true,\"valueName\":\"search_term_string\"}}],\"inLanguage\":\"ca\"},{\"@type\":\"Person\",\"@id\":\"https:\\\/\\\/cetaradell.cat\\\/ce\\\/#\\\/schema\\\/person\\\/92a59f585073071c7be6649e84b22f78\",\"name\":\"CET\",\"image\":{\"@type\":\"ImageObject\",\"inLanguage\":\"ca\",\"@id\":\"https:\\\/\\\/secure.gravatar.com\\\/avatar\\\/d6fbe010d42056feccc0f613ed07277a5118442805079269f12dabdc42e1a727?s=96&d=mm&r=g\",\"url\":\"https:\\\/\\\/secure.gravatar.com\\\/avatar\\\/d6fbe010d42056feccc0f613ed07277a5118442805079269f12dabdc42e1a727?s=96&d=mm&r=g\",\"contentUrl\":\"https:\\\/\\\/secure.gravatar.com\\\/avatar\\\/d6fbe010d42056feccc0f613ed07277a5118442805079269f12dabdc42e1a727?s=96&d=mm&r=g\",\"caption\":\"CET\"},\"url\":\"https:\\\/\\\/cetaradell.cat\\\/ce\\\/author\\\/root\\\/\"}]}<\/script>\n<!-- \/ Yoast SEO plugin. -->","yoast_head_json":{"title":"46a Caminada de Festa Major - 2025 - Centre Excursionista Taradell","robots":{"index":"index","follow":"follow","max-snippet":"max-snippet:-1","max-image-preview":"max-image-preview:large","max-video-preview":"max-video-preview:-1"},"canonical":"https:\/\/cetaradell.cat\/ce\/46a-caminada-de-festa-major-2025\/","og_locale":"ca_ES","og_type":"article","og_title":"46a Caminada de Festa Major - 2025 - Centre Excursionista Taradell","og_description":"Dia: diumenge, 24 d\u2019agost de 2025 Inscripcions: a partir de les 8 del mat\u00ed, al lloc de sortida. Hora de sortida: a les 8.30 del mat\u00ed, de la pla\u00e7a de les Eres. Com de tradici\u00f3, es far\u00e0 la sortida conjunta. Recorregut: d&#8217;uns 12 quil\u00f2metres pels voltants de Taradell Preu: 5 [...]","og_url":"https:\/\/cetaradell.cat\/ce\/46a-caminada-de-festa-major-2025\/","og_site_name":"Centre Excursionista Taradell","article_publisher":"https:\/\/www.facebook.com\/CETaradell\/","article_published_time":"2025-08-14T15:56:37+00:00","article_modified_time":"2025-08-17T16:10:52+00:00","og_image":[{"width":400,"height":600,"url":"https:\/\/cetaradell.cat\/ce\/wp-content\/uploads\/Caminada-fm-2025_50.png","type":"image\/png"}],"author":"CET","twitter_card":"summary_large_image","twitter_misc":{"Escrit per":"CET","Temps estimat de lectura":"2 minuts"},"schema":{"@context":"https:\/\/schema.org","@graph":[{"@type":"Article","@id":"https:\/\/cetaradell.cat\/ce\/46a-caminada-de-festa-major-2025\/#article","isPartOf":{"@id":"https:\/\/cetaradell.cat\/ce\/46a-caminada-de-festa-major-2025\/"},"author":{"name":"CET","@id":"https:\/\/cetaradell.cat\/ce\/#\/schema\/person\/92a59f585073071c7be6649e84b22f78"},"headline":"46a Caminada de Festa Major &#8211; 2025","datePublished":"2025-08-14T15:56:37+00:00","dateModified":"2025-08-17T16:10:52+00:00","mainEntityOfPage":{"@id":"https:\/\/cetaradell.cat\/ce\/46a-caminada-de-festa-major-2025\/"},"wordCount":124,"image":{"@id":"https:\/\/cetaradell.cat\/ce\/46a-caminada-de-festa-major-2025\/#primaryimage"},"thumbnailUrl":"https:\/\/cetaradell.cat\/ce\/wp-content\/uploads\/Caminada-fm-2025_50.png","articleSection":["Activitats","Activitats socials"],"inLanguage":"ca"},{"@type":"WebPage","@id":"https:\/\/cetaradell.cat\/ce\/46a-caminada-de-festa-major-2025\/","url":"https:\/\/cetaradell.cat\/ce\/46a-caminada-de-festa-major-2025\/","name":"46a Caminada de Festa Major - 2025 - Centre Excursionista Taradell","isPartOf":{"@id":"https:\/\/cetaradell.cat\/ce\/#website"},"primaryImageOfPage":{"@id":"https:\/\/cetaradell.cat\/ce\/46a-caminada-de-festa-major-2025\/#primaryimage"},"image":{"@id":"https:\/\/cetaradell.cat\/ce\/46a-caminada-de-festa-major-2025\/#primaryimage"},"thumbnailUrl":"https:\/\/cetaradell.cat\/ce\/wp-content\/uploads\/Caminada-fm-2025_50.png","datePublished":"2025-08-14T15:56:37+00:00","dateModified":"2025-08-17T16:10:52+00:00","author":{"@id":"https:\/\/cetaradell.cat\/ce\/#\/schema\/person\/92a59f585073071c7be6649e84b22f78"},"breadcrumb":{"@id":"https:\/\/cetaradell.cat\/ce\/46a-caminada-de-festa-major-2025\/#breadcrumb"},"inLanguage":"ca","potentialAction":[{"@type":"ReadAction","target":["https:\/\/cetaradell.cat\/ce\/46a-caminada-de-festa-major-2025\/"]}]},{"@type":"ImageObject","inLanguage":"ca","@id":"https:\/\/cetaradell.cat\/ce\/46a-caminada-de-festa-major-2025\/#primaryimage","url":"https:\/\/cetaradell.cat\/ce\/wp-content\/uploads\/Caminada-fm-2025_50.png","contentUrl":"https:\/\/cetaradell.cat\/ce\/wp-content\/uploads\/Caminada-fm-2025_50.png","width":400,"height":600},{"@type":"BreadcrumbList","@id":"https:\/\/cetaradell.cat\/ce\/46a-caminada-de-festa-major-2025\/#breadcrumb","itemListElement":[{"@type":"ListItem","position":1,"name":"Inici","item":"https:\/\/cetaradell.cat\/ce\/"},{"@type":"ListItem","position":2,"name":"46a Caminada de Festa Major &#8211; 2025"}]},{"@type":"WebSite","@id":"https:\/\/cetaradell.cat\/ce\/#website","url":"https:\/\/cetaradell.cat\/ce\/","name":"Centre Excursionista Taradell","description":"","potentialAction":[{"@type":"SearchAction","target":{"@type":"EntryPoint","urlTemplate":"https:\/\/cetaradell.cat\/ce\/?s={search_term_string}"},"query-input":{"@type":"PropertyValueSpecification","valueRequired":true,"valueName":"search_term_string"}}],"inLanguage":"ca"},{"@type":"Person","@id":"https:\/\/cetaradell.cat\/ce\/#\/schema\/person\/92a59f585073071c7be6649e84b22f78","name":"CET","image":{"@type":"ImageObject","inLanguage":"ca","@id":"https:\/\/secure.gravatar.com\/avatar\/d6fbe010d42056feccc0f613ed07277a5118442805079269f12dabdc42e1a727?s=96&d=mm&r=g","url":"https:\/\/secure.gravatar.com\/avatar\/d6fbe010d42056feccc0f613ed07277a5118442805079269f12dabdc42e1a727?s=96&d=mm&r=g","contentUrl":"https:\/\/secure.gravatar.com\/avatar\/d6fbe010d42056feccc0f613ed07277a5118442805079269f12dabdc42e1a727?s=96&d=mm&r=g","caption":"CET"},"url":"https:\/\/cetaradell.cat\/ce\/author\/root\/"}]}},"_links":{"self":[{"href":"https:\/\/cetaradell.cat\/ce\/wp-json\/wp\/v2\/posts\/9817","targetHints":{"allow":["GET"]}}],"collection":[{"href":"https:\/\/cetaradell.cat\/ce\/wp-json\/wp\/v2\/posts"}],"about":[{"href":"https:\/\/cetaradell.cat\/ce\/wp-json\/wp\/v2\/types\/post"}],"author":[{"embeddable":true,"href":"https:\/\/cetaradell.cat\/ce\/wp-json\/wp\/v2\/users\/1"}],"replies":[{"embeddable":true,"href":"https:\/\/cetaradell.cat\/ce\/wp-json\/wp\/v2\/comments?post=9817"}],"version-history":[{"count":0,"href":"https:\/\/cetaradell.cat\/ce\/wp-json\/wp\/v2\/posts\/9817\/revisions"}],"wp:featuredmedia":[{"embeddable":true,"href":"https:\/\/cetaradell.cat\/ce\/wp-json\/wp\/v2\/media\/9818"}],"wp:attachment":[{"href":"https:\/\/cetaradell.cat\/ce\/wp-json\/wp\/v2\/media?parent=9817"}],"wp:term":[{"taxonomy":"category","embeddable":true,"href":"https:\/\/cetaradell.cat\/ce\/wp-json\/wp\/v2\/categories?post=9817"},{"taxonomy":"post_tag","embeddable":true,"href":"https:\/\/cetaradell.cat\/ce\/wp-json\/wp\/v2\/tags?post=9817"}],"curies":[{"name":"wp","href":"https:\/\/api.w.org\/{rel}","templated":true}]}}